{"id":27718,"date":"2025-05-21T10:00:00","date_gmt":"2025-05-21T15:00:00","guid":{"rendered":"https:\/\/nuevademocracia.com.co\/?p=27718"},"modified":"2025-05-20T15:23:55","modified_gmt":"2025-05-20T20:23:55","slug":"ibrahim-traore-de-burkina-faso-proclama-la-revolucion-popular-progresista","status":"publish","type":"post","link":"https:\/\/nuevademocracia.com.co\/?p=27718","title":{"rendered":"Ibrahim Traor\u00e9 de Burkina Faso proclama la \u00abRevoluci\u00f3n Popular Progresista\u00bb"},"content":{"rendered":"\n<p class=\"has-black-color has-text-color has-link-color wp-elements-a660b789832b0ff8120a466dd344d228\"><em>Reproducimos traducci\u00f3n no oficial de este art\u00edculo de <a href=\"https:\/\/anovademocracia.com.br\/burkina-faso-revolucao-progressista-popular\/\">A Nova Democracia<\/a><\/em><\/p>\n\n\n\n<p class=\"has-black-color has-text-color has-link-color wp-elements-52616da5735d58d505866c9c4bddfa1b\">Apoyado por peque\u00f1os y medianos propietarios y campesinos, el presidente Ibrahim Traor\u00e9 dirige un importante proceso nacional-democr\u00e1tico peque\u00f1oburgu\u00e9s en Burkina Faso.<\/p>\n\n\n\n<hr class=\"wp-block-separator has-text-color has-vivid-red-color has-alpha-channel-opacity has-vivid-red-background-color has-background\"\/>\n\n\n\n<p class=\"has-black-color has-text-color has-link-color wp-elements-56d98c8adc809acfd17ae49f0ecf56a1\">por <a href=\"https:\/\/anovademocracia.com.br\/author\/redacao-de-and\/\">Reda\u00e7\u00e3o de AND<\/a><\/p>\n\n\n\n<p class=\"has-black-color has-text-color has-link-color wp-elements-f8e407c31bae4f8fc40068cad9defc3e\">20 de abril de 2025<\/p>\n\n\n\n<figure class=\"wp-block-image aligncenter size-large is-resized\"><img loading=\"lazy\" decoding=\"async\" width=\"1024\" height=\"682\" src=\"https:\/\/nuevademocracia.com.co\/wp-content\/uploads\/2025\/05\/image-21-1024x682.png\" alt=\"\" class=\"wp-image-27721\" style=\"width:655px;height:auto\" srcset=\"https:\/\/nuevademocracia.com.co\/wp-content\/uploads\/2025\/05\/image-21-1024x682.png 1024w, https:\/\/nuevademocracia.com.co\/wp-content\/uploads\/2025\/05\/image-21-300x200.png 300w, https:\/\/nuevademocracia.com.co\/wp-content\/uploads\/2025\/05\/image-21-768x512.png 768w, https:\/\/nuevademocracia.com.co\/wp-content\/uploads\/2025\/05\/image-21-1536x1023.png 1536w, https:\/\/nuevademocracia.com.co\/wp-content\/uploads\/2025\/05\/image-21.png 1600w\" sizes=\"auto, (max-width: 1024px) 100vw, 1024px\" \/><figcaption class=\"wp-element-caption\"><em><strong><mark style=\"background-color:rgba(0, 0, 0, 0)\" class=\"has-inline-color has-black-color\">Ibrahim Traor\u00e9 visitando la regi\u00f3n de las Cascadas de Burkina Faso en 2024. Foto: Gobierno de Burkina Faso\/Reproducci\u00f3n<\/mark><\/strong><\/em><\/figcaption><\/figure>\n\n\n\n<p class=\"has-black-color has-text-color has-link-color wp-elements-9b1b6c47e9d75bcabaf27becd61472c5\">\u00abHacer sacrificios por la patria, hacer todo lo posible por el bienestar del pueblo. Desarrollaremos nuestras infraestructuras en los sectores de la salud, la educaci\u00f3n y las carreteras. Desarrollaremos nuestra industria, transformaremos lo que queramos y consumiremos lo que transformemos\u00bb. As\u00ed proclam\u00f3 el 1 de abril el capit\u00e1n y jefe de Estado de Burkina Faso, Ibrahim Traor\u00e9, la \u00abRevoluci\u00f3n Popular Progresista (RPP)\u00bb en el pa\u00eds, asumiendo que su proceso se desarrolla \u00aba imagen de la Revoluci\u00f3n Democr\u00e1tica Popular de 1983 proclamada por el capit\u00e1n Thomas Isidore Noel Sankara\u00bb, seg\u00fan la Agencia de Informaci\u00f3n de Burkina.<\/p>\n\n\n\n<p class=\"has-black-color has-text-color has-link-color wp-elements-edbed53f50ffaf467173bc543b9cc3e2\">Demarcando con la demagogia de las falsas democracias de las potencias y superpotencias imperialistas, Traor\u00e9 fue claro al afirmar que: \u00abNo estamos en una democracia. Estamos en una Revoluci\u00f3n Popular Progresista. Es imposible nombrar un solo pa\u00eds que se haya desarrollado en democracia. La democracia es s\u00f3lo el resultado final\u00bb.<\/p>\n\n\n\n<p class=\"has-black-color has-text-color has-link-color wp-elements-0c1bd7e648d8522ad8a64b19df8de9ec\"><\/p>\n\n\n\n<figure class=\"wp-block-image aligncenter size-full is-resized\"><img loading=\"lazy\" decoding=\"async\" width=\"975\" height=\"648\" src=\"https:\/\/nuevademocracia.com.co\/wp-content\/uploads\/2025\/05\/image-22.png\" alt=\"\" class=\"wp-image-27722\" style=\"width:614px;height:auto\" srcset=\"https:\/\/nuevademocracia.com.co\/wp-content\/uploads\/2025\/05\/image-22.png 975w, https:\/\/nuevademocracia.com.co\/wp-content\/uploads\/2025\/05\/image-22-300x199.png 300w, https:\/\/nuevademocracia.com.co\/wp-content\/uploads\/2025\/05\/image-22-768x510.png 768w\" sizes=\"auto, (max-width: 975px) 100vw, 975px\" \/><figcaption class=\"wp-element-caption\"><strong><em><mark style=\"background-color:rgba(0, 0, 0, 0)\" class=\"has-inline-color has-black-color\">Masas acompa\u00f1an el convoy de Traor\u00e9 en Cascades en 2024. Foto: Gobierno de Burkina Faso\/Reproducci\u00f3n<\/mark><\/em><\/strong><\/figcaption><\/figure>\n\n\n\n<p class=\"has-black-color has-text-color has-link-color wp-elements-f16b26b58477589cbc060b820966e8a1\">El l\u00edder burkin\u00e9s tambi\u00e9n resalt\u00f3 el car\u00e1cter antiimperialista de la Revoluci\u00f3n y destac\u00f3 la importancia de resistir a las provocaciones y agresiones de los imperialistas y sus agentes locales mediante la lucha armada de masas. \u00abLes esperamos con firmeza a ellos, a sus mercenarios y a sus acciones. Seremos implacables y sin escr\u00fapulos con los que piensan que pueden impedir el desarrollo de nuestro pa\u00eds\u00bb. Y Llam\u00f3: \u201ca las masas a estar vigilantes porque hoy, m\u00e1s que nunca, los ap\u00e1tridas, los enemigos de la Naci\u00f3n, est\u00e1n muy activos. En el lado de la laguna, est\u00e1n reunidos desde hace varios d\u00edas. Su objetivo es hacer revivir a Burkina Faso los tr\u00e1gicos sucesos de 1987, olvidando que los tiempos han cambiado\u00bb.<\/p>\n\n\n\n<p class=\"has-black-color has-text-color has-link-color wp-elements-7bb7918ff1adb231b9d5f7bd59d42a32\">El anuncio, poco publicitado en los monopolios de prensa proimperialistas del mundo, conmocion\u00f3 los salones palaciegos de las potencias y superpotencias imperialistas. Era la primera vez que el capit\u00e1n clasificaba su gobierno y el proceso que vive el pa\u00eds norteafricano desde 2022, cuando Traor\u00e9 se hizo con el poder en Burkina Faso a trav\u00e9s de un movimiento armado que derroc\u00f3 al oficial del ej\u00e9rcito Paul-Henri Sandaogo Damiba, investido presidente el 24 de enero del mismo a\u00f1o tras un golpe de Estado.<\/p>\n\n\n\n<p class=\"has-black-color has-text-color has-link-color wp-elements-8bbda2aa88146c5e9a596c63ab2a2ddb\">Antes del pronunciamiento revolucionario, el capit\u00e1n de 37 a\u00f1os (34 en aquel momento) ya hab\u00eda llamado la atenci\u00f3n con sus primeros discursos tras tomar el poder. Criticando duramente al imperialismo, Traor\u00e9 pas\u00f3 a defender la soberan\u00eda nacional del pa\u00eds y pidi\u00f3 a otros l\u00edderes africanos que expulsaran de su territorio a las tropas de potencias extranjeras. Adem\u00e1s, las medidas pr\u00e1cticas del joven l\u00edder africano disgustaron profundamente al imperialismo, especialmente a Estados Unidos y Francia.<\/p>\n\n\n\n<h4 class=\"wp-block-heading has-vivid-red-color has-text-color has-link-color has-medium-font-size wp-elements-54ee3c9df1684f82b0d219b3c7298e8d\">Fin de la ocupaci\u00f3n extranjera y recuperaci\u00f3n del territorio<\/h4>\n\n\n\n<p class=\"has-black-color has-text-color has-link-color wp-elements-eb794de70c86dc6e747c597e241b963f\">Una de las primeras medidas de Traor\u00e9 fue poner fin a la ocupaci\u00f3n francesa de Burkina Faso, creada para facilitar el saqueo directo de las riquezas naturales de los burkineses bajo el falso pretexto de luchar contra los grupos yihadistas. Lo cierto es que estos grupos han proliferado debido a la actuaci\u00f3n de los franceses, quienes, junto con la Organizaci\u00f3n del Tratado del Atl\u00e1ntico Norte, tomaron represalias contra Libia con una invasi\u00f3n que comenz\u00f3 en 2011, favoreciendo a grupos que operaban en Mali, N\u00edger y el sur de Libia desde el final de la guerra de Argelia (1991-2002).<\/p>\n\n\n\n<figure class=\"wp-block-image aligncenter size-full is-resized\"><img loading=\"lazy\" decoding=\"async\" width=\"975\" height=\"627\" src=\"https:\/\/nuevademocracia.com.co\/wp-content\/uploads\/2025\/05\/image-24.png\" alt=\"\" class=\"wp-image-27724\" style=\"width:626px;height:auto\" srcset=\"https:\/\/nuevademocracia.com.co\/wp-content\/uploads\/2025\/05\/image-24.png 975w, https:\/\/nuevademocracia.com.co\/wp-content\/uploads\/2025\/05\/image-24-300x193.png 300w, https:\/\/nuevademocracia.com.co\/wp-content\/uploads\/2025\/05\/image-24-768x494.png 768w\" sizes=\"auto, (max-width: 975px) 100vw, 975px\" \/><figcaption class=\"wp-element-caption\"><em><strong><mark style=\"background-color:rgba(0, 0, 0, 0)\" class=\"has-inline-color has-black-color\">Tropas francesas pliegan la bandera para abandonar Burkina Faso. Foto: AFP<\/mark><\/strong><\/em><\/figcaption><\/figure>\n\n\n\n<p class=\"has-black-color has-text-color has-link-color wp-elements-db76a399aeee41be0238a82ac17b55ea\">Estos grupos eran, por ejemplo, Al Qaeda en el Magreb Isl\u00e1mico (AQMI), fundado en 2007, y el Grupo de Apoyo al Islam y a los Musulmanes (JNIM), creado en 2017 por Iyad ag Ghali, l\u00edder del pueblo tuareg -uno de los pueblos ind\u00f3mitos del norte de \u00c1frica que, debido al proceso de formaci\u00f3n nacional interrumpido por el imperialismo, nunca se autoproclamaron ni se incorporaron a otras Naciones y recientemente han sido barridos por grupos musulmanes-.<\/p>\n\n\n\n<p class=\"has-black-color has-text-color has-link-color wp-elements-6b27d1fc6aeb982c9aef893b9d98a292\">Cuando Francia fue expulsada de Burkina Faso por el capit\u00e1n Traor\u00e9, los defensores del imperialismo se levantaron furiosos para decir que aquel episodio permitir\u00eda a los yihadistas atacar libremente al pueblo burkin\u00e9s. Lo que ocurri\u00f3 fue muy distinto: Ibrahim Traor\u00e9 invirti\u00f3 en el sector de Defensa, arm\u00f3 a las masas a trav\u00e9s de la milicia de los Voluntarios para la Defensa de la Patria (VDP) -que, en las zonas rurales, se organiz\u00f3 junto a los jefes tribales con cierta independencia- y consigui\u00f3 restablecer el control del 69% del territorio, seg\u00fan cifras de 2023 del Ministerio de Defensa. En 2022, el Estado burkin\u00e9s s\u00f3lo controlaba el 40% del territorio. Esto se consigui\u00f3 gracias al reclutamiento masivo del pueblo: en una de las primeras convocatorias para el reclutamiento de 50.000 combatientes para el PDV en 2022, se presentaron 90.000 personas.<\/p>\n\n\n\n<figure class=\"wp-block-image aligncenter size-full\"><img loading=\"lazy\" decoding=\"async\" width=\"627\" height=\"420\" src=\"https:\/\/nuevademocracia.com.co\/wp-content\/uploads\/2025\/05\/image-25.png\" alt=\"\" class=\"wp-image-27725\" srcset=\"https:\/\/nuevademocracia.com.co\/wp-content\/uploads\/2025\/05\/image-25.png 627w, https:\/\/nuevademocracia.com.co\/wp-content\/uploads\/2025\/05\/image-25-300x201.png 300w\" sizes=\"auto, (max-width: 627px) 100vw, 627px\" \/><figcaption class=\"wp-element-caption\"><em><strong><mark style=\"background-color:rgba(0, 0, 0, 0)\" class=\"has-inline-color has-black-color\">Cuerpo de Voluntarios para la Defensa de la Patria (VDP). Foto: L&#8217;Humanite<\/mark><\/strong><\/em><\/figcaption><\/figure>\n\n\n\n<h4 class=\"wp-block-heading has-vivid-red-color has-text-color has-link-color has-medium-font-size wp-elements-16c494a9068100cafcb8a5a998f29150\">Fortalecimiento de la industria nacional<\/h4>\n\n\n\n<p class=\"has-black-color has-text-color has-link-color wp-elements-0eefda0b4dcb31f62b06b0d652efe0aa\">Al tiempo que recuperaba territorio, Traor\u00e9 impuls\u00f3 la econom\u00eda reforzando la industria nacional y las organizaciones de peque\u00f1os y medianos propietarios. En 2022, cre\u00f3 la Agencia para la Promoci\u00f3n del Emprendimiento Comunitario (Apec) e incluy\u00f3 a la organizaci\u00f3n en los proyectos centrales del pa\u00eds: una f\u00e1brica de procesamiento de tomates inaugurada en 2024 -la primera del pa\u00eds- contaba con un 20% de participaci\u00f3n estatal y un 80% de capital de participaci\u00f3n popular, organizado por Apec. La Apec tiene un claro sesgo de clase y est\u00e1 apoyada principalmente por la peque\u00f1a y mediana burgues\u00eda nacional.<\/p>\n\n\n\n<p class=\"has-black-color has-text-color has-link-color wp-elements-31d7923abeaea7eb7c5dadd54e2c601f\">Otras dos f\u00e1bricas inauguradas por Traor\u00e9 fueron el complejo textil IRO-TEXBURKINA, situado en Sourgou, en el departamento de la provincia de Boulkiemd\u00e9, y TEXFORCES-BF, en Bobo-Dioulasso. Este \u00faltimo tiene por objetivo transformar el algod\u00f3n producido en Burkina Faso para la producci\u00f3n de uniformes militares para las Fuerzas Armadas del pa\u00eds. Traor\u00e9 se toma muy en serio la industria textil e incluso la artesan\u00eda, un sector que es el tercer componente del PIB del pa\u00eds, despu\u00e9s del oro y la agricultura. En el campo de la artesan\u00eda, Traor\u00e9 est\u00e1 abriendo talleres para que las mujeres produzcan el famoso <em>faso dan fani<\/em>, una hermosa tela estampada que s\u00f3lo se produce en Burkina Faso, con algod\u00f3n nacional.<\/p>\n\n\n\n<figure class=\"wp-block-image aligncenter size-full is-resized\"><img loading=\"lazy\" decoding=\"async\" width=\"975\" height=\"588\" src=\"https:\/\/nuevademocracia.com.co\/wp-content\/uploads\/2025\/05\/image-27.png\" alt=\"\" class=\"wp-image-27727\" style=\"width:668px;height:auto\" srcset=\"https:\/\/nuevademocracia.com.co\/wp-content\/uploads\/2025\/05\/image-27.png 975w, https:\/\/nuevademocracia.com.co\/wp-content\/uploads\/2025\/05\/image-27-300x181.png 300w, https:\/\/nuevademocracia.com.co\/wp-content\/uploads\/2025\/05\/image-27-768x463.png 768w\" sizes=\"auto, (max-width: 975px) 100vw, 975px\" \/><figcaption class=\"wp-element-caption\"><em><strong><mark style=\"background-color:rgba(0, 0, 0, 0)\" class=\"has-inline-color has-black-color\">Ibrahim Traor\u00e9 participa en el inicio de la construcci\u00f3n de IRO-TEXBURKINA. Foto: Reproducci\u00f3n<\/mark><\/strong><\/em><\/figcaption><\/figure>\n\n\n\n<p class=\"has-black-color has-text-color has-link-color wp-elements-13a4767fe24a6633876c7cede789ea2e\">Adem\u00e1s, Traor\u00e9 inaugur\u00f3 en agosto de 2024 su primer Parque Industrial Farmac\u00e9utico, centrado en la producci\u00f3n de medicamentos gen\u00e9ricos como paracetamol 500 mg, floroglucinol, un antiespasm\u00f3dico y un \u00abkit de sales de rehidrataci\u00f3n oral y zinc para tratamiento\u00bb, seg\u00fan el director general, Armel co\u00e9f\u00e9. \u00abNuestra capacidad de producci\u00f3n responde actualmente a las necesidades locales y resuelve el problema de la interrupci\u00f3n dr\u00e1stica\u00bb, a\u00f1adi\u00f3, subrayando que la lista de mol\u00e9culas a producir aumentar\u00e1, especialmente \u00abcon la producci\u00f3n de medicamentos para la gesti\u00f3n de la malaria\u00bb, a\u00f1adi\u00f3.<\/p>\n\n\n\n<h4 class=\"wp-block-heading has-vivid-red-color has-text-color has-link-color has-medium-font-size wp-elements-9166c17423180a0680ec35d7455654f9\">Mecanizaci\u00f3n y apoyo a la producci\u00f3n campesina<\/h4>\n\n\n\n<p class=\"has-black-color has-text-color has-link-color wp-elements-37261fe41ab86846d7242dfaa73f9944\">En el campo, el gobierno quer\u00eda mejorar la seguridad alimentaria del pa\u00eds mediante la soberan\u00eda y la mecanizaci\u00f3n, objetivos condensados en la llamada \u00abOfensiva Agr\u00edcola y Pesquera\u00bb, un plan del Ministerio de Agricultura, Recursos Animales y Pesca, dirigido por el comandante Isma\u00ebl Sombi\u00e9. La ofensiva promete crear 100.000 empleos para las masas desplazadas y los j\u00f3venes desempleados entre 2023 y 2025, con un presupuesto repartido entre el 54% del sector privado y el 46% del Estado.<\/p>\n\n\n\n<p class=\"has-black-color has-text-color has-link-color wp-elements-234a23f9582d65bd7aad05afdb4c118d\">Para aumentar la productividad y mejorar las condiciones de vida de las masas campesinas, Traor\u00e9 distribuy\u00f3 m\u00e1s de 400 tractores entre los campesinos, reparti\u00f3 semillas y vendi\u00f3 fertilizantes subsidiados y cre\u00f3 7.460 puestos de salud primaria en las regiones m\u00e1s remotas, algo que reproduce el modelo de Sankara. El resultado fue un aumento del 50% en la seguridad alimentaria del pa\u00eds.<\/p>\n\n\n\n<p class=\"has-black-color has-text-color has-link-color wp-elements-e702f02edec46153c8549210292dd416\">Este frente cuenta con el apoyo de la Alianza de Estados del Sahel (AES), una iniciativa fundada por Traor\u00e9 y los presidentes de Mal\u00ed y N\u00edger. Para Hamidou Sawadogo, profesor de econom\u00eda monetaria y financiera en la Universidad Joseph Kl-Zerbo, consultado por <em>AfricaNews<\/em>, \u00abeste modelo se basa en el aprovechamiento de los recursos internos. Ha permitido al jefe del Estado y a su gobierno dar prioridad a la agricultura\u00bb. En 2024 se cosecharon en Burkina Faso seis millones de toneladas de cereales.<\/p>\n\n\n\n<h4 class=\"wp-block-heading has-vivid-red-color has-text-color has-link-color has-medium-font-size wp-elements-0d37dc50f1ddbdb5b2e81add422877ed\">Miner\u00eda nacional, mecanizada y a peque\u00f1a escala<\/h4>\n\n\n\n<p class=\"has-black-color has-text-color has-link-color wp-elements-f5fdc94f030d1cd1a0115812fac07cac\">\u00abNo entiendo por qu\u00e9, cuando sabemos extraer oro, dejamos que lo extraigan las multinacionales mineras. Por eso he dicho que hay licencias que estamos retirando. Y lo vamos a hacer nosotros mismos\u00bb, declar\u00f3 Ibrahim Traor\u00e9 en un programa de la radio p\u00fablica RTB el 9 de octubre de 2024, anunciando otra nueva ley minera, parte del proceso de nacionalizaci\u00f3n del sector en el pa\u00eds.<\/p>\n\n\n\n<p class=\"has-black-color has-text-color has-link-color wp-elements-04116503045c3c27cda4fea6da5c5e2b\">Tras el anuncio, algunos imperialistas se levantaron airados contra las \u00abrevocaciones arbitrarias\u00bb de licencias por parte del gobierno de Traor\u00e9, pero la revocaci\u00f3n no fue inmediata: Traor\u00e9 esper\u00f3 a que se acabaran las licencias de empresas como la australiana <em>Sarama Resources <\/em>antes de imponer los nuevos t\u00e9rminos del acuerdo en el proceso de renovaci\u00f3n. Las operaciones de <em>Sarama <\/em>Resources, que llevaba extrayendo oro en Burkina Faso desde 2011, se cerraron en el proceso.<\/p>\n\n\n\n<p class=\"has-black-color has-text-color has-link-color wp-elements-9cc943e1417e12d238ba923e1562a5bd\">El plan del gobierno burkin\u00e9s para la miner\u00eda inclu\u00eda varias leyes. Una de ellas, firmada el 18 de julio de 2024 y consultada \u00edntegramente por <strong>AND<\/strong>, pretend\u00eda fortalecer el sector nacional de la \u00abprospecci\u00f3n, investigaci\u00f3n, desarrollo, exploraci\u00f3n, rehabilitaci\u00f3n y cierre de minas y canteras\u00bb, el \u00abtransporte de materiales procedentes de minas y canteras\u00bb y la \u00abtransformaci\u00f3n, valorizaci\u00f3n y comercializaci\u00f3n de los productos del sector minero\u00bb.&nbsp;<\/p>\n\n\n\n<p class=\"has-black-color has-text-color has-link-color wp-elements-6c27857cf313c862c9f317d1bfda0de0\">Entre los t\u00e9rminos de la ley aprobada, se establec\u00eda que \u00ablas empresas mineras y sus subcontratistas o co-contratistas establecidos en territorio nacional dar\u00e1n preferencia a las empresas nacionales en cualquier contrato de prestaci\u00f3n de servicios o suministro de bienes en condiciones equivalentes en cuanto a precio, calidad y plazos\u00bb, y que \u00ablas empresas mineras que operen en Francia utilizar\u00e1n compa\u00f1\u00edas de seguros nacionales para cubrir los riesgos asociados a sus actividades, de acuerdo con la normativa vigente.\u00bb<\/p>\n\n\n\n<p class=\"has-black-color has-text-color has-link-color wp-elements-3dd96505dd7dcf8d1e95834d9922a140\">La ley tambi\u00e9n establece que las empresas deben establecer un plan de formaci\u00f3n \u00abque promueva la transferencia de tecnolog\u00eda y competencias a las personas f\u00edsicas y jur\u00eddicas nacionales\u00bb, y que \u00ablas empresas mineras y sus subcontratistas contribuyan a los programas nacionales de investigaci\u00f3n y desarrollo\u00bb.<\/p>\n\n\n\n<p class=\"has-black-color has-text-color has-link-color wp-elements-cb1ee55a6ee78df7f08f93f5da4c322b\">En otra ley, el gobierno tambi\u00e9n grav\u00f3 las operaciones mineras: el oro pasar\u00eda a tener un tipo impositivo efectivo del 40 al 50% cuando el precio del mineral fuera alto. El impuesto de renta corporativo para las empresas mineras se fij\u00f3 en el 27,5%, y los impuestos sobre dividendos, intereses y pagos por servicios prestados en el extranjero oscilaron entre el 12,5% y el 15%. Adem\u00e1s, todos los minerales est\u00e1n ahora sujetos a <em>c\u00e1nones<\/em>: el oro se grava ahora entre un 5% y un 7% y el zinc un 5%. Todos los impuestos se pagan al gobierno central, que destina el 20% a las comunidades locales a trav\u00e9s del Fondo Minero para el Desarrollo Local (FMDL).<\/p>\n\n\n\n<p class=\"has-black-color has-text-color has-link-color wp-elements-83d46c6e84935026bbd7b0041529a997\">El gobierno nacional-democr\u00e1tico tambi\u00e9n impuls\u00f3 la miner\u00eda de peque\u00f1os y medianos propietarios y la refinaci\u00f3n nacional de oro. El 18 de marzo de 2024, el Ministro de Energ\u00eda, Minas y Canteras, Yacoube Zabr\u00e9 Gouba, inaugur\u00f3 la primera Refiner\u00eda Nacional de Oro, situada en M\u00e9guet, donde ahora trabajan 2.000 mineros artesanales. La instalaci\u00f3n est\u00e1 equipada con una trituradora, un molino, un concentrador y una mesa vibratoria para separar el oro de los residuos, y la idea del Gobierno es abrir otros nueve centros de este tipo.<\/p>\n\n\n\n<p class=\"has-black-color has-text-color has-link-color wp-elements-8ce2d6723249c0269acbabd9e4bf5a3d\">El impulso a los peque\u00f1os y medianos propietarios ha permitido a Apec poner en marcha la primera f\u00e1brica de oro semimecanizada del pa\u00eds, situada en el pueblo de Bielmera, en la comuna de Midebdo, provincia de Noumbiel. La f\u00e1brica coloc\u00f3 su primera piedra en julio de 2024, seg\u00fan informa el sitio web oficial de la organizaci\u00f3n.<\/p>\n\n\n\n<p class=\"has-black-color has-text-color has-link-color wp-elements-56527517caf66e95b36a3cf62976458c\">\u00abLa operaci\u00f3n de miner\u00eda de oro semimecanizada de Bielm\u00e9ra, cuya primera piedra colocamos hoy, est\u00e1 situada en una superficie de 100 hect\u00e1reas\u00bb, explica el director general de Apec, Karim Traor\u00e9. \u00abTendr\u00e1 una vida \u00fatil m\u00ednima de cinco (05) a\u00f1os, con una tasa media de rentabilidad del 40% anual. Al final de los primeros cuatro (04) a\u00f1os de funcionamiento, se espera que salgan de la planta unos 320 kg de oro. Este proyecto tambi\u00e9n crear\u00e1 150 puestos de trabajo directos y 300 indirectos en su primer a\u00f1o. Este ambicioso proyecto se conf\u00eda \u00edntegramente a empresas burkinesas, tanto para los trabajos de construcci\u00f3n como para el equipamiento y el seguimiento y control.\u00bb<\/p>\n\n\n\n<p class=\"has-vivid-red-color has-text-color has-link-color has-medium-font-size wp-elements-a2e896f673a061540dae1cb0173d7019\"><strong>Relaciones peligrosas<\/strong><\/p>\n\n\n\n<p class=\"has-black-color has-text-color has-link-color wp-elements-add7c80d4a35088358eb66f20a5c6c81\">A pesar de los logros del gobierno nacional-democr\u00e1tico de Ibrahim Traor\u00e9, su r\u00e9gimen cultiva relaciones peligrosas y tiene limitaciones, tanto con las potencias y superpotencias imperialistas extranjeras como con las grandes burgues\u00edas locales.<\/p>\n\n\n\n<p class=\"has-black-color has-text-color has-link-color wp-elements-40311b66a24570c7c021be2c647045f6\">En el campo externo, Traor\u00e9 ha ampliado las relaciones con el imperialismo ruso y el socialimperialismo chino, especialmente con el primero. Las relaciones no son un problema en s\u00ed mismas, pero su contenido puede esconder algo problem\u00e1tico: diversos rumores apuntan, por ejemplo, a que tropas del grupo paramilitar vinculado al Estado ruso, Wagner, operan en Burkina Faso. Ya se ha confirmado que las tropas de del grupo -cuya falange africana se llama ahora <em>Africa Corps <\/em>y est\u00e1 directamente vinculada al Estado ruso- operan en otros pa\u00edses del Sahel socios de Faso, como Mali, y en otros pa\u00edses como la Rep\u00fablica Centroafricana -este pa\u00eds tiene incluso una estatua de dos de los l\u00edderes del grupo, los fallecidos Yevgeny Prigozhin y Dmitri Utkin, en la ciudad de Bangui-.<\/p>\n\n\n\n<p class=\"has-black-color has-text-color has-link-color wp-elements-50d74725a80332ac2350f8f4d8710438\">Sin embargo, es dif\u00edcil saber si Wagner, que ahora se llama Africom, opera realmente en Burkina Faso o si se trata s\u00f3lo de rumores creados por el imperialismo estadounidense. El gobierno burkin\u00e9s siempre ha negado estos v\u00ednculos y periodistas bien informados, como el nigeriano Seidik Abba, autor del libro <em><strong>Mali-Sahel, notre Afghanistan \u00e0 nous<\/strong><\/em>, afirman que el gobierno burkin\u00e9s desconf\u00eda de cualquier intervenci\u00f3n extranjera. El ministro de Asuntos Exteriores de N\u00edger, aliado de Burkina Faso y tambi\u00e9n blanco de rumores sobre la presencia del Grupo Wagner, tambi\u00e9n ha declarado que \u00abla informaci\u00f3n de que disponemos no nos permite afirmar que Wagner siga en Burkina Faso\u00bb.<\/p>\n\n\n\n<p class=\"has-black-color has-text-color has-link-color wp-elements-dc261e85383e29d57d3cbaf104dc2556\">Adem\u00e1s de su presencia militar, Burkina Faso ha establecido relaciones econ\u00f3micas con Rusia y el pa\u00eds cuenta con una amplia presencia de empresas de la superpotencia at\u00f3mica. La empresa minera Norgold obtuvo una licencia del gobierno de Traor\u00e9 para explotar durante cuatro a\u00f1os una zona de la regi\u00f3n centro-norte del pa\u00eds. Anteriormente, Norgold ya explotaba tres minas en el pa\u00eds. Adem\u00e1s de la rusa Norgold, Burkina Faso cuenta con la presencia de empresas mineras brit\u00e1nicas y canadienses.<\/p>\n\n\n\n<p class=\"has-black-color has-text-color has-link-color wp-elements-463af885384ce42f22423012356a6d0d\">Algunos yacimientos de estas empresas fueron comprados por grandes burgueses burkineses. La empresa brit\u00e1nica <em>Endeavour Mining <\/em>vendi\u00f3 dos de sus minas de oro a Lilium Mining, propiedad del gran burgu\u00e9s burkin\u00e9s-estadounidense Simon Tiemtor\u00e9. Lilium Mining es una filial de Lilium Capital, con sede en Nueva York.<\/p>\n\n\n\n<h4 class=\"wp-block-heading has-vivid-red-color has-text-color has-link-color has-medium-font-size wp-elements-ed107d03748f378f57dab56a4f83d609\">Un comienzo prometedor y particular<\/h4>\n\n\n\n<p class=\"has-black-color has-text-color has-link-color wp-elements-4e8a70bbc7d2f579f93f85a69f05265b\">Las limitaciones y los peligros del r\u00e9gimen burkin\u00e9s no apuntan necesariamente al fin del gobierno nacional-democr\u00e1tico del pa\u00eds mediante el sometimiento al imperialismo ruso o al social-imperialismo chino. El rumbo exacto de Burkina Faso es dif\u00edcil de calcular porque se trata de una experiencia extraordinariamente particular, sintom\u00e1tica de \u00e9pocas hist\u00f3ricas de grandes transformaciones en todo el mundo. Hasta ahora, las acciones y declaraciones de Traor\u00e9 no apuntan a una capitulaci\u00f3n. Al contrario, la declaraci\u00f3n de la Revoluci\u00f3n Popular Progresista podr\u00eda ser signo de un proceso de radicalizaci\u00f3n de las importantes medidas adoptadas hasta ahora.<\/p>\n","protected":false},"excerpt":{"rendered":"<p>Apoyado por peque\u00f1os y medianos propietarios y campesinos, el presidente Ibrahim Traor\u00e9 dirige un importante proceso nacional-democr\u00e1tico peque\u00f1oburgu\u00e9s en Burkina Faso.<\/p>\n","protected":false},"author":1,"featured_media":27720,"comment_status":"open","ping_status":"open","sticky":false,"template":"","format":"standard","meta":{"footnotes":""},"categories":[16,31],"tags":[],"class_list":["post-27718","post","type-post","status-publish","format-standard","has-post-thumbnail","hentry","category-carrusel","category-internacional"],"blocksy_meta":[],"_links":{"self":[{"href":"https:\/\/nuevademocracia.com.co\/index.php?rest_route=\/wp\/v2\/posts\/27718","targetHints":{"allow":["GET"]}}],"collection":[{"href":"https:\/\/nuevademocracia.com.co\/index.php?rest_route=\/wp\/v2\/posts"}],"about":[{"href":"https:\/\/nuevademocracia.com.co\/index.php?rest_route=\/wp\/v2\/types\/post"}],"author":[{"embeddable":true,"href":"https:\/\/nuevademocracia.com.co\/index.php?rest_route=\/wp\/v2\/users\/1"}],"replies":[{"embeddable":true,"href":"https:\/\/nuevademocracia.com.co\/index.php?rest_route=%2Fwp%2Fv2%2Fcomments&post=27718"}],"version-history":[{"count":3,"href":"https:\/\/nuevademocracia.com.co\/index.php?rest_route=\/wp\/v2\/posts\/27718\/revisions"}],"predecessor-version":[{"id":27729,"href":"https:\/\/nuevademocracia.com.co\/index.php?rest_route=\/wp\/v2\/posts\/27718\/revisions\/27729"}],"wp:featuredmedia":[{"embeddable":true,"href":"https:\/\/nuevademocracia.com.co\/index.php?rest_route=\/wp\/v2\/media\/27720"}],"wp:attachment":[{"href":"https:\/\/nuevademocracia.com.co\/index.php?rest_route=%2Fwp%2Fv2%2Fmedia&parent=27718"}],"wp:term":[{"taxonomy":"category","embeddable":true,"href":"https:\/\/nuevademocracia.com.co\/index.php?rest_route=%2Fwp%2Fv2%2Fcategories&post=27718"},{"taxonomy":"post_tag","embeddable":true,"href":"https:\/\/nuevademocracia.com.co\/index.php?rest_route=%2Fwp%2Fv2%2Ftags&post=27718"}],"curies":[{"name":"wp","href":"https:\/\/api.w.org\/{rel}","templated":true}]}}