{"id":27731,"date":"2025-05-22T10:05:59","date_gmt":"2025-05-22T15:05:59","guid":{"rendered":"https:\/\/nuevademocracia.com.co\/?p=27731"},"modified":"2025-05-22T10:06:32","modified_gmt":"2025-05-22T15:06:32","slug":"80-anos-del-dia-de-la-victoria-sovietica-contra-el-nazi-fascismo-aleman","status":"publish","type":"post","link":"https:\/\/nuevademocracia.com.co\/?p=27731","title":{"rendered":"80 a\u00f1os del d\u00eda de la victoria sovi\u00e9tica contra el nazi fascismo alem\u00e1n"},"content":{"rendered":"\n<p class=\"has-black-color has-text-color has-link-color wp-elements-07a335825e548f3e3b876652f814ebd2\">El 9 de mayo de 1945 se oficializ\u00f3 la victoria de la Uni\u00f3n de Rep\u00fablicas Socialistas Sovi\u00e9ticas &#8211; URSS sobre el nazi fascismo alem\u00e1n. El 2 de mayo de 1945, la Batalla de Berl\u00edn termin\u00f3 con la rendici\u00f3n de las fuerzas nazis que defend\u00edan la capital del Reich. Hitler se suicid\u00f3 el 30 de abril de 1945 temiendo terminar como Mussolini. A las 10:43 de la noche del 8 de mayo de 1945, se ratific\u00f3 la rendici\u00f3n incondicional de la Alemania nazi en el cuartel general del Ej\u00e9rcito Rojo en Berl\u00edn. En Asia, el fascismo japon\u00e9s se rindi\u00f3 el 15 de agosto de 1945. La segunda guerra imperialista hab\u00eda llegado a su fin. Esta victoria celebrada por los pueblos del mundo qued\u00f3 registrada para la historia en la famosa foto de un soldado del Ej\u00e9rcito Rojo izando la bandera sovi\u00e9tica encima del Reichstag (parlamento nazi) en Berl\u00edn.<\/p>\n\n\n\n<figure class=\"wp-block-image aligncenter size-full\"><img loading=\"lazy\" decoding=\"async\" width=\"678\" height=\"382\" src=\"https:\/\/nuevademocracia.com.co\/wp-content\/uploads\/2025\/05\/image-28.png\" alt=\"\" class=\"wp-image-27732\" srcset=\"https:\/\/nuevademocracia.com.co\/wp-content\/uploads\/2025\/05\/image-28.png 678w, https:\/\/nuevademocracia.com.co\/wp-content\/uploads\/2025\/05\/image-28-300x169.png 300w\" sizes=\"auto, (max-width: 678px) 100vw, 678px\" \/><figcaption class=\"wp-element-caption\"><strong><em><mark style=\"background-color:rgba(0, 0, 0, 0)\" class=\"has-inline-color has-black-color\">Ej\u00e9rcito Rojo colocando la bandera roja con la hoz y el martillo sobre el Reichstag (parlamento) de la Alemania nazi.<\/mark><\/em><\/strong><\/figcaption><\/figure>\n\n\n\n<p class=\"has-black-color has-text-color has-link-color wp-elements-743d7ed24d6c517af2ba87b24927c688\">Esta victoria fue precedida por otras grandes batallas como la de Stalingrado, conocida como la m\u00e1s grande batalla en la historia de la humanidad, y que fue parte de la guerra librada por la URSS desde 1941 (la Gran Guerra Patria), en justa defensa contra Hitler y su ej\u00e9rcito nazi que invadieron el territorio sovi\u00e9tico. Esta lucha no fue solo interna a la URSS; se libr\u00f3 en conjunto con la Internacional Comunista para desarrollar un amplio Frente Antifascista mundial que ayud\u00f3 a derrotar al nazismo. El proletariado y las masas del mundo, dirigidas por los Partidos Comunistas, llevaron la l\u00ednea antifascista de defensa de la Uni\u00f3n Sovi\u00e9tica, la \u00fanica base roja para la Revoluci\u00f3n. En todos los pa\u00edses ocupados se desat\u00f3 resistencia armada, una verdadera guerra de liberaci\u00f3n nacional antifascista siendo principal la que se libr\u00f3 en China.<\/p>\n\n\n\n<p class=\"has-black-color has-text-color has-link-color wp-elements-7cd7206a566f1beee777e9c8f9644dca\">Los imperialistas, especialmente los yanquis, por medio de su industria cinematogr\u00e1fica, han intentado ocultar y tergiversar la historia para mostrarse como los vencedores y negar el papel de la URSS. Muestran el desembarco en Normand\u00eda, tambi\u00e9n conocido como el D\u00eda D, como la batalla m\u00e1s grande y decisiva para la derrota del r\u00e9gimen fascista e imperialista de Hitler, pero esta batalla solo se dio para evitar la influencia que estaba teniendo la URSS en Europa. La victoria realmente vino especialmente impulsada por la direcci\u00f3n de Stalin y del Partido Comunista de la URSS, y por las estructuras del Ej\u00e9rcito Rojo, como expresi\u00f3n de un ej\u00e9rcito que representaba y ten\u00eda en sus filas, en una unidad acerada, a los obreros y campesinos.<\/p>\n\n\n\n<p class=\"has-black-color has-text-color has-link-color wp-elements-eeebf22de318ac336af834f6013bbdc2\">Debemos recordar siempre el papel decisivo de Stalin en esta victoria. Stalin como gran estratega militar y dirigente proletario guio hacia la victoria al Ej\u00e9rcito Rojo, que ante la invasi\u00f3n nazi aplic\u00f3 una defensiva estrat\u00e9gica y aplic\u00f3 \u201ctierra arrasada\u201d que consist\u00eda, como explic\u00f3 Stalin, \u201cen que todo el material rodante debe ser evacuado; al enemigo no debe dej\u00e1rsele ni una sola m\u00e1quina, ni un solo vag\u00f3n, ni una sola libra de grano o un gal\u00f3n de fuel. Las granjas colectivas deben ser trasladadas con sus ganados y entregar su grano a la custodia de las autoridades estatales para su transporte a la retaguardia\u201d, adem\u00e1s \u201cen las \u00e1reas ocupadas por el enemigo, unidades guerrilleras, montadas y a pie, deben formarse, los grupos deben organizarse para combatir a las tropas enemigas, fomentar la guerra de guerrillas por todas partes, volar puentes, carreteras [&#8230;]. En las regiones ocupadas las condiciones deben ser insoportables para el enemigo y todos sus c\u00f3mplices\u201d. Sumado a esto, Stalin siempre ten\u00eda en cuenta el aspecto moral, e hizo desfilar a todos los nazis vencidos, rendidos y arrojar sus banderas, sus \u00e1guilas, sus esv\u00e1sticas al pie del mausoleo de Lenin. No solo fue una derrota militar, fue una gran derrota moral.<\/p>\n\n\n\n<figure class=\"wp-block-image aligncenter size-full is-resized\"><img loading=\"lazy\" decoding=\"async\" width=\"975\" height=\"527\" src=\"https:\/\/nuevademocracia.com.co\/wp-content\/uploads\/2025\/05\/image-30.png\" alt=\"\" class=\"wp-image-27734\" style=\"width:683px;height:auto\" srcset=\"https:\/\/nuevademocracia.com.co\/wp-content\/uploads\/2025\/05\/image-30.png 975w, https:\/\/nuevademocracia.com.co\/wp-content\/uploads\/2025\/05\/image-30-300x162.png 300w, https:\/\/nuevademocracia.com.co\/wp-content\/uploads\/2025\/05\/image-30-768x415.png 768w\" sizes=\"auto, (max-width: 975px) 100vw, 975px\" \/><figcaption class=\"wp-element-caption\"><strong><em><mark style=\"background-color:rgba(0, 0, 0, 0)\" class=\"has-inline-color has-black-color\">Ej\u00e9rcito Rojo entrando a Berl\u00edn (Alemania).<\/mark><\/em><\/strong><\/figcaption><\/figure>\n\n\n\n<p class=\"has-black-color has-text-color has-link-color wp-elements-bea5ebf72b117fd89cb53bcad488988b\">El costo de la segunda guerra mundial imperialista es enorme: el 2,5% de la poblaci\u00f3n mundial, o 60 millones de personas, fueron aniquiladas por el imperialismo genocida, donde 26 millones de sovi\u00e9ticos, incluidos 11 millones de soldados, murieron principalmente como resultado de la hambruna provocada por los nazis. Con la derrota del nazi fascismo se consolid\u00f3 en el mundo el campo socialista y se establecieron democracias populares. La principal de todas ellas fue la victoria de la Revoluci\u00f3n China bajo la direcci\u00f3n del Partido Comunista y de Mao Tse-tung.<\/p>\n\n\n\n<figure class=\"wp-block-video\"><video height=\"720\" style=\"aspect-ratio: 1280 \/ 720;\" width=\"1280\" controls src=\"https:\/\/nuevademocracia.com.co\/wp-content\/uploads\/2025\/05\/1_4965227608607294809-1.mp4\"><\/video><\/figure>\n\n\n\n<p><\/p>\n\n\n\n<p class=\"has-black-color has-text-color has-link-color wp-elements-3f46d1037b49a2490322920f5c7e6859\">A continuaci\u00f3n, compartimos el discurso que dio Stalin el 9 de mayo de 1945 por ocasi\u00f3n de la victoria contra la Alemania nazi:<\/p>\n\n\n\n<figure class=\"wp-block-embed is-type-video is-provider-youtube wp-block-embed-youtube wp-embed-aspect-16-9 wp-has-aspect-ratio\"><div class=\"wp-block-embed__wrapper\">\n<iframe loading=\"lazy\" title=\"Discurso de STALIN en el D\u00eda de la Victoria - 9 de Mayo, 1945. (En espa\u00f1ol)\" width=\"1290\" height=\"726\" src=\"https:\/\/www.youtube.com\/embed\/NProGFAThXE?feature=oembed\" frameborder=\"0\" allow=\"accelerometer; autoplay; clipboard-write; encrypted-media; gyroscope; picture-in-picture; web-share\" referrerpolicy=\"strict-origin-when-cross-origin\" allowfullscreen><\/iframe>\n<\/div><\/figure>\n\n\n\n<p class=\"has-black-color has-text-color has-link-color wp-elements-f85cf9056e01f6977cf301c902c4d0d1\"><strong>J.V. Stalin<\/strong><\/p>\n\n\n\n<p class=\"has-black-color has-text-color has-link-color wp-elements-3aaeab267da1f1e72ed8cd27e88e516e\"><strong>DISCURSO DE LA VICTORIA<\/strong><\/p>\n\n\n\n<p class=\"has-black-color has-text-color has-link-color wp-elements-5807f617a8ac1cf42adef2fbc65bf031\"><strong>Emitido radiof\u00f3nicamente desde Mosc\u00fa a las 20.00 horas (hora de Mosc\u00fa) el 9 de Mayo de 1945<\/strong><\/p>\n\n\n\n<p class=\"has-black-color has-text-color has-link-color wp-elements-f2a150056b2a24d188694bcae67260f6\"><br>\u00a1Camaradas! \u00a1Compatriotas hombres y mujeres!<\/p>\n\n\n\n<p class=\"has-black-color has-text-color has-link-color wp-elements-73e3c1767046e91fbf4fbeb976c658bf\">El gran d\u00eda de la victoria sobre Alemania ha llegado. La Alemania fascista, forzada a arrodillarse por el Ej\u00e9rcito Rojo y las tropas de nuestros aliados, ha reconocido su derrota y declarado su rendici\u00f3n incondicional.<\/p>\n\n\n\n<p class=\"has-black-color has-text-color has-link-color wp-elements-c9897296b1ff4985a096341afbf1fb35\">El 7 de Mayo, el protocolo preliminar de rendici\u00f3n fue firmado en la ciudad de Reims. El 8 de Mayo, representantes del Alto Mando alem\u00e1n, ante la presencia de representantes del Mando Supremo de las Tropas Aliadas y el Mando Supremo de las Tropas Sovi\u00e9ticas, firmaron en Berl\u00edn el acta final de rendici\u00f3n, cuya aplicaci\u00f3n comenz\u00f3 a las 24.00 horas del 8 de Mayo.<\/p>\n\n\n\n<p class=\"has-black-color has-text-color has-link-color wp-elements-5ab8b820bf9789be23d1b45fb09056dc\">Conscientes de los carro\u00f1eros h\u00e1bitos de los cabecillas alemanes, que consideran los tratados y acuerdos como trozos de papel vac\u00edos, no tenemos razones para confiar en sus palabras. Sin embargo, esta ma\u00f1ana, en cumplimiento del acta de rendici\u00f3n, las tropas alemanas comenzaron a deponer sus armas y se rindieron masivamente a nuestras tropas. Esto ya no es un trozo de papel vac\u00edo. Esta es la rendici\u00f3n efectiva de las fuerzas armadas de Alemania. En verdad, un grupo de tropas alemanas en la zona de Checoslovaquia est\u00e1 a\u00fan evadiendo la rendici\u00f3n. Pero conf\u00edo que el Ej\u00e9rcito Rojo ser\u00e1 capaz de conducirles a la sensatez.<\/p>\n\n\n\n<p class=\"has-black-color has-text-color has-link-color wp-elements-a50d400ea3dc95cba03480c7bba19087\">Ahora podemos afirmar con plena justificaci\u00f3n que el d\u00eda hist\u00f3rico de la derrota final de Alemania, el d\u00eda de la gran victoria de nuestro pueblo sobre el imperialismo alem\u00e1n, ha llegado.<\/p>\n\n\n\n<p class=\"has-black-color has-text-color has-link-color wp-elements-fa6cfe5a75d21a496761dd2cde3c4d7a\">Los grandes sacrificios que hicimos en nombre de la libertad y la independencia de nuestra Patria, las privaciones y sufrimientos incalculables experimentados por nuestro pueblo en el curso de la guerra, el intenso trabajo en el frente y la retaguardia, colocados sobre el altar de la patria, no han sido en vano, y han sido coronados por la victoria completa sobre el enemigo. La lucha secular de los pueblos eslavos por su existencia y su independencia ha concluido con la victoria sobre los invasores alemanes y la tiran\u00eda alemana.<\/p>\n\n\n\n<p class=\"has-black-color has-text-color has-link-color wp-elements-e1b169d423c50fd7a34921248ded5ae5\">A partir de ahora la gran bandera de la libertad de los pueblos y la paz entre los pueblos ondear\u00e1 sobre Europa.<\/p>\n\n\n\n<p class=\"has-black-color has-text-color has-link-color wp-elements-7f95946a386c1d0c5d317173b6cd95c5\">Hace tres a\u00f1os Hitler declar\u00f3 para que todos lo escucharan que sus objetivos inclu\u00edan el desmembramiento de la Uni\u00f3n Sovi\u00e9tica y arrebatarle a ella el C\u00e1ucaso, Ucrania, Bielorrusia, las tierras del B\u00e1ltico y otras zonas. \u00c9l declar\u00f3 sin rodeos: \u201cDestruiremos a Rusia para que nunca m\u00e1s sea capaz de alzarse\u201d. Esto fue hace tres a\u00f1os. Sin embargo, las alocadas ideas de Hitler no tuvieron el destino de convertirse en realidad \u2013el avance de la guerra las dispers\u00f3 a los cuatro vientos. De hecho ha ocurrido todo lo contrario a los delirios hitlerianos. Alemania ha sido completamente derrotada. Las tropas alemanas se est\u00e1n rindiendo. La Uni\u00f3n Sovi\u00e9tica est\u00e1 celebrando la Victoria, aunque su intenci\u00f3n no es ni desmembrar ni destruir Alemania.<\/p>\n\n\n\n<p class=\"has-black-color has-text-color has-link-color wp-elements-3ef19826b31ba4d58ab25f446155e6f3\">\u00a1Camaradas! La Gran Guerra Patria ha finalizado con nuestra victoria completa. El periodo de guerra en Europa ha pasado. Ha comenzado el periodo de desarrollo pac\u00edfico.<\/p>\n\n\n\n<p class=\"has-black-color has-text-color has-link-color wp-elements-e83ba8426a07f6979389dfd646bdf4b0\">\u00a1Os felicito por la victoria, mis queridos compatriotas hombres y mujeres!<\/p>\n\n\n\n<p class=\"has-black-color has-text-color has-link-color wp-elements-0071fc0ce24bf841350b1f4d5c5761cf\">\u00a1Gloria a nuestro heroico Ej\u00e9rcito Rojo que enarbol\u00f3 la independencia de nuestra Patria y obtuvo la victoria sobre el enemigo!<\/p>\n\n\n\n<p class=\"has-black-color has-text-color has-link-color wp-elements-3ed131ebd701756c6bf6793b9da18eb8\">\u00a1Gloria a nuestro pueblo, el pueblo victorioso! \u00a1Gloria eterna a los h\u00e9roes que cayeron en la lucha contra el enemigo y dieron sus vidas por la libertad y la felicidad de nuestro pueblo!<\/p>\n","protected":false},"excerpt":{"rendered":"<p>El 9 de mayo de 1945 se oficializ\u00f3 la victoria de la Uni\u00f3n de Rep\u00fablicas Socialistas Sovi\u00e9ticas &#8211; URSS sobre el nazi fascismo alem\u00e1n.Esta victoria celebrada por los pueblos del mundo qued\u00f3 registrada para la historia en la famosa foto de un soldado del Ej\u00e9rcito Rojo izando la bandera sovi\u00e9tica encima del Reichstag (parlamento nazi) en Berl\u00edn.<\/p>\n","protected":false},"author":1,"featured_media":27732,"comment_status":"open","ping_status":"open","sticky":false,"template":"","format":"standard","meta":{"footnotes":""},"categories":[16,31],"tags":[],"class_list":["post-27731","post","type-post","status-publish","format-standard","has-post-thumbnail","hentry","category-carrusel","category-internacional"],"blocksy_meta":[],"_links":{"self":[{"href":"https:\/\/nuevademocracia.com.co\/index.php?rest_route=\/wp\/v2\/posts\/27731","targetHints":{"allow":["GET"]}}],"collection":[{"href":"https:\/\/nuevademocracia.com.co\/index.php?rest_route=\/wp\/v2\/posts"}],"about":[{"href":"https:\/\/nuevademocracia.com.co\/index.php?rest_route=\/wp\/v2\/types\/post"}],"author":[{"embeddable":true,"href":"https:\/\/nuevademocracia.com.co\/index.php?rest_route=\/wp\/v2\/users\/1"}],"replies":[{"embeddable":true,"href":"https:\/\/nuevademocracia.com.co\/index.php?rest_route=%2Fwp%2Fv2%2Fcomments&post=27731"}],"version-history":[{"count":2,"href":"https:\/\/nuevademocracia.com.co\/index.php?rest_route=\/wp\/v2\/posts\/27731\/revisions"}],"predecessor-version":[{"id":27737,"href":"https:\/\/nuevademocracia.com.co\/index.php?rest_route=\/wp\/v2\/posts\/27731\/revisions\/27737"}],"wp:featuredmedia":[{"embeddable":true,"href":"https:\/\/nuevademocracia.com.co\/index.php?rest_route=\/wp\/v2\/media\/27732"}],"wp:attachment":[{"href":"https:\/\/nuevademocracia.com.co\/index.php?rest_route=%2Fwp%2Fv2%2Fmedia&parent=27731"}],"wp:term":[{"taxonomy":"category","embeddable":true,"href":"https:\/\/nuevademocracia.com.co\/index.php?rest_route=%2Fwp%2Fv2%2Fcategories&post=27731"},{"taxonomy":"post_tag","embeddable":true,"href":"https:\/\/nuevademocracia.com.co\/index.php?rest_route=%2Fwp%2Fv2%2Ftags&post=27731"}],"curies":[{"name":"wp","href":"https:\/\/api.w.org\/{rel}","templated":true}]}}