{"id":27745,"date":"2025-05-28T11:34:34","date_gmt":"2025-05-28T16:34:34","guid":{"rendered":"https:\/\/nuevademocracia.com.co\/?p=27745"},"modified":"2025-05-28T11:34:51","modified_gmt":"2025-05-28T16:34:51","slug":"la-guerra-vuelve-a-casa-estadounidense-dispara-contra-embajadores-israelies-en-washington","status":"publish","type":"post","link":"https:\/\/nuevademocracia.com.co\/?p=27745","title":{"rendered":"La guerra vuelve a casa: estadounidense dispara contra embajadores israel\u00edes en Washington"},"content":{"rendered":"\n<p class=\"has-black-color has-text-color has-link-color wp-elements-e1f9f357feb63b925bba73634078c314\"><em>Reproducimos traducci\u00f3n no oficial de este art\u00edculo de\u00a0<a href=\"https:\/\/anovademocracia.com.br\/guerra-volta-embaixada-israel-americano\/\"><mark style=\"background-color:rgba(0, 0, 0, 0)\" class=\"has-inline-color has-vivid-red-color\">A Nova Democracia<\/mark><\/a><\/em><\/p>\n\n\n\n<p class=\"has-black-color has-text-color has-link-color wp-elements-7fc0d33e92faaedad4c122bb1d57f620\">\u00abPalestina libre\u00bb, grit\u00f3 El\u00edas Rodr\u00edguez tras los disparos, para dejar clara la motivaci\u00f3n de la acci\u00f3n.<\/p>\n\n\n\n<hr class=\"wp-block-separator has-text-color has-vivid-red-color has-alpha-channel-opacity has-vivid-red-background-color has-background\"\/>\n\n\n\n<p class=\"has-black-color has-text-color has-link-color wp-elements-e6cbb8bb76a6506da23a31a902e11d20\">por&nbsp;<a href=\"https:\/\/anovademocracia.com.br\/author\/redacao-de-and\/\">Reda\u00e7\u00e3o de AND<\/a><\/p>\n\n\n\n<p class=\"has-black-color has-text-color has-link-color wp-elements-372910992a33d0cef1b3d996983f165f\">22 de mayo de 2025<\/p>\n\n\n\n<figure class=\"wp-block-image aligncenter size-full is-resized\"><img loading=\"lazy\" decoding=\"async\" width=\"888\" height=\"482\" src=\"https:\/\/nuevademocracia.com.co\/wp-content\/uploads\/2025\/05\/image-34.png\" alt=\"\" class=\"wp-image-27747\" style=\"width:684px;height:auto\" srcset=\"https:\/\/nuevademocracia.com.co\/wp-content\/uploads\/2025\/05\/image-34.png 888w, https:\/\/nuevademocracia.com.co\/wp-content\/uploads\/2025\/05\/image-34-300x163.png 300w, https:\/\/nuevademocracia.com.co\/wp-content\/uploads\/2025\/05\/image-34-768x417.png 768w\" sizes=\"auto, (max-width: 888px) 100vw, 888px\" \/><figcaption class=\"wp-element-caption\"><strong><em><mark style=\"background-color:rgba(0, 0, 0, 0)\" class=\"has-inline-color has-black-color\">Durante su detenci\u00f3n, Elias Rodrigues grita \u00abPalestina libre\u00bb. Imagen\/Reproducci\u00f3n de las redes sociales<\/mark><\/em><\/strong><\/figcaption><\/figure>\n\n\n\n<p class=\"has-black-color has-text-color has-link-color wp-elements-df8e7f50032acfbe96ba2e7903271384\">El mi\u00e9rcoles 21 de mayo por la noche, un hombre de 30 a\u00f1os mat\u00f3 a tiros a dos embajadores israel\u00edes en Washington, la capital de Estados Unidos. El acto fue una respuesta al genocidio del pueblo palestino en la Franja de Gaza, apoyado por el imperialismo, seg\u00fan el manifiesto del autor de los disparos, El\u00edas Rodr\u00edguez. En total, 53.700 palestinos han sido asesinados por el r\u00e9gimen israel\u00ed. Desde ayer, Israel ha asesinado al menos a 143 personas. Horas antes del ataque de Rodr\u00edguez, soldados sionistas dispararon en direcci\u00f3n a una delegaci\u00f3n diplom\u00e1tica en Cisjordania.<\/p>\n\n\n\n<p class=\"has-black-color has-text-color has-link-color wp-elements-b3e7f7c2989f8eebacec4a62a379d89e\">Los diplom\u00e1ticos asesinados el 21 de mayo fueron Yaron Lischinsky, asistente de investigaci\u00f3n en el departamento pol\u00edtico, y Sarah Milgrim, responsable de la organizaci\u00f3n de viajes a Israel. Sal\u00edan de un acto sobre las relaciones diplom\u00e1ticas entre el Estado sionista y Estados Unidos -las mismas relaciones que garantizan el mantenimiento de la financiaci\u00f3n yanqui a Israel y la continuaci\u00f3n del genocidio- cuando fueron tiroteados.<\/p>\n\n\n\n<p class=\"has-black-color has-text-color has-link-color wp-elements-b2e543c1a088f2d0c85b882d0ac74b5d\">\u00abPalestina libre\u00bb, grit\u00f3 El\u00edas Rodr\u00edguez tras los disparos, para dejar clara la motivaci\u00f3n de la acci\u00f3n. Los gritos continuaron mientras los agentes de polic\u00eda colocaban las esposas en las mu\u00f1ecas de Rodr\u00edguez. Un testigo del caso declar\u00f3 a la agencia de noticias Reuters. \u00abCogi\u00f3 su keffiyeh [pa\u00f1uelo palestino] y dijo: &#8216;He hecho esto por Gaza'\u00bb.<\/p>\n\n\n\n<h1 class=\"wp-block-heading has-vivid-red-color has-text-color has-link-color has-medium-font-size wp-elements-6fad0c4cc2489ff03d849300ed5a72de\">Palestina libre<\/h1>\n\n\n\n<p class=\"has-black-color has-text-color has-link-color wp-elements-f7cac748eb5477fbe3e35c5fe6664be7\">Tambi\u00e9n prepar\u00f3 una carta p\u00fablica, que puede leer \u00edntegramente al final de este art\u00edculo.<\/p>\n\n\n\n<p class=\"has-black-color has-text-color has-link-color wp-elements-1d658887671c1213a07531e295080735\">\u00abEn el momento de escribir estas l\u00edneas, el Ministerio de Sanidad de Gaza registra 53.000 muertes por fuerza traum\u00e1tica, al menos diez mil bajo los escombros, y qui\u00e9n sabe cu\u00e1ntos miles m\u00e1s han muerto de enfermedades evitables, de inanici\u00f3n, con decenas de miles ahora en riesgo de hambruna inminente debido al bloqueo israel\u00ed, todo ello facilitado por la complicidad de los gobiernos occidentales y \u00e1rabes\u00bb, escribi\u00f3.<\/p>\n\n\n\n<p class=\"has-black-color has-text-color has-link-color wp-elements-670d8c3cd113757d00bb6b44917e5987\">La jefa del Departamento de Polic\u00eda Metropolitana, Pamela Smith, dijo que la acci\u00f3n se llev\u00f3 a cabo de forma individual. El autor permaneci\u00f3 en las inmediaciones del evento hasta que encontr\u00f3 los objetivos; tras disparar, se deshizo del armamento y entr\u00f3 en el edificio de la celebraci\u00f3n, donde fue detenido. Rodr\u00edguez permanece detenido.<\/p>\n\n\n\n<figure class=\"wp-block-video\"><video height=\"1032\" style=\"aspect-ratio: 720 \/ 1032;\" width=\"720\" controls src=\"https:\/\/nuevademocracia.com.co\/wp-content\/uploads\/2025\/05\/Video-Elias.mp4\"><\/video><\/figure>\n\n\n\n<p><\/p>\n\n\n\n<p class=\"has-black-color has-text-color has-link-color wp-elements-b92f9133281b838714779413bdd0d3e2\">\u00abQuienes se oponen al genocidio se contentan con argumentar que los autores y los c\u00f3mplices han perdido su humanidad. Simpatizo con este punto de vista y comprendo su valor para calmar la psique que no soporta ser testigo de atrocidades, ni siquiera a trav\u00e9s de una pantalla. Pero la deshumanizaci\u00f3n ha demostrado ser asombrosamente com\u00fan, mundana, prosaicamente humana. Un perpetrador puede ser un padre cari\u00f1oso, un hijo devoto, un amigo generoso, un desconocido amable,<\/p>\n\n\n\n<p class=\"has-black-color has-text-color has-link-color wp-elements-d6e15eeea9293d2912fff8a668044900\">capaz de tener fuerza moral cuando le conviene e incluso cuando no, y seguir siendo un monstruo.\u201d<\/p>\n\n\n\n<p class=\"has-black-color has-text-color has-link-color wp-elements-c85108694de2f8173a832d05c4e2fae2\">Para Rodr\u00edguez, la condena del Estado sionista de Israel por parte de las masas populares que ha crecido desde el 7 de octubre de 2023 fue un \u00abpunto de inflexi\u00f3n\u00bb. Pero aun as\u00ed, el genocidio contin\u00faa. \u00abLa opini\u00f3n p\u00fablica se ha vuelto contra el Estado genocida del apartheid y el Gobierno de EEUU simplemente lo ha ignorado\u00bb.<\/p>\n\n\n\n<p class=\"has-black-color has-text-color has-link-color wp-elements-486c20cb7da33a72f177718793ca7dca\">\u00abLa acci\u00f3n habr\u00eda estado moralmente justificada hace 11 a\u00f1os, durante el Borde Protector [la invasi\u00f3n israel\u00ed de Gaza en 2014], cuando personalmente tome conciencia de nuestro brutal comportamiento en Palestina. Pero para la mayor\u00eda de los estadounidenses, una acci\u00f3n as\u00ed habr\u00eda sido incomprensible, habr\u00eda parecido una locura. Me alegro de que hoy, al menos, muchos estadounidenses lo entiendan claramente y, de una manera peculiar, lo vean como lo \u00fanico cuerdo que se puede hacer\u00bb, concluye Rodr\u00edguez.<\/p>\n\n\n\n<h1 class=\"wp-block-heading has-vivid-red-color has-text-color has-link-color has-medium-font-size wp-elements-d80319f13da22d0b2be520bf999e76f0\">La guerra vuelve a casa<\/h1>\n\n\n\n<p class=\"has-black-color has-text-color has-link-color wp-elements-6de52bb2290ca7002eed0ffbe6e4e7fa\">En el texto, Rodr\u00edguez tambi\u00e9n menciona a otras personas que han dado su vida en actos de protesta por Palestina, como el militar <mark style=\"background-color:rgba(0, 0, 0, 0)\" class=\"has-inline-color has-vivid-red-color\"><a href=\"https:\/\/anovademocracia.com.br\/herois-estadunidenses-da-palestina-e-da-humanidade\/\">Aaron<\/a> <a href=\"https:\/\/anovademocracia.com.br\/herois-estadunidenses-da-palestina-e-da-humanidade\/\">Bushnell<\/a><\/mark>, que se prendi\u00f3 fuego frente a la embajada israel\u00ed en Washington D.C.<\/p>\n\n\n\n<p class=\"has-black-color has-text-color has-link-color wp-elements-a12cd30c36b34e2bfc36db5a50f9b4bb\">El acto de Rodr\u00edguez significa un paso m\u00e1s en la violencia revolucionaria empleada por las masas activistas en EEUU en solidaridad con el pueblo palestino. Es un episodio importante que llega meses despu\u00e9s de otras acciones armadas contra objetivos reaccionarios en EEUU. En marzo, coches pertenecientes a Tesla, la empresa propiedad del multimillonario<\/p>\n\n\n\n<p class=\"has-black-color has-text-color has-link-color wp-elements-00ceb41b468cbe2295f0f9b233a9319c\">y jefe del Departamento de Eficiencia Gubernamental, Elon Musk, fueron tiroteados e incendiados en varias partes de EEUU. Acciones similares tuvieron lugar en Europa.<\/p>\n\n\n\n<h1 class=\"wp-block-heading has-vivid-red-color has-text-color has-link-color has-medium-font-size wp-elements-826a7f3e6b10580972e264aa5fd53f29\"><a><\/a>Carta completa<\/h1>\n\n\n\n<p class=\"has-black-color has-text-color has-link-color wp-elements-12ac47bfa00ff714134c23529a7db241\">\u00abExplicaci\u00f3n<\/p>\n\n\n\n<p class=\"has-black-color has-text-color has-link-color wp-elements-21158db7e4b7be317477ee93c45915e1\">20 de mayo de 2025<\/p>\n\n\n\n<p class=\"has-black-color has-text-color has-link-color wp-elements-c44e495aa9881b7cd05813568660468b\">Halintar es una palabra que significa algo as\u00ed como trueno o rel\u00e1mpago. Despu\u00e9s de un acto, la gente busca un texto que fije su significado, as\u00ed que aqu\u00ed va un intento.<\/p>\n\n\n\n<p class=\"has-black-color has-text-color has-link-color wp-elements-32225c2f26348fcdb715853026646b29\">Las atrocidades cometidas por los israel\u00edes contra Palestina desaf\u00edan toda descripci\u00f3n y cuantificaci\u00f3n. En lugar de leer los informes, solemos verlos en v\u00eddeo, a veces en vivo. Tras meses de r\u00e1pido aumento del n\u00famero de muertos, Israel ha borrado incluso la capacidad de llevar la cuenta de los muertos, lo que ha servido bien a su genocidio. En el momento de escribir estas l\u00edneas, el Ministerio de Sanidad de Gaza registra 53.000 muertos por fuerza traum\u00e1tica, al menos diez mil bajo los escombros, y qui\u00e9n sabe cu\u00e1ntos miles m\u00e1s han muerto de enfermedades evitables, de inanici\u00f3n, con decenas de miles ahora en riesgo de hambruna inminente debido al bloqueo israel\u00ed, todo ello facilitado por la complicidad de los gobiernos occidentales y \u00e1rabes. La oficina de informaci\u00f3n de Gaza incluye a los diez mil bajo los escombros en su propio recuento. Durante meses, los reportajes han mencionado estos \u00abdiez mil\u00bb bajo los escombros, a pesar de la continua producci\u00f3n de m\u00e1s escombros, repetidos bombardeos de escombros y tiendas de campa\u00f1a entre los escombros. Al igual que la cifra de muertos en Yemen, congelada en unos pocos miles durante a\u00f1os bajo los bombardeos de Arabia Saud\u00ed, Reino Unido y Estados Unidos, hasta que<\/p>\n\n\n\n<p class=\"has-black-color has-text-color has-link-color wp-elements-78b6fe70807fa35dc924beaf02081d97\">se revel\u00f3 tard\u00edamente que eran 500.000 muertos, todas estas cifras son un subregistro criminal. No dudo de las estimaciones que apuntan a<\/p>\n\n\n\n<p class=\"has-black-color has-text-color has-link-color wp-elements-df1757adc9b4d6ba5a103ee4fb133f2f\">100.000 o m\u00e1s. Desde marzo de este a\u00f1o han sido asesinadas m\u00e1s personas que en \u201cBorde Protector\u201d y \u201cPlomo Fundido\u201d juntos. \u00bfQu\u00e9 m\u00e1s se puede decir sobre la proporci\u00f3n de cuerpos desmembrados, quemados y explosionados que eran ni\u00f1os? Nosotros, que permitimos esto, nunca mereceremos el perd\u00f3n de los palestinos. Ellos ya nos lo han dejado claro.<\/p>\n\n\n\n<p class=\"has-black-color has-text-color has-link-color wp-elements-4ea362c5d6b237635e898f9f4ddfe079\">Una acci\u00f3n armada no es necesariamente una acci\u00f3n militar. Generalmente no lo es. Suele ser teatro y espect\u00e1culo, una cualidad que comparte con muchas acciones no armadas. Las protestas no violentas de las primeras semanas del genocidio parec\u00edan marcar un punto de inflexi\u00f3n. Nunca antes tantas decenas de miles de personas se hab\u00edan unido a los palestinos en las calles de Occidente. Nunca antes tantos pol\u00edticos estadounidenses se hab\u00edan visto obligados a admitir que, al menos ret\u00f3ricamente, los palestinos tambi\u00e9n son seres humanos. Pero hasta ahora, la ret\u00f3rica no ha significado gran cosa. Los propios israel\u00edes est\u00e1n orgullosos de su conmoci\u00f3n por la libertad que les han dado los estadounidenses para exterminar a los palestinos. La opini\u00f3n p\u00fablica se ha vuelto contra el Estado genocida del apartheid, y el gobierno estadounidense simplemente lo ha ignorado: seguir\u00e1n adelante sin la opini\u00f3n p\u00fablica, criminaliz\u00e1ndola cuando sea posible y sofoc\u00e1ndola con garant\u00edas vac\u00edas de que \u00abhar\u00e1n todo lo posible para contener a Israel\u00bb cuando no puedan criminalizar directamente las protestas. Aaron Bushnell y otros se sacrificaron con la esperanza de detener la masacre, y el Estado est\u00e1 trabajando para hacernos creer que su sacrificio fue en vano, que no hay esperanza en intensificar la lucha por Gaza y que no tiene sentido traer la guerra a casa. No podemos dejar que ganen. Sus sacrificios no fueron en vano.<\/p>\n\n\n\n<p class=\"has-black-color has-text-color has-link-color wp-elements-6ef709887cbcbf130fe2de6dedcd1371\">La impunidad que nuestros representantes gubernamentales sienten al apoyar esta masacre debe revelarse como una ilusi\u00f3n. La impunidad que vemos es peor para los cercanos a los genocidas. Un cirujano que trat\u00f3 a v\u00edctimas del genocidio maya para el Estado de Guatemala relata un caso en el que estaba operando a un paciente gravemente herido durante una masacre cuando, de repente, unos hombres armados entraron en la habitaci\u00f3n y lo mataron en la mesa de operaciones, ri\u00e9ndose mientras disparaban. Lo peor, dijo el m\u00e9dico, fue ver a los asesinos, bien conocidos por \u00e9l, desfilando impunemente por las calles locales a\u00f1os despu\u00e9s. En otro caso, un hombre con conciencia intent\u00f3 arrojar al mar a Robert McNamara desde un ferry con destino a Martha&#8217;s Vineyard, indignado por la misma impunidad y arrogancia que ve\u00eda en aquel carnicero de Vietnam, sentado en el sal\u00f3n del ferry riendo con unos amigos. El hombre discrep\u00f3 con la \u00abpose de McNamara, diciendo: &#8216;Mi historia es buena, y puedo estar agachado en un bar como \u00e9ste con mi buen amigo Ralph aqu\u00ed presente, y te la vas a tener que tragar'\u00bb. El hombre no consigui\u00f3 arrojar a McNamara de la pasarela al agua -el ex secretario de Estado se agarr\u00f3 a la barandilla y retrocedi\u00f3-, pero el agresor explic\u00f3 el valor del intento: \u00abBueno, le saqu\u00e9, los dos solos, y de repente su historia no era tan buena, \u00bfverdad?\u00bb.<\/p>\n\n\n\n<p class=\"has-black-color has-text-color has-link-color wp-elements-297679fcaede4ad0928a39e8a97022ac\">Unas palabras sobre la moralidad de la acci\u00f3n armada. Quienes se oponen al genocidio se contentan con argumentar que los autores y c\u00f3mplices han perdido su humanidad. Simpatizo con este punto de vista y comprendo su valor para calmar la psique que no soporta ser testigo de atrocidades, ni siquiera a trav\u00e9s de una pantalla. Pero la deshumanizaci\u00f3n ha demostrado ser asombrosamente com\u00fan, mundana, prosaicamente humana. Un perpetrador puede ser un padre cari\u00f1oso, un hijo devoto, un amigo generoso, un desconocido amable, capaz de tener fuerza moral cuando le conviene e incluso cuando no, y seguir siendo un monstruo. La humanidad no exime a nadie de responsabilidad. La acci\u00f3n habr\u00eda estado moralmente justificada hace 11 a\u00f1os, durante el \u00abBorde<\/p>\n\n\n\n<p class=\"has-black-color has-text-color has-link-color wp-elements-2345d2976a683c5d074f25915599a8cc\">Protector\u00bb, una \u00e9poca en la que personalmente me di cuenta de nuestro brutal comportamiento en Palestina. Pero para la mayor\u00eda de los estadounidenses, una acci\u00f3n as\u00ed habr\u00eda sido incomprensible, habr\u00eda parecido una locura. Me alegro de que hoy, al menos, muchos estadounidenses lo entiendan claramente y, de un modo peculiar, lo vean como la \u00fanica forma cuerda de actuar.<\/p>\n\n\n\n<p class=\"has-black-color has-text-color has-link-color wp-elements-cc814bd42684170ed2f0b9869be72fde\">Os quiero, mam\u00e1, pap\u00e1, hermanita y toda mi familia, incluido t\u00fa, O***. <\/p>\n\n\n\n<p class=\"has-black-color has-text-color has-link-color wp-elements-3bc912dc7384d4d33d72b887ef75c6e8\">Palestina libre\u00bb.<\/p>\n\n\n\n<p><\/p>\n","protected":false},"excerpt":{"rendered":"<p>\u00abPalestina libre\u00bb, grit\u00f3 El\u00edas Rodr\u00edguez tras los disparos, para dejar clara la motivaci\u00f3n de la acci\u00f3n.<\/p>\n","protected":false},"author":1,"featured_media":27747,"comment_status":"open","ping_status":"open","sticky":false,"template":"","format":"standard","meta":{"footnotes":""},"categories":[16,31,135],"tags":[],"class_list":["post-27745","post","type-post","status-publish","format-standard","has-post-thumbnail","hentry","category-carrusel","category-internacional","category-resistencia-palestina"],"blocksy_meta":[],"_links":{"self":[{"href":"https:\/\/nuevademocracia.com.co\/index.php?rest_route=\/wp\/v2\/posts\/27745","targetHints":{"allow":["GET"]}}],"collection":[{"href":"https:\/\/nuevademocracia.com.co\/index.php?rest_route=\/wp\/v2\/posts"}],"about":[{"href":"https:\/\/nuevademocracia.com.co\/index.php?rest_route=\/wp\/v2\/types\/post"}],"author":[{"embeddable":true,"href":"https:\/\/nuevademocracia.com.co\/index.php?rest_route=\/wp\/v2\/users\/1"}],"replies":[{"embeddable":true,"href":"https:\/\/nuevademocracia.com.co\/index.php?rest_route=%2Fwp%2Fv2%2Fcomments&post=27745"}],"version-history":[{"count":3,"href":"https:\/\/nuevademocracia.com.co\/index.php?rest_route=\/wp\/v2\/posts\/27745\/revisions"}],"predecessor-version":[{"id":27750,"href":"https:\/\/nuevademocracia.com.co\/index.php?rest_route=\/wp\/v2\/posts\/27745\/revisions\/27750"}],"wp:featuredmedia":[{"embeddable":true,"href":"https:\/\/nuevademocracia.com.co\/index.php?rest_route=\/wp\/v2\/media\/27747"}],"wp:attachment":[{"href":"https:\/\/nuevademocracia.com.co\/index.php?rest_route=%2Fwp%2Fv2%2Fmedia&parent=27745"}],"wp:term":[{"taxonomy":"category","embeddable":true,"href":"https:\/\/nuevademocracia.com.co\/index.php?rest_route=%2Fwp%2Fv2%2Fcategories&post=27745"},{"taxonomy":"post_tag","embeddable":true,"href":"https:\/\/nuevademocracia.com.co\/index.php?rest_route=%2Fwp%2Fv2%2Ftags&post=27745"}],"curies":[{"name":"wp","href":"https:\/\/api.w.org\/{rel}","templated":true}]}}