{"id":27752,"date":"2025-06-03T10:26:08","date_gmt":"2025-06-03T15:26:08","guid":{"rendered":"https:\/\/nuevademocracia.com.co\/?p=27752"},"modified":"2025-06-03T10:26:08","modified_gmt":"2025-06-03T15:26:08","slug":"la-represion-india-asesina-a-26-revolucionarios-entre-ellos-el-dirigente-comunista-nambala-keshava-rao","status":"publish","type":"post","link":"https:\/\/nuevademocracia.com.co\/?p=27752","title":{"rendered":"La represi\u00f3n india asesina a 26 revolucionarios, entre ellos el dirigente comunista Nambala Keshava Rao"},"content":{"rendered":"\n<p class=\"has-black-color has-text-color has-link-color wp-elements-536a6ca456bd80905131dd42b3959927\"><em>Reproducimos traducci\u00f3n no oficial de este art\u00edculo de\u00a0<mark style=\"background-color:rgba(0, 0, 0, 0)\" class=\"has-inline-color has-vivid-red-color\"><a href=\"https:\/\/anovademocracia.com.br\/revolucionarios-india-assassina-dirigente\/\">A Nova Democracia<\/a><\/mark><\/em><\/p>\n\n\n\n<p class=\"has-black-color has-text-color has-link-color wp-elements-99c27f0434d210a17fddfdf98dc139bd\">El Estado indio celebr\u00f3 la masacre. Seg\u00fan cifras de 2017, el PCI (mao\u00edsta) cuenta con m\u00e1s de 25.000 cuadros y combatientes en el pa\u00eds.<\/p>\n\n\n\n<hr class=\"wp-block-separator has-text-color has-vivid-red-color has-alpha-channel-opacity has-vivid-red-background-color has-background\"\/>\n\n\n\n<p class=\"has-black-color has-text-color has-link-color wp-elements-e6cbb8bb76a6506da23a31a902e11d20\">por&nbsp;<a href=\"https:\/\/anovademocracia.com.br\/author\/redacao-de-and\/\">Reda\u00e7\u00e3o de AND<\/a><\/p>\n\n\n\n<p class=\"has-black-color has-text-color has-link-color wp-elements-5ae7fd052fc620ebcae1a962e8076abb\">21 de mayo de 202<\/p>\n\n\n\n<figure class=\"wp-block-image aligncenter size-full is-resized\"><img loading=\"lazy\" decoding=\"async\" width=\"690\" height=\"388\" src=\"https:\/\/nuevademocracia.com.co\/wp-content\/uploads\/2025\/06\/image.png\" alt=\"\" class=\"wp-image-27754\" style=\"width:586px;height:auto\" srcset=\"https:\/\/nuevademocracia.com.co\/wp-content\/uploads\/2025\/06\/image.png 690w, https:\/\/nuevademocracia.com.co\/wp-content\/uploads\/2025\/06\/image-300x169.png 300w\" sizes=\"auto, (max-width: 690px) 100vw, 690px\" \/><figcaption class=\"wp-element-caption\"><em><strong><mark style=\"background-color:rgba(0, 0, 0, 0)\" class=\"has-inline-color has-black-color\">El dirigente revolucionario indio Nambala Keshava Rao<\/mark><\/strong><\/em><\/figcaption><\/figure>\n\n\n\n<p class=\"has-black-color has-text-color has-link-color wp-elements-6a2f89429984c5a33e5447ce5f9271cb\">Las fuerzas represivas del Estado indio han cometido otra masacre en el interior del pa\u00eds, esta vez en los bosques de Abujhmad, en Chhattisgarh. Al menos 27 personas fueron asesinadas, entre ellas el secretario general del Partido Comunista de la India (PCI) (mao\u00edsta), Nambala Keshava Rao, llamado Basavaraju por otros revolucionarios indios. El Estado indio afirma que todos los muertos eran <a href=\"https:\/\/anovademocracia.com.br\/guerrilheiros-inidanos-matam-9-policiais\/\"><mark style=\"background-color:rgba(0, 0, 0, 0)\" class=\"has-inline-color has-vivid-red-color\">guerrilleros<\/mark><\/a> , pero es posible que la polic\u00eda ejecutara a campesinos<a href=\"https:\/\/anovademocracia.com.br\/massacre-contra-o-povo-policia-indiana-diz-ter-matado-31-revolucionarios-maoistas-na-india\/\">,<mark style=\"background-color:rgba(0, 0, 0, 0)\" class=\"has-inline-color has-black-color\"> <\/mark><\/a><mark style=\"background-color:rgba(0, 0, 0, 0)\" class=\"has-inline-color has-vivid-red-color\"><a href=\"https:\/\/anovademocracia.com.br\/massacre-contra-o-povo-policia-indiana-diz-ter-matado-31-revolucionarios-maoistas-na-india\/\">como hizo en una masacre en octubre de 2024<\/a>.<\/mark><\/p>\n\n\n\n<p class=\"has-black-color has-text-color has-link-color wp-elements-acc170d3494299d0903f42f2e8f384f8\">Los asesinatos se produjeron en el marco de la Operaci\u00f3n Kagaar, una maniobra del Estado indio para intentar enfrentarse a los miles de combatientes del Ej\u00e9rcito Guerrillero Popular de Liberaci\u00f3n (EGPL), dirigido por el PCI (Mao\u00edsta), que llevan m\u00e1s de 57 a\u00f1os luchando por la Revoluci\u00f3n India. El Estado indio, que ha fracasado durante d\u00e9cadas en su intento de capturar a Keshava Rao, tuvo que unir a las tropas de la Guardia de Reserva del Distrito, la Polic\u00eda de Chhatisgarh, la Fuerza Especial y la Fuerza de Polic\u00eda de la Reserva Central en una operaci\u00f3n de 50 horas para acabar con el dirigente. Al menos un soldado reaccionario muri\u00f3 durante los combates, pero el n\u00famero puede estar siendo reducido por las fuerzas oficiales del Estado indio.<\/p>\n\n\n\n<figure class=\"wp-block-image aligncenter size-full is-resized\"><img loading=\"lazy\" decoding=\"async\" width=\"720\" height=\"450\" src=\"https:\/\/nuevademocracia.com.co\/wp-content\/uploads\/2025\/06\/image-2.png\" alt=\"\" class=\"wp-image-27756\" style=\"width:465px;height:auto\" srcset=\"https:\/\/nuevademocracia.com.co\/wp-content\/uploads\/2025\/06\/image-2.png 720w, https:\/\/nuevademocracia.com.co\/wp-content\/uploads\/2025\/06\/image-2-300x188.png 300w\" sizes=\"auto, (max-width: 720px) 100vw, 720px\" \/><figcaption class=\"wp-element-caption\"><em><strong><mark style=\"background-color:rgba(0, 0, 0, 0)\" class=\"has-inline-color has-black-color\">Guerrilleros indios honran a sus m\u00e1rtires. Foto: Reproducci\u00f3n<\/mark><\/strong><\/em><\/figcaption><\/figure>\n\n\n\n<p class=\"has-black-color has-text-color has-link-color wp-elements-2b344786958118f3b6724bf29fc7495b\">El peri\u00f3dico <strong>A Nova Democracia <\/strong>a\u00fan no ha encontrado ninguna declaraci\u00f3n del PCI (Mao\u00edsta) en Internet, pero sigue investigando y a\u00f1adir\u00e1 a este art\u00edculo si hay alguna actualizaci\u00f3n. El primer ministro <a href=\"https:\/\/anovademocracia.com.br\/mobilizacao-progressista-crimes-guerra-modi\/\"><mark style=\"background-color:rgba(0, 0, 0, 0)\" class=\"has-inline-color has-vivid-red-color\">Narendra Modi<\/mark><\/a> y el ministro del Interior de la Uni\u00f3n, Amit Shah, celebraron la masacre. Shah la calific\u00f3 de \u00abhito en la batalla para eliminar el naxalismo\u00bb. Sin embargo, la informaci\u00f3n sobre el PCI (Mao\u00edsta) disponible en Internet apunta a una exageraci\u00f3n en el discurso de los ministros: seg\u00fan datos de 2017 del peri\u00f3dico monopolista <em>Al Jazeera<\/em>, el PCI (Mao\u00edsta) y el EGPL pueden tener hasta 25.000 cuadros repartidos por todo el pa\u00eds, y no se ha producido ning\u00fan giro sustancial en la Revoluci\u00f3n India que pueda provocar una disminuci\u00f3n de este n\u00famero en los \u00faltimos ocho a\u00f1os. En este sentido, aunque el asesinato de Basavaraju sea un punto de inflexi\u00f3n y requiera una reorganizaci\u00f3n, el PCI (Mao\u00edsta) es plenamente capaz de mantener en marcha la Revoluci\u00f3n y hacer frente a las sanguinarias operaciones del Estado indio.<\/p>\n\n\n\n<p class=\"has-vivid-red-color has-text-color has-link-color has-medium-font-size wp-elements-9df3a0d729a0c6f56f670d3c394bc153\"><strong>\u00bfQui\u00e9n era Keshava Rao?<\/strong><\/p>\n\n\n\n<p class=\"has-black-color has-text-color has-link-color wp-elements-f3e19aa42634dba12039696b0a08c0fe\">Basavaraju era secretario general del PCI (Mao\u00edsta) desde 2018. Antes de ocupar el cargo, fue secretario de la Comisi\u00f3n Militar Central. Era conocido por ser un dirigente pol\u00edtico y militar capaz, que hab\u00eda planeado y organizado importantes ataques y emboscadas llevados a cabo por el EGPL. El Estado indio acusa a Basavaraju de estar detr\u00e1s de la emboscada a 27 miembros del grupo paramilitar fascista Salwa Judum, incluido su l\u00edder Mahendra Karma, y de la emboscada que acab\u00f3 con la vida de 74 polic\u00edas de la Fuerza de Polic\u00eda de la Reserva Central en abril de 2010.<\/p>\n\n\n\n<p class=\"has-black-color has-text-color has-link-color wp-elements-379d1906fdee01f11a843320a990eb6b\">Seg\u00fan el monopolio de la prensa india, Basavaraju se hizo militante en 1984, cuando se uni\u00f3 a las filas del entonces Partido Comunista de la India (Marxista-Leninista) Guerra Popular. Dej\u00f3 atr\u00e1s su licenciatura en el Instituto Nacional de Tecnolog\u00eda, pas\u00f3 a la clandestinidad y se dedic\u00f3 a la lucha revolucionaria. En 1987, particip\u00f3 en un entrenamiento militar y fue elegido miembro del Comit\u00e9 Central del PCI (M) en 1992. Despu\u00e9s de que el PCI (Marxista-Leninista) Guerra Popular se fusionara con el Centro Comunista Mao\u00edsta de la India (CCMI) para formar el PCI (M), Basavaraju fue nombrado miembro de la Comisi\u00f3n Militar Central.<\/p>\n","protected":false},"excerpt":{"rendered":"<p>El Estado indio celebr\u00f3 la masacre. Seg\u00fan cifras de 2017, el PCI (mao\u00edsta) cuenta con m\u00e1s de 25.000 cuadros y combatientes en el pa\u00eds.<\/p>\n","protected":false},"author":1,"featured_media":27754,"comment_status":"open","ping_status":"open","sticky":false,"template":"","format":"standard","meta":{"footnotes":""},"categories":[16,31],"tags":[],"class_list":["post-27752","post","type-post","status-publish","format-standard","has-post-thumbnail","hentry","category-carrusel","category-internacional"],"blocksy_meta":[],"_links":{"self":[{"href":"https:\/\/nuevademocracia.com.co\/index.php?rest_route=\/wp\/v2\/posts\/27752","targetHints":{"allow":["GET"]}}],"collection":[{"href":"https:\/\/nuevademocracia.com.co\/index.php?rest_route=\/wp\/v2\/posts"}],"about":[{"href":"https:\/\/nuevademocracia.com.co\/index.php?rest_route=\/wp\/v2\/types\/post"}],"author":[{"embeddable":true,"href":"https:\/\/nuevademocracia.com.co\/index.php?rest_route=\/wp\/v2\/users\/1"}],"replies":[{"embeddable":true,"href":"https:\/\/nuevademocracia.com.co\/index.php?rest_route=%2Fwp%2Fv2%2Fcomments&post=27752"}],"version-history":[{"count":3,"href":"https:\/\/nuevademocracia.com.co\/index.php?rest_route=\/wp\/v2\/posts\/27752\/revisions"}],"predecessor-version":[{"id":27758,"href":"https:\/\/nuevademocracia.com.co\/index.php?rest_route=\/wp\/v2\/posts\/27752\/revisions\/27758"}],"wp:featuredmedia":[{"embeddable":true,"href":"https:\/\/nuevademocracia.com.co\/index.php?rest_route=\/wp\/v2\/media\/27754"}],"wp:attachment":[{"href":"https:\/\/nuevademocracia.com.co\/index.php?rest_route=%2Fwp%2Fv2%2Fmedia&parent=27752"}],"wp:term":[{"taxonomy":"category","embeddable":true,"href":"https:\/\/nuevademocracia.com.co\/index.php?rest_route=%2Fwp%2Fv2%2Fcategories&post=27752"},{"taxonomy":"post_tag","embeddable":true,"href":"https:\/\/nuevademocracia.com.co\/index.php?rest_route=%2Fwp%2Fv2%2Ftags&post=27752"}],"curies":[{"name":"wp","href":"https:\/\/api.w.org\/{rel}","templated":true}]}}