{"id":27759,"date":"2025-06-05T10:22:59","date_gmt":"2025-06-05T15:22:59","guid":{"rendered":"https:\/\/nuevademocracia.com.co\/?p=27759"},"modified":"2025-06-05T10:29:00","modified_gmt":"2025-06-05T15:29:00","slug":"elecciones-no-revolucion-si","status":"publish","type":"post","link":"https:\/\/nuevademocracia.com.co\/?p=27759","title":{"rendered":"ELECCIONES NO, REVOLUCI\u00d3N SI"},"content":{"rendered":"\n<p class=\"has-vivid-red-color has-text-color has-link-color has-medium-font-size wp-elements-4fb1e1308bc096b59755f286b5712811\"><strong>Nota editorial<\/strong><\/p>\n\n\n\n<p class=\"has-black-color has-text-color has-link-color wp-elements-b74555878df76eea853438d29ea8f230\"><em>El siguiente art\u00edculo fue sacado del peri\u00f3dico popular y revolucionario Frente Unido, espec\u00edficamente, en el n\u00famero 13 de noviembre de 1965. Esta importante tribuna popular fue dirigida por el revolucionario Camilo Torres Restrepo. En este mismo n\u00famero se plantea que \u201ca trav\u00e9s del peri\u00f3dico se ense\u00f1a, se esclarece, se organiza, se dan motivos, consignas y denuncias y, en fin, se vive la plenitud de la lucha. Sin el peri\u00f3dico estar\u00edamos mudos, aislados, dispersos, incomunicados\u201d, dejando claro la importancia y la necesidad de un peri\u00f3dico al servicio del pueblo. Compartimos este art\u00edculo por dos motivos; el primero por ocasi\u00f3n de los 60 a\u00f1os del Frente Unido impulsada por Camilo Torres Restrepo, una importante experiencia de organizaci\u00f3n del pueblo colombiano. El segundo, por su pertinencia con la situaci\u00f3n pol\u00edtica actual en nuestro pa\u00eds, pues ante el despego en firme de las campa\u00f1as electorales para Congreso y presidencia en 2026 del gobierno oportunista de Petro por medio de su Consulta Popular, los revolucionarios y democr\u00e1ticos deben oponerse a la farsa electoral. Es de suma importancia retomar los mejores planteamientos del movimiento revolucionario y popular colombiano.<\/em><\/p>\n\n\n\n<p class=\"has-text-align-center has-vivid-red-color has-text-color has-link-color has-medium-font-size wp-elements-81f6c475621718a902a19bb6e30d29fb\"><strong>ELECCIONES NO, REVOLUCI\u00d3N SI<\/strong><\/p>\n\n\n\n<figure class=\"wp-block-image aligncenter size-full\"><img loading=\"lazy\" decoding=\"async\" width=\"773\" height=\"521\" src=\"https:\/\/nuevademocracia.com.co\/wp-content\/uploads\/2025\/06\/image-4.png\" alt=\"\" class=\"wp-image-27761\" srcset=\"https:\/\/nuevademocracia.com.co\/wp-content\/uploads\/2025\/06\/image-4.png 773w, https:\/\/nuevademocracia.com.co\/wp-content\/uploads\/2025\/06\/image-4-300x202.png 300w, https:\/\/nuevademocracia.com.co\/wp-content\/uploads\/2025\/06\/image-4-768x518.png 768w\" sizes=\"auto, (max-width: 773px) 100vw, 773px\" \/><figcaption class=\"wp-element-caption\"><strong><em><mark style=\"background-color:rgba(0, 0, 0, 0)\" class=\"has-inline-color has-black-color\">Art\u00edculo original titulado \u201cElecciones no, revoluci\u00f3n si\u201d publicado en el peri\u00f3dico Frente Unido en 1965.<\/mark><\/em><\/strong><\/figcaption><\/figure>\n\n\n\n<p class=\"has-black-color has-text-color has-link-color wp-elements-f48ac2904765c56da12ec930aefea0f7\">Con este manido argumento de la \u201cdemocracia\u201d basada en elecciones se ha venido enga\u00f1ando y tapando los ojos y la mente a nuestro pueblo. Jam\u00e1s la voluntad popular, una aut\u00e9ntica voluntad popular se ha manifestado en nuestro pa\u00eds por medio de elecciones.<\/p>\n\n\n\n<p class=\"has-black-color has-text-color has-link-color wp-elements-f0c0f87e54efcbee102d12c2f47b558d\">La \u201cexpresi\u00f3n popular\u201d manifestada en los votos a favor de los partidos tradicionales no tiene m\u00e1s valor que el de un sentimiento emocional, y es el resultado de la demagogia, la violencia y la compra de votos.<\/p>\n\n\n\n<p class=\"has-black-color has-text-color has-link-color wp-elements-8625286a81b29199b25c05e0470f253f\">Por otra parte, en Colombia y dentro de este sistema los personajes ungidos con los votos populares no est\u00e1n obligados a nada, no adquieren ning\u00fan compromiso o responsabilidad. El pueblo elector no puede revocar su mandato cuando su elegido lo traiciona por acci\u00f3n u omisi\u00f3n, lo que equivale a que el elector tiene que entregarse en cuerpo y alma sin m\u00e1s garant\u00eda que la de las dudosas promesas electorales. \u00bfNo fue esto exactamente lo que sucedi\u00f3 con algunos de los farsantes \u201crevolucionarios\u201d elegidos en los comicios pasados? En esto no podemos enga\u00f1arnos. Un solo hecho deber\u00eda servirnos de orientaci\u00f3n: \u00bfpor qu\u00e9 la gran prensa se alarma ante la posibilidad de una amplia abstenci\u00f3n?\u00bfPor qu\u00e9 todas las fuerzas olig\u00e1rquicas movilizan sus mejores efectivos y medios para impedir que el pueblo les vuelva la espalda gritando sin descanso: \u00a1Votad, votad por el que sea, pero votad! \u00a1Si no vot\u00e1is, la Democracia (su \u201cdemocracia\u201d se entiende) se hunde! \u00bfNo es una rara coincidencia \u00e9sta, de que luchen por los mismos objetivos los sectores m\u00e1s antipopulares y antinacionales y algunos que se definen como \u201crevolucionarios\u201d?<\/p>\n\n\n\n<figure class=\"wp-block-image aligncenter size-full is-resized\"><img loading=\"lazy\" decoding=\"async\" width=\"558\" height=\"641\" src=\"https:\/\/nuevademocracia.com.co\/wp-content\/uploads\/2025\/06\/image-5.png\" alt=\"\" class=\"wp-image-27762\" style=\"width:419px;height:auto\" srcset=\"https:\/\/nuevademocracia.com.co\/wp-content\/uploads\/2025\/06\/image-5.png 558w, https:\/\/nuevademocracia.com.co\/wp-content\/uploads\/2025\/06\/image-5-261x300.png 261w\" sizes=\"auto, (max-width: 558px) 100vw, 558px\" \/><\/figure>\n\n\n\n<p><\/p>\n\n\n\n<p class=\"has-vivid-red-color has-text-color has-link-color has-medium-font-size wp-elements-1acd654cc1aa8ae840dd0e15cc15df66\"><strong>Las elecciones agudizan el sectarismo partidista<\/strong><\/p>\n\n\n\n<p class=\"has-black-color has-text-color has-link-color wp-elements-92dd428c55303ef1f9729b597b6cc9e6\">Bien sabido es que nuestras grandes transformaciones revolucionarias ser\u00e1n impulsadas por una vanguardia combatiente que logre anclaje en el alma popular. Pero esas transformaciones ser\u00e1n m\u00e1s dif\u00edciles y lejanas si la motivaci\u00f3n pol\u00edtica del pueblo sigue obedeciendo a la lucha partidista tradicional. Mientras impere la divisi\u00f3n artificial del pueblo en dos partidos las perspectivas revolucionarias encontrar\u00e1n mayores obst\u00e1culos. Romper el bipartidismo tradicional, unir al pueblo en torno a sus intereses y necesidades econ\u00f3micas, sociales, culturales y pol\u00edticas es tarea inaplazable y altamente revolucionaria. Desde ese s\u00f3lo \u00e1ngulo las elecciones juegan un papel altamente negativo al mantener amarrado al pueblo en sus ancestrales y bien cultivadas divisiones partidistas.<\/p>\n\n\n\n<p class=\"has-vivid-red-color has-text-color has-link-color has-medium-font-size wp-elements-e58bd8bb532f8ab49179f60a49f9b9ee\"><strong>En las actuales condiciones las elecciones son una farsa a\u00fan mayor<\/strong><\/p>\n\n\n\n<p class=\"has-black-color has-text-color has-link-color wp-elements-b567d7de0b2b6ba94117350cf7d3bc4b\">Si todo lo anterior es correcto para las \u00e9pocas pasadas, en los momentos actuales tiene mayor validez, cuando han sido excluidos del r\u00e9gimen electoral amplios sectores nacionales y solo es posible agitar y levantar las banderas liberales y conservadoras, lo que aumenta confusi\u00f3n y divisi\u00f3n populares. Hoy, con alternaci\u00f3n y paridad, las elecciones s\u00f3lo sirven para dirimir pugilatos internos entre los partidos tradicionales. Aun el simple principio del \u201cderecho a las mayor\u00edas\u201d ha sido cercenado por esta nov\u00edsima \u201cdemocracia\u201d colombiana que destruye por necesidad lo que dice amar m\u00e1s.<\/p>\n\n\n\n<p class=\"has-vivid-red-color has-text-color has-link-color has-medium-font-size wp-elements-7a6e04f389ca853f11106e0be88b2dfa\"><strong>Ni las elecciones ni el parlamento pueden utilizarse revolucionariamente<\/strong><\/p>\n\n\n\n<p class=\"has-black-color has-text-color has-link-color wp-elements-565a39930c8b2be92bb6ea77c782deb0\">Se arguye que las v\u00edsperas electorales permiten desarrollar una labor de agitaci\u00f3n sobre los grandes problemas nacionales . Pero, preguntamos , \u00bftal labor debe hacerse en favor de las elecciones? \u00bfNo deber\u00eda utilizarse m\u00e1s bien el per\u00edodo preelectoral para desenmascarar \u2013a m\u00e1s de otras m\u00faltiples angustias nacionales\u2014la farsa de las elecciones, de la paridad, de la alternaci\u00f3n, de las dos terceras partes? \u00bfNo es esto m\u00e1s constructivo y revolucionario?<\/p>\n\n\n\n<p class=\"has-black-color has-text-color has-link-color wp-elements-8244f4aa1195c6771a27424cdab98c4f\">Tambi\u00e9n se dice que el parlamento puede utilizarse revolucionariamente. Pero \u00bfqu\u00e9 utilizaci\u00f3n revolucionaria puede hacerse de un parlamento maniatado, simple ap\u00e9ndice del Poder Ejecutivo? Se dice que el parlamento podr\u00e1 convertirse en excepcional tribuna de agitaci\u00f3n desde la cual denunciar el contenido reaccionario y olig\u00e1rquico del Frente Nacional. Esto significa olvidar deliberadamente que las sesiones parlamentarias transcurren a espaldas del pa\u00eds, que s\u00f3lo grupos muy reducidos de personas tienen acceso a sus deliberaciones y que las intervenciones y proyectos que en ellas se hagan o presenten s\u00f3lo son publicadas acomodaticiamente por la gran prensa. A\u00f1adamos a esto el ausentismo cr\u00f3nico de los parlamentarios, bien remunerados, por cierto, de tal suerte que los voceros de \u201cizquierda\u201d no tendr\u00e1n siquiera la satisfacci\u00f3n de hablar ante sus propios colegas y que la publicidad para sus pronunciamientos y labores sea pr\u00e1cticamente nula.<\/p>\n\n\n\n<p class=\"has-black-color has-text-color has-link-color wp-elements-1c734906bfd4f19d8004c87042bb2701\">Si se trata de desenmascarar al Frente Nacional \u00bfqu\u00e9 mejores tribunas que las plazas p\u00fablicas de ciudades, pueblos y veredas de nuestro pa\u00eds? All\u00ed precisamente, ante las masas irredentas que esperan desesperanzadamente voces de aliento y de lucha es que debe hacerse tal agitaci\u00f3n, es donde deben hacerse pautas de transformaci\u00f3n revolucionaria.<\/p>\n\n\n\n<p class=\"has-black-color has-text-color has-link-color wp-elements-31b70e7a43e4b8e960be8b086eeb7dc5\">Adem\u00e1s, no pueden olvidarse las trapisondas, las eternas triqui\u00f1uelas para impedir la aprobaci\u00f3n de cualquier modesto proyecto de ley de alg\u00fan contenido popular. \u00bfPodemos olvidar que un parlamento de absoluta mayor\u00eda \u201cGaitanista\u201d derrot\u00f3 y sepult\u00f3 el proyecto presentado por el propio Gait\u00e1n mediante el cual aspiraba obtener una reforma bancaria favorable al pa\u00eds? Y qu\u00e9 decir, en cambio, de los muchos y monstruosos proyectos antinacionales y antipopulares que han sido aprobados y hoy son leyes de la Rep\u00fablica. El parlamento, en \u00faltima instancia, s\u00f3lo sirve a la oligarqu\u00eda que lo controla y utiliza para su propio beneficio y para sostener la m\u00e1scara de la \u201cdemocracia\u201d y la \u201cvoluntad popular\u201d.<\/p>\n\n\n\n<p class=\"has-vivid-red-color has-text-color has-link-color has-medium-font-size wp-elements-7923ed40932368adec4cd587a8157d44\"><strong>Las elecciones \u201creencauchan\u201d el Frente Nacional<\/strong><\/p>\n\n\n\n<p class=\"has-black-color has-text-color has-link-color wp-elements-a05798f8e3c45c20ba9d26d054417be4\">Es bien sabido el desprestigio que rodea al Frente Nacional y sus modalidades de alternaci\u00f3n presidencial y paridad electoral. Esto que se anunci\u00f3 como el gran descubrimiento exportable de una Colombia remozada y alegre que se ergu\u00eda triunfante sobre las cenizas de sus muertos y sus tr\u00e1gicos a\u00f1os de dictadura no fue en el fondo, como los a\u00f1os lo han demostrado y como oportunamente fue denunciado por los sectores revolucionarios m\u00e1s consecuentes, que una m\u00e1s de las h\u00e1biles maniobras de la despreciable burgues\u00eda terrateniente-industrial que gobierna a Colombia. Esta farsa de la \u201cnueva democracia made in Colombia\u201d est\u00e1 al descubierto ante el pa\u00eds y ante amplios sectores de la opini\u00f3n p\u00fablica mundial. Nuestras curiosas y especiales modalidades \u201cdemocr\u00e1ticas\u201d despiertan siempre en quienes las conocen desconcertantes gestos de incredulidad e hilaridad. Porque no se encuentra calificativo para tal burla y menos a\u00fan, justificaci\u00f3n para que sectores \u201crevolucionarios\u201d la hubieran propiciado con su voto. Y bien. Unas nuevas elecciones en las que participen sectores \u201crevolucionarios\u201d implican para \u00e9stos una refrendaci\u00f3n del sistema, una aceptaci\u00f3n de sus finalidades y un sometimiento a sus resultados. S\u00f3lo el Frente Nacional saldr\u00e1 vigorizado en una jornada de tales caracter\u00edsticas.<\/p>\n\n\n\n<p class=\"has-vivid-red-color has-text-color has-link-color has-medium-font-size wp-elements-23629599de37f622fe85577bba2d9f74\"><strong>La abstenci\u00f3n como l\u00ednea revolucionaria<\/strong><\/p>\n\n\n\n<p class=\"has-black-color has-text-color has-link-color wp-elements-7e1444700e982232a3fa38f30c22e42b\">Lo que se ha dado en llamar \u201cfatiga electoral\u201d no es m\u00e1s que un nuevo s\u00edntoma de la inconformidad popular, no es otra cosa que un rechazo a las maniobras de la oligarqu\u00eda. Acercarse a esas masas: transformar en consciente su rechazo electoral: llamarlas a buscar nuevos m\u00e9todos y caminos de lucha: incorporarlas, en una palabra, por nuevas v\u00edas a la lucha pol\u00edtica son, entre otras, las razones de la abstenci\u00f3n beligerante. Se nos dir\u00e1: y \u00bfpor qu\u00e9 no incorporarlas a la lucha pol\u00edtica haci\u00e9ndoles ejercer sus derechos de ciudadanos, de electores? No creamos que la puerta de entrada -o de reingreso- a las luchas pol\u00edticas sea constructiva llevando al pueblo a depositar sus votos por las facciones tradicionales en pugna. Ese ser\u00eda, precisamente, un camino negativo. El mismo de la gran prensa, de los gamonales de pueblo o a los manzanillos de barrio. Convencer a las masas de que lo correcto es votar, contra toda raz\u00f3n, contra toda l\u00f3gica revolucionaria, teniendo que vencer su infinita repugnancia, ser\u00eda un craso error y una grave inconsecuencia.<\/p>\n\n\n\n<p class=\"has-vivid-red-color has-text-color has-link-color has-medium-font-size wp-elements-0c2c61a30a462fdd834096919940b8f1\"><strong>La necesidad de utilizar todos los caminos<\/strong><\/p>\n\n\n\n<p class=\"has-black-color has-text-color has-link-color wp-elements-74dcecf45e90da41f8de4f67c31eeb3d\">Tambi\u00e9n se argumenta que mientras se dan mejores condiciones para buscar cambios revolucionarios de fondo es indispensable utilizar las m\u00e1s variadas formas de lucha. Esto es correcto. Pero, \u00bfpor qu\u00e9 aceptar s\u00f3lo las \u201cvariadas\u201d formas que la oligarqu\u00eda propone? \u00bfPor qu\u00e9 entrar en su juego? \u00bfPor qu\u00e9 situarse en el terreno que s\u00f3lo a ella favorece?<\/p>\n\n\n\n<p class=\"has-black-color has-text-color has-link-color wp-elements-14e3462976dd930443e0aab29575f62b\">Nosotros sostenemos la tesis de la abstenci\u00f3n beligerante. Pues bien: \u00bfNo es acaso \u00e9sta si una nueva y variada forma de lucha?<\/p>\n\n\n\n<p class=\"has-vivid-red-color has-text-color has-link-color has-medium-font-size wp-elements-36be973c526e6105b6d5c9abfa946d1c\"><strong>La abstenci\u00f3n no es insurrecci\u00f3n armada<\/strong><\/p>\n\n\n\n<p class=\"has-black-color has-text-color has-link-color wp-elements-307a888744c92823702f3997334857eb\">Se habla de que la abstenci\u00f3n es negativa si no se tiene las fuerzas suficientes para impedir la realizaci\u00f3n de las elecciones o para disolver el parlamento burgu\u00e9s. Como si lo que se planteara fuera insurrecci\u00f3n inmediata y no la abstenci\u00f3n beligerante, la abstenci\u00f3n consciente, hechos bien distintos, por cierto. Se argumenta en contra de la abstenci\u00f3n que \u00e9sta es negativa porque no existen las condiciones inmediatas para transformar la potencia abstencionista en insurrecci\u00f3n armada. A juicio de quienes as\u00ed razonan parece que no deben plantearse a las masas objetivos que no se puedan cumplir en forma inmediata. Curiosa teor\u00eda. De sujetarnos a ella tendr\u00edamos que arrear las banderas de la revoluci\u00f3n pues es bien claro que actualmente apenas se est\u00e1n formando las fuerzas revolucionarias disciplinadas y unidas que realicen grandes transformaciones que el pa\u00eds necesita. No obstante, es un deber imperioso hablarles a las masas de esos objetivos y prepararlas para que se incorporen a esa lucha. La abstenci\u00f3n cumple esa finalidad: mientras pronto el pueblo adquiera conciencia de todas las farsas y triqui\u00f1uelas de que se valen para enga\u00f1arlo, mientras m\u00e1s pronto se desplome el andamiaje en que se cimenta el r\u00e9gimen olig\u00e1rquico, m\u00e1s pronto vendr\u00e1n las transformaciones buscadas.<\/p>\n\n\n\n<p class=\"has-black-color has-text-color has-link-color wp-elements-4cd2f9a7a1fa9678da488fbd0e4826c1\">Las elecciones han dado ya un gran fruto: la decepci\u00f3n, el desenga\u00f1o. Y su l\u00f3gica consecuencia: la b\u00fasqueda, el ansia de nuevos horizontes. Los votos que se coloquen en las pr\u00f3ximas elecciones no representar\u00e1n las mayor\u00edas nacionales.&nbsp; Esos votos estar\u00e1n viciados de nulidad, en su inmensa mayor\u00eda, por las presiones, la violencia, el enga\u00f1o, el soborno y la ignorancia.<\/p>\n\n\n\n<p class=\"has-black-color has-text-color has-link-color wp-elements-d63b2814c485ba9e581b0bbce7e0f362\">\u00a1Abramos nuevos caminos a las luchas populares! \u00a1Rescatemos a nuestro pueblo de las garras de los electoreros!<\/p>\n\n\n\n<figure class=\"wp-block-image aligncenter size-full is-resized\"><img loading=\"lazy\" decoding=\"async\" width=\"489\" height=\"547\" src=\"https:\/\/nuevademocracia.com.co\/wp-content\/uploads\/2025\/06\/image-6.png\" alt=\"\" class=\"wp-image-27764\" style=\"width:405px;height:auto\" srcset=\"https:\/\/nuevademocracia.com.co\/wp-content\/uploads\/2025\/06\/image-6.png 489w, https:\/\/nuevademocracia.com.co\/wp-content\/uploads\/2025\/06\/image-6-268x300.png 268w\" sizes=\"auto, (max-width: 489px) 100vw, 489px\" \/><\/figure>\n","protected":false},"excerpt":{"rendered":"<p>Las elecciones han dado un gran fruto: la decepci\u00f3n, el desenga\u00f1o. El argumento de la \u201cdemocracia\u201d basada en elecciones ha venido  tapando los ojos y la mente a nuestro pueblo.<\/p>\n","protected":false},"author":1,"featured_media":27761,"comment_status":"open","ping_status":"open","sticky":false,"template":"","format":"standard","meta":{"footnotes":""},"categories":[16,4],"tags":[],"class_list":["post-27759","post","type-post","status-publish","format-standard","has-post-thumbnail","hentry","category-carrusel","category-colombia"],"blocksy_meta":[],"_links":{"self":[{"href":"https:\/\/nuevademocracia.com.co\/index.php?rest_route=\/wp\/v2\/posts\/27759","targetHints":{"allow":["GET"]}}],"collection":[{"href":"https:\/\/nuevademocracia.com.co\/index.php?rest_route=\/wp\/v2\/posts"}],"about":[{"href":"https:\/\/nuevademocracia.com.co\/index.php?rest_route=\/wp\/v2\/types\/post"}],"author":[{"embeddable":true,"href":"https:\/\/nuevademocracia.com.co\/index.php?rest_route=\/wp\/v2\/users\/1"}],"replies":[{"embeddable":true,"href":"https:\/\/nuevademocracia.com.co\/index.php?rest_route=%2Fwp%2Fv2%2Fcomments&post=27759"}],"version-history":[{"count":8,"href":"https:\/\/nuevademocracia.com.co\/index.php?rest_route=\/wp\/v2\/posts\/27759\/revisions"}],"predecessor-version":[{"id":27773,"href":"https:\/\/nuevademocracia.com.co\/index.php?rest_route=\/wp\/v2\/posts\/27759\/revisions\/27773"}],"wp:featuredmedia":[{"embeddable":true,"href":"https:\/\/nuevademocracia.com.co\/index.php?rest_route=\/wp\/v2\/media\/27761"}],"wp:attachment":[{"href":"https:\/\/nuevademocracia.com.co\/index.php?rest_route=%2Fwp%2Fv2%2Fmedia&parent=27759"}],"wp:term":[{"taxonomy":"category","embeddable":true,"href":"https:\/\/nuevademocracia.com.co\/index.php?rest_route=%2Fwp%2Fv2%2Fcategories&post=27759"},{"taxonomy":"post_tag","embeddable":true,"href":"https:\/\/nuevademocracia.com.co\/index.php?rest_route=%2Fwp%2Fv2%2Ftags&post=27759"}],"curies":[{"name":"wp","href":"https:\/\/api.w.org\/{rel}","templated":true}]}}