{"id":27775,"date":"2025-06-13T19:46:51","date_gmt":"2025-06-14T00:46:51","guid":{"rendered":"https:\/\/nuevademocracia.com.co\/?p=27775"},"modified":"2025-06-16T09:07:52","modified_gmt":"2025-06-16T14:07:52","slug":"en-estados-unidos-el-pueblo-se-levanta-contra-la-politica-migratoria-de-donald-trump","status":"publish","type":"post","link":"https:\/\/nuevademocracia.com.co\/?p=27775","title":{"rendered":"En Estados Unidos, el pueblo se levanta contra la pol\u00edtica migratoria de Donald Trump"},"content":{"rendered":"\n<figure class=\"wp-block-image size-large\"><img loading=\"lazy\" decoding=\"async\" width=\"1024\" height=\"683\" src=\"https:\/\/nuevademocracia.com.co\/wp-content\/uploads\/2025\/06\/protestas-EE.UU_.-migrantes-001-1024x683.jpg\" alt=\"\" class=\"wp-image-27776\" srcset=\"https:\/\/nuevademocracia.com.co\/wp-content\/uploads\/2025\/06\/protestas-EE.UU_.-migrantes-001-1024x683.jpg 1024w, https:\/\/nuevademocracia.com.co\/wp-content\/uploads\/2025\/06\/protestas-EE.UU_.-migrantes-001-300x200.jpg 300w, https:\/\/nuevademocracia.com.co\/wp-content\/uploads\/2025\/06\/protestas-EE.UU_.-migrantes-001-768x512.jpg 768w, https:\/\/nuevademocracia.com.co\/wp-content\/uploads\/2025\/06\/protestas-EE.UU_.-migrantes-001-1536x1024.jpg 1536w, https:\/\/nuevademocracia.com.co\/wp-content\/uploads\/2025\/06\/protestas-EE.UU_.-migrantes-001.jpg 1918w\" sizes=\"auto, (max-width: 1024px) 100vw, 1024px\" \/><figcaption class=\"wp-element-caption\">Foto: David Swanson\/Reuters. Un hombre ondea una bandera mexicana durante las protestas en el centro de Los \u00c1ngeles el domingo 8 de junio. <\/figcaption><\/figure>\n\n\n\n<p class=\"has-black-color has-text-color has-link-color wp-elements-86a7e3611754e4b4704ff2658a034793\">Desde el viernes 6 de junio de 2025, est\u00e1 en desarrollo un movimiento de protesta en el condado de Los \u00c1ngeles, California, en Estados Unidos, contra la pol\u00edtica migratoria del actual presidente Donald Trump. El lugar de comienzo de la coyuntura se puede localizar en Paramount, suburbio ubicado al sur del condado y que cuenta con m\u00e1s de 82% de poblaci\u00f3n de origen latino.<\/p>\n\n\n\n<p class=\"has-black-color has-text-color has-link-color wp-elements-10700cd5fa400dd8c4f443d989391b41\">El grueso de las protestas es protagonizado por poblaci\u00f3n estadounidense solidaria con los inmigrantes extranjeros, especialmente los indocumentados, que est\u00e1n bajo ataque constante de la actual administraci\u00f3n. En poblaciones como Paramount y muchos otros lugares del pa\u00eds, los migrantes, independientemente de su status legal, se han integrado en comunidades de trabajadores ligadas a partir del lugar de labor, vivienda, nacionalidad e incluso han tejido redes con trabajadores blancos y negros nacidos en el pa\u00eds. Las acciones de ICE generan un impacto profundo en esas comunidades, donde una deportaci\u00f3n puede significar un rompimiento familiar o de cualquier otra relaci\u00f3n interpersonal importante.<\/p>\n\n\n\n<p class=\"has-black-color has-text-color has-link-color wp-elements-befa6c9d608778dde84537a79b435e2c\">La ola de manifestaciones se ha extendido a lo largo de todo el condado de Los \u00c1ngeles hacia la ciudad de Los \u00c1ngeles, Culver City y Boyle Heights. Y, por todo el pa\u00eds, en varias de las ciudades m\u00e1s importantes como San Antonio, Austin, Dallas, New York, San Francisco, Atlanta, Chicago, Philadelphia y <a href=\"https:\/\/www.latimes.com\/california\/live\/los-angeles-protests-immigration-raid-live-updates\">Washington DC<\/a> .<\/p>\n\n\n\n<figure class=\"wp-block-image size-full\"><img loading=\"lazy\" decoding=\"async\" width=\"795\" height=\"447\" src=\"https:\/\/nuevademocracia.com.co\/wp-content\/uploads\/2025\/06\/protestas-EE.UU_.-migrantes-003.jpg\" alt=\"\" class=\"wp-image-27778\" srcset=\"https:\/\/nuevademocracia.com.co\/wp-content\/uploads\/2025\/06\/protestas-EE.UU_.-migrantes-003.jpg 795w, https:\/\/nuevademocracia.com.co\/wp-content\/uploads\/2025\/06\/protestas-EE.UU_.-migrantes-003-300x169.jpg 300w, https:\/\/nuevademocracia.com.co\/wp-content\/uploads\/2025\/06\/protestas-EE.UU_.-migrantes-003-768x432.jpg 768w\" sizes=\"auto, (max-width: 795px) 100vw, 795px\" \/><figcaption class=\"wp-element-caption\">Foto: Benjamin Hanson\/Getty Images. Veh\u00edculo Waymo en llamas durante una protesta contra el Servicio de Inmigraci\u00f3n y Control de Aduanas (ICE) en el centro de Los \u00c1ngeles, California, el 8 de junio de 2025.<\/figcaption><\/figure>\n\n\n\n<p class=\"has-black-color has-text-color has-link-color wp-elements-21cf30e80f6a76f68b02480ca2e82366\">Expresando su rechazo rotundo a la pol\u00edtica chovinista y racista de Trump, el pueblo sale a las calles a dignificar la imagen del migrante, y a combatir a los elementos de la reacci\u00f3n que se han articulado en una pol\u00edtica de acoso y matoneo contra los trabajadores extranjeros del tercer mundo que viven en Estados Unidos.<\/p>\n\n\n\n<p class=\"has-black-color has-text-color has-link-color wp-elements-e7e4782eeb37c6dc65a81d191df6f38d\">Los protestantes se han defendido de la represi\u00f3n con fuegos pirot\u00e9cnicos y quemando carros de polic\u00eda. Elevando las banderas de los pa\u00edses de sus familiares migrantes, reivindican a naciones que hist\u00f3ricamente han sido oprimidas por el sistema imperialista comandado por Estados Unidos.<\/p>\n\n\n\n<p class=\"has-black-color has-text-color has-link-color wp-elements-108979b4c75efa8218eb6167f770e8b7\">En respuesta a la ira popular que encontr\u00f3 y a su aislamiento por parte de amplios sectores de la sociedad, Donald Trump ha apostado por doblegar la represi\u00f3n. As\u00ed, 700 marines fueron desplegados, as\u00ed como 4.000 miembros de la Guardia Nacional. Amenaza, aun mas, con incrementar el pie de fuerza como si esto pudiera ser efectivo para desincentivar el odio popular.<\/p>\n\n\n\n<figure class=\"wp-block-image size-large\"><img loading=\"lazy\" decoding=\"async\" width=\"1024\" height=\"684\" src=\"https:\/\/nuevademocracia.com.co\/wp-content\/uploads\/2025\/06\/protestas-EE.UU_.-migrantes-002-1024x684.jpg\" alt=\"\" class=\"wp-image-27777\" srcset=\"https:\/\/nuevademocracia.com.co\/wp-content\/uploads\/2025\/06\/protestas-EE.UU_.-migrantes-002-1024x684.jpg 1024w, https:\/\/nuevademocracia.com.co\/wp-content\/uploads\/2025\/06\/protestas-EE.UU_.-migrantes-002-300x200.jpg 300w, https:\/\/nuevademocracia.com.co\/wp-content\/uploads\/2025\/06\/protestas-EE.UU_.-migrantes-002-768x513.jpg 768w, https:\/\/nuevademocracia.com.co\/wp-content\/uploads\/2025\/06\/protestas-EE.UU_.-migrantes-002-1536x1025.jpg 1536w, https:\/\/nuevademocracia.com.co\/wp-content\/uploads\/2025\/06\/protestas-EE.UU_.-migrantes-002.jpg 1919w\" sizes=\"auto, (max-width: 1024px) 100vw, 1024px\" \/><figcaption class=\"wp-element-caption\">Foto: Daniel Cole\/Reuters. Un manifestante se\u00f1ala con el dedo a miembros de la Guardia Nacional de California. <\/figcaption><\/figure>\n\n\n\n<p class=\"has-black-color has-text-color has-link-color wp-elements-2658bce0c961404060ed9a99bf67f9ca\">En aras de lograr su objetivo de llevar a cabo la deportaci\u00f3n m\u00e1s grande de la historia, muchos trucos tramposos son usados por las fuerzas de la reacci\u00f3n bajo comando de Donald Trump. Parte de estas estrategias ha sido, en conjunto con los jueces del USCIS y la Corte de Inmigraci\u00f3n, desestimar los casos de asilo de los solicitantes para autom\u00e1ticamente dejarlos en manos del ICE. Esto se est\u00e1 haciendo sin una audiencia, parte el proceso que es la oportunidad que tiene el inmigrante de defender sus razones de haber cruzado la frontera irregularmente.<\/p>\n\n\n\n<p class=\"has-black-color has-text-color has-link-color wp-elements-eadf4b4ace6712ddba77c5f110700e9a\">Adem\u00e1s, se est\u00e1n haciendo redadas sin contar con ordenes firmadas por un juez para detener a individuos determinados, lo cual viola el debido proceso. Justamente, sectores de la burgues\u00eda monopolista m\u00e1s ligados al partido dem\u00f3crata, como el actual gobernador de California, Gavin Newsom, han usado este elemento de ilegalidad de las acciones de Trump, tanto en la forma de llevar a cabo las deportaciones como en la de reprimir el movimiento de protesta, constantemente en comunicaciones p\u00fablicas contra Trump, dejando clara la divisi\u00f3n que hay en las clases dominantes alrededor de la cuesti\u00f3n migratoria. Sin embargo, aunque Newsom se muestre contrario a las pol\u00edticas de Trump en cuesti\u00f3n migratoria, son los polic\u00edas bajo su mando quienes est\u00e1n reprimiendo fuertemente las protestas. Realmente Newsom habla en favor de los migrantes para impulsar su campa\u00f1a presidencial. <\/p>\n\n\n\n<p class=\"has-black-color has-text-color has-link-color wp-elements-063f31d40a51ccf58b718957e5763359\">Se configura con esto, una cl\u00e1sica coyuntura pol\u00edtica en la cual las fuerzas de la ultraderecha est\u00e1n dispuestas, pese al sonrojo de los \u201cliberales\u201d, a realizar sus intereses en funci\u00f3n de perpetuar el orden social de explotaci\u00f3n y opresi\u00f3n.<\/p>\n\n\n\n<p class=\"has-black-color has-text-color has-link-color wp-elements-04abd320e59a815e056b2561bf6e3cd2\">La respuesta popular a la acci\u00f3n racista y anti popular del ICE demuestra que el avance de fuerzas ultrarreaccionarias, tiene necesariamente como correlato necesario un avance potencial o real de las fuerzas populares, quienes albergan en s\u00ed la capacidad de transformar la realidad. As\u00ed se entiende la emergencia de las protestas y el impacto pol\u00edtico que han tenido, llegando al punto de que Trump las calificase como \u201cuna forma de rebeli\u00f3n contra la autoridad del gobierno de los Estados Unidos\u201d, desconociendo su capacidad para responder a las demandas bajo otra pol\u00edtica que la represiva.<\/p>\n","protected":false},"excerpt":{"rendered":"<p>Desde el viernes 6 de junio de 2025, est\u00e1 en desarrollo un movimiento de protesta en Estados Unidos, contra la pol\u00edtica migratoria de Donald Trump. <\/p>\n","protected":false},"author":1,"featured_media":27776,"comment_status":"open","ping_status":"open","sticky":false,"template":"","format":"standard","meta":{"footnotes":""},"categories":[16,116,31],"tags":[44,149,32,197,39,18,41,196],"class_list":["post-27775","post","type-post","status-publish","format-standard","has-post-thumbnail","hentry","category-carrusel","category-imperialismo","category-internacional","tag-criminalizacion-a-la-protesta","tag-ee-uu","tag-imperialismo","tag-inmigrantes","tag-internacionalismo","tag-protestas","tag-represion-estatal","tag-trump"],"blocksy_meta":[],"_links":{"self":[{"href":"https:\/\/nuevademocracia.com.co\/index.php?rest_route=\/wp\/v2\/posts\/27775","targetHints":{"allow":["GET"]}}],"collection":[{"href":"https:\/\/nuevademocracia.com.co\/index.php?rest_route=\/wp\/v2\/posts"}],"about":[{"href":"https:\/\/nuevademocracia.com.co\/index.php?rest_route=\/wp\/v2\/types\/post"}],"author":[{"embeddable":true,"href":"https:\/\/nuevademocracia.com.co\/index.php?rest_route=\/wp\/v2\/users\/1"}],"replies":[{"embeddable":true,"href":"https:\/\/nuevademocracia.com.co\/index.php?rest_route=%2Fwp%2Fv2%2Fcomments&post=27775"}],"version-history":[{"count":2,"href":"https:\/\/nuevademocracia.com.co\/index.php?rest_route=\/wp\/v2\/posts\/27775\/revisions"}],"predecessor-version":[{"id":27782,"href":"https:\/\/nuevademocracia.com.co\/index.php?rest_route=\/wp\/v2\/posts\/27775\/revisions\/27782"}],"wp:featuredmedia":[{"embeddable":true,"href":"https:\/\/nuevademocracia.com.co\/index.php?rest_route=\/wp\/v2\/media\/27776"}],"wp:attachment":[{"href":"https:\/\/nuevademocracia.com.co\/index.php?rest_route=%2Fwp%2Fv2%2Fmedia&parent=27775"}],"wp:term":[{"taxonomy":"category","embeddable":true,"href":"https:\/\/nuevademocracia.com.co\/index.php?rest_route=%2Fwp%2Fv2%2Fcategories&post=27775"},{"taxonomy":"post_tag","embeddable":true,"href":"https:\/\/nuevademocracia.com.co\/index.php?rest_route=%2Fwp%2Fv2%2Ftags&post=27775"}],"curies":[{"name":"wp","href":"https:\/\/api.w.org\/{rel}","templated":true}]}}