{"id":27783,"date":"2025-06-16T09:26:40","date_gmt":"2025-06-16T14:26:40","guid":{"rendered":"https:\/\/nuevademocracia.com.co\/?p=27783"},"modified":"2025-06-16T09:26:41","modified_gmt":"2025-06-16T14:26:41","slug":"la-lucha-campesina-por-el-predio-la-sonora","status":"publish","type":"post","link":"https:\/\/nuevademocracia.com.co\/?p=27783","title":{"rendered":"La lucha campesina por el predio La Sonora"},"content":{"rendered":"\n<figure class=\"wp-block-image size-full\"><img loading=\"lazy\" decoding=\"async\" width=\"960\" height=\"720\" src=\"https:\/\/nuevademocracia.com.co\/wp-content\/uploads\/2025\/06\/Campesinos-La-Sonora.jpg\" alt=\"\" class=\"wp-image-27785\" srcset=\"https:\/\/nuevademocracia.com.co\/wp-content\/uploads\/2025\/06\/Campesinos-La-Sonora.jpg 960w, https:\/\/nuevademocracia.com.co\/wp-content\/uploads\/2025\/06\/Campesinos-La-Sonora-300x225.jpg 300w, https:\/\/nuevademocracia.com.co\/wp-content\/uploads\/2025\/06\/Campesinos-La-Sonora-768x576.jpg 768w\" sizes=\"auto, (max-width: 960px) 100vw, 960px\" \/><figcaption class=\"wp-element-caption\">Campesinos realizan movilizaci\u00f3n para defender la recuperaci\u00f3n del predio La Sonora.<\/figcaption><\/figure>\n\n\n\n<p class=\"has-black-color has-text-color has-link-color wp-elements-a8083a9ad159cd6be61917d642fb8b40\">El predio la Sonora, de m\u00e1s de 1.000 hect\u00e1reas de extensi\u00f3n, ubicado en cercan\u00edas de Pailitas, municipio del Cesar, se encuentra en proceso de recuperaci\u00f3n por un grupo de m\u00e1s de 100 familias campesinas, que por tercera vez enfrentan esta batalla por conquistar un pedazo de tierra, esta vez agrupados en la Comisi\u00f3n por la Vida Digna, la Tierra y los Territorios, organizaci\u00f3n que hace parte del Coordinador Nacional Agrario (CNA).<\/p>\n\n\n\n<p class=\"has-black-color has-text-color has-link-color wp-elements-370b06324420b8bec3a62c7e353097ea\">Esta hacienda que hoy se encuentra en recuperaci\u00f3n tiene un pasado ligado de manera macabra al paramilitarismo. Los recuperadores comentan que varias de sus jag\u00fceyes (depresiones naturales o artificiales que almacenan agua, com\u00fanmente utilizadas como fuentes de agua potable y para la agricultura) fueron convertidos en un cementerio a manos del paramilitarismo.<\/p>\n\n\n\n<p class=\"has-black-color has-text-color has-link-color wp-elements-2ec583aa20308a58c48560ccbaec88c2\">La Sonora fue uno de los centros de entrenamiento de tropas paramilitares utilizado por el \u201cCabo Machado\u201d. El medio informativo, <em>Verdad Abierta,<\/em> habla as\u00ed de este sujeto: \u201cEl alias de \u2018Cabo Machado\u2019 no es fortuito. Aramis Machado Ortiz alcanz\u00f3 en el Ej\u00e9rcito el grado de cabo primero y por eso cuando se uni\u00f3 a los paramilitares de Salvatore Mancuso en Norte de Santander asumi\u00f3 en la ilegalidad el nombre de rango militar que hasta entonces ostentaba. En el Bloque Catatumbo, entren\u00f3 a los paramilitares de Santander y sur del Cesar y luego se convirti\u00f3 en el c\u00f3mplice de Jorge Iv\u00e1n Laverde alias \u2018El Iguano\u2019, el paramilitar que confes\u00f3 haber desaparecido a decenas de personas en crematorios clandestinos del Catatumbo\u201d.<\/p>\n\n\n\n<p class=\"has-vivid-red-color has-text-color has-link-color wp-elements-833ba7d873eb77e8fd07470362f556cb\"><strong>La quebrada La Floresta<\/strong><\/p>\n\n\n\n<p class=\"has-black-color has-text-color has-link-color wp-elements-e5a7bdeb339eafc2ebaf3509ac7aefb6\">Esa es la historia de la Sonora, su pasado antes de convertirse en foco del actual proceso de recuperaci\u00f3n de tierras no era mucho mejor. Una de las principales cuestiones que llenaban de preocupaci\u00f3n a los recuperadores de la Sonora es el estado en que se encontraba la quebrada La Floresta, cuerpo de agua de vital importancia ecol\u00f3gica y econ\u00f3mica para la regi\u00f3n y que pasa por la hacienda.<\/p>\n\n\n\n<p class=\"has-black-color has-text-color has-link-color wp-elements-18a223a4f1e372a434260806589b4310\">Del cuidado de esta quebrada depende el abastecimiento del acueducto del corregimiento El Burro, dependen el cuidado de otros cuerpos de agua aleda\u00f1os y la flora y fauna de estos. De esta quebrada depende la pesca y la agricultura de varias zonas en la regi\u00f3n.<\/p>\n\n\n\n<p class=\"has-black-color has-text-color has-link-color wp-elements-286e38afba522076c78689687d0901f2\">La preocupaci\u00f3n radica en que la quebrada ha sido objeto de extracci\u00f3n de material de arrastre lo cual la ha perjudicado en m\u00faltiples formas. A su vez perjudica al campesinado de la zona y a la poblaci\u00f3n en general. La inquietud no es solo de parte de los recuperadores, sino de la poblaci\u00f3n en general: \u201cNos estamos perjudicando en las siete comunidades que est\u00e1n en la parte baja de la quebrada La Floresta \u2026 La explotaci\u00f3n est\u00e1 a m\u00e1s de 200 metros de profundidad, lo cual afecta el espejo de agua y contamina la cuenca h\u00eddrica\u201d (Marta Manzano, tomado del medio virtual <em>Tuperfilnet<\/em>).<\/p>\n\n\n\n<figure class=\"wp-block-image size-full\"><img loading=\"lazy\" decoding=\"async\" width=\"850\" height=\"491\" src=\"https:\/\/nuevademocracia.com.co\/wp-content\/uploads\/2025\/06\/Quebrada-La-Floresta.jpeg\" alt=\"\" class=\"wp-image-27786\" srcset=\"https:\/\/nuevademocracia.com.co\/wp-content\/uploads\/2025\/06\/Quebrada-La-Floresta.jpeg 850w, https:\/\/nuevademocracia.com.co\/wp-content\/uploads\/2025\/06\/Quebrada-La-Floresta-300x173.jpeg 300w, https:\/\/nuevademocracia.com.co\/wp-content\/uploads\/2025\/06\/Quebrada-La-Floresta-768x444.jpeg 768w\" sizes=\"auto, (max-width: 850px) 100vw, 850px\" \/><figcaption class=\"wp-element-caption\">Campesinos denuncian que la quebrada La Floresta ha sido muy afectada por la extracci\u00f3n de material de arrastre. <\/figcaption><\/figure>\n\n\n\n<p class=\"has-black-color has-text-color has-link-color wp-elements-5617ca92d4b5f7de8474c7103d250d2f\">Lo anterior son declaraciones de una concejal de Tamalameque, corregimiento por el cual pasa la quebrada y coincide con la denuncia que hacen los propios recuperadores quienes afirman que: \u201clos volqueteros de ASOGRECONTAMA quieren seguir da\u00f1ando la quebrada\u201d.<\/p>\n\n\n\n<p class=\"has-vivid-red-color has-text-color has-link-color wp-elements-9128092017aaae9f40c72911d430940e\"><strong>Los campesinos recuperadores de la tierra<\/strong><\/p>\n\n\n\n<p class=\"has-black-color has-text-color has-link-color wp-elements-99a4d0ca2ad944b89da9e79f87600971\">Hemos hablado un poco sobre la historia del predio la Sonora, pero tambi\u00e9n vale la pena hablar sobre la historia de los que hoy est\u00e1n llevando a cabo el proceso de recuperaci\u00f3n. Estas familias, son de origen campesino, muchas de ellas golpeadas por la violencia contra el campesinado que se vivi\u00f3 en el pasado y que se vive en el presente. La mayor\u00eda son campesinos de la regi\u00f3n, pero tambi\u00e9n all\u00ed se encuentran campesinos desplazados del Catatumbo y zonas aleda\u00f1as.<\/p>\n\n\n\n<p class=\"has-black-color has-text-color has-link-color wp-elements-0f7e78ed89d4dfc2d37295f93948f811\">Los campesinos de la regi\u00f3n cuentan que muchos de los centros poblados aleda\u00f1os se fundaron con base en antiguas recuperaciones de tierra. Esto es muy significativo, pues expresa la historia del pa\u00eds. En Colombia, la base para la fundaci\u00f3n de pueblos, barrios y veredas ha sido el trabajo y\/o la lucha del campesinado por la tierra. En la recuperaci\u00f3n de la Sonora adem\u00e1s de encontrarse hijos de antiguos recuperadores de tierras, tambi\u00e9n se encuentran campesinos que participaron en otras expresiones de la lucha campesina, como lo fue por ejemplo el hist\u00f3rico paro c\u00edvico del nororiente colombiano de 1987.<\/p>\n\n\n\n<p class=\"has-black-color has-text-color has-link-color wp-elements-3e7fea528be6a76d84c865db079bd0dc\">En el predio hay un gran n\u00famero de mujeres, que a la par de los hombres participan en las tareas cotidianas de cocina, siembra y vigilancia. Las motivaciones que expresan estas mujeres para enfrentar la lucha por la tierra son claras: lo hacen por sus hijos y est\u00e1n dispuestas a defenderlos como fieras.<\/p>\n\n\n\n<p class=\"has-black-color has-text-color has-link-color wp-elements-3debddbc71e1539e07a380e01e5f7cb7\">Otro asunto que llama la atenci\u00f3n es la juventud convencida de querer conquistar un pedazo de tierra. Contrariando a las voces que dicen: \u201cla juventud ya no cree en el campo\u201d. Los j\u00f3venes est\u00e1n presentes poniendo su energ\u00eda y su marca en esta lucha, lo que demuestra que la juventud est\u00e1 dispuesta a luchar por la tierra cuando conf\u00eda en que puede conquistar la victoria.<\/p>\n\n\n\n<p class=\"has-black-color has-text-color has-link-color wp-elements-c339e0d293b9b59bc160ae61be3beb7a\">Los recuperadores de la Sonora dicen que su lucha es muy sencilla de entender: \u201cel predio&#8230; tiene bald\u00edos, lo que quiere decir que quien se dice due\u00f1o se apropi\u00f3 de las tierras que, por ley, deben destinarse para que el campesinado sin tierra pueda trabajar en dignidad\u201d. Pese a que es leg\u00edtimo el af\u00e1n de los recuperadores por obtener tierra para trabajar y que la apropiaci\u00f3n de la Sonora por parte de su actual due\u00f1o fue una apropiaci\u00f3n ilegal, las leyes y todo el aparataje estatal no est\u00e1n favoreciendo a las comunidades campesinas sino a esos propietarios ileg\u00edtimos de la tierra.<\/p>\n\n\n\n<p class=\"has-vivid-red-color has-text-color has-link-color wp-elements-82907e90cc65fc6d5c25fed8596cf279\"><strong>La situaci\u00f3n actual<\/strong><\/p>\n\n\n\n<p class=\"has-black-color has-text-color has-link-color wp-elements-cca05d86d368575cef5dcc4fd6817f49\">Los campesinos de la Sonora recibieron un aviso de desalojo, el cual fue suspendido de manera indefinida gracias a la lucha que vienen librando por legitimar sus acciones ante el pueblo cesarense y colombiano. Sin embargo, la amenaza de desalojo todav\u00eda est\u00e1 presente dado que el que se dice propietario del predio sigue reclamando derechos sobre \u00e9ste y el aparato estatal sigue protegiendo sus intereses.<\/p>\n\n\n\n<p class=\"has-black-color has-text-color has-link-color wp-elements-219d515fccddea905827ac0eb8dfb86f\">Los campesinos denuncian al inspector de Pailitas, Antonio Jos\u00e9 Caballero, y al personero municipal Jos\u00e9 Mario Meneses, como impulsores de las amenazas de desalojo. Denuncian a Miguel \u00c1ngel S\u00e1nchez, abogado apoderado del antiguo propietario, de difundir mentiras y asediar por medio de intimidaciones a la comunidad y denuncian a Juan Criado y Jes\u00fas Alberto Carrillo, representantes de los volqueteros que extraen material de arrastre de la quebrada, de intentar ingresar al predio con reconocidos paramilitares de la zona para seguir con la explotaci\u00f3n de la quebrada sin contar siquiera con las m\u00ednimas licencias ambientales.<\/p>\n\n\n\n<p class=\"has-black-color has-text-color has-link-color wp-elements-512e5be0b354a0d6143cd4cb5cb520a0\">Pese a las amenazas tanto legales como ilegales, a las dificultades propias de los procesos de recuperaci\u00f3n, la firmeza, la confianza y la moral de los recuperadores siguen en alto y afirman que:<\/p>\n\n\n\n<p class=\"has-black-color has-text-color has-link-color wp-elements-95e07cea2d155c99d279a3adac12c45d\">\u201cS\u00ed, esta lucha tiene enemigos, pero sabemos que son m\u00e1s los amigos, aliados, solidarios con el campesinado y defensores de la vida\u201d.<\/p>\n\n\n\n<p class=\"has-black-color has-text-color has-link-color wp-elements-dccdd249d3de2e9bee81ab3e12ee6306\">Esta firmeza se alcanz\u00f3 porque han podido encontrar la manera de organizarse para enfrentar cada reto y triunfar. Tienen el ejemplo y aprendizaje de procesos aleda\u00f1os que marcan el camino hacia una idea: es posible triunfar.<\/p>\n\n\n\n<p class=\"has-black-color has-text-color has-link-color wp-elements-1a5d6f60fe0ebc7c751f544d7c9c4ba1\">Tienen el ejemplo del hist\u00f3rico proceso de la Oficina, en el cual hace no m\u00e1s de dos a\u00f1os, el campesinado en recuperaci\u00f3n enfrent\u00f3 durante tres d\u00edas a las fuerzas represivas del ESMAD (Escuadron M\u00f3vil Antidisturbios, que hace un tiempo cambi\u00f3 su nombre a UNDMO) que pretend\u00edan desalojarlos. Los campesinos de la Oficina (y de otros predios que fueron a brindar su apoyo) no fueron desalojados y hoy permanecen en esas tierras que ya son suyas.<\/p>\n\n\n\n<p class=\"has-black-color has-text-color has-link-color wp-elements-1819525acfc0dc805e244348d3e45a02\">Actualmente, en el predio la Sonora, los recuperadores est\u00e1n a la espera de enfrentar duras batallas y es por eso que dejan un mensaje a los amigos del campesinado: \u201cllamamos a todas las organizaciones campesinas, ambientales y sociales a solidarizarse, acompa\u00f1ar y visibilizar nuestra lucha para impedir el atropello de nuestras comunidades\u201d.<\/p>\n\n\n\n<p class=\"has-black-color has-text-color has-link-color wp-elements-46b5346d89ea4303a03dbe85c7828398\">La recuperaci\u00f3n de la Sonora no ha pasado desapercibida para el poder terrateniente, pues se une a otros procesos de recuperaci\u00f3n de tierras en el Cesar. Los terratenientes de Fedegan en su \u00f3rgano de propaganda, la revista virtual <em>Contexto Ganadero<\/em> han exclamado que hay que \u201cexhortar\u201d la activaci\u00f3n de las brigadas solidarias y ha recordado amenazantemente que el delito de invasi\u00f3n da de 90 d\u00edas a 7 a\u00f1os de prisi\u00f3n.<\/p>\n\n\n\n<p class=\"has-black-color has-text-color has-link-color wp-elements-160a47a654502d9b335fd5860c91dce4\">La recuperaci\u00f3n de la Sonora no es un caso aislado, sino que se une al torrente de tomas de tierras del departamento del Cesar y del pa\u00eds. El campesinado con sus actos est\u00e1 cumpliendo la tarea de volver a poner en la palestra p\u00fablica las recuperaciones de tierra como acciones legitimas y necesarias por parte del movimiento popular. Compete que los luchadores populares y revolucionarios se pongan a la altura de las circunstancias y levanten tambi\u00e9n la bandera de la lucha por la tierra desde el lugar que se encuentren.<\/p>\n","protected":false},"excerpt":{"rendered":"<p>La recuperaci\u00f3n de la Sonora no es un caso aislado, sino que se une al torrente de tomas de tierras del departamento del Cesar y del pa\u00eds. <\/p>\n","protected":false},"author":1,"featured_media":27785,"comment_status":"open","ping_status":"open","sticky":false,"template":"","format":"standard","meta":{"footnotes":""},"categories":[16,4,144],"tags":[21,200,118,42,201,198],"class_list":["post-27783","post","type-post","status-publish","format-standard","has-post-thumbnail","hentry","category-carrusel","category-colombia","category-lucha-por-la-tierra","tag-campesinos","tag-cesar-colombia","tag-latifundio","tag-lucha-por-la-tierra","tag-municipio-pailitas","tag-tomas-de-tierra"],"blocksy_meta":[],"_links":{"self":[{"href":"https:\/\/nuevademocracia.com.co\/index.php?rest_route=\/wp\/v2\/posts\/27783","targetHints":{"allow":["GET"]}}],"collection":[{"href":"https:\/\/nuevademocracia.com.co\/index.php?rest_route=\/wp\/v2\/posts"}],"about":[{"href":"https:\/\/nuevademocracia.com.co\/index.php?rest_route=\/wp\/v2\/types\/post"}],"author":[{"embeddable":true,"href":"https:\/\/nuevademocracia.com.co\/index.php?rest_route=\/wp\/v2\/users\/1"}],"replies":[{"embeddable":true,"href":"https:\/\/nuevademocracia.com.co\/index.php?rest_route=%2Fwp%2Fv2%2Fcomments&post=27783"}],"version-history":[{"count":3,"href":"https:\/\/nuevademocracia.com.co\/index.php?rest_route=\/wp\/v2\/posts\/27783\/revisions"}],"predecessor-version":[{"id":27789,"href":"https:\/\/nuevademocracia.com.co\/index.php?rest_route=\/wp\/v2\/posts\/27783\/revisions\/27789"}],"wp:featuredmedia":[{"embeddable":true,"href":"https:\/\/nuevademocracia.com.co\/index.php?rest_route=\/wp\/v2\/media\/27785"}],"wp:attachment":[{"href":"https:\/\/nuevademocracia.com.co\/index.php?rest_route=%2Fwp%2Fv2%2Fmedia&parent=27783"}],"wp:term":[{"taxonomy":"category","embeddable":true,"href":"https:\/\/nuevademocracia.com.co\/index.php?rest_route=%2Fwp%2Fv2%2Fcategories&post=27783"},{"taxonomy":"post_tag","embeddable":true,"href":"https:\/\/nuevademocracia.com.co\/index.php?rest_route=%2Fwp%2Fv2%2Ftags&post=27783"}],"curies":[{"name":"wp","href":"https:\/\/api.w.org\/{rel}","templated":true}]}}