{"id":27790,"date":"2025-06-17T16:12:58","date_gmt":"2025-06-17T21:12:58","guid":{"rendered":"https:\/\/nuevademocracia.com.co\/?p=27790"},"modified":"2025-06-17T16:13:43","modified_gmt":"2025-06-17T21:13:43","slug":"editorial-and-el-imperialismo-yanqui-tiembla-ante-el-proletariado","status":"publish","type":"post","link":"https:\/\/nuevademocracia.com.co\/?p=27790","title":{"rendered":"Editorial AND &#8211; \u00a1El imperialismo yanqui tiembla ante el proletariado!"},"content":{"rendered":"\n<p class=\"has-black-color has-text-color has-link-color wp-elements-554193212cc554eea571aea37b6d2109\"><em>Publicamos una traducci\u00f3n no oficial encontrada en el\u00a0<a href=\"https:\/\/heraldorojo.org\/2025\/06\/15\/editorial-and-el-imperialismo-yanqui-tiembla-ante-el-proletariado\/\">Heraldo Rojo<\/a>\u00a0del editorial de\u00a0<a href=\"https:\/\/anovademocracia.com.br\/imperialismo-ianque-treme-proletariado\/\">A Nova Democracia<\/a><\/em><\/p>\n\n\n\n<p class=\"has-black-color has-text-color has-link-color wp-elements-366e00ce268af9bda4f7e0afe6b198f7\">Las masas trabajadoras en EE. UU. no aceptan bajar la cabeza y esto es una muestra formidable de c\u00f3mo la revoluci\u00f3n est\u00e1 en la orden del d\u00eda, aunque requiera, en EE. UU., una direcci\u00f3n revolucionaria proletaria capaz de desarrollar conscientemente tal situaci\u00f3n hacia la crisis revolucionaria, para conquistar el Poder para el proletariado en la Revoluci\u00f3n Socialista.<\/p>\n\n\n\n<hr class=\"wp-block-separator has-text-color has-vivid-red-color has-alpha-channel-opacity has-vivid-red-background-color has-background\"\/>\n\n\n\n<p class=\"has-black-color has-text-color has-link-color wp-elements-e6cbb8bb76a6506da23a31a902e11d20\">por&nbsp;<a href=\"https:\/\/anovademocracia.com.br\/author\/redacao-de-and\/\">Reda\u00e7\u00e3o de AND<\/a><\/p>\n\n\n\n<p class=\"has-black-color has-text-color has-link-color wp-elements-23ed36eeb1c4b0ef52e209d97a6e7b99\">13 de junio de 2025<\/p>\n\n\n\n<figure class=\"wp-block-image size-large\"><img loading=\"lazy\" decoding=\"async\" width=\"1024\" height=\"576\" src=\"https:\/\/nuevademocracia.com.co\/wp-content\/uploads\/2025\/06\/image-8-1024x576.png\" alt=\"\" class=\"wp-image-27793\" srcset=\"https:\/\/nuevademocracia.com.co\/wp-content\/uploads\/2025\/06\/image-8-1024x576.png 1024w, https:\/\/nuevademocracia.com.co\/wp-content\/uploads\/2025\/06\/image-8-300x169.png 300w, https:\/\/nuevademocracia.com.co\/wp-content\/uploads\/2025\/06\/image-8-768x432.png 768w, https:\/\/nuevademocracia.com.co\/wp-content\/uploads\/2025\/06\/image-8-1536x864.png 1536w, https:\/\/nuevademocracia.com.co\/wp-content\/uploads\/2025\/06\/image-8.png 1920w\" sizes=\"auto, (max-width: 1024px) 100vw, 1024px\" \/><\/figure>\n\n\n\n<p><\/p>\n\n\n\n<p class=\"has-black-color has-text-color has-link-color wp-elements-d10afff2868f8a1c7f9cc7977db795c2\">Los nuevos y masivos levantamientos populares en EE. UU. contra la pol\u00edtica fascista de Trump, de secuestrar inmigrantes y deportarlos, con brutales m\u00e9todos conspirativos e incluso ilegales, son una expresi\u00f3n contundente del grado de la crisis pol\u00edtica que persiste y se profundiza en las entra\u00f1as de la superpotencia hegem\u00f3nica \u00fanica, como parte y salto en la descomposici\u00f3n del sistema imperialista en su conjunto.<\/p>\n\n\n\n<p class=\"has-black-color has-text-color has-link-color wp-elements-3507bfcc177a2f0be3b6af0d2da85653\">Trump envi\u00f3 casi 5.000 tropas de la Guardia Nacional y de marines para reprimir las protestas, ampar\u00e1ndose en la \u201cley de insurrecci\u00f3n nacional\u201d de este pa\u00eds; esto, adem\u00e1s del histrionismo exhibicionista de un extremista de derecha propio del actual ocupante de la Casa Blanca, ocurri\u00f3 porque, incluso de manera espont\u00e1nea, la situaci\u00f3n de conmoci\u00f3n masiva y violenta que ha estallado repetidamente al menos una vez cada d\u00e9cada desde la Segunda Guerra Mundial, corre el riesgo de superar los l\u00edmites de las soluciones pac\u00edficas y acerca a la sociedad estadounidense a una situaci\u00f3n de pre-guerra civil. Y vale la pena registrar que la \u00faltima vez que tal movilizaci\u00f3n de la Guardia Nacional ocurri\u00f3, en un contingente similar y de forma unilateral, fue hace 60 a\u00f1os, cuando estallaron las multitudinarias manifestaciones de la poblaci\u00f3n negra por los derechos civiles, en la d\u00e9cada de 1960.<\/p>\n\n\n\n<p class=\"has-black-color has-text-color has-link-color wp-elements-908ef504b4d20e77e4212a73be70ba85\">Esa es la suerte de una naci\u00f3n engendrada de tal arrogancia imperial y dotada de una pol\u00edtica de Estado basada en el extremo culto a doctrinas chovinistas que persiste, independientemente de la afiliaci\u00f3n partidaria de sus gobiernos de turno, como la doctrina del \u201cDestino Manifiesto\u201d, que fund\u00f3 su ej\u00e9rcito como marines o fuerza para intervenci\u00f3n y saqueo permanente en el extranjero; fuerza genocida que se considera due\u00f1a y polic\u00eda del mundo, la mayor m\u00e1quina de genocidio de toda la Historia, habiendo exterminado poblaciones de diferentes naciones, adem\u00e1s de los propios pueblos originarios de la parte norte del continente, pueblos nativos del norte del continente, como sigue por procuraci\u00f3n exterminando en Gaza. Sin embargo, esta superpotencia hegem\u00f3nica \u00fanica hoy sufre de enfermedades incurables que tienen bases en su formaci\u00f3n, que, al igual que nuestro pa\u00eds, se construy\u00f3 con la esclavitud perversa e insana del pueblo negro, tratado hasta hoy en el \u201cpa\u00eds de la democracia\u201d como poblaci\u00f3n de ciudadanos de segunda clase, y m\u00e1s recientemente, apoyada en la explotaci\u00f3n m\u00e1s brutal de inmigrantes, tratados como si fueran sus meros sirvientes. Esto se compagina con una creciente crisis de descomposici\u00f3n de la base dom\u00e9stica de su an\u00f3mala econom\u00eda desde hace mucho, cuya media de crecimiento del PIB solo ha deca\u00eddo desde 1950 hasta aqu\u00ed (entre 1950-1985, los picos que alcanzaron hasta el 13% decayeron al 6%; y de 1985-2019, solo una vez el pico super\u00f3 el 5%). De hecho, en los \u00faltimos 71 a\u00f1os, hay una recesi\u00f3n en la econom\u00eda yanqui cada 6.4 a\u00f1os, en promedio, lo que revela, a pesar de toda la \u201clavado de cerebro\u201d yanqui, que el \u201csue\u00f1o americano\u201d es un velo para cubrir una m\u00e1quina de moler pobres en funci\u00f3n de alcanzar los beneficios m\u00e1s fabulosos, con vistas a salir de esta tendencia a la estancaci\u00f3n, r\u00e9gimen brutal de explotaci\u00f3n sostenido por la dictadura f\u00e9rrea de la burgues\u00eda imperialista. La democracia estadounidense no est\u00e1 negada por Donald Trump: esta es la democracia burguesa en estado senil, es decir, un r\u00e9gimen basado en el sufragio universal cuando conviene y en la movilizaci\u00f3n de la m\u00e1quina de guerra contra el pueblo cuando este se levanta.<\/p>\n\n\n\n<p class=\"has-black-color has-text-color has-link-color wp-elements-1d052fdf2d254bfebe91f3b3f69c2e6c\">No sin raz\u00f3n, los miles de militares enviados para contener las protestas fueron insuficientes e incluso agravaron la violencia y la magnitud de las mismas, extendi\u00e9ndose con asombrosa combatividad a 8 grandes ciudades; las masas trabajadoras en EE. UU. no aceptan bajar la cabeza y esto es una muestra formidable de c\u00f3mo la revoluci\u00f3n est\u00e1 en la orden del d\u00eda, aunque requiera, en EE. UU., una direcci\u00f3n revolucionaria proletaria capaz de desarrollar conscientemente tal situaci\u00f3n hacia la crisis revolucionaria, para conquistar el Poder para el proletariado en la Revoluci\u00f3n Socialista.<\/p>\n\n\n\n<p class=\"has-black-color has-text-color has-link-color wp-elements-42d7ccc8c5df840b9b63bb83679c61a5\">***<\/p>\n\n\n\n<p class=\"has-black-color has-text-color has-link-color wp-elements-758f6a742f52193515cca26fcdc9a480\">El testimonio de Jair Bolsonaro ante la 1\u00aa sala del STF, presidida por Alexandre de Moraes, representa bien la situaci\u00f3n de aquel: debilitado y a la defensiva, como un perro acorralado. La promesa, hecha un d\u00eda antes, de que el testimonio del l\u00edder de la extrema derecha ser\u00eda \u201ccontundente y sobrio\u201d no podr\u00eda haber sido m\u00e1s traicionada ante su p\u00fablico.<\/p>\n\n\n\n<p class=\"has-black-color has-text-color has-link-color wp-elements-3a756e284670535b900b6cb368dd3a55\">Bolsonaro se disculp\u00f3, en juicio, con aquel a quien acusaba de ser su verdugo por razones personales; no fue el \u00fanico, junto a \u00e9l lo hicieron Paulo S\u00e9rgio Nogueira y el se\u00f1or Alexandre Torres. No obstante, la guinda del pastel fue Bolsonaro, con una amplia sonrisa, invitando a Moraes a ser su vicepresidente en 2026 en tono de broma. As\u00ed, el l\u00edder de la extrema derecha brasile\u00f1a se present\u00f3 al p\u00fablico, en su primera participaci\u00f3n en juicio, como lo que es: un d\u00e9bil y un cobarde, lo que es constatado por parte de su base y debilita toda y cualquier posici\u00f3n en la que pretend\u00eda presentarse como \u201ch\u00e9roe de la extrema derecha\u201d, m\u00e1rtir o algo similar, a ver qu\u00e9 implicaciones tendr\u00e1 en su capacidad de movilizaci\u00f3n. Como personaje hist\u00f3rico, le falta mucho para ser algo grande, incluso desde el punto de vista negativo. Es notable que la b\u00fasqueda de protegerse a toda costa \u2013incluso llamando a su base social, que \u00e9l mismo moviliz\u00f3 para apoyar un golpe militar, un \u201cgrupo de locos\u201d\u2013 es el destino de los cobardes y pusil\u00e1nimes, y bastante caracter\u00edstico de los reaccionarios. Pues, no basta que sean, el grupo de Bolsonaro y sus correlacionados, despreciables defensores de las mayores ignominias contra las masas trabajadoras: ellos son tambi\u00e9n cobardes, lo que corresponde a la podredumbre de su ideolog\u00eda. De hecho, esta es la fuerza moral de la extrema derecha, y estos se\u00f1ores, que se presentaron como perros temerosos en el tribunal, no se alejan mucho de otros de sus pares, como el se\u00f1or Mauro Cid, el delator, que como oficial militar de las tan mencionadas Fuerzas Especiales colaps\u00f3 mentalmente al ser privado por pocos d\u00edas de su libertad, incluso en condiciones privilegiadas; o el valiente Daniel Silveira, antes diputado al estilo pitbull que lloraba d\u00eda s\u00ed, d\u00eda tambi\u00e9n, en las dependencias del complejo penitenciario donde estuvo alojado durante algunos meses.<\/p>\n\n\n\n<p class=\"has-black-color has-text-color has-link-color wp-elements-89fb6006abb5dc4ad4fcd55ce5d76d99\">Por el testimonio y la postura que asumi\u00f3, es perceptible que Bolsonaro reconoce que ser\u00e1 preso, pero no necesariamente perder\u00e1 su fuerza electoral; en el momento actual, a\u00fan la conserva, y tiene capacidad para competir \u2013seg\u00fan sospechosas encuestas de opini\u00f3n\u2013 con cualquiera de sus aliados. Parece, incluso, que esta forma vergonzosa de posicionarse frente a aquellos a quienes acusa de verdugos sea parte de su t\u00e1ctica, de intentar recuperar su supervivencia pol\u00edtica e individual \u2013porque se siente amenazado\u2013 posicion\u00e1ndose como l\u00edder en el campo de una oposici\u00f3n de derecha. La democracia burguesa recibe de Bolsonaro la propuesta de reincorporarlo en sus filas, ese es el fondo de los pedidos de disculpas. De todos modos, Bolsonaro, sea o no preso, no disminuir\u00e1 por s\u00ed mismo el caldo de cultivo anticomunista, antipueblo, ultrarreaccionario y nost\u00e1lgico del r\u00e9gimen militar, cuya base social m\u00e1s activa y fascista quiz\u00e1s se frustre m\u00e1s por su cobard\u00eda, clamando por un liderazgo m\u00e1s extremista, y esto porque las bases que lo hicieron surgir no han desaparecido, sino que siguen pululando: son la descomposici\u00f3n de la econom\u00eda que engendra una situaci\u00f3n objetiva de radicalizaci\u00f3n de la lucha de clases, y la profunda crisis pol\u00edtica que ella proyecta y potencializa como desmoralizaci\u00f3n de la vieja democracia frente al pueblo. Mantenidas estas bases, solo hay una forma de hacer que la extrema derecha retroceda: \u00a1combati\u00e9ndola sin reservas ni consideraciones!<\/p>\n\n\n\n<p class=\"has-black-color has-text-color has-link-color wp-elements-1dbf82a65867fc655f828fa58c578a7d\">***<\/p>\n\n\n\n<p class=\"has-black-color has-text-color has-link-color wp-elements-d974181993e4d697411d2b006190426f\">La Flotilla de la Libertad, con Thiago a bordo, tuvo su barco con destino a la Franja de Gaza secuestrado y llevado a la costa de la entidad sionista; Thiago estuvo preso, neg\u00e1ndose a ser deportado y persistiendo en su objetivo de llegar a Gaza para romper el cerco criminal que impide la llegada de ayuda humanitaria a los palestinos. (Aqu\u00ed se ve la diferencia moral entre un fascista, del que habl\u00e1bamos, y un luchador de la causa progresista). Sobre tal grave situaci\u00f3n, que involucra a un activista brasile\u00f1o secuestrado por los criminales de guerra, Luiz In\u00e1cio guard\u00f3 un perturbador silencio \u2013 claro, porque en este caso no servir\u00eda de nada hablar unas pocas frases efectistas, ser\u00eda necesario actuar, y actuar es algo que el&nbsp;<em>pelego&nbsp;<\/em>no quiere, incluso si eso significa prolongar la situaci\u00f3n de privaciones de Thiago.<\/p>\n\n\n\n<p class=\"has-black-color has-text-color has-link-color wp-elements-91480cf0d57ffc0cc74669e2e42e067f\">En su viaje a Francia, Luiz In\u00e1cio ha preferido atacar a la Resistencia Nacional Palestina, diciendo que no est\u00e1 de acuerdo con el \u201cataque terrorista\u201d de Hamas para suavizar sus cr\u00edticas al genocidio sionista; de hecho, en esto tambi\u00e9n Luiz In\u00e1cio se diferencia muy poco de Joe Biden, quien tambi\u00e9n hac\u00eda cr\u00edticas \u201ca los excesos de Israel\u201d y condenaba como terrorista a la Resistencia, mientras financiaba la campa\u00f1a de limpieza \u00e9tnica; o del se\u00f1or Xi Jinping, presidente de la China social-imperialista, quien, de hecho, es inerte ante la masacre de palestinos cuando dispone de medios para actuar para cesarla, present\u00e1ndose como un hombre progresista mientras asiste omiso al mayor exterminio en t\u00e9rminos proporcionales de la Historia humana.<\/p>\n\n\n\n<p class=\"has-black-color has-text-color has-link-color wp-elements-0c85b5ec883105e3216a7f7e47d07cc5\">Se insiste, una vez m\u00e1s, en que es urgente \u2013y la \u00fanica actitud m\u00ednimamente digna\u2013 que Brasil, al igual que otros pa\u00edses gobernados por demagogos que dicen defender a Palestina, rompa inmediatamente, ya, relaciones diplom\u00e1ticas, comerciales, militares y de inteligencia con la entidad sionista, y que imponga serias restricciones a las agencias sionistas que operan en los pa\u00edses para la persecuci\u00f3n y espionaje de activistas pro-Palestina. Esta es la \u00fanica actitud digna, y cualquier otra, por m\u00e1s que se pinte de defensora de Palestina, es solo una maniobra subrepticia de hip\u00f3critas y demagogos para evadir la presi\u00f3n, adular al imperialismo y mantener la omisi\u00f3n cobarde ante el masacre de mujeres y ni\u00f1os \u2013 demagogos e hip\u00f3critas, categor\u00edas de hombres en las que parece no avergonzarse el se\u00f1or Luiz In\u00e1cio al acomodarse en ellas.<\/p>\n","protected":false},"excerpt":{"rendered":"<p>Las masas trabajadoras en EE. UU. no aceptan bajar la cabeza y esto es una muestra formidable de c\u00f3mo la revoluci\u00f3n est\u00e1 en la orden del d\u00eda.<\/p>\n","protected":false},"author":1,"featured_media":27793,"comment_status":"open","ping_status":"open","sticky":false,"template":"","format":"standard","meta":{"footnotes":""},"categories":[16,116,31],"tags":[],"class_list":["post-27790","post","type-post","status-publish","format-standard","has-post-thumbnail","hentry","category-carrusel","category-imperialismo","category-internacional"],"blocksy_meta":[],"_links":{"self":[{"href":"https:\/\/nuevademocracia.com.co\/index.php?rest_route=\/wp\/v2\/posts\/27790","targetHints":{"allow":["GET"]}}],"collection":[{"href":"https:\/\/nuevademocracia.com.co\/index.php?rest_route=\/wp\/v2\/posts"}],"about":[{"href":"https:\/\/nuevademocracia.com.co\/index.php?rest_route=\/wp\/v2\/types\/post"}],"author":[{"embeddable":true,"href":"https:\/\/nuevademocracia.com.co\/index.php?rest_route=\/wp\/v2\/users\/1"}],"replies":[{"embeddable":true,"href":"https:\/\/nuevademocracia.com.co\/index.php?rest_route=%2Fwp%2Fv2%2Fcomments&post=27790"}],"version-history":[{"count":4,"href":"https:\/\/nuevademocracia.com.co\/index.php?rest_route=\/wp\/v2\/posts\/27790\/revisions"}],"predecessor-version":[{"id":27797,"href":"https:\/\/nuevademocracia.com.co\/index.php?rest_route=\/wp\/v2\/posts\/27790\/revisions\/27797"}],"wp:featuredmedia":[{"embeddable":true,"href":"https:\/\/nuevademocracia.com.co\/index.php?rest_route=\/wp\/v2\/media\/27793"}],"wp:attachment":[{"href":"https:\/\/nuevademocracia.com.co\/index.php?rest_route=%2Fwp%2Fv2%2Fmedia&parent=27790"}],"wp:term":[{"taxonomy":"category","embeddable":true,"href":"https:\/\/nuevademocracia.com.co\/index.php?rest_route=%2Fwp%2Fv2%2Fcategories&post=27790"},{"taxonomy":"post_tag","embeddable":true,"href":"https:\/\/nuevademocracia.com.co\/index.php?rest_route=%2Fwp%2Fv2%2Ftags&post=27790"}],"curies":[{"name":"wp","href":"https:\/\/api.w.org\/{rel}","templated":true}]}}