{"id":27796,"date":"2025-06-17T17:20:00","date_gmt":"2025-06-17T22:20:00","guid":{"rendered":"https:\/\/nuevademocracia.com.co\/?p=27796"},"modified":"2025-06-17T16:20:08","modified_gmt":"2025-06-17T21:20:08","slug":"sinwar-y-haniyeh-eran-sus-hijos-el-legado-de-fatima-al-najjar-guerrillera-de-hamas","status":"publish","type":"post","link":"https:\/\/nuevademocracia.com.co\/?p=27796","title":{"rendered":"Sinwar y Haniyeh eran \u00absus hijos\u00bb: el legado de Fatima Al-Najjar, guerrillera de Ham\u00e1s"},"content":{"rendered":"\n<p class=\"has-black-color has-text-color has-link-color wp-elements-bc1ea73d49c3e2e14abe25ddf0a2c130\"><em>Reproducimos traducci\u00f3n no oficial de este art\u00edculo de\u00a0<mark style=\"background-color:rgba(0, 0, 0, 0)\" class=\"has-inline-color has-vivid-red-color\"><a href=\"https:\/\/anovademocracia.com.br\/fatima-al-najjar-guerrilheira-hamas\/\">A Nova Democracia<\/a><\/mark><\/em><\/p>\n\n\n\n<p class=\"has-black-color has-text-color has-link-color wp-elements-08f2cd44e132eb93a10996b36b892852\">Fatima Al-Najjar cre\u00f3 l\u00edderes hist\u00f3ricos de la Resistencia Nacional Palestina y particip\u00f3 en una operaci\u00f3n de martirio contra los invasores sionistas en Gaza.<\/p>\n\n\n\n<hr class=\"wp-block-separator has-text-color has-vivid-red-color has-alpha-channel-opacity has-vivid-red-background-color has-background\"\/>\n\n\n\n<p class=\"has-black-color has-text-color has-link-color wp-elements-e6cbb8bb76a6506da23a31a902e11d20\">por&nbsp;<a href=\"https:\/\/anovademocracia.com.br\/author\/redacao-de-and\/\">Reda\u00e7\u00e3o de AND<\/a><\/p>\n\n\n\n<p class=\"has-black-color has-text-color has-link-color wp-elements-8c95ad85ee5ca23c9550dae811a63553\">7 de junio de 2025<\/p>\n\n\n\n<figure class=\"wp-block-image aligncenter size-full\"><img loading=\"lazy\" decoding=\"async\" width=\"760\" height=\"516\" src=\"https:\/\/nuevademocracia.com.co\/wp-content\/uploads\/2025\/06\/image-9.png\" alt=\"\" class=\"wp-image-27799\" srcset=\"https:\/\/nuevademocracia.com.co\/wp-content\/uploads\/2025\/06\/image-9.png 760w, https:\/\/nuevademocracia.com.co\/wp-content\/uploads\/2025\/06\/image-9-300x204.png 300w\" sizes=\"auto, (max-width: 760px) 100vw, 760px\" \/><figcaption class=\"wp-element-caption\">Fatima Al-Najjar, guerrillera de Ham\u00e1s. Foto: Reproducci\u00f3n<\/figcaption><\/figure>\n\n\n\n<p class=\"has-black-color has-text-color has-link-color wp-elements-de205c73d40b4fd8787eea0dbe916e7a\">\u00abEl sufrimiento y el dolor han obligado a las mujeres palestinas a ser m\u00e1s fuertes. Las mujeres palestinas son madres, hijas o esposas de m\u00e1rtires. Nuestro papel en esta lucha [secular] es mantener viva la llama de la libertad y la resistencia\u00bb, dijo Ghadir, refugiada palestina<strong>, al <\/strong>equipo de reporteros <strong>de AND<\/strong>.<\/p>\n\n\n\n<p class=\"has-black-color has-text-color has-link-color wp-elements-ca3bae062aad5ea3cef08166b67b483d\">Dijo que el deber de las mujeres palestinas no es s\u00f3lo ense\u00f1ar a sus hijos a amar su tierra, sino ense\u00f1arles a luchar por liberarla resistiendo y, cuando sea posible, no march\u00e1ndose. Y continu\u00f3: \u00abDejamos nuestra tierra no porque quisi\u00e9ramos, sino porque nos obligaron. Nos fuimos, pero Palestina sigue con nosotros, hasta el d\u00eda en que nuestros hijos y nietos regresen\u00bb.<\/p>\n\n\n\n<p class=\"has-black-color has-text-color has-link-color wp-elements-d7c0e2113b6137aab3bed61bb2f6c9e1\">Al d\u00eda siguiente, otro refugiado palestino en Brasil mostr\u00f3 emocionado al equipo <strong>de AND <\/strong>una foto en su celular. La foto mostraba a una mujer de la tercera edad con un fusil M16A1 en las manos y un chaleco antibalas y una t\u00fanica blanca y negra sobre el torso; un pa\u00f1uelo blanco le cubre la cabeza y, alrededor de la frente, un pa\u00f1uelo con los colores verde y blanco de la organizaci\u00f3n de resistencia palestina Ham\u00e1s. El hombre que sostiene el celular es nieto de una mujer llamada Fatima Omar Mahmoud Al-Najjar.<\/p>\n\n\n\n<figure class=\"wp-block-image aligncenter size-full\"><img loading=\"lazy\" decoding=\"async\" width=\"650\" height=\"953\" src=\"https:\/\/nuevademocracia.com.co\/wp-content\/uploads\/2025\/06\/image-10.png\" alt=\"\" class=\"wp-image-27801\" srcset=\"https:\/\/nuevademocracia.com.co\/wp-content\/uploads\/2025\/06\/image-10.png 650w, https:\/\/nuevademocracia.com.co\/wp-content\/uploads\/2025\/06\/image-10-205x300.png 205w\" sizes=\"auto, (max-width: 650px) 100vw, 650px\" \/><figcaption class=\"wp-element-caption\">Fatima Al-Najjar levant\u00f3 guerrillas palestinas y particip\u00f3 en una operaci\u00f3n de martirio. Foto: Reproducci\u00f3n<\/figcaption><\/figure>\n\n\n\n<p class=\"has-vivid-red-color has-text-color has-link-color has-medium-font-size wp-elements-9fc4ac738eefa201a04b99a070306f2c\"><strong>Hija del martirio, madre de <em>los fedayines<\/em><\/strong><\/p>\n\n\n\n<p class=\"has-black-color has-text-color has-link-color wp-elements-e0f46854762bc7a40405e57e10cce692\">Fatima Al-Najjar ten\u00eda 57 a\u00f1os cuando decidi\u00f3 unirse a las Brigadas Al Qassam en respuesta a las atrocidades y cr\u00edmenes cometidos por las FDI en el norte de Gaza. Era madre de nueve hijos e hijas y hoy su linaje se divide en m\u00e1s de 80 nietos. Su casa, situada en el campo de refugiados de Jabaliya, fue explotada por las fuerzas de ocupaci\u00f3n en los a\u00f1os de la Primera Intifada, en 1980, pero antes sirvi\u00f3 de refugio a los <em>muyahidines <\/em>y a los perseguidos por la ocupaci\u00f3n.<\/p>\n\n\n\n<p class=\"has-black-color has-text-color has-link-color wp-elements-7c994622fc830648e48093917dedee88\">Este no fue el \u00fanico crimen cometido por la ocupaci\u00f3n contra F\u00e1tima o su familia. Uno de los nietos de la guerrillera fue asesinado y otro qued\u00f3 en silla de ruedas como consecuencia de la agresi\u00f3n israel\u00ed.<\/p>\n\n\n\n<p class=\"has-vivid-red-color has-text-color has-link-color has-medium-font-size wp-elements-200032de8e4b6f49bd18bdfb43f236d1\"><strong>Momento de la decisi\u00f3n<\/strong><\/p>\n\n\n\n<p class=\"has-black-color has-text-color has-link-color wp-elements-684c21315035fe3b03b1ed2390880544\">El interruptor cambi\u00f3 para el luchador popular cuando, en 2004, los soldados israel\u00edes invadieron el campo de Jabalia en un brutal ataque que durar\u00eda 17 d\u00edas. Murieron al menos 130 palestinos, la mayor\u00eda combatientes, y 85 casas fueron demolidas. F\u00e1tima decidi\u00f3 buscar inmediatamente a un representante de Ham\u00e1s y se alist\u00f3 en las filas de los combatientes por la libertad de Ham\u00e1s. Su deseo era llevar a cabo una operaci\u00f3n de martirio, convertirse en <em>Istishhadi<\/em>.<\/p>\n\n\n\n<p class=\"has-black-color has-text-color has-link-color wp-elements-5c28987831f78c46ca42255e400b769f\">Antes de que se pusieran en contacto con ella para reclutarla, ya conoc\u00eda bien a los combatientes de la liberaci\u00f3n. \u00abVio crecer a los l\u00edderes Ismail Haniyeh y Yahya Sinwar. Eran sus hijos\u00bb, dijo <strong>a AND <\/strong>el nieto de F\u00e1tima.<\/p>\n\n\n\n<p class=\"has-black-color has-text-color has-link-color wp-elements-b3f125e21f914ad8f8907c28b0b402d5\">Durante dos a\u00f1os, F\u00e1tima sirvi\u00f3 en las Brigadas Al-Qassam en diversas tareas. A finales de 2006, F\u00e1tima estuvo en la l\u00ednea del frente de una poderosa manifestaci\u00f3n de mujeres que pretend\u00eda romper el asedio impuesto por los soldados sionistas a la mezquita Al-Nasr de Beit Han\u00fan, donde se hab\u00edan refugiado 70 combatientes de Ham\u00e1s. Como representante de Ham\u00e1s en la protesta, F\u00e1tima se plant\u00f3 frente a los tanques sionistas y desafi\u00f3 a las tropas invasoras a pesar de los disparos de los sionistas. S\u00f3lo se apart\u00f3 de la primera l\u00ednea a petici\u00f3n de la diputada de Ham\u00e1s Jamila Al-Shanti.<\/p>\n\n\n\n<p class=\"has-vivid-red-color has-text-color has-link-color has-medium-font-size wp-elements-b8dd049c4be20d30b918f6d84f2c8db9\"><strong>El d\u00eda del martirio<\/strong><\/p>\n\n\n\n<p class=\"has-black-color has-text-color has-link-color wp-elements-c6f886f9b9f5ee7684382070603cf01f\">Pero fue durante la operaci\u00f3n \u201cNubes de Oto\u00f1o\u201d, lanzada por las fuerzas israel\u00edes contra Jabaliya en noviembre de 2006, cuando la petici\u00f3n de F\u00e1tima de llevar a cabo una operaci\u00f3n de martirio fue finalmente aceptada por el mando de las Brigadas Al-Qassam. La operaci\u00f3n se sum\u00f3 a otras varias acciones organizadas por guerrilleros palestinos bajo el mando de Mohammed Deif. Semanas despu\u00e9s de esta manifestaci\u00f3n, en noviembre de 2006, las fuerzas israel\u00edes lanzaron la operaci\u00f3n \u201cNubes de Oto\u00f1o\u201d contra el este del campo de refugiados de Jabaliya.<\/p>\n\n\n\n<p class=\"has-black-color has-text-color has-link-color wp-elements-2f580152e6943453fc101702f29fcfa3\">Consciente y decidida, F\u00e1tima registr\u00f3 su voluntad en una declaraci\u00f3n:<\/p>\n\n\n\n<p class=\"has-black-color has-text-color has-link-color wp-elements-3727030f51022e8e42c399593a326e85\"><em>\u00abSoy la m\u00e1rtir Fatima Omar Mahmoud al-Najjar, de Jabalia al-Balad. Trabajo en las Brigadas de los M\u00e1rtires de Ezz, me ofrezco en sacrificio por Dios y luego por la patria.\u00bb<\/em><\/p>\n\n\n\n<p class=\"has-black-color has-text-color has-link-color wp-elements-5921f3d70e60209ad93e7c3161c938e7\"><em>\u00abEste es mi mensaje a las familias de los m\u00e1rtires y de los detenidos, a mis hermanos, a mis hijos y a mi familia, pido a Dios Todopoderoso que les gu\u00ede hacia el bien y les exija paciencia y fe, y a todas mis hijas, y no quiero que griten ni chillen<\/em>.\u00bb<\/p>\n\n\n\n<p class=\"has-black-color has-text-color has-link-color wp-elements-5bcbbb0d2a5f3f6b487f1910087fc542\">En otra nota, se\u00f1al\u00f3 que \u00ab<em>este ataque es s\u00f3lo una muestra de lo que los sionistas tendr\u00e1n que afrontar a manos de hombres y mujeres palestinos. Las Brigadas [Qassam] les preparar\u00e1n sorpresas que har\u00e1n temblar su entidad y convertir\u00e1n Gaza en un cementerio para sus cobardes soldados y su pat\u00e9tico equipo [militar]<\/em>\u00ab.<\/p>\n\n\n\n<p class=\"has-black-color has-text-color has-link-color wp-elements-62e591e936d6dda47e837e7d32ff6fa5\">En el v\u00eddeo del martirio de F\u00e1tima, la guerrillera completa su mensaje dedicando la operaci\u00f3n a Ham\u00e1s y honrando al jefe del Estado Mayor de las Brigadas Al-Qassam, Mohammed Deif. En la imagen, su rostro no mostraba miedo, sino una amable sonrisa. Sus ojos eran los de la ferocidad y la firmeza palestinas.<\/p>\n\n\n\n<p class=\"has-vivid-red-color has-text-color has-link-color has-medium-font-size wp-elements-3d2abc253412e1f0d5f9525bef91e4b4\"><strong>Emboscada<\/strong><\/p>\n\n\n\n<p class=\"has-black-color has-text-color has-link-color wp-elements-672c27f73ebccec57bbb02cb4c7f0860\">La emboscada comenz\u00f3 cuando un grupo de soldados sionistas invadi\u00f3 una casa al este de Jabaliya. La propiedad hab\u00eda estado vigilada por la resistencia durante alg\u00fan tiempo. Fugazmente, F\u00e1tima eludi\u00f3 a los exploradores sionistas y consigui\u00f3 llegar a la casa con un cintur\u00f3n de explosivos alrededor de la cintura. Los soldados sionistas intentaron lanzar una bomba de mortero, pero ya era demasiado tarde. La explosi\u00f3n de F\u00e1tima mat\u00f3 al menos a uno de ellos y dej\u00f3 heridos a otros tres.<\/p>\n\n\n\n<p class=\"has-vivid-red-color has-text-color has-link-color has-medium-font-size wp-elements-29c3946346476c8a05296bd765c5dc52\"><strong>Referencia<\/strong><\/p>\n\n\n\n<p class=\"has-black-color has-text-color has-link-color wp-elements-a2fc8e809e926d0784df03903ccf580b\">F\u00e1tima sigue siendo un referente en Ham\u00e1s. \u00abCuando hablo del papel de las mujeres en la Resistencia, recuerdo a la buscadora del martirio Rim Al-Riyashi, que dej\u00f3 atr\u00e1s a sus hijos [y se inmol\u00f3 en 2004]. La hermana Fatima Al-Najjar, una anciana que nunca abandon\u00f3 el campo de batalla\u00bb, dijo la jefa del Movimiento Femenino de Ham\u00e1s, Rajaa Al-Halabi, en una entrevista concedida el 13 de diciembre de 2021 a Al-Aqsa TV.<\/p>\n\n\n\n<p class=\"has-black-color has-text-color has-link-color wp-elements-409bb20e6221efc45cce446d3d54e81d\">F\u00e1tima es tambi\u00e9n una de las que forjaron el legado de la Resistencia Nacional Palestina, que lanz\u00f3 el 7 de octubre de 2023 el hist\u00f3rico Diluvio de Al-Aqsa. Fueron <em>los hijos <\/em>de esta guerrillera, y el comandante cuya acci\u00f3n ella honr\u00f3, los grandes art\u00edfices de la operaci\u00f3n: Ismail Haniyeh, Yahya Sinwar y Mohammed Deif. Al igual que F\u00e1tima, todos ellos dieron su sangre por la liberaci\u00f3n de Palestina en la guerra que se libra desde el 7 de octubre.<\/p>\n\n\n\n<p class=\"has-vivid-red-color has-text-color has-link-color has-medium-font-size wp-elements-b61ed6fd5f34e17a8b162091bd8f427a\"><strong>Otra vez la guerra de guerrillas, <em>otra vez Jabaliya<\/em><\/strong><\/p>\n\n\n\n<p class=\"has-black-color has-text-color has-link-color wp-elements-b12b8e20ea3b6c407fa1f69cebb40bf7\">Desde el comienzo de la guerra, el campo de refugiados de Jabaliya ha sido un importante punto de operaciones para la Resistencia Nacional.<\/p>\n\n\n\n<p class=\"has-black-color has-text-color has-link-color wp-elements-4948579790313fd775da4e4b6f2d32bb\">Entre el 3 y el 4 de junio de 2025, la prensa israel\u00ed reconoci\u00f3 un \u00abdif\u00edcil incidente de seguridad\u00bb en Jabaliya, debido a una \u00abcompleja y dif\u00edcil emboscada\u00bb de las organizaciones de la Resistencia Nacional Palestina.<\/p>\n\n\n\n<p class=\"has-black-color has-text-color has-link-color wp-elements-7f362b4b358fc9504cf3ffffe50987e4\">Las Brigadas Al-Qassam afirmaron en un comunicado que sus \u00abcombatientes est\u00e1n participando en feroces enfrentamientos con las fuerzas de ocupaci\u00f3n a corta distancia, matando e hiriendo a soldados enemigos al este del campo de Jabaliya, en el norte de la Franja de Gaza. Los enfrentamientos contin\u00faan\u00bb.<\/p>\n","protected":false},"excerpt":{"rendered":"<p>Fatima Al-Najjar cre\u00f3 l\u00edderes hist\u00f3ricos de la Resistencia Nacional Palestina y particip\u00f3 en una operaci\u00f3n de martirio contra los invasores sionistas en Gaza.<\/p>\n","protected":false},"author":1,"featured_media":27799,"comment_status":"open","ping_status":"open","sticky":false,"template":"","format":"standard","meta":{"footnotes":""},"categories":[16,31,135],"tags":[],"class_list":["post-27796","post","type-post","status-publish","format-standard","has-post-thumbnail","hentry","category-carrusel","category-internacional","category-resistencia-palestina"],"blocksy_meta":[],"_links":{"self":[{"href":"https:\/\/nuevademocracia.com.co\/index.php?rest_route=\/wp\/v2\/posts\/27796","targetHints":{"allow":["GET"]}}],"collection":[{"href":"https:\/\/nuevademocracia.com.co\/index.php?rest_route=\/wp\/v2\/posts"}],"about":[{"href":"https:\/\/nuevademocracia.com.co\/index.php?rest_route=\/wp\/v2\/types\/post"}],"author":[{"embeddable":true,"href":"https:\/\/nuevademocracia.com.co\/index.php?rest_route=\/wp\/v2\/users\/1"}],"replies":[{"embeddable":true,"href":"https:\/\/nuevademocracia.com.co\/index.php?rest_route=%2Fwp%2Fv2%2Fcomments&post=27796"}],"version-history":[{"count":5,"href":"https:\/\/nuevademocracia.com.co\/index.php?rest_route=\/wp\/v2\/posts\/27796\/revisions"}],"predecessor-version":[{"id":27804,"href":"https:\/\/nuevademocracia.com.co\/index.php?rest_route=\/wp\/v2\/posts\/27796\/revisions\/27804"}],"wp:featuredmedia":[{"embeddable":true,"href":"https:\/\/nuevademocracia.com.co\/index.php?rest_route=\/wp\/v2\/media\/27799"}],"wp:attachment":[{"href":"https:\/\/nuevademocracia.com.co\/index.php?rest_route=%2Fwp%2Fv2%2Fmedia&parent=27796"}],"wp:term":[{"taxonomy":"category","embeddable":true,"href":"https:\/\/nuevademocracia.com.co\/index.php?rest_route=%2Fwp%2Fv2%2Fcategories&post=27796"},{"taxonomy":"post_tag","embeddable":true,"href":"https:\/\/nuevademocracia.com.co\/index.php?rest_route=%2Fwp%2Fv2%2Ftags&post=27796"}],"curies":[{"name":"wp","href":"https:\/\/api.w.org\/{rel}","templated":true}]}}