{"id":27829,"date":"2025-07-04T17:52:03","date_gmt":"2025-07-04T22:52:03","guid":{"rendered":"https:\/\/nuevademocracia.com.co\/?p=27829"},"modified":"2025-07-04T17:52:04","modified_gmt":"2025-07-04T22:52:04","slug":"el-campesinado-magangueleno-presiona-por-entrega-de-tierras","status":"publish","type":"post","link":"https:\/\/nuevademocracia.com.co\/?p=27829","title":{"rendered":"El campesinado Maganguele\u00f1o presiona por entrega de tierras"},"content":{"rendered":"\n<figure class=\"wp-block-image size-large\"><img loading=\"lazy\" decoding=\"async\" width=\"919\" height=\"1024\" src=\"https:\/\/nuevademocracia.com.co\/wp-content\/uploads\/2025\/07\/02.-Paro-magangue-919x1024.jpg\" alt=\"\" class=\"wp-image-27830\" srcset=\"https:\/\/nuevademocracia.com.co\/wp-content\/uploads\/2025\/07\/02.-Paro-magangue-919x1024.jpg 919w, https:\/\/nuevademocracia.com.co\/wp-content\/uploads\/2025\/07\/02.-Paro-magangue-269x300.jpg 269w, https:\/\/nuevademocracia.com.co\/wp-content\/uploads\/2025\/07\/02.-Paro-magangue-768x855.jpg 768w, https:\/\/nuevademocracia.com.co\/wp-content\/uploads\/2025\/07\/02.-Paro-magangue-1379x1536.jpg 1379w, https:\/\/nuevademocracia.com.co\/wp-content\/uploads\/2025\/07\/02.-Paro-magangue.jpg 1440w\" sizes=\"auto, (max-width: 919px) 100vw, 919px\" \/><\/figure>\n\n\n\n<p class=\"has-black-color has-text-color has-link-color wp-elements-2f54974087a2e4856e0dfdfbef184e2a\">Magangu\u00e9 es el segundo municipio m\u00e1s importante del departamento de Bol\u00edvar, despu\u00e9s de Cartagena, es principalmente rural y tiene 47 corregimientos. Del total del territorio, aproximadamente el 10% es urbano, casi el 70% es rural y el porcentaje restante son ci\u00e9nagas, r\u00edos y humedales. Casi la mitad de su poblaci\u00f3n es rural, pero a pesar de vivir en el campo, la mayor\u00eda son campesinos sin tierra o con poca tierra.<\/p>\n\n\n\n<p class=\"has-black-color has-text-color has-link-color wp-elements-c7e69c396888d92a726bc1cf8e9e8369\">Es precisamente por falta de tierra que los campesinos se han organizado en asociaciones en cada corregimiento, para exigir al gobierno la entrega de tierras. Esta lucha no es reciente, viene de a\u00f1os atr\u00e1s. Son varios campesinos, hoy adultos y sin tierra, quienes cuentan que llevan luchando por tierras desde los a\u00f1os 70, recuerdan las luchas de aquellos a\u00f1os con alegr\u00eda y admiraci\u00f3n, narran historias de su participaci\u00f3n en las tomas de tierras lideradas por la ANUC (l\u00ednea Sincelejo), recuerdan las forma en que se organizaban en comit\u00e9s, las estrategias que usaban para cansar a los terratenientes, la represi\u00f3n que vivieron por parte de las fuerzas policiales, los presos y las formas que usaban para presionar y liberarlos; recuerdan con orgullo los espacios de formaci\u00f3n pol\u00edtica que realizaban con el objetivo de elevar la conciencia del campesinado, estudiando sus derechos y comprendiendo la justeza, legitimidad y necesidad de su lucha. Cuentan que en las tierras conquistadas empezaban a sembrar y los frutos de all\u00ed eran el sost\u00e9n alimentario de las nuevas tomas.<\/p>\n\n\n\n<p class=\"has-black-color has-text-color has-link-color wp-elements-e6a5b2a3b503c5840b29e08f39ed1028\">Estas luchas fueron heroicas en nuestro pa\u00eds, y por su significado, es decir el golpe que estaban representando para el poder terrateniente, fueron fuertemente reprimidas por el Estado y los terratenientes. Atacaron el movimiento campesino masacrando, asesinando, desplazando y despoj\u00e1ndolo nuevamente. Pero como lo ha mostrado la historia, mientras no cambien las condiciones de vida del campesinado, mientras el campesino no tenga tierra y se vea sometido a la pobreza por parte de los grandes terratenientes, surgir\u00e1 la lucha en su seno, una y otra vez se organizar\u00e1n para seguir exigiendo y luchando por tierra para el que la trabaja, hasta conquistarla.<\/p>\n\n\n\n<p class=\"has-black-color has-text-color has-link-color wp-elements-0028ca1a6378c367228bb4eda02dcda5\">Despu\u00e9s de a\u00f1os de lucha campesina, Magangu\u00e9 termin\u00f3 viviendo un proceso de reconcentraci\u00f3n de tierras, como en muchos lugares del pa\u00eds. El paisaje que hoy se ve en la zona rural del municipio es el de grandes extensiones de tierra en monte, sin producir nada, y al lado, caser\u00edos de campesinos sin tierra, cocinando con le\u00f1a y rebusc\u00e1ndose el sustento como puedan. Las tierras est\u00e1n acaparadas principalmente por la familia Botero Maya y Alfonso L\u00f3pez.<\/p>\n\n\n\n<p class=\"has-black-color has-text-color has-link-color wp-elements-a382e8110ad4fc9963441a21e46b60f3\">Enilce L\u00f3pez Romero, alias \u00abLa Gata\u00bb, fue una poderosa terrateniente y empresaria de la regi\u00f3n caribe, radicada en Magangu\u00e9, Bol\u00edvar, esposa de H\u00e9ctor Julio Alfonso Pastrana, un ex militar. Tuvo fuerte incidencia en la pol\u00edtica del departamento de Bol\u00edvar, financi\u00f3 campa\u00f1as electorales y tuvo influencia en la llegada al poder de varias figuras del departamento de Bol\u00edvar, como su propio hijo H\u00e9ctor Julio Alfonso L\u00f3pez, condenado por el asesinato de un periodista. La Gata y su esposo crearon, junto con el terrateniente \u00c1lvaro Botero Maya, una de las primeras Convivir, llamada Esperanza Futura, investigaciones del Centro Nacional de Memoria Hist\u00f3rica y medios como Cambio y Verdad Abierta, se\u00f1alan que esta Convivir funcion\u00f3 como una fachada para el control armado, la vigilancia ilegal de poblaciones y el respaldo log\u00edstico a operaciones paramilitares, incluyendo masacres como la de El Salado, en \u00faltimas, sirvi\u00f3 de fachada para el avance de las Autodefensas Unidas de Colombia (AUC) en la regi\u00f3n.<\/p>\n\n\n\n<p class=\"has-black-color has-text-color has-link-color wp-elements-6acceaeea2855ba2014aaa775d9c0a99\">La Gata fue capturada en febrero de 2006 y desde el 2015 se iniciaron procesos de extinci\u00f3n de dominio a sus bienes, tanto rurales como urbanos, a pesar de ello, las tierras que pertenecen a su familia en Magangu\u00e9 y que se supone fueron expropiadas, siguen siendo manejadas por esta familia y algunas a nombre de testaferros. Seg\u00fan los campesinos Maganguele\u00f1os, al menos 11 fincas en Magangu\u00e9 han sido expropiadas, est\u00e1n bajo control de la Sociedad de Activos Especiales (SAE) instituci\u00f3n del Estado. Raz\u00f3n por la cual, los campesinos se preguntan, &nbsp;por qu\u00e9 teniendo el gobierno esas tierras disponibles y existiendo organizaciones campesinas necesitando y esperando tierra, esas fincas siguen sin ser adjudicadas al campesinado.<\/p>\n\n\n\n<p class=\"has-black-color has-text-color has-link-color wp-elements-a4b5ef2f377633b4bc11a548e23e5a26\">Una de las banderas de Petro, tanto en campa\u00f1a como durante su gobierno, ha sido la reforma agraria, en esta han planteado que las tierras para distribuir al campesinado vienen de la SAE, tierras en extinci\u00f3n de dominio, bald\u00edos de la naci\u00f3n y tierras en venta voluntaria. Para participar, los campesinos deben hacer parte de una asociaci\u00f3n campesina o comunidad rural organizada (como juntas de acci\u00f3n comunal, cooperativas, asociaciones agropecuarias, etc.), legalmente constituidas. Estas organizaciones deben inscribirse en el proceso de reforma agraria a trav\u00e9s de los Comit\u00e9s de Reforma Agraria, que son instancias locales creadas en los municipios y departamentos, integrados por entidades del Estado (como Agencia Nacional de Tierras &#8211; ANT), alcald\u00edas, gobernaciones, y representantes de las organizaciones campesinas. Las asociaciones deben presentar un proyecto productivo o una solicitud colectiva, indicando cu\u00e1ntas familias necesitan tierra y con qu\u00e9 fin.<\/p>\n\n\n\n<p class=\"has-black-color has-text-color has-link-color wp-elements-17163d06da75f51433c79711352fb379\">Hoy, a casi tres a\u00f1os del gobierno, son miles los campesinos que, a pesar de haber realizado todo el proceso legal que exige la reforma agraria para que les entreguen tierras, siguen sin tierra y empiezan a desvanecerse las ilusiones puestas en la reforma agraria y la promesa de entrega de tierras hecha por Petro. Hay desilusi\u00f3n y desconfianza en la concreci\u00f3n de la reforma agraria en los territorios, lo que los ha llevado a presionar al gobierno por las v\u00edas de hecho.<\/p>\n\n\n\n<p class=\"has-black-color has-text-color has-link-color wp-elements-1418afbc312ff6eb57b7adaa032ab50b\">Este es el caso de los campesinos organizados en la Asociaci\u00f3n Nacional de Usuarios Campesinos -ANUC Magangu\u00e9, quienes hacen parte de diferentes asociaciones y que desde inicio del gobierno de Petro empezaron a agruparse con el objetivo de ser beneficiarios de la reforma agraria. Desde entonces han realizado todo el proceso que el Estado exige para ello, constituyeron sus asociaciones legalmente, se adscribieron a la ANUC, conformaron el comit\u00e9 municipal de reforma agraria, han presentado las solicitudes pertinentes a la ANT y a\u00fan no han recibido una m\u00ednima respuesta por parte de dicha instituci\u00f3n. Debido a ello, los campesinos iniciaron un paro el 3 de junio de 2025, bloqueando una importante v\u00eda del Caribe, la Ruta Nacional 78 o Transversal Momposina, que atraviesa varios municipios como Magangu\u00e9, Mompox, El Banco, y Sincelejo, y une los departamentos de Bol\u00edvar, Sucre, Magdalena y Cesar. En su comunicado enviado al ministerio de agricultura, ANT y SAE, titulado Proyecci\u00f3n movilizaci\u00f3n a las carreteras junio 3 del 2025 por la implementaci\u00f3n de la reforma agraria integral en Magangu\u00e9 Bol\u00edvar, se\u00f1alan:<\/p>\n\n\n\n<p class=\"has-black-color has-text-color has-link-color wp-elements-53832b69e772b851224e903039594994\">\u201cEs evidente la negativa de la institucionalidad local y departamental, incluso la nacional, que conlleva a interrogarnos \u00bfPor qu\u00e9 la demora o negligencia en atender nuestros requerimientos? Toda vez que muy a pesar de haber cumplido con los conductos regulares y requisitos previos para la implementaci\u00f3n de esta reforma agraria municipal en Magangu\u00e9, como son: la conformaci\u00f3n del Consejo Municipal de Desarrollo Rural (CMDR), la creaci\u00f3n del Comit\u00e9 Municipal de Reforma Agraria (CMRA) \u2026 hasta el momento, no ha habido respuesta a favor de dicha implementaci\u00f3n de la reforma agraria en Magangu\u00e9, a pesar de que existen las tres modalidades para la adjudicaci\u00f3n: 1. Tierras por venta voluntaria. 2. Predios en poder de la SAE. 3. Terrenos bald\u00edos.<\/p>\n\n\n\n<p class=\"has-black-color has-text-color has-link-color wp-elements-dbc5d6057a6fafbeae64fa1aa33dc0fb\">Por tal motivo, esta negativa y nula respuesta a pesar de las m\u00faltiples solicitudes, apoyadas por ANUC MAGANGU\u00c9, no nos deja otra opci\u00f3n que MOVILIZARNOS en PROTESTA PAC\u00cdFICA INDEFINIDA, para que se nos escuche y obtener respuesta de soluci\u00f3n\u201d.<\/p>\n\n\n\n<p class=\"has-black-color has-text-color has-link-color wp-elements-637dc3873032aaf5c1ec21c2f1d79287\">Los campesinos en la v\u00eda plantean que ya han agotado todos los recursos legales en los que estuvieron embarcados por m\u00e1s de dos a\u00f1os, bajo la esperanza de recibir tierras por parte del gobierno, dicen que ahora el \u00fanico camino que les queda es bloquear, luchar, porque agotaron todas las dem\u00e1s v\u00edas.<\/p>\n\n\n\n<p class=\"has-black-color has-text-color has-link-color wp-elements-6a66b52f134d34e895eadac6196aa063\">Cuentan que en una visita que hizo Juan Felipe Harman (director de la ANT) a Chalan, Sucre, ellos estuvieron all\u00ed, hablaron con \u00e9l y se comprometi\u00f3 a venir a Magangu\u00e9, hoy, 11 meses despu\u00e9s de este compromiso, no ha llegado, lo que se\u00f1alan como un incumplimiento con el campesinado maganguele\u00f1o. Una de las razones y exigencias del paro, es que Harman se presente en Magangu\u00e9 junto a otras instituciones del gobierno como el Ministerio de Agricultura y el director de la SAE, para que en el territorio le expliquen al campesino qu\u00e9 pasa con las tierras y se haga efectiva la reforma agraria.<\/p>\n\n\n\n<p class=\"has-black-color has-text-color has-link-color wp-elements-658e1034c4f6ec9f37a5c571734b35d7\">El bloqueo del 3 de junio dur\u00f3 3 d\u00edas, campesinos y campesinas, j\u00f3venes, abuelos y adultos parados bajo el abrasador sol coste\u00f1o, en una v\u00eda nacional defendiendo la justeza de su causa, explicando su necesidad de tierras y se\u00f1alando que es el gobierno y su incumplimiento, el responsable del bloqueo. Todos los d\u00edas unos trabajan en las ollas comunitarias, para garantizar el alimento de los campesinos luchadores, otros se encargan de garantizar la hidrataci\u00f3n, con cavas con hielo y bolsas de agua distribuidas en diferentes puntos del bloqueo, otros son los encargados de poner los palos y obst\u00e1culos para impedir el paso de los camiones, carros y motos y de contenerlos cuando se intentan pasar, de explicarles su lucha y persuadirnos para que los entiendan y apoyen. Otros se encargan de las conversaciones con el Gobierno Nacional y sus instituciones. Al cabo de tres d\u00edas, gracias a la presi\u00f3n de los campesinos, lograron que Harman se comprometiera a llegar al territorio para el d\u00eda 19 de junio, junto con otras entidades del gobierno. D\u00edas antes de este compromiso, Harman movi\u00f3 la fecha de su llegada para el s\u00e1bado 21 de junio.<\/p>\n\n\n\n<p class=\"has-vivid-red-color has-text-color has-link-color wp-elements-426ed1ebf1011e0cde69933ab79f48d9\"><strong>El incumplimiento de Harman<\/strong><\/p>\n\n\n\n<p class=\"has-black-color has-text-color has-link-color wp-elements-ffc4f993866851b0223cc34fda2b3f41\">El s\u00e1bado 21, un gran n\u00famero de campesinos de Magangu\u00e9 llegaron desde sus corregimientos, en motos, en busetas y caminando, los que viven m\u00e1s cerca, al corregimiento de Henequ\u00e9n, punto donde se dar\u00eda la reuni\u00f3n entre los campesinos y la ANT, estuvieron cocinando sopa y arroz para aguantar la jornada, muchos cuentan el gran esfuerzo que hicieron para poder conseguir los recursos para llegar y llevar el aporte para la olla comunitaria.<\/p>\n\n\n\n<p class=\"has-black-color has-text-color has-link-color wp-elements-4fa064363a7d455dd38570fa4d1eb1c8\">Una mujer ind\u00edgena que estuvo presente desde bien temprano, esperando la llegada de Harman, dec\u00eda: \u201cvoy a hablar con el director de la ANT, tengo un papel que dice esta tierra es suya, pero a m\u00ed no me han dado nada, excepto ese papel hace ya unos meses, pero nada de la tierra, entonces qu\u00e9 pasa con la tierra\u201d.<\/p>\n\n\n\n<figure class=\"wp-block-image size-large\"><img loading=\"lazy\" decoding=\"async\" width=\"1024\" height=\"665\" src=\"https:\/\/nuevademocracia.com.co\/wp-content\/uploads\/2025\/07\/04.-paro-magangue-1024x665.jpg\" alt=\"\" class=\"wp-image-27832\" srcset=\"https:\/\/nuevademocracia.com.co\/wp-content\/uploads\/2025\/07\/04.-paro-magangue-1024x665.jpg 1024w, https:\/\/nuevademocracia.com.co\/wp-content\/uploads\/2025\/07\/04.-paro-magangue-300x195.jpg 300w, https:\/\/nuevademocracia.com.co\/wp-content\/uploads\/2025\/07\/04.-paro-magangue-768x499.jpg 768w, https:\/\/nuevademocracia.com.co\/wp-content\/uploads\/2025\/07\/04.-paro-magangue-1536x998.jpg 1536w, https:\/\/nuevademocracia.com.co\/wp-content\/uploads\/2025\/07\/04.-paro-magangue.jpg 1663w\" sizes=\"auto, (max-width: 1024px) 100vw, 1024px\" \/><\/figure>\n\n\n\n<p class=\"has-black-color has-text-color has-link-color wp-elements-1a1a0ad63c8d0cc3975ad51f66c5d990\">Los campesinos estuvieron toda la ma\u00f1ana organizando la log\u00edstica del evento, cocinando, limpiando, haciendo carteles, y acomodando sillas, mientras esperaban la llegada de Harman acordada para las 2:00 pm. Una vez llegada esa hora, el presidente de la ANUC Magangu\u00e9 re\u00fane a los presidentes de las diferentes asociaciones y les anuncia que Harman no va llegar, que escribi\u00f3 un correo electr\u00f3nico diciendo que no podr\u00eda asistir ese d\u00eda y reprogramando su visita para el s\u00e1bado 28 de junio. Ya desde antes de saberse la noticia, se escuchaban rumores entre los campesinos de que Harman no iba a llegar y comentarios de que, si no llegaba, se bloquear\u00eda la v\u00eda. Los presidentes de asociaciones acordaron salir a bloquear la v\u00eda, y al salir de su reuni\u00f3n y confirmar al resto de campesinos que Harman no llegar\u00eda, estos ni esperaron orientaci\u00f3n, sino que decididos empezaron a caminar en direcci\u00f3n a la carretera para bloquear. Ten\u00edan una justa indignaci\u00f3n, dec\u00edan que era una burla hacia el campesinado, una falta de respeto y contaban todo el esfuerzo que hicieron para llegar y las horas que esperaron. El bloqueo se levant\u00f3 ese mismo d\u00eda, pues como confiaban en que Harman llegar\u00eda, no estaban preparados para sostener un paro de varios d\u00edas, por ello acordaron una nueva fecha de bloqueos para el martes 24 de junio, y as\u00ed tener tiempo de organizarlo y continuar la presi\u00f3n.<\/p>\n\n\n\n<p class=\"has-vivid-red-color has-text-color has-link-color wp-elements-1c196c92e0eed031643f0ead0c404a19\"><strong>Bloqueo del 24 al 28 de junio<\/strong><\/p>\n\n\n\n<p class=\"has-black-color has-text-color has-link-color wp-elements-d3e51fc2fab3ede48434d229a0e5ecc0\">Gracias al ejemplo de los campesinos de Magangu\u00e9 y ante el incumplimiento de Harman, otras organizaciones afiliadas a la ANUC en los departamentos de Sucre, Cauca y Bol\u00edvar, convocaron bloqueos en sus municipios, as\u00ed, del martes 24 al s\u00e1bado 28, se dieron bloqueos en 3 puntos, uno en Bol\u00edvar, uno en Sucre y uno en Cauca. Adem\u00e1s, no como parte de la ANUC, pero con la misma exigencia de tierra, se presentaron bloqueos en el departamento del Tolima. Los campesinos de Magangu\u00e9 se sienten orgullosos de lograr jalar a otras organizaciones de la ANUC a las calles, a presionar por el cumplimiento de la reforma agraria. Ejemplo de esto, fueron unos campesinos de la ANUC del norte de Bol\u00edvar, quienes llegaron el 24 de junio a apoyar el bloqueo en Magangu\u00e9, y tras escuchar el proceso de los campesinos de Magangu\u00e9, dec\u00edan que ellos tambi\u00e9n deb\u00edan movilizarse, hacer lo mismo, puesto que ellos al igual que los campesinos maganguele\u00f1os no han recibido tierra y tambi\u00e9n han hecho todos los tr\u00e1mites.<\/p>\n\n\n\n<p class=\"has-black-color has-text-color has-link-color wp-elements-a4a60fe4889d4a8e5d66a8314072676a\">El martes 24 de junio campesinos y campesinas de los corregimientos de Magangu\u00e9 bloquearon desde las 6:00 am., la v\u00eda Camilo Torres. Iniciaron, cruzando las motos para cerrar la v\u00eda, mientras otros sacaban una carpa para montar la caseta donde se alojar\u00edan, en ese momento, una campesina lleg\u00f3 con un cuchar\u00f3n y un cartel que iba a colgar en la carpa, cuando llegaron varios compa\u00f1eros de su organizaci\u00f3n con vallas de la ANUC, le recibieron el cartel y en medio de sonrisas, abrazos y saludos calurosos, se ve\u00eda la determinaci\u00f3n de quienes luchan por la tierra en nuestro pa\u00eds, cada uno cumpliendo una labor, ayud\u00e1ndose mutuamente, con esp\u00edritu sencillo y audaz.<\/p>\n\n\n\n<p class=\"has-black-color has-text-color has-link-color wp-elements-2dda6d12316724425177d7edaa6a3d0f\">M\u00e1s tarde se acercaron camioneros, mototaxistas, pasajeros a preguntar \u00bfpor qu\u00e9 se estaba bloqueando? Los campesinos llevaban un volante explicando su lucha, lo entregaban y contaban que llevan a\u00f1os exigiendo la entrega de tierra para trabajar pues muchos no tienen, contaban de sus condiciones de vida, de los procesos que han hecho y de los incumplimientos del gobierno, se\u00f1alando que ellos no quer\u00edan llegar a esto pero que no les queda otra v\u00eda.<\/p>\n\n\n\n<figure class=\"wp-block-image size-large\"><img loading=\"lazy\" decoding=\"async\" width=\"1024\" height=\"477\" src=\"https:\/\/nuevademocracia.com.co\/wp-content\/uploads\/2025\/07\/01.-paro-magangue-1024x477.jpg\" alt=\"\" class=\"wp-image-27831\" srcset=\"https:\/\/nuevademocracia.com.co\/wp-content\/uploads\/2025\/07\/01.-paro-magangue-1024x477.jpg 1024w, https:\/\/nuevademocracia.com.co\/wp-content\/uploads\/2025\/07\/01.-paro-magangue-300x140.jpg 300w, https:\/\/nuevademocracia.com.co\/wp-content\/uploads\/2025\/07\/01.-paro-magangue-768x358.jpg 768w, https:\/\/nuevademocracia.com.co\/wp-content\/uploads\/2025\/07\/01.-paro-magangue.jpg 1453w\" sizes=\"auto, (max-width: 1024px) 100vw, 1024px\" \/><\/figure>\n\n\n\n<p class=\"has-black-color has-text-color has-link-color wp-elements-e8fc267ba773dfe026922973ce4103c8\">Durante la jornada de bloqueos los campesinos hicieron carteles con sus exigencias, gritaron sus reivindicaciones, dieron entrevistas y se mantuvieron firmes en que la lucha era el \u00fanico camino que les quedaba. El bloqueo se mantuvo hasta el s\u00e1bado 28, y lograron que diferentes entidades del Gobierno Nacional como el Ministerio del Interior, el de Agricultura, la SAE y la ANT se reunieran con ellos el martes 1 de julio, d\u00eda en que van a retomar los bloqueos, pues consideran que deben seguir presionando hasta que haya avances concretos en cuanto a la entrega de tierras. El proceso organizativo de los campesinos maganguele\u00f1os en busca de tierras, muestra que tambi\u00e9n en este gobierno, el camino que tiene el campesinado para conseguir tierra es la lucha, los bloqueos, las tomas de oficinas y las tomas de tierra. As\u00ed lo expresaba un campesino: \u201csi con estos bloqueos no nos hacen caso, yo ya no vengo m\u00e1s a la v\u00eda, yo ya voy es para la tierra\u201d. Hoy, como en las luchas de la ANUC de los 70, la lucha directa para concretar la reforma agraria se pone a la orden de d\u00eda, ante el agotamiento de los mecanismos institucionales.<\/p>\n","protected":false},"excerpt":{"rendered":"<p>La lucha directa para concretar la reforma agraria se pone a la orden de d\u00eda, ante el agotamiento de los mecanismos institucionales.<\/p>\n","protected":false},"author":1,"featured_media":27830,"comment_status":"open","ping_status":"open","sticky":false,"template":"","format":"standard","meta":{"footnotes":""},"categories":[16,4,144],"tags":[21,206],"class_list":["post-27829","post","type-post","status-publish","format-standard","has-post-thumbnail","hentry","category-carrusel","category-colombia","category-lucha-por-la-tierra","tag-campesinos","tag-protesta"],"blocksy_meta":[],"_links":{"self":[{"href":"https:\/\/nuevademocracia.com.co\/index.php?rest_route=\/wp\/v2\/posts\/27829","targetHints":{"allow":["GET"]}}],"collection":[{"href":"https:\/\/nuevademocracia.com.co\/index.php?rest_route=\/wp\/v2\/posts"}],"about":[{"href":"https:\/\/nuevademocracia.com.co\/index.php?rest_route=\/wp\/v2\/types\/post"}],"author":[{"embeddable":true,"href":"https:\/\/nuevademocracia.com.co\/index.php?rest_route=\/wp\/v2\/users\/1"}],"replies":[{"embeddable":true,"href":"https:\/\/nuevademocracia.com.co\/index.php?rest_route=%2Fwp%2Fv2%2Fcomments&post=27829"}],"version-history":[{"count":1,"href":"https:\/\/nuevademocracia.com.co\/index.php?rest_route=\/wp\/v2\/posts\/27829\/revisions"}],"predecessor-version":[{"id":27833,"href":"https:\/\/nuevademocracia.com.co\/index.php?rest_route=\/wp\/v2\/posts\/27829\/revisions\/27833"}],"wp:featuredmedia":[{"embeddable":true,"href":"https:\/\/nuevademocracia.com.co\/index.php?rest_route=\/wp\/v2\/media\/27830"}],"wp:attachment":[{"href":"https:\/\/nuevademocracia.com.co\/index.php?rest_route=%2Fwp%2Fv2%2Fmedia&parent=27829"}],"wp:term":[{"taxonomy":"category","embeddable":true,"href":"https:\/\/nuevademocracia.com.co\/index.php?rest_route=%2Fwp%2Fv2%2Fcategories&post=27829"},{"taxonomy":"post_tag","embeddable":true,"href":"https:\/\/nuevademocracia.com.co\/index.php?rest_route=%2Fwp%2Fv2%2Ftags&post=27829"}],"curies":[{"name":"wp","href":"https:\/\/api.w.org\/{rel}","templated":true}]}}