{"id":27834,"date":"2025-07-06T09:59:54","date_gmt":"2025-07-06T14:59:54","guid":{"rendered":"https:\/\/nuevademocracia.com.co\/?p=27834"},"modified":"2025-07-09T11:55:11","modified_gmt":"2025-07-09T16:55:11","slug":"en-estados-unidos-el-pueblo-logra-desafiar-la-represion-anti-inmigrante","status":"publish","type":"post","link":"https:\/\/nuevademocracia.com.co\/?p=27834","title":{"rendered":"En Estados Unidos, el pueblo logra desafiar la represi\u00f3n anti-inmigrante."},"content":{"rendered":"\n<figure class=\"wp-block-image size-large\"><img loading=\"lazy\" decoding=\"async\" width=\"1024\" height=\"576\" src=\"https:\/\/nuevademocracia.com.co\/wp-content\/uploads\/2025\/07\/FOTO-SARAH-YENESEL-EFE-1024x576.jpg\" alt=\"\" class=\"wp-image-27835\" srcset=\"https:\/\/nuevademocracia.com.co\/wp-content\/uploads\/2025\/07\/FOTO-SARAH-YENESEL-EFE-1024x576.jpg 1024w, https:\/\/nuevademocracia.com.co\/wp-content\/uploads\/2025\/07\/FOTO-SARAH-YENESEL-EFE-300x169.jpg 300w, https:\/\/nuevademocracia.com.co\/wp-content\/uploads\/2025\/07\/FOTO-SARAH-YENESEL-EFE-768x432.jpg 768w, https:\/\/nuevademocracia.com.co\/wp-content\/uploads\/2025\/07\/FOTO-SARAH-YENESEL-EFE.jpg 1152w\" sizes=\"auto, (max-width: 1024px) 100vw, 1024px\" \/><figcaption class=\"wp-element-caption\">Protestas contra ICE en NY. Foto: Sarah Yenesel \/EFE<\/figcaption><\/figure>\n\n\n\n<p class=\"has-black-color has-text-color has-link-color wp-elements-aa5945b617757e478978bc89e5c3139a\">Hace unos d\u00edas, a comienzos julio, se hizo viral por redes sociales, un video en el que se muestra a un grupo grande de personas defendi\u00e9ndose de los agentes de la agencia ICE &#8211; Immigration Customs Enforcement -, entidad creada por Barack Obama para hostigar y detener a trabajadores migrantes del tercer mundo que se encuentran viviendo en Estados Unidos. Seg\u00fan la informaci\u00f3n que dan los usuarios, los hechos tuvieron lugar en Brooklyn, Nueva York, y sus protagonistas serian en su mayor\u00eda miembros de la comunidad haitiana, la cual se sabe que cuenta con una presencia importante en ese distrito [1].<\/p>\n\n\n\n<p class=\"has-black-color has-text-color has-link-color wp-elements-893a5c8d84c3ebf3f505c25b66b77c66\">El video ha circulado principalmente en la red social TikTok, que es de propiedad del socialimperialismo chino. Usuarios especulan que medios monop\u00f3licos estadounidenses no han querido transmitirlo por sus plataformas, lo cual tendr\u00eda sentido ya que muestra un caso exitoso de uni\u00f3n, entre miembros de una comunidad popular contra la acci\u00f3n represiva de una entidad estatal.<\/p>\n\n\n\n<p class=\"has-black-color has-text-color has-link-color wp-elements-33e4142164c112c56f5998cd8760f2f6\">La comunidad haitiana ha sido blanco de los ataques del archirreaccionario Trump y del Estado imperialista como un todo. Las clases dominantes de Estados Unidos han desestabilizado a Hait\u00ed durante d\u00e9cadas y, no contentos con ello, hace poco entr\u00f3 en vigor una prohibici\u00f3n oficial de ingreso a EE.UU., para cualquier persona proveniente de Hait\u00ed. Esto es, el imperialismo propicia condiciones de inhabitabilidad en el pa\u00eds y al tiempo reprende a aquellos trabajadores que deciden migrar al centro imperialista. Otra muestra, ha sido que la actual administraci\u00f3n est\u00e1 determinada a remover el Estatus de Protecci\u00f3n Migratoria; uno de los amparos que ten\u00edan los migrantes haitianos y de otras nacionalidades como Nicaragua, Venezuela y Cuba para trabajar legalmente en Estados Unidos [2].<\/p>\n\n\n\n<p class=\"has-vivid-red-color has-text-color has-link-color wp-elements-dd2f413a1616e738fc4135077443f4cc\"><strong>Trump hace maromas para asustar, sin \u00e9xito.<\/strong><\/p>\n\n\n\n<p class=\"has-black-color has-text-color has-link-color wp-elements-a5246c8be1d61daaa96e026ab6e502ae\">La administraci\u00f3n del ultraderechista Donald Trump Jr., se ha mostrado ambivalente al respecto de la imagen que quieren dar ante el p\u00fablico, respecto a su efectividad en las deportaciones de trabajadores.<\/p>\n\n\n\n<p class=\"has-black-color has-text-color has-link-color wp-elements-2951ef22de0b2d6aa44307c903ada9d9\">Por un lado, inauguraron el centro de detenci\u00f3n Alligator Alcatraz (Caim\u00e1n Alcatraz, en espa\u00f1ol), cuyo nombre le fue dado en referencia a su cercan\u00eda con el Parque Nacional Everglades, en la Florida, lugar que alberga cantidad de animales salvajes, entre ellos caimanes. Cuando se le pregunt\u00f3 a Trump si esto pretend\u00eda enviar un mensaje de miedo a trabajadores migrantes, respondi\u00f3: \u201csupongo que s\u00ed, ese es el concepto\u201d. Y a\u00f1adi\u00f3: \u201cles vamos a ense\u00f1ar [a los migrantes] como escaparse de los caimanes\u201d [3].<\/p>\n\n\n\n<figure class=\"wp-block-image size-full\"><img loading=\"lazy\" decoding=\"async\" width=\"800\" height=\"533\" src=\"https:\/\/nuevademocracia.com.co\/wp-content\/uploads\/2025\/07\/Andrew-Caballero-ReynoldsAFP-via-Getty-Images-Trump-Alligator-Alcatraz.jpg\" alt=\"\" class=\"wp-image-27836\" srcset=\"https:\/\/nuevademocracia.com.co\/wp-content\/uploads\/2025\/07\/Andrew-Caballero-ReynoldsAFP-via-Getty-Images-Trump-Alligator-Alcatraz.jpg 800w, https:\/\/nuevademocracia.com.co\/wp-content\/uploads\/2025\/07\/Andrew-Caballero-ReynoldsAFP-via-Getty-Images-Trump-Alligator-Alcatraz-300x200.jpg 300w, https:\/\/nuevademocracia.com.co\/wp-content\/uploads\/2025\/07\/Andrew-Caballero-ReynoldsAFP-via-Getty-Images-Trump-Alligator-Alcatraz-768x512.jpg 768w\" sizes=\"auto, (max-width: 800px) 100vw, 800px\" \/><figcaption class=\"wp-element-caption\">Trump visita Alligator Alcatraz. Foto: Andrew Caballero-Reynolds \/AFP via Getty Images<\/figcaption><\/figure>\n\n\n\n<p class=\"has-black-color has-text-color has-link-color wp-elements-d51dbc820540d639b9feb9cce3835bd7\">Por otro lado, adem\u00e1s del video ya referenciado, la misma administraci\u00f3n ha anunciado un aumento significativo de agresiones contra funcionarios de la agencia ICE. Diferentes cifras se han dado al p\u00fablico, aumentos entre 500% al 700%; por lo cual, se tiene claro que ellos no tienen una medida exacta de estos asaltos y agresiones [4]. Pero, tambi\u00e9n, se tiene claro que est\u00e1n al tanto de que, a lo largo y ancho del pa\u00eds, las comunidades de trabajadores migrantes y no migrantes se han mostrado dispuestas a desafiar a esta entidad represiva, y con ello, la \u201cautoridad\u201d del viejo Estado imperialista.<\/p>\n\n\n\n<p class=\"has-black-color has-text-color has-link-color wp-elements-71ce70802718ecf81289a672fe4cc6db\"><strong>Notas<\/strong><\/p>\n\n\n\n<p class=\"has-black-color has-text-color has-link-color wp-elements-26611dbedb2ef2fdb81486fab0dd1671\">[1] <a href=\"https:\/\/www.instagram.com\/reel\/DLd5iGbu338\/\">https:\/\/www.instagram.com\/reel\/DLd5iGbu338\/<\/a><\/p>\n\n\n\n<p class=\"has-black-color has-text-color has-link-color wp-elements-de9eb046e38daf799a524dd060048f5b\">[2] <a href=\"https:\/\/www.usatoday.com\/story\/news\/politics\/2025\/07\/02\/haiti-temporary-work-deportation-programtrump-dhs\/84439053007\/\">https:\/\/www.usatoday.com\/story\/news\/politics\/2025\/07\/02\/haiti-temporary-work-deportation-programtrump-dhs\/84439053007\/<\/a><\/p>\n\n\n\n<p class=\"has-black-color has-text-color has-link-color wp-elements-150dc134484fe289a103dcff2fb4d157\">[3] <a href=\"https:\/\/www.npr.org\/2025\/07\/01\/nx-s1-5453078\/trump-alligator-alcatraz-visit-migrant-detentioncenter\">https:\/\/www.npr.org\/2025\/07\/01\/nx-s1-5453078\/trump-alligator-alcatraz-visit-migrant-detentioncenter<\/a><\/p>\n\n\n\n<p class=\"has-black-color has-text-color has-link-color wp-elements-01dfcabc711dea889981be0f12700dee\">[4] <a href=\"https:\/\/www.yahoo.com\/news\/ice-accidentally-reveals-making-claims-163516346.html\">https:\/\/www.yahoo.com\/news\/ice-accidentally-reveals-making-claims-163516346.html<\/a><\/p>\n","protected":false},"excerpt":{"rendered":"<p>A lo largo y ancho del pa\u00eds las comunidades de trabajadores migrantes y no migrantes desaf\u00edan a esta entidad represiva.<\/p>\n","protected":false},"author":1,"featured_media":27835,"comment_status":"open","ping_status":"open","sticky":false,"template":"","format":"standard","meta":{"footnotes":""},"categories":[16,31],"tags":[149,207,32,39,146,18,208],"class_list":["post-27834","post","type-post","status-publish","format-standard","has-post-thumbnail","hentry","category-carrusel","category-internacional","tag-ee-uu","tag-ice","tag-imperialismo","tag-internacionalismo","tag-migrantes","tag-protestas","tag-represion"],"blocksy_meta":[],"_links":{"self":[{"href":"https:\/\/nuevademocracia.com.co\/index.php?rest_route=\/wp\/v2\/posts\/27834","targetHints":{"allow":["GET"]}}],"collection":[{"href":"https:\/\/nuevademocracia.com.co\/index.php?rest_route=\/wp\/v2\/posts"}],"about":[{"href":"https:\/\/nuevademocracia.com.co\/index.php?rest_route=\/wp\/v2\/types\/post"}],"author":[{"embeddable":true,"href":"https:\/\/nuevademocracia.com.co\/index.php?rest_route=\/wp\/v2\/users\/1"}],"replies":[{"embeddable":true,"href":"https:\/\/nuevademocracia.com.co\/index.php?rest_route=%2Fwp%2Fv2%2Fcomments&post=27834"}],"version-history":[{"count":3,"href":"https:\/\/nuevademocracia.com.co\/index.php?rest_route=\/wp\/v2\/posts\/27834\/revisions"}],"predecessor-version":[{"id":27854,"href":"https:\/\/nuevademocracia.com.co\/index.php?rest_route=\/wp\/v2\/posts\/27834\/revisions\/27854"}],"wp:featuredmedia":[{"embeddable":true,"href":"https:\/\/nuevademocracia.com.co\/index.php?rest_route=\/wp\/v2\/media\/27835"}],"wp:attachment":[{"href":"https:\/\/nuevademocracia.com.co\/index.php?rest_route=%2Fwp%2Fv2%2Fmedia&parent=27834"}],"wp:term":[{"taxonomy":"category","embeddable":true,"href":"https:\/\/nuevademocracia.com.co\/index.php?rest_route=%2Fwp%2Fv2%2Fcategories&post=27834"},{"taxonomy":"post_tag","embeddable":true,"href":"https:\/\/nuevademocracia.com.co\/index.php?rest_route=%2Fwp%2Fv2%2Ftags&post=27834"}],"curies":[{"name":"wp","href":"https:\/\/api.w.org\/{rel}","templated":true}]}}