{"id":27839,"date":"2025-07-07T10:44:20","date_gmt":"2025-07-07T15:44:20","guid":{"rendered":"https:\/\/nuevademocracia.com.co\/?p=27839"},"modified":"2025-07-07T10:45:10","modified_gmt":"2025-07-07T15:45:10","slug":"marcha-global-por-gaza-en-medellin","status":"publish","type":"post","link":"https:\/\/nuevademocracia.com.co\/?p=27839","title":{"rendered":"Marcha global por Gaza en Medell\u00edn"},"content":{"rendered":"\n<figure class=\"wp-block-image aligncenter size-full is-resized\"><img loading=\"lazy\" decoding=\"async\" width=\"920\" height=\"621\" src=\"https:\/\/nuevademocracia.com.co\/wp-content\/uploads\/2025\/07\/image-7.png\" alt=\"\" class=\"wp-image-27844\" style=\"width:553px;height:auto\" srcset=\"https:\/\/nuevademocracia.com.co\/wp-content\/uploads\/2025\/07\/image-7.png 920w, https:\/\/nuevademocracia.com.co\/wp-content\/uploads\/2025\/07\/image-7-300x203.png 300w, https:\/\/nuevademocracia.com.co\/wp-content\/uploads\/2025\/07\/image-7-768x518.png 768w\" sizes=\"auto, (max-width: 920px) 100vw, 920px\" \/><\/figure>\n\n\n\n<p class=\"has-black-color has-text-color has-link-color wp-elements-7b2657309727d239c001e6b72dc6f919\">Algunas de las im\u00e1genes que dej\u00f3 la movilizaci\u00f3n del domingo 15 de junio en la ciudad de Medell\u00edn, alrededor de 300 personas se movilizaron como acto de solidaridad a la resistencia del Pueblo Palestino y en denuncia al genocidio perpetrado por el Estado de Israel, en el marco de la Marcha Global por Gaza.<\/p>\n\n\n\n<p class=\"has-black-color has-text-color has-link-color wp-elements-f4d3d7f328f97106cc45dbd2e7939283\">&nbsp;El 15 de junio fue un d\u00eda en el que diferentes pueblos del mundo se movilizaron para expresar apoyo a palestina y en particular al pueblo de la franja de Gaza, que hoy enfrentan el genocidio televisado m\u00e1s grande de la historia, con constantes ataques a centros poblados y campamentos de refugiados, m\u00e1s de 50 mil personas asesinadas, entre ellas, cerca de 20 mil ni\u00f1os y ni\u00f1as gazat\u00edes.<\/p>\n\n\n\n<p class=\"has-black-color has-text-color has-link-color wp-elements-9edc49cfc74ecdb3c15bf45e2fc9b1ee\">Durante la jornada que fue convocada por sectores democr\u00e1ticos y afines a la causa palestina, se vio la participaci\u00f3n de la comunidad \u00e1rabe, familias, estudiantes, y diferentes organizaciones que, a trav\u00e9s de pancartas, fotos, actos de denuncias y homenajes expresaron su solidaridad hacia la causa del pueblo palestino.<\/p>\n\n\n\n<div class=\"wp-block-group is-nowrap is-layout-flex wp-container-core-group-is-layout-6c531013 wp-block-group-is-layout-flex\">\n<figure class=\"wp-block-image size-large is-resized\"><img loading=\"lazy\" decoding=\"async\" width=\"1024\" height=\"678\" src=\"https:\/\/nuevademocracia.com.co\/wp-content\/uploads\/2025\/07\/DSC0141-1024x678.jpg\" alt=\"\" class=\"wp-image-27840\" style=\"width:423px;height:auto\" srcset=\"https:\/\/nuevademocracia.com.co\/wp-content\/uploads\/2025\/07\/DSC0141-1024x678.jpg 1024w, https:\/\/nuevademocracia.com.co\/wp-content\/uploads\/2025\/07\/DSC0141-300x199.jpg 300w, https:\/\/nuevademocracia.com.co\/wp-content\/uploads\/2025\/07\/DSC0141-768x509.jpg 768w, https:\/\/nuevademocracia.com.co\/wp-content\/uploads\/2025\/07\/DSC0141-1536x1017.jpg 1536w, https:\/\/nuevademocracia.com.co\/wp-content\/uploads\/2025\/07\/DSC0141-2048x1356.jpg 2048w\" sizes=\"auto, (max-width: 1024px) 100vw, 1024px\" \/><\/figure>\n\n\n\n<figure class=\"wp-block-image size-large is-resized\"><img loading=\"lazy\" decoding=\"async\" width=\"1024\" height=\"678\" src=\"https:\/\/nuevademocracia.com.co\/wp-content\/uploads\/2025\/07\/DSC0144-1024x678.jpg\" alt=\"\" class=\"wp-image-27841\" style=\"width:424px;height:auto\" srcset=\"https:\/\/nuevademocracia.com.co\/wp-content\/uploads\/2025\/07\/DSC0144-1024x678.jpg 1024w, https:\/\/nuevademocracia.com.co\/wp-content\/uploads\/2025\/07\/DSC0144-300x199.jpg 300w, https:\/\/nuevademocracia.com.co\/wp-content\/uploads\/2025\/07\/DSC0144-768x509.jpg 768w, https:\/\/nuevademocracia.com.co\/wp-content\/uploads\/2025\/07\/DSC0144-1536x1017.jpg 1536w, https:\/\/nuevademocracia.com.co\/wp-content\/uploads\/2025\/07\/DSC0144-2048x1356.jpg 2048w\" sizes=\"auto, (max-width: 1024px) 100vw, 1024px\" \/><\/figure>\n<\/div>\n\n\n\n<p><\/p>\n\n\n\n<div class=\"wp-block-group is-nowrap is-layout-flex wp-container-core-group-is-layout-6c531013 wp-block-group-is-layout-flex\">\n<figure class=\"wp-block-image size-large is-resized\"><img loading=\"lazy\" decoding=\"async\" width=\"1024\" height=\"678\" src=\"https:\/\/nuevademocracia.com.co\/wp-content\/uploads\/2025\/07\/DSC0146-1024x678.jpg\" alt=\"\" class=\"wp-image-27842\" style=\"width:412px;height:auto\" srcset=\"https:\/\/nuevademocracia.com.co\/wp-content\/uploads\/2025\/07\/DSC0146-1024x678.jpg 1024w, https:\/\/nuevademocracia.com.co\/wp-content\/uploads\/2025\/07\/DSC0146-300x199.jpg 300w, https:\/\/nuevademocracia.com.co\/wp-content\/uploads\/2025\/07\/DSC0146-768x509.jpg 768w, https:\/\/nuevademocracia.com.co\/wp-content\/uploads\/2025\/07\/DSC0146-1536x1017.jpg 1536w, https:\/\/nuevademocracia.com.co\/wp-content\/uploads\/2025\/07\/DSC0146-2048x1356.jpg 2048w\" sizes=\"auto, (max-width: 1024px) 100vw, 1024px\" \/><\/figure>\n\n\n\n<figure class=\"wp-block-image size-full is-resized\"><img loading=\"lazy\" decoding=\"async\" width=\"950\" height=\"618\" src=\"https:\/\/nuevademocracia.com.co\/wp-content\/uploads\/2025\/07\/image-8.png\" alt=\"\" class=\"wp-image-27845\" style=\"width:413px;height:auto\" srcset=\"https:\/\/nuevademocracia.com.co\/wp-content\/uploads\/2025\/07\/image-8.png 950w, https:\/\/nuevademocracia.com.co\/wp-content\/uploads\/2025\/07\/image-8-300x195.png 300w, https:\/\/nuevademocracia.com.co\/wp-content\/uploads\/2025\/07\/image-8-768x500.png 768w\" sizes=\"auto, (max-width: 950px) 100vw, 950px\" \/><\/figure>\n<\/div>\n\n\n\n<p><\/p>\n\n\n\n<div class=\"wp-block-group is-nowrap is-layout-flex wp-container-core-group-is-layout-6c531013 wp-block-group-is-layout-flex\">\n<figure class=\"wp-block-image size-full is-resized\"><img loading=\"lazy\" decoding=\"async\" width=\"453\" height=\"687\" src=\"https:\/\/nuevademocracia.com.co\/wp-content\/uploads\/2025\/07\/image-10.png\" alt=\"\" class=\"wp-image-27847\" style=\"width:345px;height:auto\" srcset=\"https:\/\/nuevademocracia.com.co\/wp-content\/uploads\/2025\/07\/image-10.png 453w, https:\/\/nuevademocracia.com.co\/wp-content\/uploads\/2025\/07\/image-10-198x300.png 198w\" sizes=\"auto, (max-width: 453px) 100vw, 453px\" \/><\/figure>\n\n\n\n<figure class=\"wp-block-image size-full is-resized\"><img loading=\"lazy\" decoding=\"async\" width=\"454\" height=\"682\" src=\"https:\/\/nuevademocracia.com.co\/wp-content\/uploads\/2025\/07\/image-11.png\" alt=\"\" class=\"wp-image-27848\" style=\"width:349px;height:auto\" srcset=\"https:\/\/nuevademocracia.com.co\/wp-content\/uploads\/2025\/07\/image-11.png 454w, https:\/\/nuevademocracia.com.co\/wp-content\/uploads\/2025\/07\/image-11-200x300.png 200w\" sizes=\"auto, (max-width: 454px) 100vw, 454px\" \/><\/figure>\n<\/div>\n\n\n\n<p><\/p>\n\n\n\n<figure class=\"wp-block-image aligncenter size-full is-resized\"><img loading=\"lazy\" decoding=\"async\" width=\"455\" height=\"687\" src=\"https:\/\/nuevademocracia.com.co\/wp-content\/uploads\/2025\/07\/image-12.png\" alt=\"\" class=\"wp-image-27849\" style=\"width:314px;height:auto\" srcset=\"https:\/\/nuevademocracia.com.co\/wp-content\/uploads\/2025\/07\/image-12.png 455w, https:\/\/nuevademocracia.com.co\/wp-content\/uploads\/2025\/07\/image-12-199x300.png 199w\" sizes=\"auto, (max-width: 455px) 100vw, 455px\" \/><\/figure>\n\n\n\n<p><\/p>\n\n\n\n<figure class=\"wp-block-embed is-type-video is-provider-youtube wp-block-embed-youtube wp-embed-aspect-16-9 wp-has-aspect-ratio\"><div class=\"wp-block-embed__wrapper\">\n<iframe loading=\"lazy\" title=\"Marcha global por Gaza en Medell\u00edn\" width=\"1290\" height=\"726\" src=\"https:\/\/www.youtube.com\/embed\/3E8mDKYSWoo?feature=oembed\" frameborder=\"0\" allow=\"accelerometer; autoplay; clipboard-write; encrypted-media; gyroscope; picture-in-picture; web-share\" referrerpolicy=\"strict-origin-when-cross-origin\" allowfullscreen><\/iframe>\n<\/div><\/figure>\n","protected":false},"excerpt":{"rendered":"<p>Algunas de las im\u00e1genes que dej\u00f3 la movilizaci\u00f3n del domingo 15 de junio en la ciudad de Medell\u00edn, alrededor de 300 personas se movilizaron como acto de solidaridad a la resistencia del Pueblo Palestino y en denuncia al genocidio perpetrado por el Estado de Israel, en el marco de la Marcha Global por Gaza.<\/p>\n","protected":false},"author":1,"featured_media":27844,"comment_status":"open","ping_status":"open","sticky":false,"template":"","format":"standard","meta":{"footnotes":""},"categories":[4,135],"tags":[],"class_list":["post-27839","post","type-post","status-publish","format-standard","has-post-thumbnail","hentry","category-colombia","category-resistencia-palestina"],"blocksy_meta":[],"_links":{"self":[{"href":"https:\/\/nuevademocracia.com.co\/index.php?rest_route=\/wp\/v2\/posts\/27839","targetHints":{"allow":["GET"]}}],"collection":[{"href":"https:\/\/nuevademocracia.com.co\/index.php?rest_route=\/wp\/v2\/posts"}],"about":[{"href":"https:\/\/nuevademocracia.com.co\/index.php?rest_route=\/wp\/v2\/types\/post"}],"author":[{"embeddable":true,"href":"https:\/\/nuevademocracia.com.co\/index.php?rest_route=\/wp\/v2\/users\/1"}],"replies":[{"embeddable":true,"href":"https:\/\/nuevademocracia.com.co\/index.php?rest_route=%2Fwp%2Fv2%2Fcomments&post=27839"}],"version-history":[{"count":1,"href":"https:\/\/nuevademocracia.com.co\/index.php?rest_route=\/wp\/v2\/posts\/27839\/revisions"}],"predecessor-version":[{"id":27850,"href":"https:\/\/nuevademocracia.com.co\/index.php?rest_route=\/wp\/v2\/posts\/27839\/revisions\/27850"}],"wp:featuredmedia":[{"embeddable":true,"href":"https:\/\/nuevademocracia.com.co\/index.php?rest_route=\/wp\/v2\/media\/27844"}],"wp:attachment":[{"href":"https:\/\/nuevademocracia.com.co\/index.php?rest_route=%2Fwp%2Fv2%2Fmedia&parent=27839"}],"wp:term":[{"taxonomy":"category","embeddable":true,"href":"https:\/\/nuevademocracia.com.co\/index.php?rest_route=%2Fwp%2Fv2%2Fcategories&post=27839"},{"taxonomy":"post_tag","embeddable":true,"href":"https:\/\/nuevademocracia.com.co\/index.php?rest_route=%2Fwp%2Fv2%2Ftags&post=27839"}],"curies":[{"name":"wp","href":"https:\/\/api.w.org\/{rel}","templated":true}]}}