{"id":27856,"date":"2025-07-16T08:24:28","date_gmt":"2025-07-16T13:24:28","guid":{"rendered":"https:\/\/nuevademocracia.com.co\/?p=27856"},"modified":"2025-07-16T08:25:15","modified_gmt":"2025-07-16T13:25:15","slug":"protesta-contra-empresas-israelies-en-la-feria-aeronautica","status":"publish","type":"post","link":"https:\/\/nuevademocracia.com.co\/?p=27856","title":{"rendered":"Protesta contra empresas israel\u00edes en la Feria Aeron\u00e1utica"},"content":{"rendered":"\n<figure class=\"wp-block-image aligncenter size-large is-resized\"><img loading=\"lazy\" decoding=\"async\" width=\"683\" height=\"1024\" src=\"https:\/\/nuevademocracia.com.co\/wp-content\/uploads\/2025\/07\/Planton-Palestina-Rionegro-_Jul13-1-683x1024.jpg\" alt=\"\" class=\"wp-image-27864\" style=\"width:326px;height:auto\" srcset=\"https:\/\/nuevademocracia.com.co\/wp-content\/uploads\/2025\/07\/Planton-Palestina-Rionegro-_Jul13-1-683x1024.jpg 683w, https:\/\/nuevademocracia.com.co\/wp-content\/uploads\/2025\/07\/Planton-Palestina-Rionegro-_Jul13-1-200x300.jpg 200w, https:\/\/nuevademocracia.com.co\/wp-content\/uploads\/2025\/07\/Planton-Palestina-Rionegro-_Jul13-1-768x1152.jpg 768w, https:\/\/nuevademocracia.com.co\/wp-content\/uploads\/2025\/07\/Planton-Palestina-Rionegro-_Jul13-1-1024x1536.jpg 1024w, https:\/\/nuevademocracia.com.co\/wp-content\/uploads\/2025\/07\/Planton-Palestina-Rionegro-_Jul13-1-1365x2048.jpg 1365w, https:\/\/nuevademocracia.com.co\/wp-content\/uploads\/2025\/07\/Planton-Palestina-Rionegro-_Jul13-1.jpg 1440w\" sizes=\"auto, (max-width: 683px) 100vw, 683px\" \/><\/figure>\n\n\n\n<p class=\"has-black-color has-text-color has-link-color wp-elements-c61fc3a6ca0b3f66755c19b8cb82bace\">El pasado domingo 13 de julio, activistas y revolucionarios solidarios con la causa palestina realizaron un mitin a las afueras del Aeropuerto Internacional Jos\u00e9 Mar\u00eda C\u00f3rdova en Rionegro, Antioquia donde se estaba realizando la F-air \u2013 Feria Aeron\u00e1utica.<\/p>\n\n\n\n<p class=\"has-black-color has-text-color has-link-color wp-elements-2de6c9a844a256f342cfb4cb25d8e8c5\">Los activistas y revolucionarios estaban rechazando la presencia de dos empresas militares israel\u00edes, Elbit Systems e Israel Aerospace por vender armas y tecnolog\u00eda que se usan para vigilar la Franja de Gaza y luego bombardearla, es decir, son empresas que participan directamente del genocidio contra el pueblo palestino.&nbsp; Las fuerzas armadas en Colombia han usado esta tecnolog\u00eda para reprimir las diferentes luchas del pueblo en nuestro pa\u00eds.<\/p>\n\n\n\n<p class=\"has-black-color has-text-color has-link-color wp-elements-31fbc780aac5829867b4f9b903c91400\">Los participantes del mitin llevaron banderas de Palestina, meg\u00e1fonos, carteles y pancartas denunciando a dichas empresas y al genocidio en Gaza. Alrededor de tres horas duraron los activistas entregando volantes que explicaban la raz\u00f3n del mitin, gritando consignas y haciendo discursos sobre la situaci\u00f3n en Palestina y sosteniendo los carteles para que las personas que estaban all\u00ed en la Feria los vieran y se enteraran del genocidio en Palestina y de la presencia de dos empresas genocidas.<\/p>\n\n\n\n<div class=\"wp-block-group is-nowrap is-layout-flex wp-container-core-group-is-layout-6c531013 wp-block-group-is-layout-flex\">\n<figure class=\"wp-block-image size-large is-resized\"><img loading=\"lazy\" decoding=\"async\" width=\"1024\" height=\"683\" src=\"https:\/\/nuevademocracia.com.co\/wp-content\/uploads\/2025\/07\/Planton-Palestina-Rionegro-_Jul13-6-1024x683.jpg\" alt=\"\" class=\"wp-image-27857\" style=\"width:389px;height:auto\" srcset=\"https:\/\/nuevademocracia.com.co\/wp-content\/uploads\/2025\/07\/Planton-Palestina-Rionegro-_Jul13-6-1024x683.jpg 1024w, https:\/\/nuevademocracia.com.co\/wp-content\/uploads\/2025\/07\/Planton-Palestina-Rionegro-_Jul13-6-300x200.jpg 300w, https:\/\/nuevademocracia.com.co\/wp-content\/uploads\/2025\/07\/Planton-Palestina-Rionegro-_Jul13-6-768x512.jpg 768w, https:\/\/nuevademocracia.com.co\/wp-content\/uploads\/2025\/07\/Planton-Palestina-Rionegro-_Jul13-6-1536x1024.jpg 1536w, https:\/\/nuevademocracia.com.co\/wp-content\/uploads\/2025\/07\/Planton-Palestina-Rionegro-_Jul13-6-2048x1365.jpg 2048w\" sizes=\"auto, (max-width: 1024px) 100vw, 1024px\" \/><\/figure>\n\n\n\n<figure class=\"wp-block-image size-large is-resized\"><img loading=\"lazy\" decoding=\"async\" width=\"1024\" height=\"683\" src=\"https:\/\/nuevademocracia.com.co\/wp-content\/uploads\/2025\/07\/Planton-Palestina-Rionegro-_Jul13-7-1024x683.jpg\" alt=\"\" class=\"wp-image-27858\" style=\"width:391px;height:auto\" srcset=\"https:\/\/nuevademocracia.com.co\/wp-content\/uploads\/2025\/07\/Planton-Palestina-Rionegro-_Jul13-7-1024x683.jpg 1024w, https:\/\/nuevademocracia.com.co\/wp-content\/uploads\/2025\/07\/Planton-Palestina-Rionegro-_Jul13-7-300x200.jpg 300w, https:\/\/nuevademocracia.com.co\/wp-content\/uploads\/2025\/07\/Planton-Palestina-Rionegro-_Jul13-7-768x512.jpg 768w, https:\/\/nuevademocracia.com.co\/wp-content\/uploads\/2025\/07\/Planton-Palestina-Rionegro-_Jul13-7-1536x1024.jpg 1536w, https:\/\/nuevademocracia.com.co\/wp-content\/uploads\/2025\/07\/Planton-Palestina-Rionegro-_Jul13-7-2048x1365.jpg 2048w\" sizes=\"auto, (max-width: 1024px) 100vw, 1024px\" \/><\/figure>\n<\/div>\n\n\n\n<p><\/p>\n\n\n\n<div class=\"wp-block-group is-nowrap is-layout-flex wp-container-core-group-is-layout-6c531013 wp-block-group-is-layout-flex\">\n<figure class=\"wp-block-image size-large is-resized\"><img loading=\"lazy\" decoding=\"async\" width=\"1024\" height=\"683\" src=\"https:\/\/nuevademocracia.com.co\/wp-content\/uploads\/2025\/07\/Planton-Palestina-Rionegro-_Jul13-10-1024x683.jpg\" alt=\"\" class=\"wp-image-27859\" style=\"width:398px;height:auto\" srcset=\"https:\/\/nuevademocracia.com.co\/wp-content\/uploads\/2025\/07\/Planton-Palestina-Rionegro-_Jul13-10-1024x683.jpg 1024w, https:\/\/nuevademocracia.com.co\/wp-content\/uploads\/2025\/07\/Planton-Palestina-Rionegro-_Jul13-10-300x200.jpg 300w, https:\/\/nuevademocracia.com.co\/wp-content\/uploads\/2025\/07\/Planton-Palestina-Rionegro-_Jul13-10-768x512.jpg 768w, https:\/\/nuevademocracia.com.co\/wp-content\/uploads\/2025\/07\/Planton-Palestina-Rionegro-_Jul13-10-1536x1024.jpg 1536w, https:\/\/nuevademocracia.com.co\/wp-content\/uploads\/2025\/07\/Planton-Palestina-Rionegro-_Jul13-10-2048x1365.jpg 2048w\" sizes=\"auto, (max-width: 1024px) 100vw, 1024px\" \/><\/figure>\n\n\n\n<figure class=\"wp-block-image size-large is-resized\"><img loading=\"lazy\" decoding=\"async\" width=\"1024\" height=\"683\" src=\"https:\/\/nuevademocracia.com.co\/wp-content\/uploads\/2025\/07\/Planton-Palestina-Rionegro-_Jul13-22-1024x683.jpg\" alt=\"\" class=\"wp-image-27860\" style=\"width:402px;height:auto\" srcset=\"https:\/\/nuevademocracia.com.co\/wp-content\/uploads\/2025\/07\/Planton-Palestina-Rionegro-_Jul13-22-1024x683.jpg 1024w, https:\/\/nuevademocracia.com.co\/wp-content\/uploads\/2025\/07\/Planton-Palestina-Rionegro-_Jul13-22-300x200.jpg 300w, https:\/\/nuevademocracia.com.co\/wp-content\/uploads\/2025\/07\/Planton-Palestina-Rionegro-_Jul13-22-768x512.jpg 768w, https:\/\/nuevademocracia.com.co\/wp-content\/uploads\/2025\/07\/Planton-Palestina-Rionegro-_Jul13-22-1536x1024.jpg 1536w, https:\/\/nuevademocracia.com.co\/wp-content\/uploads\/2025\/07\/Planton-Palestina-Rionegro-_Jul13-22-2048x1365.jpg 2048w\" sizes=\"auto, (max-width: 1024px) 100vw, 1024px\" \/><\/figure>\n<\/div>\n\n\n\n<p><\/p>\n\n\n\n<div class=\"wp-block-group is-nowrap is-layout-flex wp-container-core-group-is-layout-6c531013 wp-block-group-is-layout-flex\">\n<figure class=\"wp-block-image size-large is-resized\"><img loading=\"lazy\" decoding=\"async\" width=\"1024\" height=\"683\" src=\"https:\/\/nuevademocracia.com.co\/wp-content\/uploads\/2025\/07\/Planton-Palestina-Rionegro-_Jul13-20-1024x683.jpg\" alt=\"\" class=\"wp-image-27861\" style=\"width:405px;height:auto\" srcset=\"https:\/\/nuevademocracia.com.co\/wp-content\/uploads\/2025\/07\/Planton-Palestina-Rionegro-_Jul13-20-1024x683.jpg 1024w, https:\/\/nuevademocracia.com.co\/wp-content\/uploads\/2025\/07\/Planton-Palestina-Rionegro-_Jul13-20-300x200.jpg 300w, https:\/\/nuevademocracia.com.co\/wp-content\/uploads\/2025\/07\/Planton-Palestina-Rionegro-_Jul13-20-768x512.jpg 768w, https:\/\/nuevademocracia.com.co\/wp-content\/uploads\/2025\/07\/Planton-Palestina-Rionegro-_Jul13-20-1536x1024.jpg 1536w, https:\/\/nuevademocracia.com.co\/wp-content\/uploads\/2025\/07\/Planton-Palestina-Rionegro-_Jul13-20-2048x1365.jpg 2048w\" sizes=\"auto, (max-width: 1024px) 100vw, 1024px\" \/><\/figure>\n\n\n\n<figure class=\"wp-block-image size-large is-resized\"><img loading=\"lazy\" decoding=\"async\" width=\"1024\" height=\"683\" src=\"https:\/\/nuevademocracia.com.co\/wp-content\/uploads\/2025\/07\/Planton-Palestina-Rionegro-_Jul13-8-1-1024x683.jpg\" alt=\"\" class=\"wp-image-27863\" style=\"width:407px;height:auto\" srcset=\"https:\/\/nuevademocracia.com.co\/wp-content\/uploads\/2025\/07\/Planton-Palestina-Rionegro-_Jul13-8-1-1024x683.jpg 1024w, https:\/\/nuevademocracia.com.co\/wp-content\/uploads\/2025\/07\/Planton-Palestina-Rionegro-_Jul13-8-1-300x200.jpg 300w, https:\/\/nuevademocracia.com.co\/wp-content\/uploads\/2025\/07\/Planton-Palestina-Rionegro-_Jul13-8-1-768x512.jpg 768w, https:\/\/nuevademocracia.com.co\/wp-content\/uploads\/2025\/07\/Planton-Palestina-Rionegro-_Jul13-8-1-1536x1024.jpg 1536w, https:\/\/nuevademocracia.com.co\/wp-content\/uploads\/2025\/07\/Planton-Palestina-Rionegro-_Jul13-8-1-2048x1365.jpg 2048w\" sizes=\"auto, (max-width: 1024px) 100vw, 1024px\" \/><\/figure>\n<\/div>\n\n\n\n<p><\/p>\n\n\n\n<figure class=\"wp-block-embed is-type-video is-provider-youtube wp-block-embed-youtube wp-embed-aspect-16-9 wp-has-aspect-ratio\"><div class=\"wp-block-embed__wrapper\">\n<iframe loading=\"lazy\" title=\"Protesta contra empresas israel\u00edes en la Feria Aeron\u00e1utica\" width=\"1290\" height=\"726\" src=\"https:\/\/www.youtube.com\/embed\/SZ-SP9B57os?feature=oembed\" frameborder=\"0\" allow=\"accelerometer; autoplay; clipboard-write; encrypted-media; gyroscope; picture-in-picture; web-share\" referrerpolicy=\"strict-origin-when-cross-origin\" allowfullscreen><\/iframe>\n<\/div><\/figure>\n","protected":false},"excerpt":{"rendered":"<p>El  13 de julio, activistas y revolucionarios pro Palestina realizaron un mitin  rechazando la presencia de dos empresas militares israel\u00edes.<\/p>\n","protected":false},"author":1,"featured_media":27864,"comment_status":"open","ping_status":"open","sticky":false,"template":"","format":"standard","meta":{"footnotes":""},"categories":[16,4,135],"tags":[],"class_list":["post-27856","post","type-post","status-publish","format-standard","has-post-thumbnail","hentry","category-carrusel","category-colombia","category-resistencia-palestina"],"blocksy_meta":[],"_links":{"self":[{"href":"https:\/\/nuevademocracia.com.co\/index.php?rest_route=\/wp\/v2\/posts\/27856","targetHints":{"allow":["GET"]}}],"collection":[{"href":"https:\/\/nuevademocracia.com.co\/index.php?rest_route=\/wp\/v2\/posts"}],"about":[{"href":"https:\/\/nuevademocracia.com.co\/index.php?rest_route=\/wp\/v2\/types\/post"}],"author":[{"embeddable":true,"href":"https:\/\/nuevademocracia.com.co\/index.php?rest_route=\/wp\/v2\/users\/1"}],"replies":[{"embeddable":true,"href":"https:\/\/nuevademocracia.com.co\/index.php?rest_route=%2Fwp%2Fv2%2Fcomments&post=27856"}],"version-history":[{"count":1,"href":"https:\/\/nuevademocracia.com.co\/index.php?rest_route=\/wp\/v2\/posts\/27856\/revisions"}],"predecessor-version":[{"id":27865,"href":"https:\/\/nuevademocracia.com.co\/index.php?rest_route=\/wp\/v2\/posts\/27856\/revisions\/27865"}],"wp:featuredmedia":[{"embeddable":true,"href":"https:\/\/nuevademocracia.com.co\/index.php?rest_route=\/wp\/v2\/media\/27864"}],"wp:attachment":[{"href":"https:\/\/nuevademocracia.com.co\/index.php?rest_route=%2Fwp%2Fv2%2Fmedia&parent=27856"}],"wp:term":[{"taxonomy":"category","embeddable":true,"href":"https:\/\/nuevademocracia.com.co\/index.php?rest_route=%2Fwp%2Fv2%2Fcategories&post=27856"},{"taxonomy":"post_tag","embeddable":true,"href":"https:\/\/nuevademocracia.com.co\/index.php?rest_route=%2Fwp%2Fv2%2Ftags&post=27856"}],"curies":[{"name":"wp","href":"https:\/\/api.w.org\/{rel}","templated":true}]}}