{"id":27874,"date":"2025-07-19T08:00:00","date_gmt":"2025-07-19T13:00:00","guid":{"rendered":"https:\/\/nuevademocracia.com.co\/?p=27874"},"modified":"2025-07-18T15:55:50","modified_gmt":"2025-07-18T20:55:50","slug":"victoria-o-victoria-georges-abdallah-sera-liberado","status":"publish","type":"post","link":"https:\/\/nuevademocracia.com.co\/?p=27874","title":{"rendered":"\u00abVictoria o victoria\u00bb: \u00a1Georges Abdallah ser\u00e1 liberado!"},"content":{"rendered":"\n<p class=\"has-black-color has-text-color has-link-color wp-elements-b82bd4908b7e1a6c15eb506dd2023f57\"><em>Publicamos el <\/em>siguiente art\u00edculo del <a href=\"https:\/\/muralperiodico.wordpress.com\/2025\/07\/18\/victoria-o-victoria-a-todos-ustedes-camaradas-y-amigos\/\"><mark style=\"background-color:rgba(0, 0, 0, 0)\" class=\"has-inline-color has-vivid-red-color\">Peri\u00f3dico Mural<\/mark><\/a> de M\u00e9xico. <\/p>\n\n\n\n<figure class=\"wp-block-image aligncenter size-large\"><img loading=\"lazy\" decoding=\"async\" width=\"1024\" height=\"301\" src=\"https:\/\/nuevademocracia.com.co\/wp-content\/uploads\/2025\/07\/image-15-1024x301.png\" alt=\"\" class=\"wp-image-27876\" srcset=\"https:\/\/nuevademocracia.com.co\/wp-content\/uploads\/2025\/07\/image-15-1024x301.png 1024w, https:\/\/nuevademocracia.com.co\/wp-content\/uploads\/2025\/07\/image-15-300x88.png 300w, https:\/\/nuevademocracia.com.co\/wp-content\/uploads\/2025\/07\/image-15-768x226.png 768w, https:\/\/nuevademocracia.com.co\/wp-content\/uploads\/2025\/07\/image-15.png 1106w\" sizes=\"auto, (max-width: 1024px) 100vw, 1024px\" \/><\/figure>\n\n\n\n<p class=\"has-text-align-center has-black-color has-text-color has-link-color wp-elements-78883bd84220fe978f5215c59887cd25\">Compartimos con todos nuestros lectores el comunicado de la CUpLGIA sobre la reciente orden de liberaci\u00f3n de Georges Abdallah, la cual sin duda es una victoria de todos y cada uno de quienes hemos realizado alguna acci\u00f3n en solidaridad con esta justa exigencia.<\/p>\n\n\n\n<p class=\"has-text-align-center has-black-color has-text-color has-link-color wp-elements-7926b4496c3e00aaea25e2848f6b531f\"><em>\u201cDondequiera que vemos florecer la esperanza y la dignidad, el largo camino de resistencia se refleja en el fondo. Resistan y resistan siempre hasta que cambie el equilibrio de poder\u201d.<\/em><\/p>\n\n\n\n<p class=\"has-text-align-right has-black-color has-text-color has-link-color wp-elements-991b358ef5f6c271b5c82d1d5378b077\"><em>(Georges Abdallah \u2013 abril de 2009)<\/em><\/p>\n\n\n\n<p class=\"has-black-color has-text-color has-link-color wp-elements-79ed709c5ac8adf748bc44d0fbb9656b\">Queridos amigos, queridos camaradas,<\/p>\n\n\n\n<p class=\"has-black-color has-text-color has-link-color wp-elements-26a60ac6d6e4a5fe3b408b6f8d168d82\">En este d\u00eda hist\u00f3rico, el lema que tantas veces hemos llevado adquiri\u00f3 su pleno significado y se puso en acci\u00f3n:&nbsp;<em>\u00ab\u00a1Por la victoria o por la victoria!\u00bb<\/em>.<\/p>\n\n\n\n<p class=\"has-black-color has-text-color has-link-color wp-elements-eae73439eb8f1a94e8bfec977e76cbce\">Esta victoria es, en primer lugar, la de Georges Abdallah y la de todos los partidarios de nuestro compa\u00f1ero que, desde el primer d\u00eda hasta los m\u00e1s actuales, se han comprometido en esta lucha a largo plazo para que juntos, y s\u00f3lo juntos, podamos ganar.<\/p>\n\n\n\n<p class=\"has-black-color has-text-color has-link-color wp-elements-774c7a09525310480fc9a300db049b3e\">Naturalmente, esta noche, nuestros pensamientos, todos nuestros pensamientos, est\u00e1n con nuestro camarada, cuya vida, lucha, liberaci\u00f3n y victoria son tan centrales, al igual que la causa que \u00e9l y nosotros llevamos con \u00e9l. Sus palabras y acciones nos han demostrado constantemente, a lo largo de todos estos a\u00f1os, la fuerza y el poder de su identidad pol\u00edtica y de la resistencia sin concesiones, sin negaciones ni traiciones. Georges Abdallah celebra esta noche la decisiva y ascendente movilizaci\u00f3n de sus partidarios que condujo a la decisi\u00f3n de liberarlo, pero, a la vez, podemos celebrar su constante contribuci\u00f3n, con su combatividad, su integridad pol\u00edtica y la veracidad de su causa, a hacer de esta movilizaci\u00f3n una movilizaci\u00f3n decisiva y ascendente. Georges Abdallah, eres nuestro camarada, y esta noche, a su vez, celebramos tu victoria.<\/p>\n\n\n\n<p class=\"has-black-color has-text-color has-link-color wp-elements-06797dfff8be8764444936927f9be5eb\">Un pensamiento tambi\u00e9n va naturalmente en este d\u00eda a todos aquellos que, desde 2005, han estado en el inicio de esta lucha para romper el silencio ensordecedor que rodea la detenci\u00f3n de nuestro compa\u00f1ero y cuyo legado siempre hemos reconocido y elogiado.<\/p>\n\n\n\n<p class=\"has-black-color has-text-color has-link-color wp-elements-47f79780aa2957ec50ea1883628a8ffa\">Un pensamiento conmovedor para todos nuestros compa\u00f1eros que fallecieron demasiado pronto y son tan extra\u00f1ados, quienes brindaron un apoyo constante y a quienes prometimos continuar con nuestro compromiso inquebrantable hasta la victoria.<\/p>\n\n\n\n<p class=\"has-black-color has-text-color has-link-color wp-elements-c375356426ec90219091132de885b653\">Un pensamiento para todas aquellas personas an\u00f3nimas que siempre han estado ah\u00ed para expresar su plena solidaridad y siempre han respondido a cada una de las acciones convocadas, participando plenamente a lo largo de los meses en la magnitud de la movilizaci\u00f3n.<\/p>\n\n\n\n<p class=\"has-black-color has-text-color has-link-color wp-elements-f74096a819e310da3f355f0f8f9b729c\">Un pensamiento va para estas personalidades amantes de la justicia, para estos periodistas sinceros y para estos pocos pol\u00edticos -y para aquellos que se pusieron en contacto con ellos- por el coraje que demostraron al hacer o\u00edr este esc\u00e1ndalo de Estado desde sus tribunas en los medios de comunicaci\u00f3n o en los pasillos de las c\u00e1maras.<\/p>\n\n\n\n<p class=\"has-black-color has-text-color has-link-color wp-elements-4523c94938d66a161c1b50f81f5e8be5\">Un pensamiento para los abogados de nuestro compa\u00f1ero -y en particular para Jean-Louis Chalanset- por las estrategias y batallas jur\u00eddicas libradas desinteresadamente a lo largo de estos procedimientos excepcionales en favor de este prisionero excepcional.<\/p>\n\n\n\n<p class=\"has-black-color has-text-color has-link-color wp-elements-388486dcdce2a57cfabc016b076eacb5\">Un pensamiento para todos los militantes pol\u00edticos de los colectivos, comit\u00e9s, asociaciones, sindicatos y partidos que, en la diversidad de nuestras expresiones, han hecho posible que se lleven a cabo iniciativas en todos los frentes para hacer de la reivindicaci\u00f3n de la liberaci\u00f3n de Georges Abdallah un imperativo de todas las luchas y en todos los tiempos.<\/p>\n\n\n\n<p class=\"has-black-color has-text-color has-link-color wp-elements-1c221fbdee208e92d14081f7cd72104b\">Un pensamiento para todos los partidarios internacionales que, por su internacionalismo \u2013 a pesar a veces de la distancia de varios miles de kil\u00f3metros \u2013 han percibido la importancia de dar a conocer y defender la lucha antiimperialista, antisionista de Georges Abdallah por la emancipaci\u00f3n de los pueblos y naciones oprimidos, ya sea de Vancouver a T\u00fanez, de M\u00e9xico a Beirut, de Ankara a Dubl\u00edn y en todas partes de Europa, y que tambi\u00e9n han contribuido a ser parte de esta relaci\u00f3n de fuerzas ante los lugares de representaci\u00f3n del Estado franc\u00e9s en el extranjero.<\/p>\n\n\n\n<p class=\"has-black-color has-text-color has-link-color wp-elements-9dd40abb16828ce3a8c1e666a45f19c6\">Un pensamiento para nuestros camaradas de esta&nbsp;<em>\u00aboleada de juventud activa\u00bb&nbsp;<\/em>que, por su sinceridad y la energ\u00eda de su compromiso en el seno de la Liga de Juventudes Revolucionarias, de los J\u00f3venes Revolucionarios, de la Federaci\u00f3n de Sindicatos Estudiantiles y de otras organizaciones de j\u00f3venes comunistas y de los comit\u00e9s estudiantiles de Palestina, han permitido llevar con tanta fidelidad y fuerza la identidad pol\u00edtica de nuestro camarada y ampliar magistralmente esta movilizaci\u00f3n a nivel nacional, en las universidades, pero tambi\u00e9n en toda Francia, en los barrios populares y en el coraz\u00f3n mismo de nuestras ciudades.<\/p>\n\n\n\n<p class=\"has-black-color has-text-color has-link-color wp-elements-a715ef491357b3784a2301491328aa41\">Finalmente, un pensamiento para todas las organizaciones y los miles de solidarios que, desde 2015 o a lo largo de los a\u00f1os, han percibido la importancia de organizarse en una campa\u00f1a unitaria \u2013 manteniendo su propia identidad \u2013 para poner en pr\u00e1ctica el imperativo de amplificar en n\u00famero, intensificar en fuerza y coordinar todas nuestras fuerzas para golpear con una sola mano durante los grandes acontecimientos regionales, nacionales e internacionales y proclamar en voz alta la identidad pol\u00edtica de Georges Abdallah, su combate, como siempre lo ha exigido en todas sus declaraciones. Saludemos a todas las organizaciones sinceras que han difundido y contribuido a esta extensa red en todo el pa\u00eds e internacionalmente, permitiendo que la lucha y la exigencia de la liberaci\u00f3n de Georges Abdallah ocupen un lugar m\u00e1s destacado que nunca, en se\u00f1al de solidaridad y apoyo activo a la lucha de liberaci\u00f3n nacional del pueblo palestino y a su heroica resistencia, de la que son existencialmente inseparables, y que siempre han coreado y hecho resonar el lema central de esta causa en su totalidad:&nbsp;<em>\u00ab\u00a1Palestina vivir\u00e1! \u00a1Palestina vencer\u00e1! \u00a1Libertad a Georges Abdallah!\u00bb<\/em>.<\/p>\n\n\n\n<p class=\"has-black-color has-text-color has-link-color wp-elements-0fcfaf0bb3927a36b06005145ceb3c20\">\u00a1Hoy, Georges Abdallah es libre! \u00a1Palestina triunfar\u00e1!<\/p>\n\n\n\n<p class=\"has-black-color has-text-color has-link-color wp-elements-5a3007351127ac54862c8df61041059f\">Georges Abdallah siempre ha proclamado y demostrado que otro futuro es posible e inevitable; su liberaci\u00f3n hoy es tambi\u00e9n una demostraci\u00f3n flagrante de ello que s\u00f3lo puede alentarnos a continuar la lucha por Palestina, por toda Palestina y m\u00e1s ampliamente por la emancipaci\u00f3n de los pueblos y naciones oprimidos por la victoria o la victoria.<\/p>\n\n\n\n<p class=\"has-black-color has-text-color has-link-color wp-elements-32b24f15baa5feaa0c4dd0144e732b37\"><strong>Palestina vivir\u00e1, Palestina vencer\u00e1. \u00a1Por la victoria o por la victoria!<\/strong><\/p>\n\n\n\n<p class=\"has-black-color has-text-color has-link-color wp-elements-762e33a959c5a521a5df07c138651f7b\"><strong>\u00a1La solidaridad es nuestra arma!<\/strong><\/p>\n\n\n\n<p class=\"has-black-color has-text-color has-link-color wp-elements-aea4486fb1d3ef522b16fc11c28a951a\"><strong>\u00a1Sigamos luchando por la liberaci\u00f3n de todos los presos y revolucionarios palestinos!<\/strong><\/p>\n\n\n\n<p class=\"has-black-color has-text-color has-link-color wp-elements-800850d39de128bb83c1cbabba9e8ccd\"><strong>Saludos rojos internacionalistas y solidarios<\/strong><\/p>\n\n\n\n<p class=\"has-black-color has-text-color has-link-color wp-elements-15ea5e87f42214f7c545e7bb01b6cc1f\"><strong>Campa\u00f1a Unitaria por la Liberaci\u00f3n de Georges Ibrahim Abdallah (CUpLGIA)<\/strong><\/p>\n\n\n\n<figure class=\"wp-block-image aligncenter size-full is-resized\"><img loading=\"lazy\" decoding=\"async\" width=\"818\" height=\"1023\" src=\"https:\/\/nuevademocracia.com.co\/wp-content\/uploads\/2025\/07\/image-17.png\" alt=\"\" class=\"wp-image-27879\" style=\"width:596px;height:auto\" srcset=\"https:\/\/nuevademocracia.com.co\/wp-content\/uploads\/2025\/07\/image-17.png 818w, https:\/\/nuevademocracia.com.co\/wp-content\/uploads\/2025\/07\/image-17-240x300.png 240w, https:\/\/nuevademocracia.com.co\/wp-content\/uploads\/2025\/07\/image-17-768x960.png 768w\" sizes=\"auto, (max-width: 818px) 100vw, 818px\" \/><\/figure>\n","protected":false},"excerpt":{"rendered":"<p>Georges Abdallah siempre ha proclamado y demostrado que otro futuro es posible; su liberaci\u00f3n hoy es tambi\u00e9n una demostraci\u00f3n  de ello.<\/p>\n","protected":false},"author":1,"featured_media":27875,"comment_status":"open","ping_status":"open","sticky":false,"template":"","format":"standard","meta":{"footnotes":""},"categories":[16,31,135],"tags":[],"class_list":["post-27874","post","type-post","status-publish","format-standard","has-post-thumbnail","hentry","category-carrusel","category-internacional","category-resistencia-palestina"],"blocksy_meta":[],"_links":{"self":[{"href":"https:\/\/nuevademocracia.com.co\/index.php?rest_route=\/wp\/v2\/posts\/27874","targetHints":{"allow":["GET"]}}],"collection":[{"href":"https:\/\/nuevademocracia.com.co\/index.php?rest_route=\/wp\/v2\/posts"}],"about":[{"href":"https:\/\/nuevademocracia.com.co\/index.php?rest_route=\/wp\/v2\/types\/post"}],"author":[{"embeddable":true,"href":"https:\/\/nuevademocracia.com.co\/index.php?rest_route=\/wp\/v2\/users\/1"}],"replies":[{"embeddable":true,"href":"https:\/\/nuevademocracia.com.co\/index.php?rest_route=%2Fwp%2Fv2%2Fcomments&post=27874"}],"version-history":[{"count":3,"href":"https:\/\/nuevademocracia.com.co\/index.php?rest_route=\/wp\/v2\/posts\/27874\/revisions"}],"predecessor-version":[{"id":27882,"href":"https:\/\/nuevademocracia.com.co\/index.php?rest_route=\/wp\/v2\/posts\/27874\/revisions\/27882"}],"wp:featuredmedia":[{"embeddable":true,"href":"https:\/\/nuevademocracia.com.co\/index.php?rest_route=\/wp\/v2\/media\/27875"}],"wp:attachment":[{"href":"https:\/\/nuevademocracia.com.co\/index.php?rest_route=%2Fwp%2Fv2%2Fmedia&parent=27874"}],"wp:term":[{"taxonomy":"category","embeddable":true,"href":"https:\/\/nuevademocracia.com.co\/index.php?rest_route=%2Fwp%2Fv2%2Fcategories&post=27874"},{"taxonomy":"post_tag","embeddable":true,"href":"https:\/\/nuevademocracia.com.co\/index.php?rest_route=%2Fwp%2Fv2%2Ftags&post=27874"}],"curies":[{"name":"wp","href":"https:\/\/api.w.org\/{rel}","templated":true}]}}