{"id":27883,"date":"2025-07-20T08:00:00","date_gmt":"2025-07-20T13:00:00","guid":{"rendered":"https:\/\/nuevademocracia.com.co\/?p=27883"},"modified":"2025-07-18T16:06:05","modified_gmt":"2025-07-18T21:06:05","slug":"mexico-sobre-la-protesta-anti-gentrificacion-en-cdmx","status":"publish","type":"post","link":"https:\/\/nuevademocracia.com.co\/?p=27883","title":{"rendered":"M\u00e9xico: sobre la protesta anti-gentrificaci\u00f3n en\u00a0CDMX"},"content":{"rendered":"\n<p class=\"has-black-color has-text-color has-link-color wp-elements-7e138e1391887a425c6be2da6781f79b\"><em>Publicamos el <\/em>siguiente art\u00edculo del <mark style=\"background-color:rgba(0, 0, 0, 0)\" class=\"has-inline-color has-vivid-red-color\"><a href=\"https:\/\/muralperiodico.wordpress.com\/2025\/07\/09\/mexico-sobre-la-protesta-anti-gentrificacion-en-cdmx\/\">Peri\u00f3dico Mural<\/a><\/mark> de M\u00e9xico.<\/p>\n\n\n\n<figure class=\"wp-block-image aligncenter size-full is-resized\"><img loading=\"lazy\" decoding=\"async\" width=\"1023\" height=\"682\" src=\"https:\/\/nuevademocracia.com.co\/wp-content\/uploads\/2025\/07\/image-23.png\" alt=\"\" class=\"wp-image-27889\" style=\"width:529px;height:auto\" srcset=\"https:\/\/nuevademocracia.com.co\/wp-content\/uploads\/2025\/07\/image-23.png 1023w, https:\/\/nuevademocracia.com.co\/wp-content\/uploads\/2025\/07\/image-23-300x200.png 300w, https:\/\/nuevademocracia.com.co\/wp-content\/uploads\/2025\/07\/image-23-768x512.png 768w\" sizes=\"auto, (max-width: 1023px) 100vw, 1023px\" \/><figcaption class=\"wp-element-caption\">Fuente: Sin Embargo<br><\/figcaption><\/figure>\n\n\n\n<p class=\"has-black-color has-text-color has-link-color wp-elements-3b78ae8da097af9a6194b073f9dbba6c\">El pasado 4 de julio en la Ciudad de M\u00e9xico, vecinos de algunas colonias, colectivos y organizaciones convocaron a una concentraci\u00f3n en el Foro Lindbergh, en el Parque M\u00e9xico, ubicado justamente en la Condesa, al sur de la Ciudad. Esta es una colonia con una marcada historia aristocr\u00e1tica impuesta desde el periodo de la colonia espa\u00f1ola, pasando por las intervenciones extranjeras, el&nbsp;<em>porfiriato<\/em>&nbsp;y la formaci\u00f3n de la zona residencial tras el fin de la revoluci\u00f3n burguesa inconclusa, hasta nuestros d\u00edas.<\/p>\n\n\n\n<p class=\"has-black-color has-text-color has-link-color wp-elements-3bc9a14d2ab20aa9449d852cc0468996\">La concentraci\u00f3n ten\u00eda un objetivo claro: expresar la inconformidad creciente ante el fen\u00f3meno de la gentrificaci\u00f3n, el cual ha tenido un proceso de desarrollo y aceleraci\u00f3n desde los inicios de este siglo en nuestro pa\u00eds haciendo de las ciudades de M\u00e9xico, Oaxaca, Guadalajara y Monterrey su epicentro.<\/p>\n\n\n\n<p class=\"has-vivid-red-color has-text-color has-link-color has-medium-font-size wp-elements-63cbcdd5064615e9ae4dd97b37178a42\"><strong>\u00bfPero qu\u00e9 es la gentrificaci\u00f3n y c\u00f3mo debemos entenderla?<\/strong><\/p>\n\n\n\n<figure class=\"wp-block-image aligncenter size-full is-resized\"><img loading=\"lazy\" decoding=\"async\" width=\"1024\" height=\"576\" src=\"https:\/\/nuevademocracia.com.co\/wp-content\/uploads\/2025\/07\/image-20.png\" alt=\"\" class=\"wp-image-27886\" style=\"width:543px;height:auto\" srcset=\"https:\/\/nuevademocracia.com.co\/wp-content\/uploads\/2025\/07\/image-20.png 1024w, https:\/\/nuevademocracia.com.co\/wp-content\/uploads\/2025\/07\/image-20-300x169.png 300w, https:\/\/nuevademocracia.com.co\/wp-content\/uploads\/2025\/07\/image-20-768x432.png 768w\" sizes=\"auto, (max-width: 1024px) 100vw, 1024px\" \/><figcaption class=\"wp-element-caption\">Fuente: emx<br><\/figcaption><\/figure>\n\n\n\n<p class=\"has-black-color has-text-color has-link-color wp-elements-aa9678c1f061756c710f730f77912bba\">Seg\u00fan la definici\u00f3n de la<mark style=\"background-color:rgba(0, 0, 0, 0)\" class=\"has-inline-color has-vivid-red-color\">\u00a0<a href=\"https:\/\/onu-habitat.org\/index.php\/el-fenomeno-de-la-gentrificacion\">ONU-Habitat<\/a><\/mark>\u2026\u00a0<em>\u201cLa gentrificaci\u00f3n sucede cuando un proceso de renovaci\u00f3n y reconstrucci\u00f3n urbana se acompa\u00f1a de un flujo de personas de clase media o alta que suele desplazar a los habitantes m\u00e1s pobres de las \u00e1reas de intervenci\u00f3n\u201d<\/em>.<\/p>\n\n\n\n<p class=\"has-black-color has-text-color has-link-color wp-elements-a704c23212be39647700ee5c8800edce\">Esta definici\u00f3n ha encontrado un importante grado de aceptaci\u00f3n entre los c\u00edrculos acad\u00e9micos; de acuerdo con el&nbsp;<a href=\"https:\/\/www.dgcs.unam.mx\/boletin\/bdboletin\/2022_1080.html\">Bolet\u00edn UNAM-DGCS-1080<\/a>\u2026&nbsp;<em>\u201cLa gentrificaci\u00f3n es un proceso de reestructuraci\u00f3n de relaciones sociales en el espacio. Hace referencia a que distintos sectores de la poblaci\u00f3n con mayor capacidad econ\u00f3mica se apropian de espacios urbanos que presentan ciertas cualidades, por ejemplo \u00e1reas verdes, buena ubicaci\u00f3n, equipamiento, infraestructura y zonas culturales que son muy buscadas por el capital inmobiliario\u201d.<\/em><\/p>\n\n\n\n<p class=\"has-black-color has-text-color has-link-color wp-elements-99fdcf066d04b7ef2fd68c596c2aef6e\">En realidad, ambas definiciones se quedan cortas al emplear eufemismos \u201cpol\u00edticamente correctos\u201d que encubren una realidad objetiva; esto es: la existencia de relaciones sociales de opresi\u00f3n, basadas en la estructura econ\u00f3mica de la actual sociedad donde siguen existiendo explotadores y explotados. As\u00ed que claramente, la gentrificaci\u00f3n debe ser entendida \u2013 como todo fen\u00f3meno social \u2013 desde la \u00f3ptica del materialismo hist\u00f3rico no solo para su interpretaci\u00f3n, sino principalmente para su transformaci\u00f3n, combati\u00e9ndola desde la ra\u00edz.<\/p>\n\n\n\n<p class=\"has-black-color has-text-color has-link-color wp-elements-7e067b06deaaea89a982d9841fe7b362\">La gentrificaci\u00f3n entonces debe ser vista como una expresi\u00f3n material del despojo que busca reestructurar el espacio p\u00fablico y privado, tanto en las ciudades como en el medio rural, para imponer desarrollos inmobiliarios o comerciales, as\u00ed como megaproyectos tur\u00edsticos y econ\u00f3micos en beneficio del capital imperialista. Esto profundiza la condici\u00f3n semi-colonial de nuestro pa\u00eds y deja como resultado el desplazamiento interno forzado de los pobladores quienes literalmente son expulsados de las zonas afectadas. La gentrificaci\u00f3n es un acto de violencia de clase que cuenta con la complicidad del Estado y afirma la existencia de un r\u00e9gimen de opresi\u00f3n en contra de los sectores populares; en este caso de vecinos, ejidatarios y comuneros quienes cargan sobre sus espaldas el peso del \u201cdesarrollo\u201d y terminan siendo, en el mejor de los casos, los trabajadores precarizados que realizan labores socialmente improductivas para beneficio exclusivo de las empresas trasnacionales pregoneras de esta falsa modernidad.<\/p>\n\n\n\n<p class=\"has-black-color has-text-color has-link-color wp-elements-94065702681bd4cabd3794c4e76a2f47\">Hay que decir que este modelo de \u201cdesarrollo\u201d extendido en varias partes de la geograf\u00eda nacional tampoco redunda en un proceso de proletarizaci\u00f3n de las masas, como lo imagina ilusoriamente el revisionismo contempor\u00e1neo, pues como hemos dicho: se trata de actividades improductivas donde lo \u00fanico que se desarrolla es el trabajo servil (mucamas, recepcionistas, conserjes, meseros, garroteros, barman, valet parking,&nbsp;<em>\u201cedecanes y escorts\u201d \u2013enti\u00e9ndase prostituci\u00f3n-<\/em>, etc.). De esta manera, la gentrificaci\u00f3n tambi\u00e9n profundiza la semi-feudalidad que subsiste en los pa\u00edses del tercer mundo como el nuestro.<\/p>\n\n\n\n<p class=\"has-vivid-red-color has-text-color has-link-color has-medium-font-size wp-elements-ccd2e2e63a2eef49101fc64709e667b1\"><strong>Crece el sentimiento anti-imperialista<\/strong><\/p>\n\n\n\n<figure class=\"wp-block-embed is-type-video is-provider-youtube wp-block-embed-youtube wp-embed-aspect-16-9 wp-has-aspect-ratio\"><div class=\"wp-block-embed__wrapper\">\n<iframe loading=\"lazy\" title=\"Protesta &quot;antigentrificaci\u00f3n&quot; termina en destrozos a un Starbucks #shorts\" width=\"1290\" height=\"726\" src=\"https:\/\/www.youtube.com\/embed\/HnewZ5O8GrA?feature=oembed\" frameborder=\"0\" allow=\"accelerometer; autoplay; clipboard-write; encrypted-media; gyroscope; picture-in-picture; web-share\" referrerpolicy=\"strict-origin-when-cross-origin\" allowfullscreen><\/iframe>\n<\/div><\/figure>\n\n\n\n<p><\/p>\n\n\n\n<p class=\"has-black-color has-text-color has-link-color wp-elements-4e6bc3d72626bc01e2590938c3b88f0f\">Volviendo a las protestas del 4 de julio es importante subrayar que la fecha fue elegida por los manifestantes en repudio al imperialismo yanqui, siendo esta la conmemoraci\u00f3n de su independencia.<\/p>\n\n\n\n<p class=\"has-black-color has-text-color has-link-color wp-elements-e72a9e1409173550105478285843adde\">Los pueblos de M\u00e9xico hist\u00f3ricamente han albergado un sentimiento anticolonial, especialmente direccionado contra aquellas potencias como Espa\u00f1a, Francia y Estados Unidos que han intervenido militarmente el territorio nacional. As\u00ed que esta primera protesta anti-gentrificaci\u00f3n observada en la Ciudad de M\u00e9xico ha tenido un claro sello anticolonial que ha rebasado las expectativas de sus propios organizadores.<\/p>\n\n\n\n<p class=\"has-black-color has-text-color has-link-color wp-elements-c68a2ad2e13297669765b493d55bb2f2\">Lo que ocurri\u00f3 es que a la concentraci\u00f3n y la marcha se fueron incorporando m\u00e1s vecinos y m\u00e1s activistas, algunos de los cuales realizaron acciones directas contra empresas trasnacionales como Starbucks y otros establecimientos donde los manifestantes denunciaron el fen\u00f3meno de la gentrificaci\u00f3n y los empleos mal-pagados que ofrecen estas empresas. Los activistas tambi\u00e9n realizaron pintas en los establecimientos, lanzaron piedras contra los cristales, retiraron algo de mobiliario, y respondieron con petardos a las agresiones de&nbsp;<em>guaruras<\/em>&nbsp;y juniors valentones.<\/p>\n\n\n\n<figure class=\"wp-block-image aligncenter size-full is-resized\"><img loading=\"lazy\" decoding=\"async\" width=\"1023\" height=\"682\" src=\"https:\/\/nuevademocracia.com.co\/wp-content\/uploads\/2025\/07\/image-22.png\" alt=\"\" class=\"wp-image-27888\" style=\"width:675px;height:auto\" srcset=\"https:\/\/nuevademocracia.com.co\/wp-content\/uploads\/2025\/07\/image-22.png 1023w, https:\/\/nuevademocracia.com.co\/wp-content\/uploads\/2025\/07\/image-22-300x200.png 300w, https:\/\/nuevademocracia.com.co\/wp-content\/uploads\/2025\/07\/image-22-768x512.png 768w\" sizes=\"auto, (max-width: 1023px) 100vw, 1023px\" \/><figcaption class=\"wp-element-caption\">Fuente: Sin Embargo<br><\/figcaption><\/figure>\n\n\n\n<p class=\"has-black-color has-text-color has-link-color wp-elements-1d75c627e9c26cf7cd0128514349ac5b\">La marcha asumi\u00f3 un perfil combativo e internacionalista con los activistas que conformaron un bloque negro, ondeando banderas rojas con la hoz y el martillo, banderas anarquistas y muchas banderas de Palestina, coreando consignas como&nbsp;<em>\u00a1Yanqui go home! \u00a1Del r\u00edo al mar, Palestina vencer\u00e1!<\/em>&nbsp;y otras que expresaban el rechazo a la guerra imperialista y la misma gentrificaci\u00f3n.<\/p>\n\n\n\n<p class=\"has-black-color has-text-color has-link-color wp-elements-812347776a85a77680281ae112ffec29\">Esta movilizaci\u00f3n expresa claramente que en M\u00e9xico est\u00e1 creciendo el sentimiento anti-imperialista, particularmente tras padecer las conductas racistas y colonialistas de ciudadanos extranjeros que viven o trabajan en nuestro pa\u00eds y atacan o discriminan a los mexicanos todos los d\u00edas. Este sentimiento anti-imperialista tambi\u00e9n expresa la solidaridad de los pueblos y el internacionalismo proletario tras las redadas contra migrantes latinoamericanos en Los \u00c1ngeles o el genocidio en curso contra el pueblo de Palestina.<\/p>\n\n\n\n<p class=\"has-vivid-red-color has-text-color has-link-color has-medium-font-size wp-elements-4fc0894650bb5878eed160ed654b1ef0\"><strong>La respuesta del oportunismo<\/strong><\/p>\n\n\n\n<p class=\"has-black-color has-text-color has-link-color wp-elements-a67544baf75efe6f2ef18ea23132e511\">Como era de esperarse, los gobiernos oportunistas de Morena se han pronunciado de inmediato tratando de salvaguardar los intereses del gran capital.<\/p>\n\n\n\n<p class=\"has-black-color has-text-color has-link-color wp-elements-02a31c5a32959f056c527eb9930ea513\"><a href=\"https:\/\/www.jornada.com.mx\/noticia\/2025\/07\/09\/capital\/no-quedaran-impunes-destrozos-en-marcha-contra-la-gentrificacion\">Clara Brugada<\/a>, Jefa de Gobierno de la CDMX ha declarado que&nbsp;<em>\u201cno habr\u00e1 impunidad\u201d<\/em>&nbsp;refiri\u00e9ndose a los destrozos en los negocios de estas empresas, y ha adelantando que pronto presentar\u00e1 un protocolo de seguridad para las movilizaciones en la CDMX de cara al mundial FIFA 2026.<\/p>\n\n\n\n<p class=\"has-black-color has-text-color has-link-color wp-elements-a1560cc7ac1fe4c38465e0e0b7c67086\">Por su parte&nbsp;<a href=\"https:\/\/www.milenio.com\/politica\/sheinbaum-condena-violencia-en-marcha-contra-gentrificacion\">Claudia Sheinbaum<\/a>&nbsp;ha inferido que en la manifestaci\u00f3n hubo cr\u00edmenes de odio al decir&nbsp;<em>\u201cLas muestras xenof\u00f3bicas de esa manifestaci\u00f3n hay que condenarlas\u201c<\/em>.<\/p>\n\n\n\n<p class=\"has-black-color has-text-color has-link-color wp-elements-2092c51c90f85408c97dde8f1ac9ca9b\">Este nivel de respuestas deja claro que siempre sale m\u00e1s barato culpar y castigar al oprimido que hacerlo con el opresor, y es igual de in\u00fatil que tratar de argumentar una especie de&nbsp;<em>\u201cracismo a la inversa\u201d<\/em>&nbsp;el cual es insostenible si observamos la historia de colonialismo y dominaci\u00f3n ejercida contra los pueblos del tercer mundo.<\/p>\n\n\n\n<p class=\"has-black-color has-text-color has-link-color wp-elements-0dcde52279891112d768e425af6c094a\">Sencillamente, esto que ocurri\u00f3 en la marcha contra la gentrificaci\u00f3n en la Ciudad de M\u00e9xico no puede ser rebajado a las argumentaciones oportunistas del \u201cmuy mal\u201d contra llamados \u201cexcesos\u201d de los manifestantes pues, en primer lugar, han sido los excesos de los despojadores, de los opresores y de los explotadores los que han generado el odio de clase entre la poblaci\u00f3n despojada, oprimida y explotada. En segundo lugar, porque se trata del sentimiento anti-imperialista en ascenso y esto augura las ganas de luchar de los pueblos de M\u00e9xico para alcanzar la liberaci\u00f3n nacional de nuestro pa\u00eds.<\/p>\n\n\n\n<figure class=\"wp-block-image aligncenter size-full is-resized\"><img loading=\"lazy\" decoding=\"async\" width=\"1024\" height=\"512\" src=\"https:\/\/nuevademocracia.com.co\/wp-content\/uploads\/2025\/07\/image-24.png\" alt=\"\" class=\"wp-image-27890\" style=\"width:577px;height:auto\" srcset=\"https:\/\/nuevademocracia.com.co\/wp-content\/uploads\/2025\/07\/image-24.png 1024w, https:\/\/nuevademocracia.com.co\/wp-content\/uploads\/2025\/07\/image-24-300x150.png 300w, https:\/\/nuevademocracia.com.co\/wp-content\/uploads\/2025\/07\/image-24-768x384.png 768w\" sizes=\"auto, (max-width: 1024px) 100vw, 1024px\" \/><\/figure>\n\n\n\n<p><\/p>\n\n\n\n<p class=\"has-black-color has-text-color has-link-color wp-elements-71cebf3f11d679d5dad7521a490148ec\">Con esto \u00faltimo, es importante recordar lo dicho por el Presidente Mao Tse Tung:&nbsp;<em>\u201cHacer la revoluci\u00f3n no es ofrecer un banquete, ni escribir una obra, ni pintar un cuadro o hacer un bordado; no puede ser tan elegante, tan tranquila y delicada, tan apacible, amable, cort\u00e9s, moderada y magn\u00e1nima. Una revoluci\u00f3n es una insurrecci\u00f3n, es un acto de violencia mediante el cual una clase derroca a otra\u201d<\/em>.<a href=\"https:\/\/muralperiodico.wordpress.com\/2025\/07\/09\/mexico-sobre-la-protesta-anti-gentrificacion-en-cdmx\/#sdfootnote1sym\"><sup>1<\/sup><\/a><\/p>\n\n\n\n<p class=\"has-black-color has-text-color has-link-color wp-elements-88d6cac57e73d0cfa7269d3e11b3eb1b\"><a href=\"https:\/\/muralperiodico.wordpress.com\/2025\/07\/09\/mexico-sobre-la-protesta-anti-gentrificacion-en-cdmx\/#sdfootnote1anc\">1<\/a>&nbsp;Informe sobre una investigaci\u00f3n del movimiento campesino en Junan. Marzo de 1927. Ediciones en lenguas extranjeras Pekin 1968<\/p>\n\n\n\n<p><\/p>\n","protected":false},"excerpt":{"rendered":"<p>El 4 de julio en la Ciudad de M\u00e9xico, vecinos de algunas colonias, colectivos y organizaciones convocaron a una concentraci\u00f3n contra la gentrificaci\u00f3n.<\/p>\n","protected":false},"author":1,"featured_media":27885,"comment_status":"open","ping_status":"open","sticky":false,"template":"","format":"standard","meta":{"footnotes":""},"categories":[16,31],"tags":[],"class_list":["post-27883","post","type-post","status-publish","format-standard","has-post-thumbnail","hentry","category-carrusel","category-internacional"],"blocksy_meta":[],"_links":{"self":[{"href":"https:\/\/nuevademocracia.com.co\/index.php?rest_route=\/wp\/v2\/posts\/27883","targetHints":{"allow":["GET"]}}],"collection":[{"href":"https:\/\/nuevademocracia.com.co\/index.php?rest_route=\/wp\/v2\/posts"}],"about":[{"href":"https:\/\/nuevademocracia.com.co\/index.php?rest_route=\/wp\/v2\/types\/post"}],"author":[{"embeddable":true,"href":"https:\/\/nuevademocracia.com.co\/index.php?rest_route=\/wp\/v2\/users\/1"}],"replies":[{"embeddable":true,"href":"https:\/\/nuevademocracia.com.co\/index.php?rest_route=%2Fwp%2Fv2%2Fcomments&post=27883"}],"version-history":[{"count":3,"href":"https:\/\/nuevademocracia.com.co\/index.php?rest_route=\/wp\/v2\/posts\/27883\/revisions"}],"predecessor-version":[{"id":27894,"href":"https:\/\/nuevademocracia.com.co\/index.php?rest_route=\/wp\/v2\/posts\/27883\/revisions\/27894"}],"wp:featuredmedia":[{"embeddable":true,"href":"https:\/\/nuevademocracia.com.co\/index.php?rest_route=\/wp\/v2\/media\/27885"}],"wp:attachment":[{"href":"https:\/\/nuevademocracia.com.co\/index.php?rest_route=%2Fwp%2Fv2%2Fmedia&parent=27883"}],"wp:term":[{"taxonomy":"category","embeddable":true,"href":"https:\/\/nuevademocracia.com.co\/index.php?rest_route=%2Fwp%2Fv2%2Fcategories&post=27883"},{"taxonomy":"post_tag","embeddable":true,"href":"https:\/\/nuevademocracia.com.co\/index.php?rest_route=%2Fwp%2Fv2%2Ftags&post=27883"}],"curies":[{"name":"wp","href":"https:\/\/api.w.org\/{rel}","templated":true}]}}