{"id":27895,"date":"2025-07-22T19:41:31","date_gmt":"2025-07-23T00:41:31","guid":{"rendered":"https:\/\/nuevademocracia.com.co\/?p=27895"},"modified":"2025-07-22T19:41:32","modified_gmt":"2025-07-23T00:41:32","slug":"recuperadores-de-siete-plagas-aumentan-los-mecanismos-de-presion-por-la-tierra","status":"publish","type":"post","link":"https:\/\/nuevademocracia.com.co\/?p=27895","title":{"rendered":"Recuperadores de Siete Plagas aumentan los mecanismos de presi\u00f3n por la tierra"},"content":{"rendered":"\n<figure class=\"wp-block-image size-large\"><img loading=\"lazy\" decoding=\"async\" width=\"1024\" height=\"683\" src=\"https:\/\/nuevademocracia.com.co\/wp-content\/uploads\/2025\/07\/Lucha-por-la-tierra-Colombia-1-1024x683.jpg\" alt=\"\" class=\"wp-image-27896\" srcset=\"https:\/\/nuevademocracia.com.co\/wp-content\/uploads\/2025\/07\/Lucha-por-la-tierra-Colombia-1-1024x683.jpg 1024w, https:\/\/nuevademocracia.com.co\/wp-content\/uploads\/2025\/07\/Lucha-por-la-tierra-Colombia-1-300x200.jpg 300w, https:\/\/nuevademocracia.com.co\/wp-content\/uploads\/2025\/07\/Lucha-por-la-tierra-Colombia-1-768x512.jpg 768w, https:\/\/nuevademocracia.com.co\/wp-content\/uploads\/2025\/07\/Lucha-por-la-tierra-Colombia-1-1536x1024.jpg 1536w, https:\/\/nuevademocracia.com.co\/wp-content\/uploads\/2025\/07\/Lucha-por-la-tierra-Colombia-1.jpg 1620w\" sizes=\"auto, (max-width: 1024px) 100vw, 1024px\" \/><figcaption class=\"wp-element-caption\">Campesinos de Casacar\u00e1 se movilizan por tierra para trabajar.<\/figcaption><\/figure>\n\n\n\n<p class=\"has-black-color has-text-color has-link-color wp-elements-12b0e422315ea1b45f7221b55e4c0e6c\">Un grupo de aproximadamente 70 familias campesinas se encuentra realizando un campamento humanitario en el cementerio de Casacar\u00e1 como forma de resistencia y presi\u00f3n hacia la Agencia Nacional de Tierras. Su exigencia es que se les entreguen tierras para poder trabajar.<\/p>\n\n\n\n<p class=\"has-black-color has-text-color has-link-color wp-elements-3adb178aab80756645520e28e01f8632\">Estas familias fueron v\u00edctimas de la cruel violencia que azot\u00f3 al corregimiento de Casacar\u00e1 y al departamento del Cesar cuando el paramilitarismo tuvo su auge. Los pocos que antes contaban con un pedazo de tierra para trabajar, fueron despojados en esa infame \u00e9poca. El resto de campesinos, golpeados por la violencia paramilitar, protagonistas de la historia econ\u00f3mica de la regi\u00f3n, pues son ellos los que trabajan el campo y conocen cada una de sus labores, nunca han tenido un pedazo de tierra propia para trabajarla. Y precisamente esa es su exigencia hoy: tierra para trabajar.<\/p>\n\n\n\n<p class=\"has-black-color has-text-color has-link-color wp-elements-aa486b14540cff96caf97dfce27171af\">Ellos iniciaron un proceso de recuperaci\u00f3n de tierras hace m\u00e1s de tres meses, con el ingreso a la finca Siete Plagas. Nueve d\u00edas despu\u00e9s fueron desalojados por la polic\u00eda, luego de vivir un asedio persistente por parte de las Brigadas de Solidaridad Ganadera, que son grupos de defensa privada militar de los ganaderos agrupados en Fedegan (recordemos que Fedegan y algunos de sus l\u00edderes han estado asociados directamente con la financiaci\u00f3n del paramilitarismo en la regi\u00f3n).<\/p>\n\n\n\n<p class=\"has-black-color has-text-color has-link-color wp-elements-181f97fa7944316e823bda904fb333cd\">El mismo d\u00eda del desalojo, como una declaraci\u00f3n de rebeld\u00eda y de que no estaban dispuestos a rendirse sin obtener su meta, instauraron el campamento humanitario. A d\u00eda de hoy las instituciones no han acatado ni siquiera la exigencia m\u00e1s b\u00e1sica de los recuperadores: una mesa de interlocuci\u00f3n con funcionarios de orden nacional para iniciar las negociaciones por un pedazo de tierra. Las instituciones y sus funcionarios han mostrado tal nivel de desprecio a la causa de estos campesinos, que ni siquiera estaban respondiendo a las llamadas telef\u00f3nicas de los voceros.<\/p>\n\n\n\n<p class=\"has-black-color has-text-color has-link-color wp-elements-3a97a6a4d9452ea8f07fec6042dc2a81\">El campamento humanitario ha sido una nueva etapa en la lucha que ha tra\u00eddo sus propias complejidades. Los campesinos que realizan el campamento duermen en cambuches rudimentarios fabricados con pl\u00e1sticos, cuerdas y madera. Cuentan con una cocina colectiva y preservan su seguridad prestando guardias por turnos las 24 horas del d\u00eda. All\u00ed en el campamento han recibido el hostigamiento de la seguridad privada de los due\u00f1os de la finca y son presa de la vigilancia constante de la polic\u00eda.<\/p>\n\n\n\n<p class=\"has-black-color has-text-color has-link-color wp-elements-fd25d364ac452013d9cd1d51692022f9\">Para sostener su estad\u00eda algunos cuentan con el apoyo econ\u00f3mico de familiares, pero varios que no cuentan con nada m\u00e1s que sus propias fuerzas, se ven sometidos a aceptar los trabajos m\u00e1s duros y mal pagados de la zona. Se someten a trabajar como alba\u00f1iles por $30.000 el d\u00eda, como meseras o limpiadoras a $20.000 el d\u00eda o como carboneros. Este \u00faltimo oficio es uno de los m\u00e1s odiados en Casacar\u00e1 y representa una manifestaci\u00f3n flagrante y odiosa de c\u00f3mo el campesino tiene que regalar su trabajo al terrateniente a cambio de la posibilidad de trabajar. Es un oficio que degrada r\u00e1pidamente la salud de los campesinos, tanto as\u00ed que popularmente se le conoce como: el matagente. Al respecto de dicho oficio, invitamos a leer un art\u00edculo reciente: <a href=\"https:\/\/nuevademocracia.com.co\/?p=27851\" target=\"_blank\" rel=\"noreferrer noopener\">Expresiones de semifeudalidad en el caribe colombiano.<\/a><\/p>\n\n\n\n<p class=\"has-black-color has-text-color has-link-color wp-elements-71192578ce4b87411acdda96ebb1ee51\">Si bien es cierto que a causa de tener que permanecer en el campamento humanitario, los campesinos se ven obligados a ocuparse en este tipo de oficios, la realidad es que en su vida cotidiana tambi\u00e9n se ve\u00edan obligados a tareas y pagos similares.<\/p>\n\n\n\n<p class=\"has-black-color has-text-color has-link-color wp-elements-2402ff766a09369bae29cf4cf16626b7\">Adem\u00e1s de dificultades econ\u00f3micas, en el campamento tampoco tienen las mejores condiciones de salubridad. Toca economizar hasta la \u00faltima pizca de jab\u00f3n y de agua. Constantemente se han presentado brotes de enfermedades pulmonares y gastrointestinales.<\/p>\n\n\n\n<p class=\"has-black-color has-text-color has-link-color wp-elements-c91375400a90b68dbb9a64b6eaafda35\">En el campamento han realizado plantones y marchas para ganar visibilidad mientras esperan una respuesta. Los campesinos de Casacar\u00e1 manifiestan que est\u00e1n cansados de esperar. La gota que colm\u00f3 la paciencia de los recuperadores fue la visita de Alexandra Pineda, responsable de la Agencia Nacional de Tierras para el Cesar. En esa visita Alexandra no dio ninguna respuesta satisfactoria a los campesinos de Casacar\u00e1. Por el contrario, insinu\u00f3 que el proceso iba a demorar al menos unos tres meses y que mejor se fueran cada uno para sus casas a esperar tranquilos.<\/p>\n\n\n\n<p class=\"has-black-color has-text-color has-link-color wp-elements-907d96cc631b3f458f28b20c2e4bb12d\">La realidad es que los procesos de entrega de tierra en el pa\u00eds se han dado principalmente gracias a la presi\u00f3n del campesinado y a la toma de tierras por las v\u00edas de hecho. Son estas fincas, las que los campesinos de Colombia se han tomado por las v\u00edas de hecho, las que posteriormente la ANT ha entregado bajo diferentes figuras. Los campesinos que iniciaron el proceso de recuperaci\u00f3n de Siete Plagas conocen esta realidad y por ello no escucharon el llamado a desmovilizarse por parte de la ANT Cesar, sino que, por el contrario, decidieron iniciar un proceso de mayor presi\u00f3n para obtener respuesta positiva a sus exigencias.<\/p>\n\n\n\n<p class=\"has-black-color has-text-color has-link-color wp-elements-e541becbb2eb87b0dfaea981f4264839\">Sacaron un comunicado dirigido a la opini\u00f3n p\u00fablica y a la ANT, donde plantean que han entrado en Asamblea Permanente desde el pasado 1ro de julio. En el marco de la Asamblea Permanente han planteado que van a realizar las siguientes actividades:<\/p>\n\n\n\n<ul class=\"wp-block-list\">\n<li class=\"has-black-color has-text-color has-link-color wp-elements-048b1654f90a011669d01a5413665d55\">Movilizaciones, marchas<\/li>\n\n\n\n<li class=\"has-black-color has-text-color has-link-color wp-elements-7127a5e1fba022d2438f6dde1670c857\">Bloqueos de v\u00edas nacionales de manera intermitente e indefinidos<\/li>\n\n\n\n<li class=\"has-black-color has-text-color has-link-color wp-elements-54ebcf9d7a1a59829690228103c7a49a\">Recuperaci\u00f3n de tierras<\/li>\n\n\n\n<li class=\"has-black-color has-text-color has-link-color wp-elements-9acce7f351d34ddc47907295a1cb4432\">Actividades internas<\/li>\n<\/ul>\n\n\n\n<p class=\"has-black-color has-text-color has-link-color wp-elements-c5eac0830518b1c0547b497dad6c9569\">Esta serie de actividades se ha entendido como una hoja de ruta que aumenta la presi\u00f3n sobre las instancias nacionales en aras de obtener de manera definitiva la entrega de un predio. La reivindicaci\u00f3n de los campesinos de Siete Plagas antes del 1ro de julio era una mesa de interlocuci\u00f3n de car\u00e1cter nacional. Sin embargo, hoy manifiestan que la exigencia m\u00ednima es la entrega de la tierra y no abandonaran la hoja de ruta hasta no recibirla.<\/p>\n\n\n\n<p class=\"has-black-color has-text-color has-link-color wp-elements-17781ddc4afd3226ee6f9f4808467339\">Esta hoja de ruta ya comenz\u00f3 a andar, con la declaratoria de asamblea permanente y con una movilizaci\u00f3n realizada el d\u00eda s\u00e1bado 9 de julio, la Gran Marcha por la tierra, la vida y el territorio.<\/p>\n\n\n\n<figure class=\"wp-block-gallery has-nested-images columns-default is-cropped wp-block-gallery-1 is-layout-flex wp-block-gallery-is-layout-flex\">\n<figure class=\"wp-block-image size-large\"><img loading=\"lazy\" decoding=\"async\" width=\"1024\" height=\"683\" data-id=\"27897\" src=\"https:\/\/nuevademocracia.com.co\/wp-content\/uploads\/2025\/07\/Lucha-por-la-tierra-Colombia-2-1024x683.jpg\" alt=\"\" class=\"wp-image-27897\" srcset=\"https:\/\/nuevademocracia.com.co\/wp-content\/uploads\/2025\/07\/Lucha-por-la-tierra-Colombia-2-1024x683.jpg 1024w, https:\/\/nuevademocracia.com.co\/wp-content\/uploads\/2025\/07\/Lucha-por-la-tierra-Colombia-2-300x200.jpg 300w, https:\/\/nuevademocracia.com.co\/wp-content\/uploads\/2025\/07\/Lucha-por-la-tierra-Colombia-2-768x512.jpg 768w, https:\/\/nuevademocracia.com.co\/wp-content\/uploads\/2025\/07\/Lucha-por-la-tierra-Colombia-2-1536x1024.jpg 1536w, https:\/\/nuevademocracia.com.co\/wp-content\/uploads\/2025\/07\/Lucha-por-la-tierra-Colombia-2.jpg 1620w\" sizes=\"auto, (max-width: 1024px) 100vw, 1024px\" \/><\/figure>\n\n\n\n<figure class=\"wp-block-image size-large\"><img loading=\"lazy\" decoding=\"async\" width=\"1024\" height=\"683\" data-id=\"27898\" src=\"https:\/\/nuevademocracia.com.co\/wp-content\/uploads\/2025\/07\/Lucha-por-la-tierra-Colombia-3-1024x683.jpg\" alt=\"\" class=\"wp-image-27898\" srcset=\"https:\/\/nuevademocracia.com.co\/wp-content\/uploads\/2025\/07\/Lucha-por-la-tierra-Colombia-3-1024x683.jpg 1024w, https:\/\/nuevademocracia.com.co\/wp-content\/uploads\/2025\/07\/Lucha-por-la-tierra-Colombia-3-300x200.jpg 300w, https:\/\/nuevademocracia.com.co\/wp-content\/uploads\/2025\/07\/Lucha-por-la-tierra-Colombia-3-768x512.jpg 768w, https:\/\/nuevademocracia.com.co\/wp-content\/uploads\/2025\/07\/Lucha-por-la-tierra-Colombia-3-1536x1024.jpg 1536w, https:\/\/nuevademocracia.com.co\/wp-content\/uploads\/2025\/07\/Lucha-por-la-tierra-Colombia-3.jpg 1620w\" sizes=\"auto, (max-width: 1024px) 100vw, 1024px\" \/><\/figure>\n<figcaption class=\"blocks-gallery-caption wp-element-caption\">Movilizaci\u00f3n campesina en Casacar\u00e1.<\/figcaption><\/figure>\n\n\n\n<p class=\"has-black-color has-text-color has-link-color wp-elements-37ada248007d029186cd436dd3a5355f\">La consigna que recoge hoy las pretensiones y el camino de los recuperadores de Siete Plagas es la siguiente: \u201cVolveremos a la tierra, m\u00e1s fuertes y m\u00e1s organizados\u201d. No cabe duda de que esta consigna va a plasmarse en la realidad. Los campesinos movilizados en Casacar\u00e1 volver\u00e1n a la tierra, ya sea porque, a causa de su persistencia en la lucha y su aumento de la presi\u00f3n, la ANT se decida a entregarla, o porque cansados de esperar que las instituciones den una respuesta, los campesinos comiencen un nuevo intento de recuperaci\u00f3n.<\/p>\n\n\n\n<p class=\"has-black-color has-text-color has-link-color wp-elements-cd9b88e677f72b0a2626bc237bb1314d\">Por ahora las medidas de presi\u00f3n est\u00e1n dando frutos. Han recibido ya varias visitas de la ANT. Los funcionarios a nivel departamental est\u00e1n buscando afanosamente a los voceros del proceso de recuperaci\u00f3n y se instal\u00f3 una mesa t\u00e9cnica el pasado 17 de julio, cuyo resultado final debe ser la asignaci\u00f3n de un predio que cumpla con los requerimientos de las familias movilizadas. Por el momento se avanza en torno a una asignaci\u00f3n preliminar de un predio que est\u00e1 en proceso de evaluaci\u00f3n por parte de la agencia.<\/p>\n\n\n\n<p class=\"has-black-color has-text-color has-link-color wp-elements-e3d17f3c77db69f2d3fbde856356a74d\">Estas acciones de recuperaci\u00f3n de tierra, en todas sus etapas, incluyendo la actual, son la muestra de un campesinado con una alta dignidad, que no est\u00e1 dispuesto a rendirse ni a creer en falsas promesas y que est\u00e1 dispuesto a luchar hasta el final por su sue\u00f1o: la tierra. Manifiestan que las recuperaciones de tierras no son una opci\u00f3n o una simple posibilidad sino una pol\u00edtica que compone el eje central de la agenda del movimiento campesino. La Integraci\u00f3n Campesina del Cesar como parte del Coordinador Nacional Agrario (CNA) manifiesta que una tarea para el movimiento popular es avanzar en la legitimaci\u00f3n y naturalizaci\u00f3n de las recuperaciones de tierra, como el camino principal que debe transitar el campesinado para plasmar la realizaci\u00f3n de la consigna: tierra para quien la trabaja.<\/p>\n","protected":false},"excerpt":{"rendered":"<p>Campesinos plantean que una tarea para el movimiento popular es avanzar en la legitimaci\u00f3n y naturalizaci\u00f3n de las recuperaciones de tierra.<\/p>\n","protected":false},"author":1,"featured_media":27897,"comment_status":"open","ping_status":"open","sticky":false,"template":"","format":"standard","meta":{"footnotes":""},"categories":[16,4,144],"tags":[21,209,200,18,210],"class_list":["post-27895","post","type-post","status-publish","format-standard","has-post-thumbnail","hentry","category-carrusel","category-colombia","category-lucha-por-la-tierra","tag-campesinos","tag-casacara","tag-cesar-colombia","tag-protestas","tag-reforma-agraria"],"blocksy_meta":[],"_links":{"self":[{"href":"https:\/\/nuevademocracia.com.co\/index.php?rest_route=\/wp\/v2\/posts\/27895","targetHints":{"allow":["GET"]}}],"collection":[{"href":"https:\/\/nuevademocracia.com.co\/index.php?rest_route=\/wp\/v2\/posts"}],"about":[{"href":"https:\/\/nuevademocracia.com.co\/index.php?rest_route=\/wp\/v2\/types\/post"}],"author":[{"embeddable":true,"href":"https:\/\/nuevademocracia.com.co\/index.php?rest_route=\/wp\/v2\/users\/1"}],"replies":[{"embeddable":true,"href":"https:\/\/nuevademocracia.com.co\/index.php?rest_route=%2Fwp%2Fv2%2Fcomments&post=27895"}],"version-history":[{"count":3,"href":"https:\/\/nuevademocracia.com.co\/index.php?rest_route=\/wp\/v2\/posts\/27895\/revisions"}],"predecessor-version":[{"id":27901,"href":"https:\/\/nuevademocracia.com.co\/index.php?rest_route=\/wp\/v2\/posts\/27895\/revisions\/27901"}],"wp:featuredmedia":[{"embeddable":true,"href":"https:\/\/nuevademocracia.com.co\/index.php?rest_route=\/wp\/v2\/media\/27897"}],"wp:attachment":[{"href":"https:\/\/nuevademocracia.com.co\/index.php?rest_route=%2Fwp%2Fv2%2Fmedia&parent=27895"}],"wp:term":[{"taxonomy":"category","embeddable":true,"href":"https:\/\/nuevademocracia.com.co\/index.php?rest_route=%2Fwp%2Fv2%2Fcategories&post=27895"},{"taxonomy":"post_tag","embeddable":true,"href":"https:\/\/nuevademocracia.com.co\/index.php?rest_route=%2Fwp%2Fv2%2Ftags&post=27895"}],"curies":[{"name":"wp","href":"https:\/\/api.w.org\/{rel}","templated":true}]}}