{"id":27923,"date":"2025-07-29T12:15:57","date_gmt":"2025-07-29T17:15:57","guid":{"rendered":"https:\/\/nuevademocracia.com.co\/?p=27923"},"modified":"2026-03-28T00:23:41","modified_gmt":"2026-03-28T05:23:41","slug":"estado-espanol-nace-el-proyecto-musical-v-a-r-a-y-anuncia-primera-cancion","status":"publish","type":"post","link":"https:\/\/nuevademocracia.com.co\/?p=27923","title":{"rendered":"SP &#8211; Estado espa\u00f1ol: Nace el proyecto musical V.A.R.A. y anuncia primera\u00a0canci\u00f3n"},"content":{"rendered":"\n<hr class=\"wp-block-separator has-text-color has-vivid-red-color has-alpha-channel-opacity has-vivid-red-background-color has-background\"\/>\n\n\n\n<p class=\"has-black-color has-text-color has-link-color wp-elements-4a869f335fa1f5fc57ee390c2512371c\"><em>Publicamos el\u00a0siguiente art\u00edculo del\u00a0Peri\u00f3dico <a href=\"https:\/\/serviralpuebloperiodico.wordpress.com\/2025\/07\/24\/nace-el-proyecto-musical-v-a-r-a-y-anuncia-primera-cancion\/\">Servir al Pueblo<\/a> del Estado espa\u00f1ol (SP)<\/em><\/p>\n\n\n\n<figure class=\"wp-block-image aligncenter size-full is-resized\"><img loading=\"lazy\" decoding=\"async\" width=\"500\" height=\"500\" src=\"https:\/\/nuevademocracia.com.co\/wp-content\/uploads\/2025\/07\/image-36.png\" alt=\"\" class=\"wp-image-27925\" style=\"width:377px;height:auto\" srcset=\"https:\/\/nuevademocracia.com.co\/wp-content\/uploads\/2025\/07\/image-36.png 500w, https:\/\/nuevademocracia.com.co\/wp-content\/uploads\/2025\/07\/image-36-300x300.png 300w, https:\/\/nuevademocracia.com.co\/wp-content\/uploads\/2025\/07\/image-36-150x150.png 150w\" sizes=\"auto, (max-width: 500px) 100vw, 500px\" \/><\/figure>\n\n\n\n<p class=\"has-black-color has-text-color has-link-color wp-elements-e9e6247eb5d8d3c31f39b7a34dd296af\">Celebramos anunciar que hoy, jueves 24 de julio, se ha anunciado la fundaci\u00f3n de un nuevo grupo de m\u00fasica revolucionaria. Llevan por nombre&nbsp;<strong>Voces Al Rojo Amanecer<\/strong>, y esta es la descripci\u00f3n seg\u00fan ellos mismos:&nbsp;<em>\u00abVoces Al Rojo Amanecer (V.A.R.A.) es un proyecto musical colectivo, autogestionado e independiente, de orientaci\u00f3n antiimperialista, que est\u00e1 al servicio de las luchas obreras y populares\u00bb<\/em><\/p>\n\n\n\n<p class=\"has-black-color has-text-color has-link-color wp-elements-54543b48ef822702dacfcf52ee0d3474\">La primera canci\u00f3n que han publicado es \u00abNuestra arma roja es la m\u00e1s fuerte\u00bb, una versi\u00f3n espa\u00f1ola de la tradicional sovi\u00e9tica El Ej\u00e9rcito Rojo es el m\u00e1s fuerte (a veces conocida como Red Army, White Baron). Dejamos a continuaci\u00f3n los enlaces a la canci\u00f3n que hemos recibido en nuestro correo electr\u00f3nico:<\/p>\n\n\n\n<figure class=\"wp-block-embed is-type-video is-provider-youtube wp-block-embed-youtube wp-embed-aspect-16-9 wp-has-aspect-ratio\"><div class=\"wp-block-embed__wrapper\">\nhttps:\/\/youtu.be\/zwBk6eyB_FI\n<\/div><\/figure>\n\n\n\n<p class=\"has-black-color has-text-color has-link-color wp-elements-5f675bdad92affec2ad76061619b4f4f\">Aqu\u00ed el videoclip:<\/p>\n\n\n\n<figure class=\"wp-block-embed is-type-video is-provider-youtube wp-block-embed-youtube wp-embed-aspect-16-9 wp-has-aspect-ratio\"><div class=\"wp-block-embed__wrapper\">\nhttps:\/\/youtu.be\/TpyIf5AmjFY\n<\/div><\/figure>\n","protected":false},"excerpt":{"rendered":"<p>Se ha anunciado la fundaci\u00f3n de un nuevo grupo de m\u00fasica revolucionaria, su nombre es\u00a0Voces Al Rojo Amanecer y han lanzado su primera canci\u00f3n.<\/p>\n","protected":false},"author":1,"featured_media":27925,"comment_status":"open","ping_status":"open","sticky":false,"template":"","format":"standard","meta":{"footnotes":""},"categories":[31,134],"tags":[],"class_list":["post-27923","post","type-post","status-publish","format-standard","has-post-thumbnail","hentry","category-internacional","category-nueva-cultura"],"blocksy_meta":[],"_links":{"self":[{"href":"https:\/\/nuevademocracia.com.co\/index.php?rest_route=\/wp\/v2\/posts\/27923","targetHints":{"allow":["GET"]}}],"collection":[{"href":"https:\/\/nuevademocracia.com.co\/index.php?rest_route=\/wp\/v2\/posts"}],"about":[{"href":"https:\/\/nuevademocracia.com.co\/index.php?rest_route=\/wp\/v2\/types\/post"}],"author":[{"embeddable":true,"href":"https:\/\/nuevademocracia.com.co\/index.php?rest_route=\/wp\/v2\/users\/1"}],"replies":[{"embeddable":true,"href":"https:\/\/nuevademocracia.com.co\/index.php?rest_route=%2Fwp%2Fv2%2Fcomments&post=27923"}],"version-history":[{"count":4,"href":"https:\/\/nuevademocracia.com.co\/index.php?rest_route=\/wp\/v2\/posts\/27923\/revisions"}],"predecessor-version":[{"id":29076,"href":"https:\/\/nuevademocracia.com.co\/index.php?rest_route=\/wp\/v2\/posts\/27923\/revisions\/29076"}],"wp:featuredmedia":[{"embeddable":true,"href":"https:\/\/nuevademocracia.com.co\/index.php?rest_route=\/wp\/v2\/media\/27925"}],"wp:attachment":[{"href":"https:\/\/nuevademocracia.com.co\/index.php?rest_route=%2Fwp%2Fv2%2Fmedia&parent=27923"}],"wp:term":[{"taxonomy":"category","embeddable":true,"href":"https:\/\/nuevademocracia.com.co\/index.php?rest_route=%2Fwp%2Fv2%2Fcategories&post=27923"},{"taxonomy":"post_tag","embeddable":true,"href":"https:\/\/nuevademocracia.com.co\/index.php?rest_route=%2Fwp%2Fv2%2Ftags&post=27923"}],"curies":[{"name":"wp","href":"https:\/\/api.w.org\/{rel}","templated":true}]}}