{"id":27929,"date":"2025-07-29T12:52:46","date_gmt":"2025-07-29T17:52:46","guid":{"rendered":"https:\/\/nuevademocracia.com.co\/?p=27929"},"modified":"2025-07-29T12:52:47","modified_gmt":"2025-07-29T17:52:47","slug":"el-campesinado-de-valencia-de-jesus-lucha-por-un-pedazo-de-tierra","status":"publish","type":"post","link":"https:\/\/nuevademocracia.com.co\/?p=27929","title":{"rendered":"El campesinado de Valencia de Jes\u00fas lucha por un pedazo de tierra"},"content":{"rendered":"\n<figure class=\"wp-block-image aligncenter size-large is-resized\"><img loading=\"lazy\" decoding=\"async\" width=\"1024\" height=\"768\" src=\"https:\/\/nuevademocracia.com.co\/wp-content\/uploads\/2025\/07\/Img-4-1024x768.jpg\" alt=\"\" class=\"wp-image-27930\" style=\"width:687px;height:auto\" srcset=\"https:\/\/nuevademocracia.com.co\/wp-content\/uploads\/2025\/07\/Img-4-1024x768.jpg 1024w, https:\/\/nuevademocracia.com.co\/wp-content\/uploads\/2025\/07\/Img-4-300x225.jpg 300w, https:\/\/nuevademocracia.com.co\/wp-content\/uploads\/2025\/07\/Img-4-768x576.jpg 768w, https:\/\/nuevademocracia.com.co\/wp-content\/uploads\/2025\/07\/Img-4.jpg 1280w\" sizes=\"auto, (max-width: 1024px) 100vw, 1024px\" \/><\/figure>\n\n\n\n<p class=\"has-black-color has-text-color has-link-color wp-elements-00072efd21ff5c7824782aa85cc19a1e\">El pasado s\u00e1bado 19 de julio los campesinos de Valencia de Jes\u00fas -un centro poblado del municipio de Valledupar en el departamento del Cesar- agrupados en el Consejo Comunitario Barro y Arcilla y la Integraci\u00f3n Campesina del Cesar, realizaron bloqueos en una importante v\u00eda nacional para exigir soluciones a problem\u00e1ticas hist\u00f3ricas del sector, como la falta de acceso a agua potable, la ausencia de personal m\u00e9dico permanente en el centro de salud local, las afectaciones a viviendas ocasionadas por la concesionaria Yuma en medio de la construcci\u00f3n de la Ruta del Sol 3,&nbsp; y la principal de todas: el problema de acceso a tierras en el marco de la reforma agraria del gobierno Petro.<\/p>\n\n\n\n<figure class=\"wp-block-image aligncenter size-large is-resized\"><img loading=\"lazy\" decoding=\"async\" width=\"1024\" height=\"768\" src=\"https:\/\/nuevademocracia.com.co\/wp-content\/uploads\/2025\/07\/Img-1-1024x768.jpg\" alt=\"\" class=\"wp-image-27932\" style=\"width:624px;height:auto\" srcset=\"https:\/\/nuevademocracia.com.co\/wp-content\/uploads\/2025\/07\/Img-1-1024x768.jpg 1024w, https:\/\/nuevademocracia.com.co\/wp-content\/uploads\/2025\/07\/Img-1-300x225.jpg 300w, https:\/\/nuevademocracia.com.co\/wp-content\/uploads\/2025\/07\/Img-1-768x576.jpg 768w, https:\/\/nuevademocracia.com.co\/wp-content\/uploads\/2025\/07\/Img-1.jpg 1280w\" sizes=\"auto, (max-width: 1024px) 100vw, 1024px\" \/><\/figure>\n\n\n\n<p><\/p>\n\n\n\n<p class=\"has-black-color has-text-color has-link-color wp-elements-c66756d71673ae04c079effbf2321e0d\">Este centro poblado, m\u00e1s antiguo que el municipio de Valledupar, ha sido hist\u00f3ricamente afectado, al igual que todo el departamento del Cesar y la regi\u00f3n Caribe, por un problema fundamental en nuestro pa\u00eds: el latifundio. Grandes extensiones de tierra (productiva e improductiva) est\u00e1n concentradas en manos de unos pocos terratenientes, que han amasado su poder a trav\u00e9s de la muy bien conocida t\u00e1ctica de comprar alambre y cercar tierras de campesinos para hacerse con ellas, o del desplazamiento y despojo de tierras a trav\u00e9s de la violencia y los grupos paramilitares, que en Valencia fue de al menos 8.000 hect\u00e1reas entre 1997 y 2010. As\u00ed, grandes terratenientes y gamonales fueron acaparando la tierra en la regi\u00f3n y llevando el monocultivo del algod\u00f3n o el negocio de la ganader\u00eda, mientras los campesinos \u201cno tenemos para sembrar ni una mata de yuca\u201d, como dicen muchos en el sector, y contin\u00faan esperando la devoluci\u00f3n de sus tierras. Las familias campesinas se ven obligadas a arrendar tierras de otros para poder trabajar y sacar sus cosechas o a trabajar en oficios ajenos a la agricultura, para las ladrilleras, las empresas multinacionales de energ\u00eda solar o en la construcci\u00f3n.<\/p>\n\n\n\n<figure class=\"wp-block-image aligncenter size-large is-resized\"><img loading=\"lazy\" decoding=\"async\" width=\"768\" height=\"1024\" src=\"https:\/\/nuevademocracia.com.co\/wp-content\/uploads\/2025\/07\/img-2-768x1024.jpg\" alt=\"\" class=\"wp-image-27933\" style=\"width:496px;height:auto\" srcset=\"https:\/\/nuevademocracia.com.co\/wp-content\/uploads\/2025\/07\/img-2-768x1024.jpg 768w, https:\/\/nuevademocracia.com.co\/wp-content\/uploads\/2025\/07\/img-2-225x300.jpg 225w, https:\/\/nuevademocracia.com.co\/wp-content\/uploads\/2025\/07\/img-2.jpg 960w\" sizes=\"auto, (max-width: 768px) 100vw, 768px\" \/><\/figure>\n\n\n\n<p><\/p>\n\n\n\n<p class=\"has-black-color has-text-color has-link-color wp-elements-4025df5dcb575b917faec5a356868df5\">La pobreza, falta de oportunidades y miseria que conviven junto a la gran riqueza del latifundio, sumado a la frustraci\u00f3n (generalizada en varias zonas de la regi\u00f3n) de haber realizado durante meses cada uno de los tr\u00e1mites burocr\u00e1ticos e institucionales solicitados por la Agencia Nacional de Tierras sin tener respuestas de la prometida reforma agraria del gobierno, han despertado en el campesinado de Valencia una chispa de rebeld\u00eda, llev\u00e1ndolo a pasar de la espera pasiva a la movilizaci\u00f3n activa para exigir sus derechos y a ver en la toma y recuperaci\u00f3n de predios el camino para conquistar la tierra.<\/p>\n\n\n\n<p class=\"has-black-color has-text-color has-link-color wp-elements-ff9d07d79af89ca84c5d80cfd930da90\">Es en este marco que los campesinos agrupados en las asociaciones mencionadas, comienzan a organizarse y convocar reuniones, donde expresaron que est\u00e1n cansados de esperar y que es hora de ir a la acci\u00f3n y presionar a las instituciones para que den respuestas; o en palabras de un campesino que dijo con gran entusiasmo: \u201c\u00bfCu\u00e1ndo comenzamos? Ya tengo listo mi machete\u201d. En estas reuniones los compa\u00f1eros deciden organizar el bloqueo de la v\u00eda para el d\u00eda 19 de julio, all\u00ed se conformaron las comisiones de: guardia campesina para la defensa; propaganda para invitar a la comunidad a sumarse a la actividad y realizaci\u00f3n de telas y carteles; log\u00edstica general del bloqueo; y pol\u00edtica, encargada de agitar las exigencias de la comunidad y del di\u00e1logo con funcionarios.<\/p>\n\n\n\n<figure class=\"wp-block-image aligncenter size-large is-resized\"><img loading=\"lazy\" decoding=\"async\" width=\"1024\" height=\"768\" src=\"https:\/\/nuevademocracia.com.co\/wp-content\/uploads\/2025\/07\/Img-3-1024x768.jpg\" alt=\"\" class=\"wp-image-27934\" style=\"width:626px;height:auto\" srcset=\"https:\/\/nuevademocracia.com.co\/wp-content\/uploads\/2025\/07\/Img-3-1024x768.jpg 1024w, https:\/\/nuevademocracia.com.co\/wp-content\/uploads\/2025\/07\/Img-3-300x225.jpg 300w, https:\/\/nuevademocracia.com.co\/wp-content\/uploads\/2025\/07\/Img-3-768x576.jpg 768w, https:\/\/nuevademocracia.com.co\/wp-content\/uploads\/2025\/07\/Img-3.jpg 1280w\" sizes=\"auto, (max-width: 1024px) 100vw, 1024px\" \/><\/figure>\n\n\n\n<p><\/p>\n\n\n\n<p class=\"has-black-color has-text-color has-link-color wp-elements-adcc8438492bb734b20018306add9bcf\">Eran las 6:00am cuando empezaron a llegar personas al punto de bloqueo, comenzaron a preparar la log\u00edstica recogiendo los troncos de \u00e1rboles que hab\u00edan sido cortados desde el d\u00eda anterior, llantas y todo tipo de artefactos para bloquear la v\u00eda. A las 6:15am ya estaban paralizados los 4 carriles de la v\u00eda, cada comisi\u00f3n realizaba su tarea con entrega y entusiasmo, se agitaban palabras desde un meg\u00e1fono contando los motivos de la protesta y se agitaban consignas como: \u201c\u00bfQui\u00e9nes somos? \u00a1Campesinos! \u00bfQu\u00e9 queremos? \u00a1Tierra! \u00bfPara qu\u00e9? \u00a1Para trabajarla!\u201d. As\u00ed, lograron sostener un bloqueo intermitente por aproximadamente 6 horas, desbloqueando cada 2 horas durante 10 minutos para permitir el flujo de veh\u00edculos. Mantuvieron siempre en alto el \u00e1nimo de las casi 100 personas que se sumaron a la acci\u00f3n, dentro de las cuales tambi\u00e9n hab\u00eda l\u00edderes de las veredas La Guitarra y El Cielo, que al enterarse llegaron a apoyar y difundir sus problem\u00e1ticas. A todos los un\u00eda un solo sue\u00f1o y una sola lucha: la de tener un pedazo de tierra para vivir y trabajar y la de ver a su pueblo tener condiciones dignas de vida.<\/p>\n\n\n\n<p class=\"has-black-color has-text-color has-link-color wp-elements-745f674583a8d0c226dd3eb4351740cc\">Fruto de la presi\u00f3n, siendo las 10:20am llegaron 2 funcionarios, el secretario de Gobierno de Valledupar y la directora del hospital local Eduardo Arredondo Daza<em>. <\/em>Varios delegados de la comisi\u00f3n pol\u00edtica atendieron la visita y se comenz\u00f3 un di\u00e1logo en presencia de la comunidad, donde varias personas intervinieron para contar sus problem\u00e1ticas y se pusieron sobre la mesa las exigencias de los campesinos en lucha. A\u00fan con los funcionarios presentes y a pesar de sus intentos por desmovilizar, en ning\u00fan momento se desbloque\u00f3 la v\u00eda ni se dej\u00f3 de agitar hasta que se lograron establecer algunos acuerdos, entre los cuales est\u00e1n: el establecimiento de una mesa de di\u00e1logo con la directora del hospital para solucionar el problema de personal m\u00e9dico, agendada para el mi\u00e9rcoles 23 de julio y convocar una mesa de di\u00e1logo con la Agencia Nacional de Tierras a nivel local y nacional donde se den respuestas frente a la entrega de tierras para la comunidad, asignada para el 30 de julio.<\/p>\n\n\n\n<figure class=\"wp-block-image aligncenter size-large is-resized\"><img loading=\"lazy\" decoding=\"async\" width=\"1024\" height=\"768\" src=\"https:\/\/nuevademocracia.com.co\/wp-content\/uploads\/2025\/07\/Img-5-1024x768.jpg\" alt=\"\" class=\"wp-image-27935\" style=\"width:580px;height:auto\" srcset=\"https:\/\/nuevademocracia.com.co\/wp-content\/uploads\/2025\/07\/Img-5-1024x768.jpg 1024w, https:\/\/nuevademocracia.com.co\/wp-content\/uploads\/2025\/07\/Img-5-300x225.jpg 300w, https:\/\/nuevademocracia.com.co\/wp-content\/uploads\/2025\/07\/Img-5-768x576.jpg 768w, https:\/\/nuevademocracia.com.co\/wp-content\/uploads\/2025\/07\/Img-5.jpg 1280w\" sizes=\"auto, (max-width: 1024px) 100vw, 1024px\" \/><\/figure>\n\n\n\n<p><\/p>\n\n\n\n<p class=\"has-black-color has-text-color has-link-color wp-elements-443de8bb70bc16c003d7b955f72ba00e\">La jornada cerr\u00f3 con en\u00e9rgicas intervenciones de los compa\u00f1eros movilizados, donde celebraban el \u00e9xito de la jornada y los esfuerzos de cada asistente, resaltaron el papel de la lucha popular y la movilizaci\u00f3n como camino para conquistar los derechos. Con unas pocas horas de bloqueo, hubo m\u00e1s avances que durante meses de tr\u00e1mites y gestiones institucionales, lo que demuestra una vez m\u00e1s el car\u00e1cter del Estado y sus instituciones, hechas para poner trabas al pueblo y al campesinado en su lucha por conquistar tierra y mejores condiciones de vida. Tambi\u00e9n en las intervenciones, resaltaron que solo con la fuerza de un campesinado organizado que se atreva a tomar la tierra en sus manos, se abrir\u00e1 el camino para destruir el latifundio, responsable de todos sus males. Por \u00faltimo, se cerr\u00f3 con un llamado muy importante a no dejar que los avances alcanzados con el bloqueo detengan la movilizaci\u00f3n, sino que por el contrario la impulsen para continuar en resistencia hasta tener una soluci\u00f3n definitiva a las exigencias y se dej\u00f3 claro un precedente: en caso de cualquier incumplimiento por parte de las instituciones y sus funcionarios, ya no ser\u00e1n solo bloqueos, sino que los mecanismos de lucha se van a elevar hasta donde sea necesario para obtener los reclamos del campesinado.&nbsp;<\/p>\n\n\n\n<p class=\"has-black-color has-text-color has-link-color wp-elements-02dbc3c9e746c93b92eba5cfc6db6956\">El campesinado de Valencia de Jes\u00fas ha comenzado a confiar en sus propias fuerzas, a dejar de creer en las falsas promesas de las instituciones, de que la tierra va a llegar esperando pasivamente y sin movilizaci\u00f3n y ha demostrado estar dispuesto a hacer lo que sea necesario por conquistarla. Su lucha hace parte del camino democr\u00e1tico que est\u00e1 reavivando el movimiento campesino en nuestro pa\u00eds.<\/p>\n\n\n\n<p class=\"has-black-color has-text-color has-link-color wp-elements-2f1534e5f3fd876ac50deb3501fff3be\"><\/p>\n\n\n\n<figure class=\"wp-block-video\"><video height=\"476\" style=\"aspect-ratio: 848 \/ 476;\" width=\"848\" controls src=\"https:\/\/nuevademocracia.com.co\/wp-content\/uploads\/2025\/07\/video-3.mp4\"><\/video><\/figure>\n\n\n\n<p class=\"has-black-color has-text-color has-link-color wp-elements-36a9a9cd61b04e533628358b665b24f7\"><\/p>\n","protected":false},"excerpt":{"rendered":"<p>Campesinos de Valencia de Jes\u00fas, Valledupar realizaron bloqueos en una importante v\u00eda nacional para exigir acceso a agua potable y  a tierras.<\/p>\n","protected":false},"author":1,"featured_media":27930,"comment_status":"open","ping_status":"open","sticky":false,"template":"","format":"standard","meta":{"footnotes":""},"categories":[16,4,144],"tags":[],"class_list":["post-27929","post","type-post","status-publish","format-standard","has-post-thumbnail","hentry","category-carrusel","category-colombia","category-lucha-por-la-tierra"],"blocksy_meta":[],"_links":{"self":[{"href":"https:\/\/nuevademocracia.com.co\/index.php?rest_route=\/wp\/v2\/posts\/27929","targetHints":{"allow":["GET"]}}],"collection":[{"href":"https:\/\/nuevademocracia.com.co\/index.php?rest_route=\/wp\/v2\/posts"}],"about":[{"href":"https:\/\/nuevademocracia.com.co\/index.php?rest_route=\/wp\/v2\/types\/post"}],"author":[{"embeddable":true,"href":"https:\/\/nuevademocracia.com.co\/index.php?rest_route=\/wp\/v2\/users\/1"}],"replies":[{"embeddable":true,"href":"https:\/\/nuevademocracia.com.co\/index.php?rest_route=%2Fwp%2Fv2%2Fcomments&post=27929"}],"version-history":[{"count":2,"href":"https:\/\/nuevademocracia.com.co\/index.php?rest_route=\/wp\/v2\/posts\/27929\/revisions"}],"predecessor-version":[{"id":27940,"href":"https:\/\/nuevademocracia.com.co\/index.php?rest_route=\/wp\/v2\/posts\/27929\/revisions\/27940"}],"wp:featuredmedia":[{"embeddable":true,"href":"https:\/\/nuevademocracia.com.co\/index.php?rest_route=\/wp\/v2\/media\/27930"}],"wp:attachment":[{"href":"https:\/\/nuevademocracia.com.co\/index.php?rest_route=%2Fwp%2Fv2%2Fmedia&parent=27929"}],"wp:term":[{"taxonomy":"category","embeddable":true,"href":"https:\/\/nuevademocracia.com.co\/index.php?rest_route=%2Fwp%2Fv2%2Fcategories&post=27929"},{"taxonomy":"post_tag","embeddable":true,"href":"https:\/\/nuevademocracia.com.co\/index.php?rest_route=%2Fwp%2Fv2%2Ftags&post=27929"}],"curies":[{"name":"wp","href":"https:\/\/api.w.org\/{rel}","templated":true}]}}