{"id":27952,"date":"2025-08-01T12:43:16","date_gmt":"2025-08-01T17:43:16","guid":{"rendered":"https:\/\/nuevademocracia.com.co\/?p=27952"},"modified":"2025-08-01T12:58:36","modified_gmt":"2025-08-01T17:58:36","slug":"habitantes-de-granizal-se-movilizan-por-agua-vias-y-vivienda-digna","status":"publish","type":"post","link":"https:\/\/nuevademocracia.com.co\/?p=27952","title":{"rendered":"Habitantes de Granizal se movilizan por agua, v\u00edas y vivienda digna"},"content":{"rendered":"\n<figure class=\"wp-block-image aligncenter size-full is-resized\"><img loading=\"lazy\" decoding=\"async\" width=\"780\" height=\"565\" src=\"https:\/\/nuevademocracia.com.co\/wp-content\/uploads\/2025\/08\/image-1.png\" alt=\"\" class=\"wp-image-27956\" style=\"width:590px;height:auto\" srcset=\"https:\/\/nuevademocracia.com.co\/wp-content\/uploads\/2025\/08\/image-1.png 780w, https:\/\/nuevademocracia.com.co\/wp-content\/uploads\/2025\/08\/image-1-300x217.png 300w, https:\/\/nuevademocracia.com.co\/wp-content\/uploads\/2025\/08\/image-1-768x556.png 768w\" sizes=\"auto, (max-width: 780px) 100vw, 780px\" \/><\/figure>\n\n\n\n<p class=\"has-black-color has-text-color has-link-color wp-elements-dfe029e09d879f22f69259f0129b8dc9\">El 25 de julio, alrededor de 150 habitantes de la vereda Granizal bloquearon la Autopista Medell\u00edn-Bogot\u00e1 para exigir varios derechos como agua potable (exigencia que las familias tienen desde que se fund\u00f3 el barrio), mejora y pavimentaci\u00f3n de las v\u00edas, reconexi\u00f3n del agua cruda (suspendida por la avalancha reciente) y el derecho a la vivienda digna, siendo esta \u00faltima exigencia la m\u00e1s urgente, pues la Alcald\u00eda no ha dado ninguna soluci\u00f3n digna a las familias&nbsp;que lo perdieron todo tras la avalancha del pasado 23 de junio. La vereda Granizal es el segundo asentamiento m\u00e1s grande de poblaci\u00f3n desplazada de Colombia, es un barrio que tiene aproximadamente 30 a\u00f1os de historia.<\/p>\n\n\n\n<p class=\"has-black-color has-text-color has-link-color wp-elements-066f44db2736188bccf20113e8ebe405\">El bloqueo inici\u00f3 alrededor de las 10 am y se extendi\u00f3 hasta las 6 pm. Inicialmente los bloqueos fueron intermitentes y permitieron el paso cada 30 minutos, pero luego, al ver que la Alcald\u00eda no hacia presencia ni daba respuesta a sus exigencias, los habitantes empezaron a incrementar el tiempo de bloqueo, permitiendo el paso cada hora y media. Los habitantes realizaron algunas pancartas y carteles que mostraban sus exigencias.<\/p>\n\n\n\n<p class=\"has-black-color has-text-color has-link-color wp-elements-82aefdfa1ea65a72317f0793ef4a6315\">Finalmente, la Alcald\u00eda de Bello hizo presencia y se reuni\u00f3 con algunos l\u00edderes. Fruto de la movilizaci\u00f3n y bloqueo, en la reuni\u00f3n con la Alcald\u00eda se lleg\u00f3 a tres acuerdos que la comunidad celebr\u00f3 como unas peque\u00f1as victorias:<\/p>\n\n\n\n<ol start=\"1\" class=\"wp-block-list\">\n<li class=\"has-black-color has-text-color has-link-color wp-elements-f5a0ffe4a9d4e7894dfd2f3efca7815d\">Cumplir con el pago de los arriendos que la Alcald\u00eda de Bello les prometi\u00f3 a las familias afectadas por la avalancha.<\/li>\n\n\n\n<li class=\"has-black-color has-text-color has-link-color wp-elements-a20be954ca488401426e84a513c1f8bc\">Aumentar la frecuencia de los carrotanques con agua potable.<\/li>\n\n\n\n<li class=\"has-black-color has-text-color has-link-color wp-elements-ed186537911791f95b023d9ddce5e189\">Aumentar la cantidad de tanques con agua potable en diferentes puntos de la vereda.<\/li>\n<\/ol>\n\n\n\n<p class=\"has-black-color has-text-color has-link-color wp-elements-ff5e26999c9cf7502970052950163f06\">El bloqueo se dio tras un mes del deslizamiento de 75.000 metros c\u00fabicos de tierra, que arras\u00f3 al menos 50 viviendas, dejando hasta el momento 27 muertos, m\u00e1s de 1.600 afectados de 16 barrios, y seg\u00fan la comunidad, un n\u00famero indeterminado de desparecidos no reportados oficialmente. Adem\u00e1s, las familias se encuentran sin agua y sin transporte, pues las rutas de buses dejaron de circular por los barrios afectados, \u201cno dejan pasar los carros ni los buses, (\u2026) nos tienen incomunicados\u201d, afirm\u00f3 una habitante del barrio, se\u00f1alando el gran perjuicio ocasionado para las personas mayores, pues por motivos de salud no pueden caminar largas distancias.<\/p>\n\n\n\n<figure class=\"wp-block-embed is-type-video is-provider-youtube wp-block-embed-youtube wp-embed-aspect-16-9 wp-has-aspect-ratio\"><div class=\"wp-block-embed__wrapper\">\n<iframe loading=\"lazy\" title=\"Habitantes de Granizal denuncian afectaciones por deslizamiento\" width=\"1290\" height=\"726\" src=\"https:\/\/www.youtube.com\/embed\/rtgSs17iG-U?feature=oembed\" frameborder=\"0\" allow=\"accelerometer; autoplay; clipboard-write; encrypted-media; gyroscope; picture-in-picture; web-share\" referrerpolicy=\"strict-origin-when-cross-origin\" allowfullscreen><\/iframe>\n<\/div><\/figure>\n\n\n\n<p class=\"has-black-color has-text-color has-link-color wp-elements-2eff352a45df27d0612b9ef040ed803a\">En otra entrevista, una habitante de Granizal que vive a pocos metros del deslizamiento, nos cuenta que no ha tenido ni agua ni electricidad, y que por estar tan cerca al deslizamiento se tiene que ir, aunque no tenga en d\u00f3nde vivir. Cuenta que tiene mucha incertidumbre sobre su vivienda, pues la Alcald\u00eda, aunque le dice que debe irse, no le da ninguna opci\u00f3n de vivienda digna.&nbsp; Muchas familias fueron llevadas a albergues temporales, con condiciones muy precarias y sin soluciones de vivienda permanente, mientras otras familias a\u00fan permanecen en sus casas cercanas a la avalancha, con temor de que ocurra un nuevo deslizamiento.<\/p>\n\n\n\n<p class=\"has-vivid-red-color has-text-color has-link-color has-medium-font-size wp-elements-65e6b07ba1534b51e4438032fc8fa357\"><strong>Solidaridad del pueblo<\/strong><\/p>\n\n\n\n<p class=\"has-black-color has-text-color has-link-color wp-elements-8f03edd2f570b8cdd17ea73af6a19752\">El mismo d\u00eda en que ocurri\u00f3 el deslizamiento cientos de personas se solidarizaron con las familias y llevaron ayudas de diferente tipo como ropa, comida, cobijas, donaciones, entre otras. Activistas populares y personas solidarias realizaron ollas comunitarias y organizaron brigadas de b\u00fasqueda de los desaparecidos entre los escombros de las casas, y, adem\u00e1s organizaron grupos de trabajo para realizar la limpieza de diferentes zonas, como una parte de la quebrada para que el agua no se siguiera represando. <strong><\/strong><\/p>\n\n\n\n<p class=\"has-black-color has-text-color has-link-color wp-elements-4eed29e8b3715d579cc1df2ca05da8b4\">Algunos activistas cuentan que el pueblo despleg\u00f3 una gran solidaridad y ayuda (mucho m\u00e1s r\u00e1pida y eficiente que la del Estado) y resaltan que la juventud popular fue de los sectores que m\u00e1s se moviliz\u00f3. La solidaridad se ha mantenido hasta la actualidad.<\/p>\n\n\n\n<p class=\"has-vivid-red-color has-text-color has-link-color has-medium-font-size wp-elements-4e67101a9145b0359bb12f5f7d2d13b0\"><strong>Papel del estado (Alcald\u00eda y EPM)<\/strong><\/p>\n\n\n\n<p class=\"has-black-color has-text-color has-link-color wp-elements-93866a28d3132e31e849adf90730d2d4\">La comunidad y los activistas populares han denunciado que la tragedia est\u00e1 relacionada con un tubo de Empresas P\u00fablicas de Medell\u00edn (EPM). Aunque los habitantes llevan meses alertando sobre filtraciones y movimientos an\u00f3malos en el terreno, tanto EPM como las administraciones municipales de Bello y Medell\u00edn, han optado por atribuir la tragedia exclusivamente a las intensas lluvias y al desbordamiento de la quebrada La Negra, evadiendo as\u00ed responsabilidades t\u00e9cnicas o estructurales.<\/p>\n\n\n\n<p class=\"has-black-color has-text-color has-link-color wp-elements-41924b6becf0955e2fbffc7a4f390528\">Adem\u00e1s, la comunidad se\u00f1ala que las Alcald\u00edas de Bello y Medell\u00edn, no han ofrecido opciones dignas para afrontar el desastre, denunciando un funcionamiento burocr\u00e1tico y antipopular de dichas instituciones: como una de las zonas afectadas hace parte de Medell\u00edn, entonces la Alcald\u00eda de Bello no les brinda ning\u00fan tipo de ayuda, y viceversa, la Alcald\u00eda de Medell\u00edn no ayuda a las personas afectadas que son de Bello, demostrando c\u00f3mo ambas Alcald\u00edas ponen sus tr\u00e1mites burocr\u00e1ticos por encima de la vida del pueblo. Otras de las denuncias que algunos activistas y solidarios han realizado, es que el Estado no invierte ni en ciencia y tecnolog\u00eda que sirva para prevenir estos desastres, tampoco en infraestructura o planes para la mitigaci\u00f3n del riesgo, pues esto no es su inter\u00e9s, ya que no deja ganancias a las respectivas administraciones y los grupos econ\u00f3micos de la gran burgues\u00eda y los latifundistas que ellas representan.<\/p>\n\n\n\n<p class=\"has-black-color has-text-color has-link-color wp-elements-4fa3df6f731fd2d3a312c886eb9e1285\">En otra entrevista, una activista popular que ha participado en las diferentes brigadas, ollas comunitarias y otras expresiones de solidaridad popular, nos comparti\u00f3 algunos an\u00e1lisis que hace sobre la situaci\u00f3n en Granizal. Por un lado, nos alerta que \u201cun poco de diputados y politiqueros han ido, incluso fue el expresidente \u00c1lvaro Uribe y llam\u00f3 a la comunidad a que confi\u00e9 en las autoridades\u201d. Esto ocurre, dice ella, debido a que la farsa electoral ya est\u00e1 en marcha y todos los politiqueros de diferentes partidos ven en Granizal, un buen lugar para encontrar votos en medio de la tragedia.<\/p>\n\n\n\n<p class=\"has-black-color has-text-color has-link-color wp-elements-cfacd994f35b2963b51e904a52f9c677\">Adem\u00e1s, cuenta que, \u201cla gente todav\u00eda no entiende qu\u00e9 es lo que ha pasado, est\u00e1n en shock, los ni\u00f1os tienen pesadillas, ansiedad, susto. Muchos est\u00e1n volviendo a sus casas, aunque est\u00e1n en riesgo. Hay grietas grandes y profundas\u201d y que la Alcald\u00eda \u201cha puesto algunos stickers a unas casitas para desalojar. Hablando con alguien del Departamento Administrativo de Gesti\u00f3n del Riesgo de Desastres \u2013DAGRD, dijeron que s\u00ed iban a desalojar gente por riesgo\u201d. Lo anterior significa que, en medio de la dura situaci\u00f3n que viven las familias afectadas, no se aproximan soluciones de parte del Estado, sino por el contrario, una oleada de desalojos contra las familias que quedaron en alto riesgo, de all\u00ed la importancia de la pasada movilizaci\u00f3n, donde los habitantes lograron algunos acuerdos, sin embargo, la lucha por una vivienda digna, apenas comienza.<\/p>\n","protected":false},"excerpt":{"rendered":"<p>El 25 de julio, habitantes de la vereda Granizal bloquearon la Autopista Medell\u00edn-Bogot\u00e1 para exigir varios derechos como  vivienda digna.<\/p>\n","protected":false},"author":1,"featured_media":27956,"comment_status":"open","ping_status":"open","sticky":false,"template":"","format":"standard","meta":{"footnotes":""},"categories":[16,4],"tags":[],"class_list":["post-27952","post","type-post","status-publish","format-standard","has-post-thumbnail","hentry","category-carrusel","category-colombia"],"blocksy_meta":[],"_links":{"self":[{"href":"https:\/\/nuevademocracia.com.co\/index.php?rest_route=\/wp\/v2\/posts\/27952","targetHints":{"allow":["GET"]}}],"collection":[{"href":"https:\/\/nuevademocracia.com.co\/index.php?rest_route=\/wp\/v2\/posts"}],"about":[{"href":"https:\/\/nuevademocracia.com.co\/index.php?rest_route=\/wp\/v2\/types\/post"}],"author":[{"embeddable":true,"href":"https:\/\/nuevademocracia.com.co\/index.php?rest_route=\/wp\/v2\/users\/1"}],"replies":[{"embeddable":true,"href":"https:\/\/nuevademocracia.com.co\/index.php?rest_route=%2Fwp%2Fv2%2Fcomments&post=27952"}],"version-history":[{"count":3,"href":"https:\/\/nuevademocracia.com.co\/index.php?rest_route=\/wp\/v2\/posts\/27952\/revisions"}],"predecessor-version":[{"id":27957,"href":"https:\/\/nuevademocracia.com.co\/index.php?rest_route=\/wp\/v2\/posts\/27952\/revisions\/27957"}],"wp:featuredmedia":[{"embeddable":true,"href":"https:\/\/nuevademocracia.com.co\/index.php?rest_route=\/wp\/v2\/media\/27956"}],"wp:attachment":[{"href":"https:\/\/nuevademocracia.com.co\/index.php?rest_route=%2Fwp%2Fv2%2Fmedia&parent=27952"}],"wp:term":[{"taxonomy":"category","embeddable":true,"href":"https:\/\/nuevademocracia.com.co\/index.php?rest_route=%2Fwp%2Fv2%2Fcategories&post=27952"},{"taxonomy":"post_tag","embeddable":true,"href":"https:\/\/nuevademocracia.com.co\/index.php?rest_route=%2Fwp%2Fv2%2Ftags&post=27952"}],"curies":[{"name":"wp","href":"https:\/\/api.w.org\/{rel}","templated":true}]}}