{"id":27958,"date":"2025-08-07T12:45:28","date_gmt":"2025-08-07T17:45:28","guid":{"rendered":"https:\/\/nuevademocracia.com.co\/?p=27958"},"modified":"2025-08-07T12:46:40","modified_gmt":"2025-08-07T17:46:40","slug":"en-ee-uu-trabajadores-inmigrantes-mueren-bajo-custodia-de-ice","status":"publish","type":"post","link":"https:\/\/nuevademocracia.com.co\/?p=27958","title":{"rendered":"En EE.UU., trabajadores inmigrantes mueren bajo custodia de ICE"},"content":{"rendered":"\n<p class=\"has-black-color has-text-color has-link-color wp-elements-98c013831f158f34f9a838fc31764aa1\">Provenientes, principalmente de pa\u00edses oprimidos por el imperialismo (pa\u00edses atrasados cuyo desarrollo se ha visto truncado por sus clases dominantes en alianza con el gran capital y Estado norteamericano), los inmigrantes que se encuentran en Estados Unidos para trabajar, buscan mejorar sus condiciones de vida, pero son constantemente matoneados en el pa\u00eds receptor, cuyo gobernante actual, el ultraderechista Donald Trump, usa la cuesti\u00f3n migratoria como parte de su propaganda reaccionaria. Como resultado de la represi\u00f3n, m\u00faltiples consecuencias sufren los inmigrantes, entre ellas, morir bajo el \u00abcuidado\u00bb de sus opresores.<\/p>\n\n\n\n<figure class=\"wp-block-image aligncenter size-full\"><img loading=\"lazy\" decoding=\"async\" width=\"637\" height=\"425\" src=\"https:\/\/nuevademocracia.com.co\/wp-content\/uploads\/2025\/08\/Foto-tomada-de-Getty-Images.jpg\" alt=\"\" class=\"wp-image-27959\" srcset=\"https:\/\/nuevademocracia.com.co\/wp-content\/uploads\/2025\/08\/Foto-tomada-de-Getty-Images.jpg 637w, https:\/\/nuevademocracia.com.co\/wp-content\/uploads\/2025\/08\/Foto-tomada-de-Getty-Images-300x200.jpg 300w\" sizes=\"auto, (max-width: 637px) 100vw, 637px\" \/><figcaption class=\"wp-element-caption\">Foto tomada de Getty Images<\/figcaption><\/figure>\n\n\n\n<p class=\"has-black-color has-text-color has-link-color wp-elements-d7b8acdad8ad0259711c6bcc3cc9352a\">Desde enero de 2025, cuando Donald Trump asumi\u00f3 la jefatura del Estado imperialista en proceso de declive, al menos 13 personas inmigrantes han muerto bajo la custodia de ICE -Inmigration Customs Enforcement, por sus siglas en ingl\u00e9s. En abril del presente a\u00f1o, la haitiana Marie Ange Blaise, de 44 a\u00f1os, muri\u00f3 despu\u00e9s de haber permanecido en diferentes centros de detenci\u00f3n de ICE desde mitad de febrero. \u00abCreemos firmemente que su muerte pudo haber sido prevenida\u00bb [1], denunci\u00f3 Guerline Jozef, directora de Haitian Bridge Alliance, una ONG proinmigrantes. No se puede entender estas muertes como un mero efecto colateral de la pol\u00edtica migratoria, sino como resultado directo de la misma. Mujeres que tambi\u00e9n est\u00e1n bajo detenci\u00f3n de ICE fueron entrevistadas por el medio monopolico USA Today. Describieron que all\u00ed ICE las at\u00f3 de manos y las encaden\u00f3 en un bus durante horas, sin acceso a ba\u00f1os, para luego alojarlas en celdas sobrepobladas donde los servicios m\u00e9dicos les son negados. [2]<\/p>\n\n\n\n<p class=\"has-black-color has-text-color has-link-color wp-elements-025a80c4980abaa5250079a9f640afb8\">Las m\u00e1s recientes v\u00edctimas fueron un inmigrante cubano, de 75 a\u00f1os, y uno canadiense, de 49 a\u00f1os, ambos muertos en junio del presente a\u00f1o.<\/p>\n\n\n\n<p class=\"has-black-color has-text-color has-link-color wp-elements-1f2c2ab848deafd7a185e008db4c8381\">Para la actual administraci\u00f3n, este no es m\u00e1s que otro tema de superficial y medi\u00e1tica pugna con las otras facciones del poder imperialista. La competencia entre los opresores, ante los medios de informaci\u00f3n, versa sobre qui\u00e9n tuvo menos muertos. As\u00ed, \u00abvale la pena anotar que la administraci\u00f3n Biden tuvo un mayor rango de muertes (muerte por n\u00famero de detenidos) entre enero y junio de 2024, que la actual cifra de enero a junio de 2025\u00bb afirm\u00f3 Darren Eisenhauer, vocera del DHS -Departamento de Seguridad Nacional, ante los cuestionamientos hechos por estas muertes. [3]<\/p>\n\n\n\n<p class=\"has-black-color has-text-color has-link-color wp-elements-6e374c9ec85a2818bb6c8b6c0bd11858\">Las condiciones de insuficiente atenci\u00f3n m\u00e9dica y sobrepoblaci\u00f3n, son un resultado directo del esfuerzo que hace la actual administraci\u00f3n por aumentar ante el p\u00fablico las cifras de represi\u00f3n a los inmigrantes. \u00abPara mediados de junio, m\u00e1s de 56.000 inmigrantes estaban siendo detenidos en establecimientos de detenci\u00f3n, esto es, superando en un 140% su capacidad\u00bb afirma el diario monopolico The Guardian. [4]<\/p>\n\n\n\n<p class=\"has-black-color has-text-color has-link-color wp-elements-7214158bdb901dc0c3e42bae6c23647b\">En su af\u00e1n por presentar cifras, que contribuyan a la narrativa de que se est\u00e1 \u00abcombatiendo la invasi\u00f3n inmigrante\u00bb, ICE aprisiona a miles de inmigrantes en sus celdas con total desd\u00e9n hacia su dignidad humana.<\/p>\n\n\n\n<p class=\"has-black-color has-text-color has-link-color wp-elements-5c29c70cfd85aa523235cefae10ee4d2\">El problema est\u00e1 lejos de resolverse del lado del Estado: dos tercios del presupuesto nacional militar de Estados Unidos, son invertidos en las instituciones de represi\u00f3n y administraci\u00f3n de inmigrantes y, ahora, Trump aument\u00f3 a\u00fan m\u00e1s el monto con 168 billones de d\u00f3lares, los cuales fueron recientemente aprobados a trav\u00e9s de la \u00faltima ley que pas\u00f3 en el congreso.<\/p>\n\n\n\n<p class=\"has-black-color has-text-color has-link-color wp-elements-ce94376e6d0dfcd7fb10c2ec85781415\">La verdadera soluci\u00f3n est\u00e1 en la acci\u00f3n de las masas populares nacionales e inmigrantes, as\u00ed como voces de sectores democr\u00e1ticos que denuncian la opresi\u00f3n a los inmigrantes en Estados Unidos. Como no puede ser de otra manera, tales denuncias solo pueden ser efectivas, si se toman como parte del conjunto de la lucha contra la opresi\u00f3n imperialista hac\u00eda los pa\u00edses de origen de esos inmigrantes, opresi\u00f3n imperialista que se ejerce a trav\u00e9s de medios econ\u00f3micos, militares, pol\u00edticos y culturales.<\/p>\n\n\n\n<p class=\"has-black-color has-text-color has-link-color wp-elements-71ce70802718ecf81289a672fe4cc6db\"><strong>Notas<\/strong><\/p>\n\n\n\n<p class=\"has-black-color has-text-color has-link-color wp-elements-594a7f4fe0806f6b9c1423ae651744b9\">[1] https:\/\/www.usatoday.com\/story\/news\/nation\/2025\/04\/29\/haitian-woman-dies-ice-custody\/ 83352108007\/<\/p>\n\n\n\n<p class=\"has-black-color has-text-color has-link-color wp-elements-b9799b999a2f1410ade7b12df48efcc4\">[2] Ibid.<\/p>\n\n\n\n<p class=\"has-black-color has-text-color has-link-color wp-elements-c7d71a1c69f4a335507068dd39606ce3\">[3] https:\/\/www.independent.co.uk\/news\/world\/americas\/us-politics\/trump-administration-ice-detentiondeath-b2779192.html<\/p>\n\n\n\n<p class=\"has-black-color has-text-color has-link-color wp-elements-5fefe19cf2311a2d41dd325d49d5beb8\">[4] https:\/\/www.theguardian.com\/us-news\/2025\/jun\/30\/us-ice-detention-deaths<\/p>\n","protected":false},"excerpt":{"rendered":"<p>Desde enero de 2025, al menos 13 personas inmigrantes han muerto bajo la custodia de ICE.<\/p>\n","protected":false},"author":1,"featured_media":27959,"comment_status":"open","ping_status":"open","sticky":false,"template":"","format":"standard","meta":{"footnotes":""},"categories":[16,31],"tags":[32,197,41,150],"class_list":["post-27958","post","type-post","status-publish","format-standard","has-post-thumbnail","hentry","category-carrusel","category-internacional","tag-imperialismo","tag-inmigrantes","tag-represion-estatal","tag-usa"],"blocksy_meta":[],"_links":{"self":[{"href":"https:\/\/nuevademocracia.com.co\/index.php?rest_route=\/wp\/v2\/posts\/27958","targetHints":{"allow":["GET"]}}],"collection":[{"href":"https:\/\/nuevademocracia.com.co\/index.php?rest_route=\/wp\/v2\/posts"}],"about":[{"href":"https:\/\/nuevademocracia.com.co\/index.php?rest_route=\/wp\/v2\/types\/post"}],"author":[{"embeddable":true,"href":"https:\/\/nuevademocracia.com.co\/index.php?rest_route=\/wp\/v2\/users\/1"}],"replies":[{"embeddable":true,"href":"https:\/\/nuevademocracia.com.co\/index.php?rest_route=%2Fwp%2Fv2%2Fcomments&post=27958"}],"version-history":[{"count":4,"href":"https:\/\/nuevademocracia.com.co\/index.php?rest_route=\/wp\/v2\/posts\/27958\/revisions"}],"predecessor-version":[{"id":27963,"href":"https:\/\/nuevademocracia.com.co\/index.php?rest_route=\/wp\/v2\/posts\/27958\/revisions\/27963"}],"wp:featuredmedia":[{"embeddable":true,"href":"https:\/\/nuevademocracia.com.co\/index.php?rest_route=\/wp\/v2\/media\/27959"}],"wp:attachment":[{"href":"https:\/\/nuevademocracia.com.co\/index.php?rest_route=%2Fwp%2Fv2%2Fmedia&parent=27958"}],"wp:term":[{"taxonomy":"category","embeddable":true,"href":"https:\/\/nuevademocracia.com.co\/index.php?rest_route=%2Fwp%2Fv2%2Fcategories&post=27958"},{"taxonomy":"post_tag","embeddable":true,"href":"https:\/\/nuevademocracia.com.co\/index.php?rest_route=%2Fwp%2Fv2%2Ftags&post=27958"}],"curies":[{"name":"wp","href":"https:\/\/api.w.org\/{rel}","templated":true}]}}