{"id":27969,"date":"2025-08-27T16:30:00","date_gmt":"2025-08-27T21:30:00","guid":{"rendered":"https:\/\/nuevademocracia.com.co\/?p=27969"},"modified":"2025-08-27T14:31:15","modified_gmt":"2025-08-27T19:31:15","slug":"27969","status":"publish","type":"post","link":"https:\/\/nuevademocracia.com.co\/?p=27969","title":{"rendered":"M\u00c9XICO: \u00a1POR EL DR. ERNESTO SERNAS GARC\u00cdA, TODOS A LAS CALLES ESTE 30 DE AGOSTO!"},"content":{"rendered":"\n<p class=\"has-black-color has-text-color has-link-color wp-elements-12dce40a09015c025c6cf161a082f473\"><em>A continuaci\u00f3n compartimos un importante llamamiento\u00a0<a href=\"https:\/\/solrojista.blogspot.com\/2025\/08\/mexico-por-el-dr-ernesto-sernas-garcia.html+\">publicado<\/a>\u00a0por Sol Rojo M\u00e9xico en ocasi\u00f3n del D\u00eda Internacional del Detenido-Desaparecido y por el 7\u00ba aniversario de la desaparici\u00f3n del Dr. Sernas.<\/em><\/p>\n\n\n\n<figure class=\"wp-block-image aligncenter size-full is-resized\"><img loading=\"lazy\" decoding=\"async\" width=\"414\" height=\"640\" src=\"https:\/\/nuevademocracia.com.co\/wp-content\/uploads\/2025\/08\/image-3.png\" alt=\"\" class=\"wp-image-27970\" style=\"width:447px;height:auto\" srcset=\"https:\/\/nuevademocracia.com.co\/wp-content\/uploads\/2025\/08\/image-3.png 414w, https:\/\/nuevademocracia.com.co\/wp-content\/uploads\/2025\/08\/image-3-194x300.png 194w\" sizes=\"auto, (max-width: 414px) 100vw, 414px\" \/><\/figure>\n\n\n\n<p><\/p>\n\n\n\n<p class=\"has-black-color has-text-color has-link-color wp-elements-a9106a8c9f69e755ca4ab593468588fa\">El pr\u00f3ximo s\u00e1bado 30 de agosto se conmemora el D\u00eda Internacional del Detenido-Desaparecido, y como todo mundo sabe, en nuestro pa\u00eds existe una terrible cifra de m\u00e1s de 130 mil personas desaparecidas, m\u00e1s de 72 mil cuerpos sin identificar y decenas de miles de fosas clandestinas en todo el pa\u00eds, lo que adem\u00e1s de reflejar una crisis humanitaria y forense en ascenso, hace de M\u00e9xico el pa\u00eds de las desapariciones a prop\u00f3sito de la inocultable guerra reaccionaria contra el pueblo desatada por el viejo Estado terrateniente-burocr\u00e1tico.<\/p>\n\n\n\n<p class=\"has-black-color has-text-color has-link-color wp-elements-7bb936e8ccba1cb585b9002dd3ef4378\">Lo hemos mencionado en otras ocasiones, esta guerra reaccionaria ha atravesado al menos por tres fases a lo largo de su desarrollo:<\/p>\n\n\n\n<p class=\"has-black-color has-text-color has-link-color wp-elements-21c59202a6c247c92b0fcfff5ce030b5\">1) Guerra Sucia \/ PRI (1965-1985)<\/p>\n\n\n\n<p class=\"has-black-color has-text-color has-link-color wp-elements-a550de987e6ab21be340177ed9e109a2\">2) Guerra \u201ccontra el narco\u201d \u2013 militarizaci\u00f3n \/ PAN-PRI (2006-2018)<\/p>\n\n\n\n<p class=\"has-black-color has-text-color has-link-color wp-elements-0871066c5c075e10faf6fe1d71a5bdaf\">3) Legalizaci\u00f3n de la militarizaci\u00f3n y creaci\u00f3n de la Guardia Nacional como cuarto cuerpo de ej\u00e9rcito reaccionario \/ MORENA (2018 a la fecha).<\/p>\n\n\n\n<p class=\"has-black-color has-text-color has-link-color wp-elements-64173e31988c1dbc31d8177bfe5a1dcc\">Se trata de una guerra contrainsurgente y de baja intensidad dise\u00f1ada en los cuarteles militares del imperialismo yanqui y seguida al pie de la letra por la doctrina militar del Estado mexicano. Esta guerra reaccionaria debe ser entendida como parte del plan general de la reacci\u00f3n y sus tres tareas centrales:<\/p>\n\n\n\n<p class=\"has-black-color has-text-color has-link-color wp-elements-ccc08e48a27f107a75c7341878d6548b\">a) Mayor centralizaci\u00f3n del viejo Estado (control absoluto de los \u201ctres poderes de la uni\u00f3n\u201d, corporativismo, imposici\u00f3n de contrarreformas para el control de las masas, etc.)<\/p>\n\n\n\n<p class=\"has-black-color has-text-color has-link-color wp-elements-e5a309c4e2afcaa58bf96a558e169418\">b) Redinamizaci\u00f3n del capitalismo burocr\u00e1tico (imposici\u00f3n de pol\u00edticas anti-populares y megaproyectos imperialistas de despojo y muerte)<\/p>\n\n\n\n<p class=\"has-black-color has-text-color has-link-color wp-elements-2699d77052b169b793661fae2e6b7a0c\">c) Ahogar en sangre y fuego la rebeli\u00f3n de las masas antes de su alumbramiento (militarizaci\u00f3n de la econom\u00eda, de la industria, de la vida p\u00fablica y formaci\u00f3n de un Estado policiaco-militar)<\/p>\n\n\n\n<p class=\"has-black-color has-text-color has-link-color wp-elements-79e997bea1123c46b8b6e972e1eedd00\">Estas tres tareas centrales del plan general de la reacci\u00f3n, y su aplicaci\u00f3n por parte de los gobiernos de la autoproclamada \u201c4T\u201d, dejan clara la verdad hist\u00f3rica de la clase obrera y los pueblos del An\u00e1huac: \u00a1La Rebeli\u00f3n se justifica!<\/p>\n\n\n\n<p class=\"has-black-color has-text-color has-link-color wp-elements-4313cde650b7688918dc3a7beb21bef2\">ELEVEMOS LA LUCHA POR TODOS LOS DESAPARECIDOS POL\u00cdTICOS.<\/p>\n\n\n\n<p class=\"has-black-color has-text-color has-link-color wp-elements-e845cfa9fbae95d0bf1f7d7b3d1af5fb\">Por ello es importante no dejar pasar desapercibida esta importante fecha, por nuestro camarada el Dr. Ernesto Sernas Garc\u00eda y por todos los desaparecidos pol\u00edticos en el pa\u00eds y en el mundo. Tambi\u00e9n por todas las v\u00edctimas de desaparici\u00f3n que existen en M\u00e9xico y sus familias, particularmente las madres buscadoras que no han cejado ni un solo minuto en la exigencia de verdad y justicia, enfrent\u00e1ndose a las campa\u00f1as de desprestigio, el acoso, la amenaza e incluso la represi\u00f3n y la muerte por parte del Estado.<\/p>\n\n\n\n<p class=\"has-black-color has-text-color has-link-color wp-elements-2b6bb367840e0723a269db668f7a78ce\">Es importante mencionar que hace poco los colectivos de madres y familias buscadoras, y organizaciones solidarias de todo el pa\u00eds, conquistaron una victoria democr\u00e1tica importante: la renuncia de la s\u00e1trapa Teresa Reyes Sahag\u00fan, quien fuera la titular de la Comisi\u00f3n Nacional de B\u00fasqueda del gobierno federal. Un personaje que adem\u00e1s de no contar con el perfil profesional o la expert\u00edz necesaria, carec\u00eda tambi\u00e9n de empat\u00eda con las v\u00edctimas y apostaba por la criminalizaci\u00f3n de las personas desaparecidas. Esta se\u00f1ora, como toda una bur\u00f3crata y agente del Estado, actu\u00f3 de forma premeditada obstaculizando la b\u00fasqueda de la defensora feminista Sandra Estefana Dom\u00ednguez Mart\u00ednez (+) y de nuestro camarada Dr. Ernesto Sernas Garc\u00eda, cancelando en m\u00e1s de dos ocasiones \u2013junto a la comisionada local de b\u00fasqueda en Oaxaca, Michel Juli\u00e1n L\u00f3pez- la b\u00fasqueda del Dr. Sernas. Ambas, Teresa y Michel, prest\u00e1ndose al juego de la reacci\u00f3n han revictimizado a las familias, expuesto su integridad, la de sus abogados y acompa\u00f1antes, y revelado p\u00fablicamente los datos personales de estos coloc\u00e1ndoles en una situaci\u00f3n de mayor vulnerabilidad.<\/p>\n\n\n\n<p class=\"has-black-color has-text-color has-link-color wp-elements-343ec935f64f96246c8a46888ddb9e3c\">La renuncia de Teresa est\u00e1 incompleta sin la renuncia o destituci\u00f3n de Michel Juli\u00e1n L\u00f3pez de la Comisi\u00f3n Estatal de B\u00fasqueda de Personas en Oaxaca. Por ello este 30 de agosto es un buen momento para exigir que se vaya, junto con otros titulares de comisiones locales de b\u00fasqueda en el pa\u00eds que no hacen nada por atender las justas demandas de las madres y familias buscadoras.<\/p>\n\n\n\n<p class=\"has-black-color has-text-color has-link-color wp-elements-a8ae2b6fd141607413b758cf0d97e7b8\">Pero m\u00e1s all\u00e1 de la renuncia o continuidad impuesta de personajes anti-populares y m\u00e1s all\u00e1 de la omisi\u00f3n, complicidad y aquiescencia de las fiscal\u00edas estatales y federal en un delito de lesa humanidad como lo es la desaparici\u00f3n forzada, es importante que los movimientos democr\u00e1ticos y revolucionarios, junto con las madres y familias buscadoras, tomemos las calles nuevamente este 30 de agosto haciendo una gran jornada de lucha combativa que deje claro: nuestra es lucha es por la vida, por la verdad y la justicia. Por tanto, la exigencia de presentaci\u00f3n con vida y castigo a los culpables es irrenunciable.<\/p>\n\n\n\n<p class=\"has-black-color has-text-color has-link-color wp-elements-9e393a9a9c2e1f97c867284dafa01e84\">\u00a1POR EL DR. ERNESTO SERNAS GARC\u00cdA, TODOS A LAS CALLES ESTE 30 DE AGOSTO!<\/p>\n\n\n\n<p class=\"has-black-color has-text-color has-link-color wp-elements-ba1a84db031311c97f8363865b286bb9\">Por ello, la familia del Dr. Ernesto Sernas Garc\u00eda y Corriente del Pueblo Sol Rojo llamamos a las organizaciones democr\u00e1ticas, a los sindicatos clasistas y a los movimientos revolucionarios; a los colectivos de madres y familias buscadoras a tomar las calles este 30 de agosto en todo el pa\u00eds.<\/p>\n\n\n\n<p class=\"has-black-color has-text-color has-link-color wp-elements-316206281feb3fbe7c3a46a9c1bf9c7f\">Llamamos a realizar acciones combativas y en\u00e9rgicas, con movilizaciones, con consignas, con pintas, con carteles, con mantas que retomen los rostros y los nombres de todos nuestros desaparecidos, d\u00e1ndole voz a su voz, d\u00e1ndole pu\u00f1os a su ira y d\u00e1ndole pies a la esperanza.<\/p>\n\n\n\n<p class=\"has-black-color has-text-color has-link-color wp-elements-8e64d78d501f2ea343c207019ed4de59\">Nosotros realizaremos acciones combativas en exigencia de presentaci\u00f3n con vida de nuestro camarada Dr. Ernesto Sernas Garc\u00eda, quien es catedr\u00e1tico de la Universidad Aut\u00f3noma Benito Ju\u00e1rez de Oaxaca (UABJO), ensayista, conferencista e investigador; y quien adem\u00e1s se desempe\u00f1\u00f3 como abogado defensor de los presos pol\u00edticos del 7 de junio de 2015, acusados por los gobiernos de Gabino Cu\u00e9 y Enrique Pe\u00f1a Nieto de terrorismo y portaci\u00f3n de explosivos de uso reservado del ej\u00e9rcito mexicano.<\/p>\n\n\n\n<p class=\"has-black-color has-text-color has-link-color wp-elements-c689568df18a6f7073ad6dc6bff5d43e\">Si Ustedes desean sumarse a esta iniciativa y apoyar la exigencia de presentaci\u00f3n con vida de nuestro camarada Dr. Ernesto Sernas Garc\u00eda los invitamos a plasmar las siguientes consignas:<\/p>\n\n\n\n<p class=\"has-black-color has-text-color has-link-color wp-elements-6e13613175d106c1aee3868d9e67482a\">#DrSernasPresentaci\u00f3nConVida<\/p>\n\n\n\n<p class=\"has-black-color has-text-color has-link-color wp-elements-ca78e8fd450b11880bf38868009b3820\">\u00a1Ernesto Sernas Garc\u00eda, presentaci\u00f3n con vida!<\/p>\n\n\n\n<p class=\"has-black-color has-text-color has-link-color wp-elements-1ceaacc776990228883c853d3b4935ad\">\u00a1Vivos se los llevaron, vivos los queremos!<\/p>\n\n\n\n<p class=\"has-black-color has-text-color has-link-color wp-elements-53e0e29ce43c4ab1f0cef0a886576ff0\">\u00a1Destituci\u00f3n de Michel Juli\u00e1n L\u00f3pez de la Comisi\u00f3n de B\u00fasqueda en Oaxaca!<\/p>\n\n\n\n<p class=\"has-black-color has-text-color has-link-color wp-elements-c64ce720b5c41359c8cb9e989f83a38d\">Estas, adem\u00e1s de las consignas generales por nuestros desaparecidos, ser\u00e1n bienvenidas y ayudar\u00e1n a visibilizar y reforzar nuestra exigencia de verdad y justicia, y nuestra leg\u00edtima demanda de presentaci\u00f3n con vida y castigo a los culpables.<\/p>\n\n\n\n<p class=\"has-black-color has-text-color has-link-color wp-elements-655153b7c0ad6898bf1155ac30381f73\">Ustedes pueden compartimos fotograf\u00edas, videos y otras evidencias de sus actividades al correo cpsolrojo@gmail.com las cuales ser\u00e1n publicadas en un reporte especial con las acciones del 30 de agosto.<\/p>\n\n\n\n<p class=\"has-black-color has-text-color has-link-color wp-elements-efa695e3a67ce795a6af805f02de3209\">El caso del Dr. Ernesto Sernas Garc\u00eda es la \u00faltima desaparici\u00f3n forzada por motivos pol\u00edticos documentada en Oaxaca, y por tanto es el mismo caso de miles de compa\u00f1eras y compa\u00f1eros que han sido desaparecidos por el viejo Estado en represalia por sus actividades pol\u00edticas como activistas, dirigentes populares, estudiantiles, campesinos o sindicales, guerrilleros y comunistas. El caso del Dr. Ernesto Sernas Garc\u00eda es relevante a nivel internacional, y es atendido por el Comit\u00e9 contra la Desaparici\u00f3n Forzada de Naciones Unidas en la Acci\u00f3n Urgente 540\/2018.<\/p>\n\n\n\n<p class=\"has-black-color has-text-color has-link-color wp-elements-7d0cb7f4dbdfd8b401565ea862c5f780\">Por ello es importante que este 30 de agosto sus nombres y sus rostros se plasmen en todo el pa\u00eds, para que sus captores los sigan escuchando y viendo en todas partes.<\/p>\n\n\n\n<p class=\"has-black-color has-text-color has-link-color wp-elements-8088ed676337d988022d097eeca205ea\">30 de agosto, D\u00eda Internacional del Detenido-Desaparecido, \u00a1ni perd\u00f3n ni olvido!<\/p>\n\n\n\n<p class=\"has-black-color has-text-color has-link-color wp-elements-597234d3e747ea6f25635153a0fedaa6\">#DrSernasPresentaci\u00f3nConVida<\/p>\n\n\n\n<p class=\"has-black-color has-text-color has-link-color wp-elements-141dfb2a04ce5490e6e733362b594aee\">\u00a1Ernesto Sernas Garc\u00eda, presentaci\u00f3n con vida!<\/p>\n\n\n\n<p class=\"has-black-color has-text-color has-link-color wp-elements-31998fe404325b6d8fc7ea5d2bc9aedc\">\u00a1Vivos se los llevaron, vivos los queremos!<\/p>\n\n\n\n<p class=\"has-black-color has-text-color has-link-color wp-elements-bb476eb926489b883acb96ea8b184a20\">\u00a1Destituci\u00f3n de Michel Juli\u00e1n L\u00f3pez de la Comisi\u00f3n de B\u00fasqueda en Oaxaca!<\/p>\n","protected":false},"excerpt":{"rendered":"<p>El  30 de agosto se conmemora el D\u00eda Internacional del Detenido-Desaparecido Por ello llamamos a realizar acciones combativas y en\u00e9rgicas, con movilizaciones, con consignas, con pintas, con carteles, con mantas que retomen los rostros y los nombres de todos nuestros desaparecidos, d\u00e1ndole voz a su voz, d\u00e1ndole pu\u00f1os a su ira y d\u00e1ndole pies a la esperanza.<\/p>\n","protected":false},"author":1,"featured_media":27970,"comment_status":"open","ping_status":"open","sticky":false,"template":"","format":"standard","meta":{"footnotes":""},"categories":[16,31],"tags":[],"class_list":["post-27969","post","type-post","status-publish","format-standard","has-post-thumbnail","hentry","category-carrusel","category-internacional"],"blocksy_meta":[],"_links":{"self":[{"href":"https:\/\/nuevademocracia.com.co\/index.php?rest_route=\/wp\/v2\/posts\/27969","targetHints":{"allow":["GET"]}}],"collection":[{"href":"https:\/\/nuevademocracia.com.co\/index.php?rest_route=\/wp\/v2\/posts"}],"about":[{"href":"https:\/\/nuevademocracia.com.co\/index.php?rest_route=\/wp\/v2\/types\/post"}],"author":[{"embeddable":true,"href":"https:\/\/nuevademocracia.com.co\/index.php?rest_route=\/wp\/v2\/users\/1"}],"replies":[{"embeddable":true,"href":"https:\/\/nuevademocracia.com.co\/index.php?rest_route=%2Fwp%2Fv2%2Fcomments&post=27969"}],"version-history":[{"count":3,"href":"https:\/\/nuevademocracia.com.co\/index.php?rest_route=\/wp\/v2\/posts\/27969\/revisions"}],"predecessor-version":[{"id":27974,"href":"https:\/\/nuevademocracia.com.co\/index.php?rest_route=\/wp\/v2\/posts\/27969\/revisions\/27974"}],"wp:featuredmedia":[{"embeddable":true,"href":"https:\/\/nuevademocracia.com.co\/index.php?rest_route=\/wp\/v2\/media\/27970"}],"wp:attachment":[{"href":"https:\/\/nuevademocracia.com.co\/index.php?rest_route=%2Fwp%2Fv2%2Fmedia&parent=27969"}],"wp:term":[{"taxonomy":"category","embeddable":true,"href":"https:\/\/nuevademocracia.com.co\/index.php?rest_route=%2Fwp%2Fv2%2Fcategories&post=27969"},{"taxonomy":"post_tag","embeddable":true,"href":"https:\/\/nuevademocracia.com.co\/index.php?rest_route=%2Fwp%2Fv2%2Ftags&post=27969"}],"curies":[{"name":"wp","href":"https:\/\/api.w.org\/{rel}","templated":true}]}}