{"id":27981,"date":"2025-08-30T13:51:34","date_gmt":"2025-08-30T18:51:34","guid":{"rendered":"https:\/\/nuevademocracia.com.co\/?p=27981"},"modified":"2026-03-28T00:17:19","modified_gmt":"2026-03-28T05:17:19","slug":"exitoso-foro-sobre-el-frente-unido-de-camilo-torres-y-la-resistencia-nacional-palestina","status":"publish","type":"post","link":"https:\/\/nuevademocracia.com.co\/?p=27981","title":{"rendered":"Exitoso foro sobre el Frente Unido de Camilo Torres y la Resistencia Nacional Palestina"},"content":{"rendered":"\n<hr class=\"wp-block-separator has-text-color has-vivid-red-color has-alpha-channel-opacity has-vivid-red-background-color has-background\"\/>\n\n\n\n<figure class=\"wp-block-image size-large\"><img loading=\"lazy\" decoding=\"async\" width=\"1024\" height=\"683\" src=\"https:\/\/nuevademocracia.com.co\/wp-content\/uploads\/2025\/08\/Ago15-Foro-4-1024x683.jpg\" alt=\"\" class=\"wp-image-27982\" srcset=\"https:\/\/nuevademocracia.com.co\/wp-content\/uploads\/2025\/08\/Ago15-Foro-4-1024x683.jpg 1024w, https:\/\/nuevademocracia.com.co\/wp-content\/uploads\/2025\/08\/Ago15-Foro-4-300x200.jpg 300w, https:\/\/nuevademocracia.com.co\/wp-content\/uploads\/2025\/08\/Ago15-Foro-4-768x512.jpg 768w, https:\/\/nuevademocracia.com.co\/wp-content\/uploads\/2025\/08\/Ago15-Foro-4-1536x1024.jpg 1536w, https:\/\/nuevademocracia.com.co\/wp-content\/uploads\/2025\/08\/Ago15-Foro-4-2048x1365.jpg 2048w\" sizes=\"auto, (max-width: 1024px) 100vw, 1024px\" \/><\/figure>\n\n\n\n<p class=\"has-black-color has-text-color has-link-color wp-elements-5e43f3862e988ac779240fe38474a6f8\">El pasado 15 de agosto se llev\u00f3 a cabo en Medell\u00edn, en las instalaciones de la Universidad de Antioquia (UdeA), el foro \u201cFrente Unido y Camilo Torres: memoria, legado y reivindicaci\u00f3n de la unidad popular\u201d.&nbsp;<\/p>\n\n\n\n<p class=\"has-black-color has-text-color has-link-color wp-elements-282416dc3e7822106ec67fcd11b91038\">En la jornada de la ma\u00f1ana se cont\u00f3 con una ponencia de Walter Broderick, autor reconocido por haber publicado hace 50 a\u00f1os, una importante biograf\u00eda titulada: \u201cCamilo Torres, el cura guerrillero\u201d. Tambi\u00e9n realizaron ponencia los compa\u00f1eros del C\u00edrculo de Investigaci\u00f3n y Educaci\u00f3n Marxista (CIEM) y el Movimiento de Estudiantes al Servicio del Pueblo (MESP).<\/p>\n\n\n\n<p class=\"has-black-color has-text-color has-link-color wp-elements-8d1179b885e9f783922c8b385a1f2075\">En el conjunto del espacio, lo m\u00e1s destacado fue la necesidad de retomar el legado de Camilo Torres, sus ideas, planteamientos pol\u00edticos y su ejemplo de lucha. Particularmente la idea de construir un Frente Unido del Pueblo para la lucha por los derechos del pueblo y la revoluci\u00f3n. Camilo es reconocido en el movimiento popular colombiano, como un gran trabajador de la unidad de las fuerzas revolucionarias.<\/p>\n\n\n\n<p class=\"has-black-color has-text-color has-link-color wp-elements-4e1f8b0a333b6d7ace1ac7aa2d0e0157\">Broderick expuso que Camilo \u201cfue una figura inspiradora, que dio su vida por la causa de los pobres, de los oprimidos, de los excluidos de la sociedad.\u201d Narr\u00f3 c\u00f3mo en los a\u00f1os 60 hab\u00eda una gran ilusi\u00f3n y esperanza en la transformaci\u00f3n de la sociedad, contexto en el cual, figuras como Camilo, motivaban a unirse a la lucha. Lamentablemente, seg\u00fan Broderick, los j\u00f3venes de hoy en d\u00eda han perdido esa esperanza en la revoluci\u00f3n.<\/p>\n\n\n\n<figure class=\"wp-block-image size-large\"><img loading=\"lazy\" decoding=\"async\" width=\"1024\" height=\"683\" src=\"https:\/\/nuevademocracia.com.co\/wp-content\/uploads\/2025\/08\/Ago15-Foro-1-1024x683.jpg\" alt=\"\" class=\"wp-image-27983\" srcset=\"https:\/\/nuevademocracia.com.co\/wp-content\/uploads\/2025\/08\/Ago15-Foro-1-1024x683.jpg 1024w, https:\/\/nuevademocracia.com.co\/wp-content\/uploads\/2025\/08\/Ago15-Foro-1-300x200.jpg 300w, https:\/\/nuevademocracia.com.co\/wp-content\/uploads\/2025\/08\/Ago15-Foro-1-768x512.jpg 768w, https:\/\/nuevademocracia.com.co\/wp-content\/uploads\/2025\/08\/Ago15-Foro-1-1536x1024.jpg 1536w, https:\/\/nuevademocracia.com.co\/wp-content\/uploads\/2025\/08\/Ago15-Foro-1-2048x1365.jpg 2048w\" sizes=\"auto, (max-width: 1024px) 100vw, 1024px\" \/><\/figure>\n\n\n\n<figure class=\"wp-block-image size-large\"><img loading=\"lazy\" decoding=\"async\" width=\"1024\" height=\"683\" src=\"https:\/\/nuevademocracia.com.co\/wp-content\/uploads\/2025\/08\/Ago15-Foro-6-1024x683.jpg\" alt=\"\" class=\"wp-image-27984\" srcset=\"https:\/\/nuevademocracia.com.co\/wp-content\/uploads\/2025\/08\/Ago15-Foro-6-1024x683.jpg 1024w, https:\/\/nuevademocracia.com.co\/wp-content\/uploads\/2025\/08\/Ago15-Foro-6-300x200.jpg 300w, https:\/\/nuevademocracia.com.co\/wp-content\/uploads\/2025\/08\/Ago15-Foro-6-768x512.jpg 768w, https:\/\/nuevademocracia.com.co\/wp-content\/uploads\/2025\/08\/Ago15-Foro-6-1536x1024.jpg 1536w, https:\/\/nuevademocracia.com.co\/wp-content\/uploads\/2025\/08\/Ago15-Foro-6-2048x1365.jpg 2048w\" sizes=\"auto, (max-width: 1024px) 100vw, 1024px\" \/><\/figure>\n\n\n\n<p class=\"has-black-color has-text-color has-link-color wp-elements-7ac0184491e9f68bbb369d40d492ca94\">Buscando retomar ese trabajo por la unidad, los compa\u00f1eros del CIEM sustentaron con citas de Camilo, varias lecciones importantes que es necesario retomar para avanzar en la construcci\u00f3n de ese Frente Unido de Camilo. Seg\u00fan los compa\u00f1eros del CIEM, Camilo nos ense\u00f1\u00f3:<\/p>\n\n\n\n<ol class=\"wp-block-list\">\n<li class=\"has-black-color has-text-color has-link-color wp-elements-6fcec98b8e9d9736c0558dfea098283a\">Que un frente necesita una l\u00ednea divisoria entre amigos y enemigos del pueblo. Para ello se debe combatir el sectarismo, pero siendo conscientes de las diferencias ideol\u00f3gicas y pol\u00edticas entre los revolucionarios y la lucha contra los falsos revolucionarios.&nbsp;<\/li>\n\n\n\n<li class=\"has-black-color has-text-color has-link-color wp-elements-0b5b34284df0a6d2666d3971f8be0046\">Para que ese frente recoja los intereses del pueblo, debe fundirse de todo coraz\u00f3n al pueblo. \u201cLa integraci\u00f3n con las masas es esencial para la revoluci\u00f3n\u201d dijo Camilo, quien no solo profes\u00f3 el amor al pueblo, sino que fue consecuente con ello. Se expuso el profundo amor y los fuertes v\u00ednculos que \u00e9l ten\u00eda con obreros y campesinos.<\/li>\n\n\n\n<li class=\"has-black-color has-text-color has-link-color wp-elements-12dc4e5981824f807ab19de214bd376f\">Un frente requiere de consecuencia y sacrificio. Disposici\u00f3n a pagar el costo. \u201cDecidirse a la lucha armada no fue una decisi\u00f3n infantil de Camilo, no fue un arrebato, fue una convicci\u00f3n plena de que as\u00ed se pod\u00eda ayudar al pr\u00f3jimo. Camilo entendi\u00f3 que si un pueblo no va hasta las \u00faltimas consecuencias no puede lograr la liberaci\u00f3n\u201d, expuso el compa\u00f1ero del CIEM.<\/li>\n\n\n\n<li class=\"has-black-color has-text-color has-link-color wp-elements-55d904b26cc71eadf5421d1361973373\">Camilo plante\u00f3 que el camino es la lucha organizada del pueblo y no las elecciones. Camilo fue antielectoral. Hist\u00f3ricamente, el movimiento popular se ha debilitado mucho por la ilusi\u00f3n en las elecciones y en las v\u00edas institucionales. Lo anterior ocurre actualmente con el gobierno Petro. Para Camilo la opci\u00f3n era la conquista del poder para cambiar las estructuras, por ello propuso una abstenci\u00f3n electoral activa, beligerante y revolucionaria.<\/li>\n<\/ol>\n\n\n\n<figure class=\"wp-block-image size-large\"><img loading=\"lazy\" decoding=\"async\" width=\"1024\" height=\"683\" src=\"https:\/\/nuevademocracia.com.co\/wp-content\/uploads\/2025\/08\/Ago15-Foro-26-1024x683.jpg\" alt=\"\" class=\"wp-image-27985\" srcset=\"https:\/\/nuevademocracia.com.co\/wp-content\/uploads\/2025\/08\/Ago15-Foro-26-1024x683.jpg 1024w, https:\/\/nuevademocracia.com.co\/wp-content\/uploads\/2025\/08\/Ago15-Foro-26-300x200.jpg 300w, https:\/\/nuevademocracia.com.co\/wp-content\/uploads\/2025\/08\/Ago15-Foro-26-768x512.jpg 768w, https:\/\/nuevademocracia.com.co\/wp-content\/uploads\/2025\/08\/Ago15-Foro-26-1536x1024.jpg 1536w, https:\/\/nuevademocracia.com.co\/wp-content\/uploads\/2025\/08\/Ago15-Foro-26-2048x1365.jpg 2048w\" sizes=\"auto, (max-width: 1024px) 100vw, 1024px\" \/><\/figure>\n\n\n\n<p class=\"has-black-color has-text-color has-link-color wp-elements-4f8a09eb641bfce9a4a6d80b21ea9367\">Los compa\u00f1eros del MESP hicieron una ponencia enfocada hacia las ense\u00f1anzas de Camilo para el movimiento estudiantil, se\u00f1alando la vigencia del llamado que hizo para que los estudiantes se vinculen al pueblo trabajador, luchen junto a \u00e9l, deslinden del camino de acomodarse a la vieja sociedad a trav\u00e9s del ascenso social que ofrecen las universidades, y rompiendo con ese camino, se dispongan a vivir y luchar con el pueblo, asumiendo los costos y sacrificios que fuesen necesarios.<\/p>\n\n\n\n<p class=\"has-black-color has-text-color has-link-color wp-elements-4fccf6ef0c776a1f344ad3e1833678ab\">Tanto en la ponencia del CIEM como en la del MESP, se resalt\u00f3 en varios momentos la importancia de la biograf\u00eda de Camilo escrita por Broderick, exalt\u00e1ndola como una obra que permite conocer la vida y obra del sacerdote revolucionario. \u201cLa biograf\u00eda escrita de Broderick nos cambi\u00f3 la forma de ver a Camilo. All\u00ed se puede ver que la vida de Camilo es hermosa. Los va a hacer sentir que fue un gran hombre y es deber de nosotros, de quienes seguimos creyendo en la revoluci\u00f3n, retomarlo para la construcci\u00f3n de un Frente Unido, a pesar del fracaso pr\u00e1ctico de ese momento. Nosotros todav\u00eda tenemos esa ilusi\u00f3n en la revoluci\u00f3n, es m\u00e1s, tenemos lo que ten\u00eda Camilo: convicci\u00f3n. \u00a1Estamos condenados a triunfar!\u201d, expres\u00f3 el compa\u00f1ero del CIEM. As\u00ed mismo la compa\u00f1era del MESP expuso varias an\u00e9cdotas hist\u00f3ricas, tomadas de aquella obra. En varios momentos del evento se invit\u00f3 al p\u00fablico a consultarla y leerla.<\/p>\n\n\n\n<figure class=\"wp-block-gallery has-nested-images columns-default is-cropped wp-block-gallery-1 is-layout-flex wp-block-gallery-is-layout-flex\">\n<figure class=\"wp-block-image size-large\"><img loading=\"lazy\" decoding=\"async\" width=\"1024\" height=\"683\" data-id=\"27991\" src=\"https:\/\/nuevademocracia.com.co\/wp-content\/uploads\/2025\/08\/Ago15-Foro-9-1024x683.jpg\" alt=\"\" class=\"wp-image-27991\" srcset=\"https:\/\/nuevademocracia.com.co\/wp-content\/uploads\/2025\/08\/Ago15-Foro-9-1024x683.jpg 1024w, https:\/\/nuevademocracia.com.co\/wp-content\/uploads\/2025\/08\/Ago15-Foro-9-300x200.jpg 300w, https:\/\/nuevademocracia.com.co\/wp-content\/uploads\/2025\/08\/Ago15-Foro-9-768x512.jpg 768w, https:\/\/nuevademocracia.com.co\/wp-content\/uploads\/2025\/08\/Ago15-Foro-9-1536x1024.jpg 1536w, https:\/\/nuevademocracia.com.co\/wp-content\/uploads\/2025\/08\/Ago15-Foro-9-2048x1365.jpg 2048w\" sizes=\"auto, (max-width: 1024px) 100vw, 1024px\" \/><\/figure>\n\n\n\n<figure class=\"wp-block-image size-large\"><img loading=\"lazy\" decoding=\"async\" width=\"1024\" height=\"683\" data-id=\"27992\" src=\"https:\/\/nuevademocracia.com.co\/wp-content\/uploads\/2025\/08\/Ago15-Foro-12-1024x683.jpg\" alt=\"\" class=\"wp-image-27992\" srcset=\"https:\/\/nuevademocracia.com.co\/wp-content\/uploads\/2025\/08\/Ago15-Foro-12-1024x683.jpg 1024w, https:\/\/nuevademocracia.com.co\/wp-content\/uploads\/2025\/08\/Ago15-Foro-12-300x200.jpg 300w, https:\/\/nuevademocracia.com.co\/wp-content\/uploads\/2025\/08\/Ago15-Foro-12-768x512.jpg 768w, https:\/\/nuevademocracia.com.co\/wp-content\/uploads\/2025\/08\/Ago15-Foro-12-1536x1024.jpg 1536w, https:\/\/nuevademocracia.com.co\/wp-content\/uploads\/2025\/08\/Ago15-Foro-12-2048x1365.jpg 2048w\" sizes=\"auto, (max-width: 1024px) 100vw, 1024px\" \/><\/figure>\n\n\n\n<figure class=\"wp-block-image size-large\"><img loading=\"lazy\" decoding=\"async\" width=\"1024\" height=\"683\" data-id=\"27994\" src=\"https:\/\/nuevademocracia.com.co\/wp-content\/uploads\/2025\/08\/Ago15-Foro-11-1024x683.jpg\" alt=\"\" class=\"wp-image-27994\" srcset=\"https:\/\/nuevademocracia.com.co\/wp-content\/uploads\/2025\/08\/Ago15-Foro-11-1024x683.jpg 1024w, https:\/\/nuevademocracia.com.co\/wp-content\/uploads\/2025\/08\/Ago15-Foro-11-300x200.jpg 300w, https:\/\/nuevademocracia.com.co\/wp-content\/uploads\/2025\/08\/Ago15-Foro-11-768x512.jpg 768w, https:\/\/nuevademocracia.com.co\/wp-content\/uploads\/2025\/08\/Ago15-Foro-11-1536x1024.jpg 1536w, https:\/\/nuevademocracia.com.co\/wp-content\/uploads\/2025\/08\/Ago15-Foro-11-2048x1365.jpg 2048w\" sizes=\"auto, (max-width: 1024px) 100vw, 1024px\" \/><\/figure>\n\n\n\n<figure class=\"wp-block-image size-large\"><img loading=\"lazy\" decoding=\"async\" width=\"1024\" height=\"683\" data-id=\"27993\" src=\"https:\/\/nuevademocracia.com.co\/wp-content\/uploads\/2025\/08\/Ago15-Foro-10-1024x683.jpg\" alt=\"\" class=\"wp-image-27993\" srcset=\"https:\/\/nuevademocracia.com.co\/wp-content\/uploads\/2025\/08\/Ago15-Foro-10-1024x683.jpg 1024w, https:\/\/nuevademocracia.com.co\/wp-content\/uploads\/2025\/08\/Ago15-Foro-10-300x200.jpg 300w, https:\/\/nuevademocracia.com.co\/wp-content\/uploads\/2025\/08\/Ago15-Foro-10-768x512.jpg 768w, https:\/\/nuevademocracia.com.co\/wp-content\/uploads\/2025\/08\/Ago15-Foro-10-1536x1024.jpg 1536w, https:\/\/nuevademocracia.com.co\/wp-content\/uploads\/2025\/08\/Ago15-Foro-10-2048x1365.jpg 2048w\" sizes=\"auto, (max-width: 1024px) 100vw, 1024px\" \/><\/figure>\n<\/figure>\n\n\n\n<p class=\"has-black-color has-text-color has-link-color wp-elements-71afe44be52cdbbb166f93f3629aca59\">Durante el espacio se presentaron algunos debates en torno a ideas expuestas por Broderick, ya que \u00e9l plante\u00f3 que el Frente Unido fue un fracaso que solo dur\u00f3 dos meses; que es imposible unir a la izquierda colombiana, debido al sectarismo que existe en sus filas y que Camilo se equivoc\u00f3 al vincularse a la lucha armada guerrillera cu\u00e1ndo no era el momento. Varias intervenciones plantearon lucha contra aquellas ideas.<\/p>\n\n\n\n<p class=\"has-black-color has-text-color has-link-color wp-elements-42500b88c1fe167fcc8351b131a808d0\">Se plante\u00f3 que el hecho de que el Frente Unido de Camilo no hubiese durado mucho tiempo, no significa que su pol\u00edtica no fuese justa o que la propuesta de Camilo no sea vigente para la revoluci\u00f3n en nuestro pa\u00eds: \u201cHacer una transformaci\u00f3n en Colombia pasa por retomar el legado de Camilo, no se puede mirar una experiencia por sus resultados concretos inmediatos, el error es la madre del \u00e9xito\u201d (Compa\u00f1ero del CIEM).<\/p>\n\n\n\n<p class=\"has-black-color has-text-color has-link-color wp-elements-d86ad3b07acc6cf26eaf4ec1c6c83c16\">Una compa\u00f1era del p\u00fablico expres\u00f3 de forma sentida: \u201c\u00bfY qui\u00e9n m\u00e1s que Camilo, am\u00f3 a esa masa? Porque la materializaci\u00f3n de ese amor eficaz que tanto habl\u00f3, fue precisamente tomar las armas, y tomar las armas ante una realidad de un pueblo, que, en los a\u00f1os 60, estaba siendo duramente oprimido, duramente explotado, un pueblo que todos los d\u00edas sufr\u00eda. Enga\u00f1ar al pueblo hubiese sido quedarse en sus comodidades de la sotana, quedarse detr\u00e1s de su escritorio, viendo c\u00f3mo miles de campesinos eran desplazados, miles de personas mor\u00edan de hambre por la distribuci\u00f3n injusta de la tierra, tambi\u00e9n por la violencia que el Estado estaba ejerciendo contra esas masas.\u201d<\/p>\n\n\n\n<p class=\"has-black-color has-text-color has-link-color wp-elements-10a01caf17032d37e7c97b6d97ae3b46\">El debate se dio en un ambiente de lucha fraterna, precisamente, buscando aplicar las ense\u00f1anzas de Camilo se resalt\u00f3 la importancia de unirnos en medio de la lucha, de las divergencias en el seno del pueblo, para construir un frente popular antiimperialista, que sea continuaci\u00f3n del Frente Unido de Camilo.<\/p>\n\n\n\n<figure class=\"wp-block-gallery has-nested-images columns-3 is-cropped wp-block-gallery-2 is-layout-flex wp-block-gallery-is-layout-flex\">\n<figure class=\"wp-block-image size-large\"><img loading=\"lazy\" decoding=\"async\" width=\"1024\" height=\"683\" data-id=\"27995\" src=\"https:\/\/nuevademocracia.com.co\/wp-content\/uploads\/2025\/08\/Ago15-Foro-21-1024x683.jpg\" alt=\"\" class=\"wp-image-27995\" srcset=\"https:\/\/nuevademocracia.com.co\/wp-content\/uploads\/2025\/08\/Ago15-Foro-21-1024x683.jpg 1024w, https:\/\/nuevademocracia.com.co\/wp-content\/uploads\/2025\/08\/Ago15-Foro-21-300x200.jpg 300w, https:\/\/nuevademocracia.com.co\/wp-content\/uploads\/2025\/08\/Ago15-Foro-21-768x512.jpg 768w, https:\/\/nuevademocracia.com.co\/wp-content\/uploads\/2025\/08\/Ago15-Foro-21-1536x1024.jpg 1536w, https:\/\/nuevademocracia.com.co\/wp-content\/uploads\/2025\/08\/Ago15-Foro-21-2048x1365.jpg 2048w\" sizes=\"auto, (max-width: 1024px) 100vw, 1024px\" \/><\/figure>\n\n\n\n<figure class=\"wp-block-image size-large\"><img loading=\"lazy\" decoding=\"async\" width=\"1024\" height=\"683\" data-id=\"27998\" src=\"https:\/\/nuevademocracia.com.co\/wp-content\/uploads\/2025\/08\/Ago15-Foro-28-1024x683.jpg\" alt=\"\" class=\"wp-image-27998\" srcset=\"https:\/\/nuevademocracia.com.co\/wp-content\/uploads\/2025\/08\/Ago15-Foro-28-1024x683.jpg 1024w, https:\/\/nuevademocracia.com.co\/wp-content\/uploads\/2025\/08\/Ago15-Foro-28-300x200.jpg 300w, https:\/\/nuevademocracia.com.co\/wp-content\/uploads\/2025\/08\/Ago15-Foro-28-768x512.jpg 768w, https:\/\/nuevademocracia.com.co\/wp-content\/uploads\/2025\/08\/Ago15-Foro-28-1536x1024.jpg 1536w, https:\/\/nuevademocracia.com.co\/wp-content\/uploads\/2025\/08\/Ago15-Foro-28-2048x1365.jpg 2048w\" sizes=\"auto, (max-width: 1024px) 100vw, 1024px\" \/><\/figure>\n\n\n\n<figure class=\"wp-block-image size-large\"><img loading=\"lazy\" decoding=\"async\" width=\"1024\" height=\"683\" data-id=\"27999\" src=\"https:\/\/nuevademocracia.com.co\/wp-content\/uploads\/2025\/08\/Ago15-Foro-29-1024x683.jpg\" alt=\"\" class=\"wp-image-27999\" srcset=\"https:\/\/nuevademocracia.com.co\/wp-content\/uploads\/2025\/08\/Ago15-Foro-29-1024x683.jpg 1024w, https:\/\/nuevademocracia.com.co\/wp-content\/uploads\/2025\/08\/Ago15-Foro-29-300x200.jpg 300w, https:\/\/nuevademocracia.com.co\/wp-content\/uploads\/2025\/08\/Ago15-Foro-29-768x512.jpg 768w, https:\/\/nuevademocracia.com.co\/wp-content\/uploads\/2025\/08\/Ago15-Foro-29-1536x1024.jpg 1536w, https:\/\/nuevademocracia.com.co\/wp-content\/uploads\/2025\/08\/Ago15-Foro-29-2048x1365.jpg 2048w\" sizes=\"auto, (max-width: 1024px) 100vw, 1024px\" \/><\/figure>\n\n\n\n<figure class=\"wp-block-image size-large\"><img loading=\"lazy\" decoding=\"async\" width=\"1024\" height=\"683\" data-id=\"27996\" src=\"https:\/\/nuevademocracia.com.co\/wp-content\/uploads\/2025\/08\/Ago15-Foro-30-1024x683.jpg\" alt=\"\" class=\"wp-image-27996\" srcset=\"https:\/\/nuevademocracia.com.co\/wp-content\/uploads\/2025\/08\/Ago15-Foro-30-1024x683.jpg 1024w, https:\/\/nuevademocracia.com.co\/wp-content\/uploads\/2025\/08\/Ago15-Foro-30-300x200.jpg 300w, https:\/\/nuevademocracia.com.co\/wp-content\/uploads\/2025\/08\/Ago15-Foro-30-768x512.jpg 768w, https:\/\/nuevademocracia.com.co\/wp-content\/uploads\/2025\/08\/Ago15-Foro-30-1536x1024.jpg 1536w, https:\/\/nuevademocracia.com.co\/wp-content\/uploads\/2025\/08\/Ago15-Foro-30-2048x1365.jpg 2048w\" sizes=\"auto, (max-width: 1024px) 100vw, 1024px\" \/><\/figure>\n\n\n\n<figure class=\"wp-block-image size-large\"><img loading=\"lazy\" decoding=\"async\" width=\"683\" height=\"1024\" data-id=\"27997\" src=\"https:\/\/nuevademocracia.com.co\/wp-content\/uploads\/2025\/08\/Ago15-Foro-13-683x1024.jpg\" alt=\"\" class=\"wp-image-27997\" srcset=\"https:\/\/nuevademocracia.com.co\/wp-content\/uploads\/2025\/08\/Ago15-Foro-13-683x1024.jpg 683w, https:\/\/nuevademocracia.com.co\/wp-content\/uploads\/2025\/08\/Ago15-Foro-13-200x300.jpg 200w, https:\/\/nuevademocracia.com.co\/wp-content\/uploads\/2025\/08\/Ago15-Foro-13-768x1152.jpg 768w, https:\/\/nuevademocracia.com.co\/wp-content\/uploads\/2025\/08\/Ago15-Foro-13-1024x1536.jpg 1024w, https:\/\/nuevademocracia.com.co\/wp-content\/uploads\/2025\/08\/Ago15-Foro-13-1365x2048.jpg 1365w, https:\/\/nuevademocracia.com.co\/wp-content\/uploads\/2025\/08\/Ago15-Foro-13.jpg 1600w\" sizes=\"auto, (max-width: 683px) 100vw, 683px\" \/><\/figure>\n<\/figure>\n\n\n\n<p class=\"has-black-color has-text-color has-link-color wp-elements-c1fa7a383eaab338950516351bb11713\">En la jornada de la tarde, dedicada a la Resistencia Nacional Palestina, se cont\u00f3 con una ponencia de un compa\u00f1ero del Comit\u00e9 de Solidaridad con Palestina y otra ponencia que como Nueva Democracia tuvimos la oportunidad de presentar.<\/p>\n\n\n\n<p class=\"has-black-color has-text-color has-link-color wp-elements-43e06a6c1af7ad73b0ece6702ccc8600\">Un elemento que queremos destacar, de la primera ponencia, es el origen del paramilitarismo sionista, y la denuncia de c\u00f3mo el Estado genocida de Israel se ha especializado y convertido en el sicario de las potencias imperialistas, ofreciendo servicios de represi\u00f3n a gobiernos reaccionarios en todo el mundo. En Colombia, los v\u00ednculos del Estado sionista de Israel con el paramilitarismo, est\u00e1n comprobados de diferentes formas, una de ellas es que militares sionistas entrenaron tropas paramilitares y brindaron asesor\u00eda a altos mandos paramilitares desde los a\u00f1os 90.<\/p>\n\n\n\n<figure class=\"wp-block-image size-large\"><img loading=\"lazy\" decoding=\"async\" width=\"1024\" height=\"683\" src=\"https:\/\/nuevademocracia.com.co\/wp-content\/uploads\/2025\/08\/Ago15-Foro-36-1024x683.jpg\" alt=\"\" class=\"wp-image-27986\" srcset=\"https:\/\/nuevademocracia.com.co\/wp-content\/uploads\/2025\/08\/Ago15-Foro-36-1024x683.jpg 1024w, https:\/\/nuevademocracia.com.co\/wp-content\/uploads\/2025\/08\/Ago15-Foro-36-300x200.jpg 300w, https:\/\/nuevademocracia.com.co\/wp-content\/uploads\/2025\/08\/Ago15-Foro-36-768x512.jpg 768w, https:\/\/nuevademocracia.com.co\/wp-content\/uploads\/2025\/08\/Ago15-Foro-36-1536x1024.jpg 1536w, https:\/\/nuevademocracia.com.co\/wp-content\/uploads\/2025\/08\/Ago15-Foro-36-2048x1365.jpg 2048w\" sizes=\"auto, (max-width: 1024px) 100vw, 1024px\" \/><\/figure>\n\n\n\n<p class=\"has-black-color has-text-color has-link-color wp-elements-5c6ddde2de571b3f2da178fb88bc7ba6\">La segunda ponencia, realizada por Nueva Democracia, se enfoc\u00f3 en brindar informaci\u00f3n de los \u00faltimos dos meses, sobre el genocidio que est\u00e1 llevando a cabo Israel contra el pueblo palestino, y c\u00f3mo frente a esa fuerte opresi\u00f3n, persiste una heroica Guerra de Liberaci\u00f3n Nacional en Palestina, para la cual diversas fuerzas armadas palestinas han conformado un frente que lucha contra ese enemigo com\u00fan. Se mostraron videos de las acciones armadas recientes realizadas por la Resistencia, en las cuales se puede apreciar el lanzamiento de misiles contra tanques y soldados sionistas; montaje de trampas explosivas por los caminos por donde pasan los tanques invasores; utilizaci\u00f3n de los escombros como trincheras para organizar todo tipo de trampas y ataques contra los nazis israel\u00edes; entre otras acciones. Se expuso c\u00f3mo la Resistencia ha golpeado los planes sionistas y del imperialismo yanqui en la regi\u00f3n, siendo punta de lanza de la lucha antiimperialista mundial. Precisamente, la heroica acci\u00f3n realizada por Hamas y otros grupos de la resistencia, el 7 de octubre de 2023, ha revitalizado el movimiento antiimperialista mundial, al respecto tambi\u00e9n se mostraron im\u00e1genes de diferentes acciones de solidaridad en todo el mundo. Finalmente se plantearon algunas reflexiones o ense\u00f1anzas de la heroica Resistencia Nacional Palestina, pensadas para la conformaci\u00f3n de un Frente Popular Antiimperialista en Colombia.<\/p>\n\n\n\n<figure class=\"wp-block-image aligncenter size-large\"><img loading=\"lazy\" decoding=\"async\" width=\"683\" height=\"1024\" src=\"https:\/\/nuevademocracia.com.co\/wp-content\/uploads\/2025\/08\/Ago15-Foro-40-683x1024.jpg\" alt=\"\" class=\"wp-image-27987\" srcset=\"https:\/\/nuevademocracia.com.co\/wp-content\/uploads\/2025\/08\/Ago15-Foro-40-683x1024.jpg 683w, https:\/\/nuevademocracia.com.co\/wp-content\/uploads\/2025\/08\/Ago15-Foro-40-200x300.jpg 200w, https:\/\/nuevademocracia.com.co\/wp-content\/uploads\/2025\/08\/Ago15-Foro-40-768x1152.jpg 768w, https:\/\/nuevademocracia.com.co\/wp-content\/uploads\/2025\/08\/Ago15-Foro-40-1024x1536.jpg 1024w, https:\/\/nuevademocracia.com.co\/wp-content\/uploads\/2025\/08\/Ago15-Foro-40-1365x2048.jpg 1365w, https:\/\/nuevademocracia.com.co\/wp-content\/uploads\/2025\/08\/Ago15-Foro-40.jpg 1600w\" sizes=\"auto, (max-width: 683px) 100vw, 683px\" \/><\/figure>\n\n\n\n<p class=\"has-black-color has-text-color has-link-color wp-elements-828fa41ad940711ab05e2f2027821f05\">Luego de las ponencias, hubo tres presentaciones culturales. En primer lugar, el rapero Naimad B, luego la rapera ZGPrim y finalmente las compa\u00f1eras del Frente de Combate Cultural. A continuaci\u00f3n, compartimos algunas de las canciones que fueron presentadas y que se encuentran disponibles en YouTube:<\/p>\n\n\n\n<figure class=\"wp-block-embed is-type-video is-provider-youtube wp-block-embed-youtube wp-embed-aspect-16-9 wp-has-aspect-ratio\"><div class=\"wp-block-embed__wrapper\">\n<iframe loading=\"lazy\" title=\"Naimad B - Nakba (Videoclip)\" width=\"1290\" height=\"726\" src=\"https:\/\/www.youtube.com\/embed\/3RrbOWKIlWo?feature=oembed\" frameborder=\"0\" allow=\"accelerometer; autoplay; clipboard-write; encrypted-media; gyroscope; picture-in-picture; web-share\" referrerpolicy=\"strict-origin-when-cross-origin\" allowfullscreen><\/iframe>\n<\/div><\/figure>\n\n\n\n<figure class=\"wp-block-embed is-type-video is-provider-youtube wp-block-embed-youtube wp-embed-aspect-16-9 wp-has-aspect-ratio\"><div class=\"wp-block-embed__wrapper\">\n<iframe loading=\"lazy\" title=\"ZGPrim - Canto por la libertad (Prod by: Doble A nc Beats)\" width=\"1290\" height=\"726\" src=\"https:\/\/www.youtube.com\/embed\/bgxQ34yPym8?feature=oembed\" frameborder=\"0\" allow=\"accelerometer; autoplay; clipboard-write; encrypted-media; gyroscope; picture-in-picture; web-share\" referrerpolicy=\"strict-origin-when-cross-origin\" allowfullscreen><\/iframe>\n<\/div><\/figure>\n\n\n\n<figure class=\"wp-block-embed is-type-video is-provider-youtube wp-block-embed-youtube wp-embed-aspect-16-9 wp-has-aspect-ratio\"><div class=\"wp-block-embed__wrapper\">\nhttps:\/\/youtu.be\/R2WhtV7B514?feature=shared\n<\/div><\/figure>\n\n\n\n<p class=\"has-black-color has-text-color has-link-color wp-elements-fd9a2ebbc737abc22fae495433342bed\">El foro se llev\u00f3 a cabo, en medio de una decoraci\u00f3n y ambientaci\u00f3n que complementaba el contenido del mismo. Por ejemplo, en el auditorio se despleg\u00f3 una gran bandera de Palestina con el mensaje \u201cPalestina Libre\u201d. Adem\u00e1s, en las paredes del auditorio hab\u00eda varias fotograf\u00edas de la heroica Resistencia Nacional Palestina, as\u00ed como un cartel que dec\u00eda \u201cViva la heroica resistencia del pueblo palestino\u201d. Tambi\u00e9n hab\u00eda fotograf\u00edas y frases de Camilo Torres, con algunos de sus postulados. Los compa\u00f1eros estudiantes desplegaron una tela que dec\u00eda \u201c\u00a1Por la unidad de los revolucionarios en el Frente Unido! Camilo, tu ejemplo es el camino.\u201d Tambi\u00e9n hubo venta de publicaciones marxistas, textos de Camilo, separadores de libros, vasos, camisetas, entre otros art\u00edculos relacionados con las tem\u00e1ticas abordadas.<\/p>\n\n\n\n<figure class=\"wp-block-gallery has-nested-images columns-2 is-cropped wp-block-gallery-3 is-layout-flex wp-block-gallery-is-layout-flex\">\n<figure class=\"wp-block-image size-large\"><img loading=\"lazy\" decoding=\"async\" width=\"1024\" height=\"683\" data-id=\"27989\" src=\"https:\/\/nuevademocracia.com.co\/wp-content\/uploads\/2025\/08\/Ago15-Foro-5-1024x683.jpg\" alt=\"\" class=\"wp-image-27989\" srcset=\"https:\/\/nuevademocracia.com.co\/wp-content\/uploads\/2025\/08\/Ago15-Foro-5-1024x683.jpg 1024w, https:\/\/nuevademocracia.com.co\/wp-content\/uploads\/2025\/08\/Ago15-Foro-5-300x200.jpg 300w, https:\/\/nuevademocracia.com.co\/wp-content\/uploads\/2025\/08\/Ago15-Foro-5-768x512.jpg 768w, https:\/\/nuevademocracia.com.co\/wp-content\/uploads\/2025\/08\/Ago15-Foro-5-1536x1024.jpg 1536w, https:\/\/nuevademocracia.com.co\/wp-content\/uploads\/2025\/08\/Ago15-Foro-5-2048x1365.jpg 2048w\" sizes=\"auto, (max-width: 1024px) 100vw, 1024px\" \/><\/figure>\n\n\n\n<figure class=\"wp-block-image size-large\"><img loading=\"lazy\" decoding=\"async\" width=\"1024\" height=\"683\" data-id=\"27988\" src=\"https:\/\/nuevademocracia.com.co\/wp-content\/uploads\/2025\/08\/Ago15-Foro-20-1024x683.jpg\" alt=\"\" class=\"wp-image-27988\" srcset=\"https:\/\/nuevademocracia.com.co\/wp-content\/uploads\/2025\/08\/Ago15-Foro-20-1024x683.jpg 1024w, https:\/\/nuevademocracia.com.co\/wp-content\/uploads\/2025\/08\/Ago15-Foro-20-300x200.jpg 300w, https:\/\/nuevademocracia.com.co\/wp-content\/uploads\/2025\/08\/Ago15-Foro-20-768x512.jpg 768w, https:\/\/nuevademocracia.com.co\/wp-content\/uploads\/2025\/08\/Ago15-Foro-20-1536x1024.jpg 1536w, https:\/\/nuevademocracia.com.co\/wp-content\/uploads\/2025\/08\/Ago15-Foro-20-2048x1365.jpg 2048w\" sizes=\"auto, (max-width: 1024px) 100vw, 1024px\" \/><\/figure>\n\n\n\n<figure class=\"wp-block-image size-large\"><img loading=\"lazy\" decoding=\"async\" width=\"1024\" height=\"683\" data-id=\"27990\" src=\"https:\/\/nuevademocracia.com.co\/wp-content\/uploads\/2025\/08\/Ago15-Foro-22-1024x683.jpg\" alt=\"\" class=\"wp-image-27990\" srcset=\"https:\/\/nuevademocracia.com.co\/wp-content\/uploads\/2025\/08\/Ago15-Foro-22-1024x683.jpg 1024w, https:\/\/nuevademocracia.com.co\/wp-content\/uploads\/2025\/08\/Ago15-Foro-22-300x200.jpg 300w, https:\/\/nuevademocracia.com.co\/wp-content\/uploads\/2025\/08\/Ago15-Foro-22-768x512.jpg 768w, https:\/\/nuevademocracia.com.co\/wp-content\/uploads\/2025\/08\/Ago15-Foro-22-1536x1024.jpg 1536w, https:\/\/nuevademocracia.com.co\/wp-content\/uploads\/2025\/08\/Ago15-Foro-22-2048x1365.jpg 2048w\" sizes=\"auto, (max-width: 1024px) 100vw, 1024px\" \/><\/figure>\n<\/figure>\n\n\n\n<p class=\"has-black-color has-text-color has-link-color wp-elements-1115efeeaec2f14338019e7b2cae07ff\">Finalmente, siendo las 5:00 pm., se dio lugar a una actividad de movilizaci\u00f3n en apoyo a la heroica Resistencia Palestina y en contra del genocidio en Gaza, con la cual se cerr\u00f3 de forma combativa la jornada de debate y discusi\u00f3n. La movilizaci\u00f3n consisti\u00f3 en un bloqueo intermitente de la Calle Barranquilla, una importante v\u00eda en el norte de la ciudad de Medell\u00edn, a las afueras de la Universidad de Antioquia. Se realizaron discursos con meg\u00e1fono y se reparti\u00f3 un volante a los transe\u00fantes y conductores para que entendieran las razones del bloqueo. Con lo anterior se dio por concluida la exitosa jornada de trabajo por retomar la construcci\u00f3n de un frente popular antiimperialista, continuaci\u00f3n del Frente Unido de Camilo.<\/p>\n\n\n\n<figure class=\"wp-block-gallery has-nested-images columns-2 is-cropped wp-block-gallery-4 is-layout-flex wp-block-gallery-is-layout-flex\">\n<figure class=\"wp-block-image size-large\"><img loading=\"lazy\" decoding=\"async\" width=\"1024\" height=\"683\" data-id=\"28000\" src=\"https:\/\/nuevademocracia.com.co\/wp-content\/uploads\/2025\/08\/Ago15-Movilizacion-2-1024x683.jpg\" alt=\"\" class=\"wp-image-28000\" srcset=\"https:\/\/nuevademocracia.com.co\/wp-content\/uploads\/2025\/08\/Ago15-Movilizacion-2-1024x683.jpg 1024w, https:\/\/nuevademocracia.com.co\/wp-content\/uploads\/2025\/08\/Ago15-Movilizacion-2-300x200.jpg 300w, https:\/\/nuevademocracia.com.co\/wp-content\/uploads\/2025\/08\/Ago15-Movilizacion-2-768x512.jpg 768w, https:\/\/nuevademocracia.com.co\/wp-content\/uploads\/2025\/08\/Ago15-Movilizacion-2-1536x1024.jpg 1536w, https:\/\/nuevademocracia.com.co\/wp-content\/uploads\/2025\/08\/Ago15-Movilizacion-2-2048x1365.jpg 2048w\" sizes=\"auto, (max-width: 1024px) 100vw, 1024px\" \/><\/figure>\n\n\n\n<figure class=\"wp-block-image size-large\"><img loading=\"lazy\" decoding=\"async\" width=\"1024\" height=\"683\" data-id=\"28001\" src=\"https:\/\/nuevademocracia.com.co\/wp-content\/uploads\/2025\/08\/Ago15-Movilizacion-5-1024x683.jpg\" alt=\"\" class=\"wp-image-28001\" srcset=\"https:\/\/nuevademocracia.com.co\/wp-content\/uploads\/2025\/08\/Ago15-Movilizacion-5-1024x683.jpg 1024w, https:\/\/nuevademocracia.com.co\/wp-content\/uploads\/2025\/08\/Ago15-Movilizacion-5-300x200.jpg 300w, https:\/\/nuevademocracia.com.co\/wp-content\/uploads\/2025\/08\/Ago15-Movilizacion-5-768x512.jpg 768w, https:\/\/nuevademocracia.com.co\/wp-content\/uploads\/2025\/08\/Ago15-Movilizacion-5-1536x1024.jpg 1536w, https:\/\/nuevademocracia.com.co\/wp-content\/uploads\/2025\/08\/Ago15-Movilizacion-5-2048x1365.jpg 2048w\" sizes=\"auto, (max-width: 1024px) 100vw, 1024px\" \/><\/figure>\n\n\n\n<figure class=\"wp-block-image size-large\"><img loading=\"lazy\" decoding=\"async\" width=\"1024\" height=\"683\" data-id=\"28002\" src=\"https:\/\/nuevademocracia.com.co\/wp-content\/uploads\/2025\/08\/Ago15-Movilizacion-8-1024x683.jpg\" alt=\"\" class=\"wp-image-28002\" srcset=\"https:\/\/nuevademocracia.com.co\/wp-content\/uploads\/2025\/08\/Ago15-Movilizacion-8-1024x683.jpg 1024w, https:\/\/nuevademocracia.com.co\/wp-content\/uploads\/2025\/08\/Ago15-Movilizacion-8-300x200.jpg 300w, https:\/\/nuevademocracia.com.co\/wp-content\/uploads\/2025\/08\/Ago15-Movilizacion-8-768x512.jpg 768w, https:\/\/nuevademocracia.com.co\/wp-content\/uploads\/2025\/08\/Ago15-Movilizacion-8-1536x1024.jpg 1536w, https:\/\/nuevademocracia.com.co\/wp-content\/uploads\/2025\/08\/Ago15-Movilizacion-8-2048x1365.jpg 2048w\" sizes=\"auto, (max-width: 1024px) 100vw, 1024px\" \/><\/figure>\n\n\n\n<figure class=\"wp-block-image size-large\"><img loading=\"lazy\" decoding=\"async\" width=\"1024\" height=\"683\" data-id=\"28003\" src=\"https:\/\/nuevademocracia.com.co\/wp-content\/uploads\/2025\/08\/Ago15-Movilizacion-12-1024x683.jpg\" alt=\"\" class=\"wp-image-28003\" srcset=\"https:\/\/nuevademocracia.com.co\/wp-content\/uploads\/2025\/08\/Ago15-Movilizacion-12-1024x683.jpg 1024w, https:\/\/nuevademocracia.com.co\/wp-content\/uploads\/2025\/08\/Ago15-Movilizacion-12-300x200.jpg 300w, https:\/\/nuevademocracia.com.co\/wp-content\/uploads\/2025\/08\/Ago15-Movilizacion-12-768x512.jpg 768w, https:\/\/nuevademocracia.com.co\/wp-content\/uploads\/2025\/08\/Ago15-Movilizacion-12-1536x1024.jpg 1536w, https:\/\/nuevademocracia.com.co\/wp-content\/uploads\/2025\/08\/Ago15-Movilizacion-12-2048x1365.jpg 2048w\" sizes=\"auto, (max-width: 1024px) 100vw, 1024px\" \/><\/figure>\n\n\n\n<figure class=\"wp-block-image size-large\"><img loading=\"lazy\" decoding=\"async\" width=\"1024\" height=\"683\" data-id=\"28004\" src=\"https:\/\/nuevademocracia.com.co\/wp-content\/uploads\/2025\/08\/Ago15-Movilizacion-13-1024x683.jpg\" alt=\"\" class=\"wp-image-28004\" srcset=\"https:\/\/nuevademocracia.com.co\/wp-content\/uploads\/2025\/08\/Ago15-Movilizacion-13-1024x683.jpg 1024w, https:\/\/nuevademocracia.com.co\/wp-content\/uploads\/2025\/08\/Ago15-Movilizacion-13-300x200.jpg 300w, https:\/\/nuevademocracia.com.co\/wp-content\/uploads\/2025\/08\/Ago15-Movilizacion-13-768x512.jpg 768w, https:\/\/nuevademocracia.com.co\/wp-content\/uploads\/2025\/08\/Ago15-Movilizacion-13-1536x1024.jpg 1536w, https:\/\/nuevademocracia.com.co\/wp-content\/uploads\/2025\/08\/Ago15-Movilizacion-13-2048x1365.jpg 2048w\" sizes=\"auto, (max-width: 1024px) 100vw, 1024px\" \/><\/figure>\n\n\n\n<figure class=\"wp-block-image size-large\"><img loading=\"lazy\" decoding=\"async\" width=\"1024\" height=\"683\" data-id=\"28005\" src=\"https:\/\/nuevademocracia.com.co\/wp-content\/uploads\/2025\/08\/Ago15-Movilizacion-15-1024x683.jpg\" alt=\"\" class=\"wp-image-28005\" srcset=\"https:\/\/nuevademocracia.com.co\/wp-content\/uploads\/2025\/08\/Ago15-Movilizacion-15-1024x683.jpg 1024w, https:\/\/nuevademocracia.com.co\/wp-content\/uploads\/2025\/08\/Ago15-Movilizacion-15-300x200.jpg 300w, https:\/\/nuevademocracia.com.co\/wp-content\/uploads\/2025\/08\/Ago15-Movilizacion-15-768x512.jpg 768w, https:\/\/nuevademocracia.com.co\/wp-content\/uploads\/2025\/08\/Ago15-Movilizacion-15-1536x1024.jpg 1536w, https:\/\/nuevademocracia.com.co\/wp-content\/uploads\/2025\/08\/Ago15-Movilizacion-15-2048x1365.jpg 2048w\" sizes=\"auto, (max-width: 1024px) 100vw, 1024px\" \/><\/figure>\n\n\n\n<figure class=\"wp-block-image size-large\"><img loading=\"lazy\" decoding=\"async\" width=\"1024\" height=\"683\" data-id=\"28006\" src=\"https:\/\/nuevademocracia.com.co\/wp-content\/uploads\/2025\/08\/Ago15-Movilizacion-27-1024x683.jpg\" alt=\"\" class=\"wp-image-28006\" srcset=\"https:\/\/nuevademocracia.com.co\/wp-content\/uploads\/2025\/08\/Ago15-Movilizacion-27-1024x683.jpg 1024w, https:\/\/nuevademocracia.com.co\/wp-content\/uploads\/2025\/08\/Ago15-Movilizacion-27-300x200.jpg 300w, https:\/\/nuevademocracia.com.co\/wp-content\/uploads\/2025\/08\/Ago15-Movilizacion-27-768x512.jpg 768w, https:\/\/nuevademocracia.com.co\/wp-content\/uploads\/2025\/08\/Ago15-Movilizacion-27-1536x1024.jpg 1536w, https:\/\/nuevademocracia.com.co\/wp-content\/uploads\/2025\/08\/Ago15-Movilizacion-27-2048x1365.jpg 2048w\" sizes=\"auto, (max-width: 1024px) 100vw, 1024px\" \/><\/figure>\n\n\n\n<figure class=\"wp-block-image size-large\"><img loading=\"lazy\" decoding=\"async\" width=\"1024\" height=\"683\" data-id=\"28007\" src=\"https:\/\/nuevademocracia.com.co\/wp-content\/uploads\/2025\/08\/Ago15-Movilizacion-28-1024x683.jpg\" alt=\"\" class=\"wp-image-28007\" srcset=\"https:\/\/nuevademocracia.com.co\/wp-content\/uploads\/2025\/08\/Ago15-Movilizacion-28-1024x683.jpg 1024w, https:\/\/nuevademocracia.com.co\/wp-content\/uploads\/2025\/08\/Ago15-Movilizacion-28-300x200.jpg 300w, https:\/\/nuevademocracia.com.co\/wp-content\/uploads\/2025\/08\/Ago15-Movilizacion-28-768x512.jpg 768w, https:\/\/nuevademocracia.com.co\/wp-content\/uploads\/2025\/08\/Ago15-Movilizacion-28-1536x1024.jpg 1536w, https:\/\/nuevademocracia.com.co\/wp-content\/uploads\/2025\/08\/Ago15-Movilizacion-28-2048x1365.jpg 2048w\" sizes=\"auto, (max-width: 1024px) 100vw, 1024px\" \/><\/figure>\n<\/figure>\n","protected":false},"excerpt":{"rendered":"<p>El pasado 15 de agosto se llev\u00f3 a cabo en Medell\u00edn, el foro \u201cFrente Unido y Camilo Torres: memoria, legado y reivindicaci\u00f3n de la unidad popular\u201d<\/p>\n","protected":false},"author":1,"featured_media":27986,"comment_status":"open","ping_status":"open","sticky":false,"template":"","format":"gallery","meta":{"footnotes":""},"categories":[16,4,145,135],"tags":[92,62,211,32,39,105],"class_list":["post-27981","post","type-post","status-publish","format-gallery","has-post-thumbnail","hentry","category-carrusel","category-colombia","category-historia-col","category-resistencia-palestina","tag-camilo-torres","tag-conmemoracion","tag-frente-unido","tag-imperialismo","tag-internacionalismo","tag-resistencia-palestina","post_format-post-format-gallery"],"blocksy_meta":[],"_links":{"self":[{"href":"https:\/\/nuevademocracia.com.co\/index.php?rest_route=\/wp\/v2\/posts\/27981","targetHints":{"allow":["GET"]}}],"collection":[{"href":"https:\/\/nuevademocracia.com.co\/index.php?rest_route=\/wp\/v2\/posts"}],"about":[{"href":"https:\/\/nuevademocracia.com.co\/index.php?rest_route=\/wp\/v2\/types\/post"}],"author":[{"embeddable":true,"href":"https:\/\/nuevademocracia.com.co\/index.php?rest_route=\/wp\/v2\/users\/1"}],"replies":[{"embeddable":true,"href":"https:\/\/nuevademocracia.com.co\/index.php?rest_route=%2Fwp%2Fv2%2Fcomments&post=27981"}],"version-history":[{"count":6,"href":"https:\/\/nuevademocracia.com.co\/index.php?rest_route=\/wp\/v2\/posts\/27981\/revisions"}],"predecessor-version":[{"id":29065,"href":"https:\/\/nuevademocracia.com.co\/index.php?rest_route=\/wp\/v2\/posts\/27981\/revisions\/29065"}],"wp:featuredmedia":[{"embeddable":true,"href":"https:\/\/nuevademocracia.com.co\/index.php?rest_route=\/wp\/v2\/media\/27986"}],"wp:attachment":[{"href":"https:\/\/nuevademocracia.com.co\/index.php?rest_route=%2Fwp%2Fv2%2Fmedia&parent=27981"}],"wp:term":[{"taxonomy":"category","embeddable":true,"href":"https:\/\/nuevademocracia.com.co\/index.php?rest_route=%2Fwp%2Fv2%2Fcategories&post=27981"},{"taxonomy":"post_tag","embeddable":true,"href":"https:\/\/nuevademocracia.com.co\/index.php?rest_route=%2Fwp%2Fv2%2Ftags&post=27981"}],"curies":[{"name":"wp","href":"https:\/\/api.w.org\/{rel}","templated":true}]}}