{"id":28026,"date":"2025-09-01T15:18:50","date_gmt":"2025-09-01T20:18:50","guid":{"rendered":"https:\/\/nuevademocracia.com.co\/?p=28026"},"modified":"2026-03-28T00:23:21","modified_gmt":"2026-03-28T05:23:21","slug":"antiimperialista-nuevo-album-del-artista-popular-bandera-roja","status":"publish","type":"post","link":"https:\/\/nuevademocracia.com.co\/?p=28026","title":{"rendered":"EP &#8211; \u201cAntiimperialista\u201d: nuevo \u00e1lbum del artista popular Bandera Roja"},"content":{"rendered":"\n<hr class=\"wp-block-separator has-text-color has-vivid-red-color has-alpha-channel-opacity has-vivid-red-background-color has-background\"\/>\n\n\n\n<p class=\"has-vivid-red-color has-text-color has-link-color wp-elements-a64db1dbc3be363cb84dbcc81b4b1f2d\"><em>Art\u00edculo tomado del n\u00famero 99 del peri\u00f3dico <\/em><a href=\"https:\/\/periodicoelpueblo.cl\/files\/ep\/EP99-web.pdf\"><em>El Pueblo<\/em><\/a><em>de Chile<\/em> (EP).<\/p>\n\n\n\n<p class=\"has-black-color has-text-color has-link-color wp-elements-3bfe9284c525d05440fb41eb16047730\">El pasado 27 de Junio, en una actividad conjunta en la cual relanzamos la edici\u00f3n impresa de nuestro Peri\u00f3dico El Pueblo, acompa\u00f1amos el lanzamiento del nuevo \u00e1lbum \u201cAntiimperialista\u201d, nueva creaci\u00f3n del compa\u00f1ero Bandera Roja.<\/p>\n\n\n\n<p class=\"has-black-color has-text-color has-link-color wp-elements-1e050ea99e75f8cd4e5e60fd443bb986\">La instancia estuvo acompa\u00f1ada de excelentes artistas y luchadores del pueblo: BredolMC, ADP Skapo Secuaz y las compa\u00f1eras Cantoras por Palestina.<\/p>\n\n\n\n<p class=\"has-black-color has-text-color has-link-color wp-elements-87cdd2f129088f988d6273492fbd6d3b\">Nuestro compromiso con el camino del pueblo y su liberaci\u00f3n est\u00e1 unido al arte de nuevo tipo, especialmente en momento donde se necesita generalizar la lucha antiimperialista.<\/p>\n\n\n\n<p class=\"has-black-color has-text-color has-link-color wp-elements-e7bad1b46b47a214f7d54a2294582bbd\">Este trabajo musical cuenta adem\u00e1s con colaboraciones internacionales de Ameaca Vermelha, Soldados Rojos, BredolMC y Ludmi.<\/p>\n\n\n\n<p class=\"has-black-color has-text-color has-link-color wp-elements-7c0550a0754a2d88196bd84efa9fd6ca\">Los contenidos de sus letras se ubican abiertamente en el campo de la revoluci\u00f3n, con un saludo combativo e internacionalista a las guerras populares y las luchas de liberaci\u00f3n nacional en el mundo.<\/p>\n\n\n\n<p class=\"has-black-color has-text-color has-link-color wp-elements-4b07162b06958fdf946f82d9ecf4b0b6\">Los invitamos a buscar este nuevo \u00e1lbum en las plataformas de streamming.<\/p>\n\n\n\n<figure class=\"wp-block-embed is-type-video is-provider-youtube wp-block-embed-youtube wp-embed-aspect-4-3 wp-has-aspect-ratio\"><div class=\"wp-block-embed__wrapper\">\n<iframe loading=\"lazy\" title=\"Bandera Roja - Antimperialista (2025) [Full \u00c1lbum]\" width=\"1290\" height=\"968\" src=\"https:\/\/www.youtube.com\/embed\/znI-LEH8e-s?feature=oembed\" frameborder=\"0\" allow=\"accelerometer; autoplay; clipboard-write; encrypted-media; gyroscope; picture-in-picture; web-share\" referrerpolicy=\"strict-origin-when-cross-origin\" allowfullscreen><\/iframe>\n<\/div><\/figure>\n","protected":false},"excerpt":{"rendered":"<p>El 27 de Junio,  relanzamos la edici\u00f3n impresa de nuestro Peri\u00f3dico El Pueblo, acompa\u00f1amos el lanzamiento del nuevo \u00e1lbum \u201cAntiimperialista\u201d<\/p>\n","protected":false},"author":1,"featured_media":28027,"comment_status":"open","ping_status":"open","sticky":false,"template":"","format":"standard","meta":{"footnotes":""},"categories":[16,31,134],"tags":[],"class_list":["post-28026","post","type-post","status-publish","format-standard","has-post-thumbnail","hentry","category-carrusel","category-internacional","category-nueva-cultura"],"blocksy_meta":[],"_links":{"self":[{"href":"https:\/\/nuevademocracia.com.co\/index.php?rest_route=\/wp\/v2\/posts\/28026","targetHints":{"allow":["GET"]}}],"collection":[{"href":"https:\/\/nuevademocracia.com.co\/index.php?rest_route=\/wp\/v2\/posts"}],"about":[{"href":"https:\/\/nuevademocracia.com.co\/index.php?rest_route=\/wp\/v2\/types\/post"}],"author":[{"embeddable":true,"href":"https:\/\/nuevademocracia.com.co\/index.php?rest_route=\/wp\/v2\/users\/1"}],"replies":[{"embeddable":true,"href":"https:\/\/nuevademocracia.com.co\/index.php?rest_route=%2Fwp%2Fv2%2Fcomments&post=28026"}],"version-history":[{"count":2,"href":"https:\/\/nuevademocracia.com.co\/index.php?rest_route=\/wp\/v2\/posts\/28026\/revisions"}],"predecessor-version":[{"id":29074,"href":"https:\/\/nuevademocracia.com.co\/index.php?rest_route=\/wp\/v2\/posts\/28026\/revisions\/29074"}],"wp:featuredmedia":[{"embeddable":true,"href":"https:\/\/nuevademocracia.com.co\/index.php?rest_route=\/wp\/v2\/media\/28027"}],"wp:attachment":[{"href":"https:\/\/nuevademocracia.com.co\/index.php?rest_route=%2Fwp%2Fv2%2Fmedia&parent=28026"}],"wp:term":[{"taxonomy":"category","embeddable":true,"href":"https:\/\/nuevademocracia.com.co\/index.php?rest_route=%2Fwp%2Fv2%2Fcategories&post=28026"},{"taxonomy":"post_tag","embeddable":true,"href":"https:\/\/nuevademocracia.com.co\/index.php?rest_route=%2Fwp%2Fv2%2Ftags&post=28026"}],"curies":[{"name":"wp","href":"https:\/\/api.w.org\/{rel}","templated":true}]}}