{"id":28036,"date":"2025-09-02T12:17:41","date_gmt":"2025-09-02T17:17:41","guid":{"rendered":"https:\/\/nuevademocracia.com.co\/?p=28036"},"modified":"2025-09-02T12:17:41","modified_gmt":"2025-09-02T17:17:41","slug":"mitin-por-la-presentacion-con-vida-del-dr-ernesto-sernas-garcia-abogado-popular-mexicano","status":"publish","type":"post","link":"https:\/\/nuevademocracia.com.co\/?p=28036","title":{"rendered":"Mitin por la presentaci\u00f3n con vida del Dr Ernesto Sernas Garc\u00eda, abogado popular mexicano"},"content":{"rendered":"\n<p class=\"has-black-color has-text-color has-link-color wp-elements-309df469f7635042fab7e7f8e299ecd1\">El pasado 30 de agosto, d\u00eda internacional del detenido desaparecido, activistas populares de Colombia realizaron un mitin frente al Consulado de M\u00e9xico en Medell\u00edn exigiendo la presentaci\u00f3n con vida del Dr Ernesto Sernas Garc\u00eda, abogado al servicio del pueblo que fue desaparecido por defender los derechos del pueblo. Tambi\u00e9n entregaron una carta exigiendo la destituci\u00f3n de Michel Juli\u00e1n L\u00f3pez titular de la Comisi\u00f3n de B\u00fasqueda de Personas en Oaxaca, quien ha entrabado la b\u00fasqueda del Dr Sernas, y finalmente los activistas pegaron algunos carteles.<\/p>\n\n\n\n<figure class=\"wp-block-embed is-type-video is-provider-youtube wp-block-embed-youtube wp-embed-aspect-9-16 wp-has-aspect-ratio\"><div class=\"wp-block-embed__wrapper\">\n<iframe loading=\"lazy\" title=\"Mitin por la presentaci\u00f3n con vida del Dr Ernesto Sernas Garc\u00eda, abogado popular mexicano\" width=\"563\" height=\"1000\" src=\"https:\/\/www.youtube.com\/embed\/FqeTaKqQjis?feature=oembed\" frameborder=\"0\" allow=\"accelerometer; autoplay; clipboard-write; encrypted-media; gyroscope; picture-in-picture; web-share\" referrerpolicy=\"strict-origin-when-cross-origin\" allowfullscreen><\/iframe>\n<\/div><\/figure>\n","protected":false},"excerpt":{"rendered":"<p>El  30 de agosto, activistas populares realizaron un mitin en el Consulado de M\u00e9xico en Medell\u00edn por la presentaci\u00f3n con vida del Dr Ernesto Sernas Garc\u00eda.<\/p>\n","protected":false},"author":1,"featured_media":27970,"comment_status":"open","ping_status":"open","sticky":false,"template":"","format":"standard","meta":{"footnotes":""},"categories":[16,4,31],"tags":[],"class_list":["post-28036","post","type-post","status-publish","format-standard","has-post-thumbnail","hentry","category-carrusel","category-colombia","category-internacional"],"blocksy_meta":[],"_links":{"self":[{"href":"https:\/\/nuevademocracia.com.co\/index.php?rest_route=\/wp\/v2\/posts\/28036","targetHints":{"allow":["GET"]}}],"collection":[{"href":"https:\/\/nuevademocracia.com.co\/index.php?rest_route=\/wp\/v2\/posts"}],"about":[{"href":"https:\/\/nuevademocracia.com.co\/index.php?rest_route=\/wp\/v2\/types\/post"}],"author":[{"embeddable":true,"href":"https:\/\/nuevademocracia.com.co\/index.php?rest_route=\/wp\/v2\/users\/1"}],"replies":[{"embeddable":true,"href":"https:\/\/nuevademocracia.com.co\/index.php?rest_route=%2Fwp%2Fv2%2Fcomments&post=28036"}],"version-history":[{"count":2,"href":"https:\/\/nuevademocracia.com.co\/index.php?rest_route=\/wp\/v2\/posts\/28036\/revisions"}],"predecessor-version":[{"id":28038,"href":"https:\/\/nuevademocracia.com.co\/index.php?rest_route=\/wp\/v2\/posts\/28036\/revisions\/28038"}],"wp:featuredmedia":[{"embeddable":true,"href":"https:\/\/nuevademocracia.com.co\/index.php?rest_route=\/wp\/v2\/media\/27970"}],"wp:attachment":[{"href":"https:\/\/nuevademocracia.com.co\/index.php?rest_route=%2Fwp%2Fv2%2Fmedia&parent=28036"}],"wp:term":[{"taxonomy":"category","embeddable":true,"href":"https:\/\/nuevademocracia.com.co\/index.php?rest_route=%2Fwp%2Fv2%2Fcategories&post=28036"},{"taxonomy":"post_tag","embeddable":true,"href":"https:\/\/nuevademocracia.com.co\/index.php?rest_route=%2Fwp%2Fv2%2Ftags&post=28036"}],"curies":[{"name":"wp","href":"https:\/\/api.w.org\/{rel}","templated":true}]}}