{"id":28055,"date":"2025-09-15T17:52:56","date_gmt":"2025-09-15T22:52:56","guid":{"rendered":"https:\/\/nuevademocracia.com.co\/?p=28055"},"modified":"2025-09-15T17:52:57","modified_gmt":"2025-09-15T22:52:57","slug":"resumen-de-noticias-semanal","status":"publish","type":"post","link":"https:\/\/nuevademocracia.com.co\/?p=28055","title":{"rendered":"Resumen de noticias semanal"},"content":{"rendered":"\n<p class=\"has-vivid-red-color has-text-color has-link-color has-large-font-size wp-elements-f54aba7efda19544fab7b100b75c8e57\"><strong>Levantamiento popular en Nepal tumba al gobierno revisionista<\/strong><\/p>\n\n\n\n<figure class=\"wp-block-image size-full\"><img loading=\"lazy\" decoding=\"async\" width=\"800\" height=\"450\" src=\"https:\/\/nuevademocracia.com.co\/wp-content\/uploads\/2025\/09\/image-7.png\" alt=\"\" class=\"wp-image-28062\" srcset=\"https:\/\/nuevademocracia.com.co\/wp-content\/uploads\/2025\/09\/image-7.png 800w, https:\/\/nuevademocracia.com.co\/wp-content\/uploads\/2025\/09\/image-7-300x169.png 300w, https:\/\/nuevademocracia.com.co\/wp-content\/uploads\/2025\/09\/image-7-768x432.png 768w\" sizes=\"auto, (max-width: 800px) 100vw, 800px\" \/><\/figure>\n\n\n\n<p class=\"has-black-color has-text-color has-link-color wp-elements-775eb588aecf53d92807e71214391b2f\"><em>Compartimos fragmento de un art\u00edculo publicado hace d\u00edas por el <\/em><a href=\"https:\/\/heraldorojo.org\/2025\/09\/09\/el-gobierno-nepali-cae-los-revisionistas-reprimen-brutalmente-al-pueblo\/\"><em>Heraldo Rojo<\/em><\/a><em><\/em><\/p>\n\n\n\n<p class=\"has-black-color has-text-color has-link-color wp-elements-c450da52447c7e01777fdb130787ceff\">Al menos 19 personas fueron asesinadas por las fuerzas represivas de Nepal despu\u00e9s de que estallaran manifestaciones <a href=\"https:\/\/www.bbc.com\/news\/articles\/c78nd2zy9jgo\">ayer<\/a>. Las protestas fueron provocadas por una prohibici\u00f3n arbitraria del gobierno contra las redes sociales, prohibiendo varias plataformas, como Facebook, X y YouTube. Tambi\u00e9n se protest\u00f3 contra la corrupci\u00f3n generalizada en el podrido parlamento nepal\u00ed. Como <a href=\"https:\/\/moolbato.com\/2025\/09\/67861\/\">inform\u00f3<\/a> el peri\u00f3dico revolucionario democr\u00e1tico Moolbato: \u201c<em>Durante d\u00e9cadas, el pueblo nepal\u00ed ha sido humillado y victimizado debido al sistema parlamentario negociado, la corrupci\u00f3n generalizada, los acuerdos antinacionales y la intervenci\u00f3n de potencias extranjeras. Las vidas de los campesinos pobres, obreros, estudiantes y j\u00f3venes desempleados est\u00e1n atrapadas en un ciclo de miseria e injusticia. Los intermediarios que dependen del poder del Estado han impuesto impuestos dobles y triples, han considerado una econom\u00eda llena de remesas como un logro y han impuesto una monta\u00f1a de desigualdad, privaci\u00f3n y explotaci\u00f3n sobre el pueblo.<\/em>\u201d Ahora el pueblo nepal\u00ed ha tenido suficiente y ha dirigido su odio de clase hacia aquellos que impusieron esta carga sobre sus hombros. Desde la traici\u00f3n a la Guerra Popular en Nepal por parte de Prachanda, los traidores han impuesto miseria, venta del pa\u00eds y explotaci\u00f3n al pueblo nepal\u00ed. KP Sharma Oli, del Partido Comunista de Nepal (Marxista-Leninista Unificado), lider\u00f3 el gobierno de coalici\u00f3n desde la salida de Prachanda en julio de 2024 y llev\u00f3 a cabo estas mismas medidas antipopulares.<\/p>\n\n\n\n<figure class=\"wp-block-embed is-type-rich is-provider-twitter wp-block-embed-twitter\"><div class=\"wp-block-embed__wrapper\">\n<blockquote class=\"twitter-tweet\" data-width=\"550\" data-dnt=\"true\"><p lang=\"en\" dir=\"ltr\">Nepal&#39;s prime minister KP Sharma Oli has resigned after violent protests across the country have killed at least 20 people.<br><br>Police reportedly used live ammunition to control the situation, as well as water cannon and tear gas.<br><br>The Gen-Z led demonstrations were over alleged\u2026 <a href=\"https:\/\/t.co\/soa5MQQw7L\">pic.twitter.com\/soa5MQQw7L<\/a><\/p>&mdash; Channel 4 News (@Channel4News) <a href=\"https:\/\/twitter.com\/Channel4News\/status\/1965450241215181016?ref_src=twsrc%5Etfw\">September 9, 2025<\/a><\/blockquote><script async src=\"https:\/\/platform.twitter.com\/widgets.js\" charset=\"utf-8\"><\/script>\n<\/div><\/figure>\n\n\n\n<p><\/p>\n\n\n\n<p class=\"has-vivid-red-color has-text-color has-link-color has-large-font-size wp-elements-a02617b30061f18de86a06cddb051587\"><strong>El propagandista de extrema derecha Charlie Kirk recibi\u00f3 un disparo durante un evento pol\u00edtico<\/strong><\/p>\n\n\n\n<p class=\"has-black-color has-text-color has-link-color wp-elements-219b90e3b7a29cd2b69460756151a73d\">El pasado 10 de septiembre, en Utah Valley University, durante un evento de preguntas y respuestas el extremista de derecha recibi\u00f3 un disparo que proven\u00eda de un francotirador de un edificio cercano. Las fuerzas de represi\u00f3n de Estados Unidos han capturado un sospechoso, un joven de 22 a\u00f1os que seg\u00fan el monopolio de la prensa estadounidense es un \u201cactivista de izquierda\u201d, lo cierto es que a\u00fan no se ha esclarecido los motivos del asesinato. Este hecho ocurre en medio de la escalada de las tensiones pol\u00edticas internas en Estados Unidos.<\/p>\n\n\n\n<p class=\"has-black-color has-text-color has-link-color wp-elements-a9b8e3c3361e58dc54865694ed935341\">La prensa democr\u00e1tica y popular <a href=\"https:\/\/anovademocracia.com.br\/kirk-extremista-direita-executado-eua\/\">A Nova Democracia<\/a> dice que, \u201cCharlie Kirk no es una v\u00edctima inocente, es un provocador e incendiario de la guerra racial, un operador de la extrema derecha que siembra odio y fomenta la violencia para fortalecer su agenda reaccionaria. Prueba de ello son sus discursos, conocidos por ser racistas, sexistas y antiminor\u00edas; su alianza abierta con Trump y su agresiva militancia contra los derechos democr\u00e1ticos. Kirk es c\u00f3mplice directo de la escalada reaccionaria que configura EEUU, desde el clima de intento de legitimaci\u00f3n hasta los ataques contra negros, inmigrantes, mujeres y LGBT.\u201d<\/p>\n\n\n\n<figure class=\"wp-block-image aligncenter size-large is-resized\"><img loading=\"lazy\" decoding=\"async\" width=\"1024\" height=\"640\" src=\"https:\/\/nuevademocracia.com.co\/wp-content\/uploads\/2025\/09\/image-3-1024x640.png\" alt=\"\" class=\"wp-image-28057\" style=\"width:523px;height:auto\" srcset=\"https:\/\/nuevademocracia.com.co\/wp-content\/uploads\/2025\/09\/image-3-1024x640.png 1024w, https:\/\/nuevademocracia.com.co\/wp-content\/uploads\/2025\/09\/image-3-300x188.png 300w, https:\/\/nuevademocracia.com.co\/wp-content\/uploads\/2025\/09\/image-3-768x480.png 768w, https:\/\/nuevademocracia.com.co\/wp-content\/uploads\/2025\/09\/image-3.png 1280w\" sizes=\"auto, (max-width: 1024px) 100vw, 1024px\" \/><figcaption class=\"wp-element-caption\">Foto: Laura Segall\/AFP<br><\/figcaption><\/figure>\n\n\n\n<p class=\"has-vivid-red-color has-text-color has-link-color has-large-font-size wp-elements-9ea1485f65dfc81c70a52aadb62d3b1b\"><strong>Israel bombardea delegaci\u00f3n de Hamas en Doha, Qatar<\/strong><\/p>\n\n\n\n<p class=\"has-black-color has-text-color has-link-color wp-elements-1fadc024eca394870342b7a14baa11e0\">El martes 9 de septiembre el Estado genocida de Israel lanz\u00f3 un ataque a la delegaci\u00f3n negociadora de Hamas en la capital de Qatar, all\u00ed se estaba negociando la posibilidad de un nuevo cese al fuego. Hamas anuncio que ninguno de los miembros de la delegaci\u00f3n fue asesinado.<\/p>\n\n\n\n<p class=\"has-black-color has-text-color has-link-color wp-elements-86d57719ad670ec713087b9475e04cba\">Este hecho se suma a una interminable lista de cr\u00edmenes de Israel contra el pueblo palestino y de violaci\u00f3n de la soberan\u00eda de otros pa\u00edses. El Ministerio de Relaciones Exteriores de Qatar declar\u00f3 que, \u00abEl ataque criminal viola todas las leyes internacionales y representa una grave amenaza para la seguridad de los qatar\u00edes y residentes\u00bb.<\/p>\n\n\n\n<figure class=\"wp-block-image aligncenter size-full is-resized\"><img loading=\"lazy\" decoding=\"async\" width=\"975\" height=\"654\" src=\"https:\/\/nuevademocracia.com.co\/wp-content\/uploads\/2025\/09\/image-5.png\" alt=\"\" class=\"wp-image-28059\" style=\"width:549px;height:auto\" srcset=\"https:\/\/nuevademocracia.com.co\/wp-content\/uploads\/2025\/09\/image-5.png 975w, https:\/\/nuevademocracia.com.co\/wp-content\/uploads\/2025\/09\/image-5-300x201.png 300w, https:\/\/nuevademocracia.com.co\/wp-content\/uploads\/2025\/09\/image-5-768x515.png 768w\" sizes=\"auto, (max-width: 975px) 100vw, 975px\" \/><figcaption class=\"wp-element-caption\">Un ataque israel\u00ed ha sido como tambi\u00e9n una delegaci\u00f3n pol\u00edtica de Hamas en Doha, no Catar. (Foto: captura de v\u00eddeo)<br><br><\/figcaption><\/figure>\n\n\n\n<p class=\"has-vivid-red-color has-text-color has-link-color has-large-font-size wp-elements-69f13656af62414445f7df8500894a87\"><strong>Miles de personas bloquearon Francia y resistieron la fuerte represi\u00f3n<\/strong><\/p>\n\n\n\n<p class=\"has-black-color has-text-color has-link-color wp-elements-1f111ac0727304e4034a59177fb85bc5\">El pasado 10 de septiembre se llev\u00f3 a cabo en Francia lo que los activistas populares llamaron el \u201cBloqueo Total\u201d. Esta jornada se dio, seg\u00fan el <a href=\"https:\/\/heraldorojo.org\/2025\/09\/07\/bloqueo-total-en-francia-el-10-de-septiembre\/\">Heraldo Rojo<\/a> por \u201cun amplio descontento y odio de clase contra los planes presupuestarios de la burgues\u00eda imperialista francesa, anunciados por el Primer Ministro Fran\u00e7ois Bayrou. Este plan incluye m\u00e1s de 40 mil millones de euros en recortes, que se esperan que afecten principalmente a los obreros y los servicios p\u00fablicos. Esta ser\u00e1 una nueva ola de medidas contra los derechos de los obreros y el pueblo\u201d. Fran\u00e7ois Bayrou fue tumbado luego de que los diputados rechazaran su moci\u00f3n de confianza por 364 votos a 194.<\/p>\n\n\n\n<p class=\"has-black-color has-text-color has-link-color wp-elements-8f284c2453035ef281d328d489a0ac3f\">Las jornadas del 10 de septiembre se caracterizaron por su combatividad y masividad. A lo largo de todo el pa\u00eds se presentaron cientos de bloqueos de carreteras, rotondas, institutos y de movilizaciones que tuvieron como respuesta una fuerte represi\u00f3n, sin embargo, el pueblo y la clase obrera realizaron una feroz resistencia impidiendo la dispersi\u00f3n de los bloqueos. Se registran m\u00e1s de 300 detenidos.<\/p>\n\n\n\n<figure class=\"wp-block-embed is-type-rich is-provider-twitter wp-block-embed-twitter\"><div class=\"wp-block-embed__wrapper\">\n<blockquote class=\"twitter-tweet\" data-width=\"550\" data-dnt=\"true\"><p lang=\"fr\" dir=\"ltr\">\ud83d\udea8Retour sur la journ\u00e9e du  <a href=\"https:\/\/twitter.com\/hashtag\/10septembre?src=hash&amp;ref_src=twsrc%5Etfw\">#10septembre<\/a> <br><br>\ud83d\udca5La jeunesse r\u00e9volutionnaire \u00e9tait pr\u00e9sente partout pour rendre la France ingouvernable! <a href=\"https:\/\/t.co\/xRMpGPGpmG\">pic.twitter.com\/xRMpGPGpmG<\/a><\/p>&mdash; Ligue de la Jeunesse R\u00e9volutionnaire (@LigueJ_R) <a href=\"https:\/\/twitter.com\/LigueJ_R\/status\/1966169844128297241?ref_src=twsrc%5Etfw\">September 11, 2025<\/a><\/blockquote><script async src=\"https:\/\/platform.twitter.com\/widgets.js\" charset=\"utf-8\"><\/script>\n<\/div><\/figure>\n\n\n\n<p><\/p>\n\n\n\n<p class=\"has-vivid-red-color has-text-color has-link-color has-large-font-size wp-elements-c9ce7313b902a8853c6199183a3873e8\"><strong>Ej\u00e9rcito dispara en el pie de campesino en medio de un operativo contra la miner\u00eda ilegal<\/strong><\/p>\n\n\n\n<p class=\"has-black-color has-text-color has-link-color wp-elements-0c54655d3633d38b598d540d8e953bee\">El pasado 10 de septiembre en la vereda Mandur, del municipio de Puerto Guzm\u00e1n, Putumayo, las tropas del Batall\u00f3n de Ingenieros 27, realizaron un procedimiento de destrucci\u00f3n de maquinaria usada en miner\u00eda ilegal de oro a cielo abierto. En medio de este procedimiento, alrededor de 80 campesinos de la zona, intentaron expulsar al Ej\u00e9rcito, algunos campesinos ten\u00edan machetes o piedras. En medio de la retirada, el Ej\u00e9rcito dispar\u00f3 hacia al suelo, hiriendo en un pie a uno de los campesinos que se encontraban all\u00ed.<\/p>\n\n\n\n<p class=\"has-black-color has-text-color has-link-color wp-elements-9160cd599e0653a285cffef7de582980\">El Ej\u00e9rcito ha dicho que este acto fue en leg\u00edtima defensa, aunque ellos tengan fusiles y los campesinos piedras, y criminaliz\u00f3 a los campesinos declarando que estaban siendo instrumentalizados por grupos armados.<\/p>\n\n\n\n<p class=\"has-black-color has-text-color has-link-color wp-elements-239bab654bf342dde8c7e20e91db341e\">Este hecho se suma a las decenas de asonadas que se han presentado en el pa\u00eds en el \u00faltimo a\u00f1o. Algunos medios hablan de 35 y otros de 50 asonadas. En varias de ellas, las masas campesinas han capturado y retenido soldados por algunas horas o d\u00edas.<\/p>\n\n\n\n<figure class=\"wp-block-embed is-type-video is-provider-youtube wp-block-embed-youtube wp-embed-aspect-16-9 wp-has-aspect-ratio\"><div class=\"wp-block-embed__wrapper\">\n<iframe loading=\"lazy\" title=\"Im\u00e1genes de intento de asonada en zona rural de Putumayo: soldados del Ej\u00e9rcito dispararon a civiles\" width=\"1290\" height=\"726\" src=\"https:\/\/www.youtube.com\/embed\/3FV-zEQsBQQ?feature=oembed\" frameborder=\"0\" allow=\"accelerometer; autoplay; clipboard-write; encrypted-media; gyroscope; picture-in-picture; web-share\" referrerpolicy=\"strict-origin-when-cross-origin\" allowfullscreen><\/iframe>\n<\/div><\/figure>\n\n\n\n<p><\/p>\n\n\n\n<p class=\"has-vivid-red-color has-text-color has-link-color has-large-font-size wp-elements-add37009edc3569d37d22d723433e3cc\"><strong>En el sector Loma del Indio en Medell\u00edn una torre de energ\u00eda fue afectada por explosi\u00f3n<\/strong><\/p>\n\n\n\n<p class=\"has-black-color has-text-color has-link-color wp-elements-c43846f8661506e379f4ea73e2f40860\">En la noche del 10 de septiembre, en el sector Loma del Indio en Medell\u00edn (Antioquia) fue detonado un explosivo en una torre de EPM. El alcalde de Medell\u00edn, Federico Guti\u00e9rrez, afirm\u00f3 que el lugar de la explosi\u00f3n se hall\u00f3 una bandera alusiva al Frente 36 de las Disidencias de las FARC, a quien atribuy\u00f3 la responsabilidad de colocar los explosivos.<\/p>\n\n\n\n<p class=\"has-black-color has-text-color has-link-color wp-elements-ac0077adf061cd540f630b13f3d29117\">Luego de este hecho, la Alcald\u00eda de Medell\u00edn junto a la Gobernaci\u00f3n de Antioquia acordaron enviar 100 soldados de las fuerzas especiales urbanas del Ej\u00e9rcito Nacional para prevenir otras acciones de este tipo, adem\u00e1s est\u00e1n ofreciendo la recompensa de 10 millones de pesos por cada uno de los responsables.<\/p>\n\n\n\n<p class=\"has-black-color has-text-color has-link-color wp-elements-a90467a355c03bdd0203f5b2c5eb3f80\">Por ahora, no se ha confirmado el autor de las detonaciones y tampoco se descarta que este hecho sea parte de la estrategia de la ultraderecha para poner a la orden del d\u00eda su vieja pol\u00edtica de la \u201cseguridad democr\u00e1tica\u201d.<\/p>\n\n\n\n<figure class=\"wp-block-image aligncenter size-large is-resized\"><img loading=\"lazy\" decoding=\"async\" width=\"1024\" height=\"576\" src=\"https:\/\/nuevademocracia.com.co\/wp-content\/uploads\/2025\/09\/image-6-1024x576.png\" alt=\"\" class=\"wp-image-28060\" style=\"width:626px;height:auto\" srcset=\"https:\/\/nuevademocracia.com.co\/wp-content\/uploads\/2025\/09\/image-6-1024x576.png 1024w, https:\/\/nuevademocracia.com.co\/wp-content\/uploads\/2025\/09\/image-6-300x169.png 300w, https:\/\/nuevademocracia.com.co\/wp-content\/uploads\/2025\/09\/image-6-768x432.png 768w, https:\/\/nuevademocracia.com.co\/wp-content\/uploads\/2025\/09\/image-6.png 1280w\" sizes=\"auto, (max-width: 1024px) 100vw, 1024px\" \/><figcaption class=\"wp-element-caption\">Foto: Revista Cambio<\/figcaption><\/figure>\n\n\n\n<p><\/p>\n","protected":false},"excerpt":{"rendered":"<p>Algunas noticias de la semana: Levantamiento  popular en Nepal y Francia. En Colombia las masas campesinas enfrentan al Ej\u00e9rcito. Otras.<\/p>\n","protected":false},"author":1,"featured_media":28062,"comment_status":"open","ping_status":"open","sticky":false,"template":"","format":"standard","meta":{"footnotes":""},"categories":[16,4,31,135],"tags":[],"class_list":["post-28055","post","type-post","status-publish","format-standard","has-post-thumbnail","hentry","category-carrusel","category-colombia","category-internacional","category-resistencia-palestina"],"blocksy_meta":[],"_links":{"self":[{"href":"https:\/\/nuevademocracia.com.co\/index.php?rest_route=\/wp\/v2\/posts\/28055","targetHints":{"allow":["GET"]}}],"collection":[{"href":"https:\/\/nuevademocracia.com.co\/index.php?rest_route=\/wp\/v2\/posts"}],"about":[{"href":"https:\/\/nuevademocracia.com.co\/index.php?rest_route=\/wp\/v2\/types\/post"}],"author":[{"embeddable":true,"href":"https:\/\/nuevademocracia.com.co\/index.php?rest_route=\/wp\/v2\/users\/1"}],"replies":[{"embeddable":true,"href":"https:\/\/nuevademocracia.com.co\/index.php?rest_route=%2Fwp%2Fv2%2Fcomments&post=28055"}],"version-history":[{"count":2,"href":"https:\/\/nuevademocracia.com.co\/index.php?rest_route=\/wp\/v2\/posts\/28055\/revisions"}],"predecessor-version":[{"id":28063,"href":"https:\/\/nuevademocracia.com.co\/index.php?rest_route=\/wp\/v2\/posts\/28055\/revisions\/28063"}],"wp:featuredmedia":[{"embeddable":true,"href":"https:\/\/nuevademocracia.com.co\/index.php?rest_route=\/wp\/v2\/media\/28062"}],"wp:attachment":[{"href":"https:\/\/nuevademocracia.com.co\/index.php?rest_route=%2Fwp%2Fv2%2Fmedia&parent=28055"}],"wp:term":[{"taxonomy":"category","embeddable":true,"href":"https:\/\/nuevademocracia.com.co\/index.php?rest_route=%2Fwp%2Fv2%2Fcategories&post=28055"},{"taxonomy":"post_tag","embeddable":true,"href":"https:\/\/nuevademocracia.com.co\/index.php?rest_route=%2Fwp%2Fv2%2Ftags&post=28055"}],"curies":[{"name":"wp","href":"https:\/\/api.w.org\/{rel}","templated":true}]}}