{"id":28064,"date":"2025-09-17T10:00:00","date_gmt":"2025-09-17T15:00:00","guid":{"rendered":"https:\/\/nuevademocracia.com.co\/?p=28064"},"modified":"2026-03-27T23:51:46","modified_gmt":"2026-03-28T04:51:46","slug":"bano-de-gloria-del-movimiento-propalestino-se-cancela-el-fin-de-la-vuelta-ciclista-en-madrid","status":"publish","type":"post","link":"https:\/\/nuevademocracia.com.co\/?p=28064","title":{"rendered":"SP &#8211; Ba\u00f1o de gloria del movimiento propalestino: se cancela el fin de la Vuelta Ciclista en\u00a0Madrid"},"content":{"rendered":"\n<hr class=\"wp-block-separator has-text-color has-vivid-red-color has-alpha-channel-opacity has-vivid-red-background-color has-background\"\/>\n\n\n\n<p class=\"has-vivid-red-color has-text-color has-link-color wp-elements-fc46af9d157cce9790b8455cab4eda6f\"><em>Compartimos el siguiente art\u00edculo tomado del peri\u00f3dico revolucionario del Estado espa\u00f1ol, <a href=\"https:\/\/serviralpuebloperiodico.wordpress.com\/2025\/09\/15\/bano-de-gloria-del-movimiento-propalestino-se-cancela-el-fin-de-la-vuelta-ciclista-en-madrid\/\">Servir al Pueblo<\/a> (SP).<\/em><\/p>\n\n\n\n<p class=\"has-black-color has-text-color has-link-color wp-elements-4786036aee699d23b43748cca08f1d90\">Este domingo 14 de septiembre, el movimiento propalestino se ha ba\u00f1ado en la gloria. Decenas de miles de personas han paralizado la etapa de la Vuelta Ciclista a Espa\u00f1a, a pesar del despliegue policial masivo de m\u00e1s de 2.300 polic\u00edas antidisturbios movilizados para asegurar que los manifestantes no crearan disturbios. Las fuerzas represivas del Estado han fracasado rotundamente en su misi\u00f3n, a pesar de que cargaron violentamente y dispararon pelotas de goma. Dos detenidos y 22 polic\u00edas heridos ha sido el saldo del combate.<\/p>\n\n\n\n<figure class=\"wp-block-image aligncenter size-full is-resized\"><img loading=\"lazy\" decoding=\"async\" width=\"1023\" height=\"682\" src=\"https:\/\/nuevademocracia.com.co\/wp-content\/uploads\/2025\/09\/image-9.png\" alt=\"\" class=\"wp-image-28066\" style=\"width:686px;height:auto\" srcset=\"https:\/\/nuevademocracia.com.co\/wp-content\/uploads\/2025\/09\/image-9.png 1023w, https:\/\/nuevademocracia.com.co\/wp-content\/uploads\/2025\/09\/image-9-300x200.png 300w, https:\/\/nuevademocracia.com.co\/wp-content\/uploads\/2025\/09\/image-9-768x512.png 768w\" sizes=\"auto, (max-width: 1023px) 100vw, 1023px\" \/><\/figure>\n\n\n\n<p><\/p>\n\n\n\n<p class=\"has-black-color has-text-color has-link-color wp-elements-a161ab73484d1d4da3976819d24e6d7b\">La movilizaci\u00f3n de masas demuestra, una vez m\u00e1s, que la fuerza de la clase obrera y el pueblo movilizado es muy superior a las fuerzas de la reacci\u00f3n. As\u00ed narr\u00f3 los hechos el diario&nbsp;<a href=\"https:\/\/www.elsaltodiario.com\/madrid\/despliegue-policial-maximo-sofocar-protestas-propalestina-ultima-etapa-vuelta-madrid\">El Salto<\/a>:<\/p>\n\n\n\n<p class=\"has-black-color has-text-color has-link-color wp-elements-571089106207dfdf0f7c5c5b6b4b37aa\">\u201c<em>Pasadas las 18:20h, varias intervenciones de los manifestantes y la informaci\u00f3n desde distintos puntos hac\u00edan inviable que siguiera la carrera. La Vuelta finalizaba con la carrera neutralizada, sin etapa final y con miles de personas desafiando el fuerte despliegue organizado, las porras, las vallas y los escudos.<\/em><\/p>\n\n\n\n<p class=\"has-black-color has-text-color has-link-color wp-elements-6707eb0bc60656a069f8e3122567cc3a\"><em>A las 18h, un grupo numeroso de manifestantes han llevado a cabo un corte del recorrido en torno a la calle de Gran V\u00eda y Callao. En ese momento ya se reportaban varias im\u00e1genes de golpes de porra y cargas policiales contra las protestas. La cargas y los movimientos de vallas han llegado al kil\u00f3metro final de la carrera, en torno a la plaza de Cibeles y tambi\u00e9n a Atocha.<\/em><\/p>\n\n\n\n<p class=\"has-black-color has-text-color has-link-color wp-elements-583910073654860797d76ee9ea7db245\"><em>A las 18:10h, la organizaci\u00f3n anunciaba que el circuito se reduc\u00eda a su m\u00ednima expresi\u00f3n y que solo se correr\u00eda el tramo entre Neptuno y la plaza de Col\u00f3n. Tampoco funcionaba el Plan B. No hab\u00eda manera de continuar: el desborde era generalizado<\/em>\u201d<\/p>\n\n\n\n<figure class=\"wp-block-image aligncenter size-full is-resized\"><img loading=\"lazy\" decoding=\"async\" width=\"1024\" height=\"694\" src=\"https:\/\/nuevademocracia.com.co\/wp-content\/uploads\/2025\/09\/image-10.png\" alt=\"\" class=\"wp-image-28067\" style=\"width:642px;height:auto\" srcset=\"https:\/\/nuevademocracia.com.co\/wp-content\/uploads\/2025\/09\/image-10.png 1024w, https:\/\/nuevademocracia.com.co\/wp-content\/uploads\/2025\/09\/image-10-300x203.png 300w, https:\/\/nuevademocracia.com.co\/wp-content\/uploads\/2025\/09\/image-10-768x521.png 768w\" sizes=\"auto, (max-width: 1024px) 100vw, 1024px\" \/><\/figure>\n\n\n\n<p><\/p>\n","protected":false},"excerpt":{"rendered":"<p>Este 14 de septiembre, el movimiento propalestino se ha ba\u00f1ado en la gloria. Decenas de miles de personas han paralizado la etapa de la Vuelta Espa\u00f1a.<\/p>\n","protected":false},"author":1,"featured_media":28065,"comment_status":"open","ping_status":"open","sticky":false,"template":"","format":"standard","meta":{"footnotes":""},"categories":[31,135],"tags":[],"class_list":["post-28064","post","type-post","status-publish","format-standard","has-post-thumbnail","hentry","category-internacional","category-resistencia-palestina"],"blocksy_meta":[],"_links":{"self":[{"href":"https:\/\/nuevademocracia.com.co\/index.php?rest_route=\/wp\/v2\/posts\/28064","targetHints":{"allow":["GET"]}}],"collection":[{"href":"https:\/\/nuevademocracia.com.co\/index.php?rest_route=\/wp\/v2\/posts"}],"about":[{"href":"https:\/\/nuevademocracia.com.co\/index.php?rest_route=\/wp\/v2\/types\/post"}],"author":[{"embeddable":true,"href":"https:\/\/nuevademocracia.com.co\/index.php?rest_route=\/wp\/v2\/users\/1"}],"replies":[{"embeddable":true,"href":"https:\/\/nuevademocracia.com.co\/index.php?rest_route=%2Fwp%2Fv2%2Fcomments&post=28064"}],"version-history":[{"count":3,"href":"https:\/\/nuevademocracia.com.co\/index.php?rest_route=\/wp\/v2\/posts\/28064\/revisions"}],"predecessor-version":[{"id":29038,"href":"https:\/\/nuevademocracia.com.co\/index.php?rest_route=\/wp\/v2\/posts\/28064\/revisions\/29038"}],"wp:featuredmedia":[{"embeddable":true,"href":"https:\/\/nuevademocracia.com.co\/index.php?rest_route=\/wp\/v2\/media\/28065"}],"wp:attachment":[{"href":"https:\/\/nuevademocracia.com.co\/index.php?rest_route=%2Fwp%2Fv2%2Fmedia&parent=28064"}],"wp:term":[{"taxonomy":"category","embeddable":true,"href":"https:\/\/nuevademocracia.com.co\/index.php?rest_route=%2Fwp%2Fv2%2Fcategories&post=28064"},{"taxonomy":"post_tag","embeddable":true,"href":"https:\/\/nuevademocracia.com.co\/index.php?rest_route=%2Fwp%2Fv2%2Ftags&post=28064"}],"curies":[{"name":"wp","href":"https:\/\/api.w.org\/{rel}","templated":true}]}}