{"id":28069,"date":"2025-09-16T19:41:47","date_gmt":"2025-09-17T00:41:47","guid":{"rendered":"https:\/\/nuevademocracia.com.co\/?p=28069"},"modified":"2025-09-16T19:41:48","modified_gmt":"2025-09-17T00:41:48","slug":"la-ultraderecha-colombiana-y-su-respaldo-al-genocida-netanyahu","status":"publish","type":"post","link":"https:\/\/nuevademocracia.com.co\/?p=28069","title":{"rendered":"La ultraderecha colombiana y su respaldo al genocida Netanyahu"},"content":{"rendered":"\n<p class=\"has-black-color has-text-color has-link-color wp-elements-641e1afcf54b81316d5c498ce23cc129\">El pasado 25 de agosto, el expresidente Iv\u00e1n Duque public\u00f3 con orgullo, unas fotos de su reuni\u00f3n con el genocida primer ministro israel\u00ed, Benjam\u00edn Netanyahu, acompa\u00f1adas del siguiente mensaje: \u201cSiempre es un honor visitar el Estado de Israel y dialogar con un cercano amigo y aliado del pueblo colombiano, el Primer Ministro Benjam\u00edn Netanyahu\u201d. Tambi\u00e9n estuvo presente Gabriel Gilinsky, integrante del Grupo Gilinsky, due\u00f1os de Nutresa, el banco BNG Sudameris, la Revista Semana, entre otras empresas de la gran burgues\u00eda colombiana. La familia Gilinsky es de origen jud\u00eda, simpatizantes del Estado de Israel. Isaac Gilinsky fue embajador de Colombia en Israel durante los gobiernos de Uribe y Santos.<\/p>\n\n\n\n<figure class=\"wp-block-image aligncenter size-full\"><img loading=\"lazy\" decoding=\"async\" width=\"658\" height=\"721\" src=\"https:\/\/nuevademocracia.com.co\/wp-content\/uploads\/2025\/09\/Duque-Netanyahu-002.jpg\" alt=\"\" class=\"wp-image-28072\" srcset=\"https:\/\/nuevademocracia.com.co\/wp-content\/uploads\/2025\/09\/Duque-Netanyahu-002.jpg 658w, https:\/\/nuevademocracia.com.co\/wp-content\/uploads\/2025\/09\/Duque-Netanyahu-002-274x300.jpg 274w\" sizes=\"auto, (max-width: 658px) 100vw, 658px\" \/><\/figure>\n\n\n\n<p class=\"has-black-color has-text-color has-link-color wp-elements-7120369932f4d4d5aebb8c22d83389db\">Mientras Duque se enorgullec\u00eda de expresar su respaldo a Netanyahu, y con ello, su respaldo al genocidio de Israel contra el pueblo palestino, ese mismo d\u00eda el Estado sionista bombarde\u00f3 el Hospital Nasser, en Gaza, causando la muerte de al menos 20 personas, entre ellas 5 periodistas. Inmediatamente surgieron en redes sociales, gran cantidad de cr\u00edticas y expresiones de repudio contra el expresidente Duque. A Duque le recordaron los cr\u00edmenes que durante su presidencia se cometieron contra el pueblo colombiano, por ejemplo, el asesinato de m\u00e1s de 83 personas durante el Gran Levantamiento Popular en 2021, de los cuales 44 se presume que fueron asesinados por las fuerzas de represi\u00f3n policiales. O los bombardeos contra campamentos guerrilleros sin importar la presencia de ni\u00f1os. O la masacre en Alto Remanso, Putumayo, perpetrada por el Ej\u00e9rcito contra la comunidad.<\/p>\n\n\n\n<p class=\"has-black-color has-text-color has-link-color wp-elements-485a3c3d7bcd31c46ba8e71276770fcd\">Varios contenidos en redes sociales, sentenciaron que tomarse una foto hoy, con el despreciable criminal Netanyahu, era como tomarse una foto con Hitler hace 80 a\u00f1os, y que la historia se encargar\u00e1 de recordar a Iv\u00e1n Duque como una verg\u00fcenza nacional e internacional.<\/p>\n\n\n\n<p class=\"has-black-color has-text-color has-link-color wp-elements-7c8c0a03441bb7ccd6091d5f6257f0e4\">Sin embargo, lejos de sonrojarse, al d\u00eda siguiente Duque reafirm\u00f3 su simpat\u00eda y cercan\u00eda con el sionismo, publicando una foto con el presidente de Israel, Isaac Herzog, a quien calific\u00f3 como \u201cun amigo incondicional de Colombia\u201d.<\/p>\n\n\n\n<figure class=\"wp-block-image aligncenter size-large\"><img loading=\"lazy\" decoding=\"async\" width=\"973\" height=\"1024\" src=\"https:\/\/nuevademocracia.com.co\/wp-content\/uploads\/2025\/09\/Duque-Netanyahu-003-973x1024.jpg\" alt=\"\" class=\"wp-image-28073\" srcset=\"https:\/\/nuevademocracia.com.co\/wp-content\/uploads\/2025\/09\/Duque-Netanyahu-003-973x1024.jpg 973w, https:\/\/nuevademocracia.com.co\/wp-content\/uploads\/2025\/09\/Duque-Netanyahu-003-285x300.jpg 285w, https:\/\/nuevademocracia.com.co\/wp-content\/uploads\/2025\/09\/Duque-Netanyahu-003-768x808.jpg 768w, https:\/\/nuevademocracia.com.co\/wp-content\/uploads\/2025\/09\/Duque-Netanyahu-003.jpg 992w\" sizes=\"auto, (max-width: 973px) 100vw, 973px\" \/><\/figure>\n\n\n\n<p class=\"has-black-color has-text-color has-link-color wp-elements-3774180a53d1adbe11b4d1e72f54b6e6\">No es la primera vez que Duque expresa su respaldo al Estado genocida de Israel, y particularmente hac\u00eda Netanyahu. En noviembre del a\u00f1o pasado, cuando la Corte Penal Internacional (CPI) emiti\u00f3 orden de captura contra \u00e9ste, por cr\u00edmenes de guerra y de lesa humanidad, Duque defendi\u00f3 a Netanyahu firmemente. Netanyahu tiene orden de arresto de la CPI por ordenar el bombardeo indiscriminado sobre la Franja de Gaza, asesinando a m\u00e1s de 64.000 palestinos, y por utilizar la hambruna como arma de guerra contra la poblaci\u00f3n palestina.<\/p>\n\n\n\n<p class=\"has-black-color has-text-color has-link-color wp-elements-7ed56dbfdb4afc53c511f8760a058e8c\">No es extra\u00f1o que un representante de la ultraderecha colombiana como Iv\u00e1n Duque, apoye abierta y descaradamente a un fascista y genocida internacional como Netanyahu, pues la extrema derecha colombiana, que ha ejecutado incontables cr\u00edmenes contra el pueblo trabajador, tiene mucho en com\u00fan con los fascistas y genocidas israel\u00edes.<\/p>\n\n\n\n<p class=\"has-black-color has-text-color has-link-color wp-elements-3ebab17a406642d742003f4c68223600\">Los v\u00ednculos entre el sionismo, la ultraderecha y el paramilitarismo en Colombia han sido documentados claramente. Por ejemplo, Yair Klein, exmilitar y mercenario israel\u00ed, entren\u00f3 fuerzas paramilitares en Colombia en los a\u00f1os 80, ense\u00f1\u00e1ndoles a aplicar sistem\u00e1ticamente cr\u00edmenes de guerra contra el pueblo colombiano, basado en la experiencia adquirida asesinando y despojando al pueblo palestino.<\/p>\n\n\n\n<p class=\"has-black-color has-text-color has-link-color wp-elements-b72155b27bf0a760f08bc839cf604219\">En las \u00faltimas d\u00e9cadas, la ultraderecha impuls\u00f3 la creaci\u00f3n y fortalecimiento de ej\u00e9rcitos paramilitares para combatir tanto a las guerrillas como al movimiento popular: campesinos, sindicalistas, estudiantes y pobladores de barrios populares fueron v\u00edctimas de masacres, asesinatos, desapariciones, desplazamientos forzados, y adem\u00e1s de lo anterior, muchas mujeres fueron v\u00edctimas de violaciones y todo tipo de ultrajes. El paramilitarismo y los cr\u00edmenes cometidos contra el pueblo, se ejecutaron bajo el amparo y protecci\u00f3n del Estado, con la complicidad del Ej\u00e9rcito y Polic\u00eda, con la impunidad garantizada del sistema judicial, con el respaldo del Congreso y los parapol\u00edticos, y con la financiaci\u00f3n del imperialismo yanqui (Plan Colombia), de grandes latifundistas (por ej. ganaderos de Fedegan) y de grandes empresas tanto nacionales como multinacionales (por ej. Chiquita Brands).<\/p>\n\n\n\n<p class=\"has-black-color has-text-color has-link-color wp-elements-19e6d6b7b62cd8ec644f04d522068868\">Uno de los cr\u00edmenes m\u00e1s repudiados por el pueblo colombiano, fueron los \u201cfalsos positivos\u201d, pr\u00e1ctica miserable dentro del Ej\u00e9rcito, quienes desaparecieron y asesinaron civiles, principalmente j\u00f3venes de bajos recursos, tanto de barrios pobres de las principales ciudades como campesinos. Luego les practicaron montajes, coloc\u00e1ndoles camuflados, botas y armas, para presentarlos como guerrilleros muertos en combate. Lo anterior, buscando varios objetivos: de parte de los soldados ganar algunos d\u00edas de descanso o beneficios econ\u00f3micos y de parte de los oficiales de alto rango, inflar las estad\u00edsticas para mostrar resultados en la lucha contra guerrillera. Seg\u00fan la Jurisdicci\u00f3n Especial para la Paz (JEP), \u201cpor lo menos 6.402 colombianas y colombianos fueron v\u00edctimas de muertes ileg\u00edtimamente presentadas como bajas en combate entre 2002 y 2008.\u201d Precisamente, el auge de dicho crimen atroz contra el pueblo trabajador, coincide con los dos periodos presidenciales del jefe de jefes de la extrema derecha colombiana: \u00c1lvaro Uribe V\u00e9lez (presidente 2002-2010).<\/p>\n\n\n\n<figure class=\"wp-block-image aligncenter size-full\"><img loading=\"lazy\" decoding=\"async\" width=\"800\" height=\"533\" src=\"https:\/\/nuevademocracia.com.co\/wp-content\/uploads\/2025\/09\/Falsos-Positivos.jpg\" alt=\"\" class=\"wp-image-28074\" srcset=\"https:\/\/nuevademocracia.com.co\/wp-content\/uploads\/2025\/09\/Falsos-Positivos.jpg 800w, https:\/\/nuevademocracia.com.co\/wp-content\/uploads\/2025\/09\/Falsos-Positivos-300x200.jpg 300w, https:\/\/nuevademocracia.com.co\/wp-content\/uploads\/2025\/09\/Falsos-Positivos-768x512.jpg 768w\" sizes=\"auto, (max-width: 800px) 100vw, 800px\" \/><figcaption class=\"wp-element-caption\"><br>Foto: Protesta de madres de j\u00f3venes asesinados por el Estado \/ web.comisiondelaverdad.co<\/figcaption><\/figure>\n\n\n\n<p class=\"has-black-color has-text-color has-link-color wp-elements-e0efba2bf54287b86546a864d68123ca\">Recientemente \u00c1lvaro Uribe fue condenado a 12 a\u00f1os de prisi\u00f3n domiciliaria, condena que a\u00fan est\u00e1 en proceso de apelaci\u00f3n y se encuentra en segunda instancia. Es decir, todav\u00eda no es definitiva. Suponiendo que se reafirme dicha sentencia, es importante comprender que, lejos de haberse hecho justicia por los cr\u00edmenes cometidos durante el gobierno Uribe, la condena resulta una demostraci\u00f3n de la impunidad que reina en el pa\u00eds. El caso contra Uribe se origin\u00f3 en 2012, cuando el senador Iv\u00e1n Cepeda denunci\u00f3 a Uribe ante el Congreso, acus\u00e1ndolo tener v\u00ednculos con el paramilitarismo. La respuesta de Uribe fue denunciar a Cepeda por manipular testigos en su contra. Despu\u00e9s de a\u00f1os de investigaci\u00f3n, se logr\u00f3 demostrar que los abogados de Uribe intentaron manipular a los testigos de Cepeda para que cambiaran sus versiones, y el condenado por manipulaci\u00f3n de testigos result\u00f3 ser Uribe. Esta condena fue celebrada por muchos sectores populares que odian a la ultraderecha y a su jefe, y con justa raz\u00f3n, sin embargo, es importante se\u00f1alar que, por el impulso del paramilitarismo en Colombia, por los \u201cfalsos positivos\u201d, por los cr\u00edmenes cometidos por el Ej\u00e9rcito y Polic\u00eda durante los mandatos de \u00c1lvaro Uribe, no hay ninguna actuaci\u00f3n de la \u201cjusticia\u201d, al contrario, la impunidad persiste, y por lo tanto, la lucha por verdadera justicia contin\u00faa.<\/p>\n\n\n\n<figure class=\"wp-block-image aligncenter size-full\"><img loading=\"lazy\" decoding=\"async\" width=\"946\" height=\"631\" src=\"https:\/\/nuevademocracia.com.co\/wp-content\/uploads\/2025\/09\/Juicio-Alvaro-Uribe.jpg\" alt=\"\" class=\"wp-image-28075\" srcset=\"https:\/\/nuevademocracia.com.co\/wp-content\/uploads\/2025\/09\/Juicio-Alvaro-Uribe.jpg 946w, https:\/\/nuevademocracia.com.co\/wp-content\/uploads\/2025\/09\/Juicio-Alvaro-Uribe-300x200.jpg 300w, https:\/\/nuevademocracia.com.co\/wp-content\/uploads\/2025\/09\/Juicio-Alvaro-Uribe-768x512.jpg 768w\" sizes=\"auto, (max-width: 946px) 100vw, 946px\" \/><figcaption class=\"wp-element-caption\"><br>Foto: Opositores del expresidente \u00c1lvaro Uribe V\u00e9lez durante el juicio en su contra. Nathalia Angarita \/ elpais.com<\/figcaption><\/figure>\n\n\n\n<p class=\"has-black-color has-text-color has-link-color wp-elements-1616ad0ecfd72f9c4c8888672e6ebfa9\">Finalmente, as\u00ed como el mundo no perdona al genocida fascista y criminal Benjam\u00edn Netanyahu, el pueblo colombiano tampoco perdona, ni la vergonzosa actuaci\u00f3n del expresidente Duque, respaldando el genocidio del pueblo palestino que la inmensa mayor\u00eda del mundo condena, ni los cr\u00edmenes que la ultraderecha colombiana ha cometido en nuestro pa\u00eds contra nuestras masas trabajadoras.<\/p>\n","protected":false},"excerpt":{"rendered":"<p>La extrema derecha colombiana, que ha ejecutado incontables cr\u00edmenes contra el pueblo trabajador, tiene mucho en com\u00fan con los fascistas y genocidas israel\u00edes.<\/p>\n","protected":false},"author":1,"featured_media":28070,"comment_status":"open","ping_status":"open","sticky":false,"template":"","format":"standard","meta":{"footnotes":""},"categories":[16,4,31],"tags":[212,215,216,213,217,214,218],"class_list":["post-28069","post","type-post","status-publish","format-standard","has-post-thumbnail","hentry","category-carrusel","category-colombia","category-internacional","tag-alvaro-uribe","tag-genocidio-palestina","tag-israel-fascista","tag-ivan-duque","tag-naziosionismo","tag-netanyahu","tag-ultraderecha"],"blocksy_meta":[],"_links":{"self":[{"href":"https:\/\/nuevademocracia.com.co\/index.php?rest_route=\/wp\/v2\/posts\/28069","targetHints":{"allow":["GET"]}}],"collection":[{"href":"https:\/\/nuevademocracia.com.co\/index.php?rest_route=\/wp\/v2\/posts"}],"about":[{"href":"https:\/\/nuevademocracia.com.co\/index.php?rest_route=\/wp\/v2\/types\/post"}],"author":[{"embeddable":true,"href":"https:\/\/nuevademocracia.com.co\/index.php?rest_route=\/wp\/v2\/users\/1"}],"replies":[{"embeddable":true,"href":"https:\/\/nuevademocracia.com.co\/index.php?rest_route=%2Fwp%2Fv2%2Fcomments&post=28069"}],"version-history":[{"count":3,"href":"https:\/\/nuevademocracia.com.co\/index.php?rest_route=\/wp\/v2\/posts\/28069\/revisions"}],"predecessor-version":[{"id":28077,"href":"https:\/\/nuevademocracia.com.co\/index.php?rest_route=\/wp\/v2\/posts\/28069\/revisions\/28077"}],"wp:featuredmedia":[{"embeddable":true,"href":"https:\/\/nuevademocracia.com.co\/index.php?rest_route=\/wp\/v2\/media\/28070"}],"wp:attachment":[{"href":"https:\/\/nuevademocracia.com.co\/index.php?rest_route=%2Fwp%2Fv2%2Fmedia&parent=28069"}],"wp:term":[{"taxonomy":"category","embeddable":true,"href":"https:\/\/nuevademocracia.com.co\/index.php?rest_route=%2Fwp%2Fv2%2Fcategories&post=28069"},{"taxonomy":"post_tag","embeddable":true,"href":"https:\/\/nuevademocracia.com.co\/index.php?rest_route=%2Fwp%2Fv2%2Ftags&post=28069"}],"curies":[{"name":"wp","href":"https:\/\/api.w.org\/{rel}","templated":true}]}}