{"id":28078,"date":"2025-09-19T18:12:45","date_gmt":"2025-09-19T23:12:45","guid":{"rendered":"https:\/\/nuevademocracia.com.co\/?p=28078"},"modified":"2025-09-19T18:12:45","modified_gmt":"2025-09-19T23:12:45","slug":"denuncian-asesinato-de-trabajador-migrante-a-manos-del-ice-en-ee-uu","status":"publish","type":"post","link":"https:\/\/nuevademocracia.com.co\/?p=28078","title":{"rendered":"Denuncian asesinato de trabajador migrante a manos del ICE en EE.UU."},"content":{"rendered":"\n<p class=\"has-black-color has-text-color has-link-color wp-elements-5f7eebf59eab41f4c7226217336696ea\">El pasado viernes 12 de septiembre, un trabajador inmigrante fue asesinado por la agencia Inmigration and Customs Enforcement &#8211; ICE, seg\u00fan sus siglas en ingl\u00e9s. El hecho tuvo lugar en Franklin Park, villa situada en los suburbios del occidente de Chicago, Illinois, USA. La v\u00edctima fue Silverio Villegas Gonz\u00e1lez, padre de familia y trabajador de 38 a\u00f1os, de origen mexicano y que llevaba algunas d\u00e9cadas viviendo en el pa\u00eds imperialista. Actualmente ejerc\u00eda labores en un restaurante en la zona donde fue asesinado.<\/p>\n\n\n\n<figure class=\"wp-block-image aligncenter size-full is-resized\"><img loading=\"lazy\" decoding=\"async\" width=\"906\" height=\"692\" src=\"https:\/\/nuevademocracia.com.co\/wp-content\/uploads\/2025\/09\/image-12.png\" alt=\"\" class=\"wp-image-28080\" style=\"width:621px;height:auto\" srcset=\"https:\/\/nuevademocracia.com.co\/wp-content\/uploads\/2025\/09\/image-12.png 906w, https:\/\/nuevademocracia.com.co\/wp-content\/uploads\/2025\/09\/image-12-300x229.png 300w, https:\/\/nuevademocracia.com.co\/wp-content\/uploads\/2025\/09\/image-12-768x587.png 768w\" sizes=\"auto, (max-width: 906px) 100vw, 906px\" \/><figcaption class=\"wp-element-caption\"><em>Silverio Villegas Gonz\u00e1lez con sus dos hijos. Foto: GoFundMe en <\/em><a href=\"https:\/\/www.wbez.org\/immigration\/2025\/09\/16\/silverio-villegas-gonzalez-who-was-killed-by%20-ice-%20agents-touched-the-lives-of-so-many\"><em>WBEZ<\/em><\/a><em> Chicago<\/em><\/figcaption><\/figure>\n\n\n\n<p class=\"has-black-color has-text-color has-link-color wp-elements-55790d8ad2431fcf2710019b75867add\">Silverio intent\u00f3 escapar al hostigamiento de los agentes del ICE, quienes quer\u00edan parar el auto en el que iba para una inspecci\u00f3n y posterior detenci\u00f3n. Normalmente, los agentes acosan a los trabajadores con actitudes hostiles y preguntas incriminatorias sobre su \u00ablegalidad\u201d. Queriendo escapar de esto, Silverio arrastr\u00f3 a uno de los agentes. La respuesta de otro de los agentes fue dispararle fatalmente.<\/p>\n\n\n\n<p class=\"has-black-color has-text-color has-link-color wp-elements-76250c04ca27c3e61cce0a7c1ed7d6b1\">Mediante la <a href=\"https:\/\/www.theguardian.com\/us-news\/2025\/sep\/12\/ice-agent-shooting-chicago\">prensa monop\u00f3lica<\/a> y sus propias redes sociales, los voceros del ICE han intentado establecer una narrativa reaccionaria: que Silverio merec\u00eda ser asesinado porque intent\u00f3 escapar al descubrirse en presencia de los agentes encapuchados de la polic\u00eda migratoria.<\/p>\n\n\n\n<p class=\"has-black-color has-text-color has-link-color wp-elements-5b83bdae50334159af6dea242ac1fbda\">Como esta vez se trat\u00f3 de un crimen de un agente del Estado contra un trabajador del pueblo, el FBI afirm\u00f3 que \u00abno hay amenaza a la seguridad p\u00fablica o informaci\u00f3n disponible en este momento\u00bb para esclarecer los hechos. Respuesta totalmente diferente a cuando asesinan a alguien de la \u00e9lite econ\u00f3mica o pol\u00edtica. El FBI <a href=\"https:\/\/www.cbsnews.com\/chicago\/news\/ice-shooting-franklin-park-illinois\/\">confirm<\/a>a as\u00ed, que en el pa\u00eds imperialista el peligro para la \u00abseguridad p\u00fablica\u00bb existe solo cuando se amenace la seguridad de las clases dominantes. Contrario a lo que sienten las comunidades, quienes se organizan cada vez m\u00e1s para desafiar la represi\u00f3n estatal contra los inmigrantes, justamente porque se sienten inseguras.<\/p>\n\n\n\n<p class=\"has-black-color has-text-color has-link-color wp-elements-02c1048887b24da6c3c28320974fe776\">En la misma l\u00ednea, Tricia McLaughlin, la representante del Departamento de Seguridad Nacional &#8211; DHS, <a href=\"https:\/\/www.fox32chicago.com\/news\/ice-fatally%20-shoots-suspect-chicago\">afirm\u00f3<\/a> que lo que causa un deterioro de la seguridad p\u00fablica son los \u00abvideos virales en redes sociales y los activistas azuzando a los inmigrantes ilegales a que se resistan a la aplicaci\u00f3n de la ley\u00bb.<\/p>\n\n\n\n<p class=\"has-black-color has-text-color has-link-color wp-elements-bc48936d7a142105ef9570d668889e62\">Se refiere con esto, al hecho de que, desde que la actividad del ICE es m\u00e1s intensa por la administraci\u00f3n del ultrarreaccionario Trump, se han gestado movimientos comunitarios, de defensa de la clase obrera proveniente de pa\u00edses pobres y quienes se encuentra trabajando en USA. Solidarios con sus hermanas y hermanos de clase, muchos sectores del pueblo estadounidense buscan contrarrestar la acci\u00f3n represiva del ICE y el Estado imperialista, haciendo presencia durante las redadas de inmigraci\u00f3n, cantando arengas contra los agentes reaccionarios y record\u00e1ndole a los detenidos sus derechos.<\/p>\n\n\n\n<p class=\"has-black-color has-text-color has-link-color wp-elements-a7d1ba4ef33c5459179c7c95670e4fb2\">La familia directa de Silverio, junto a las comunidades de migrantes y solidarios, han adelantado acciones de protesta y manifestaciones medi\u00e1ticas orientadas a exigir que se esclarezcan las circunstancias en que ocurrieron los hechos y que haya justicia.<\/p>\n\n\n\n<figure class=\"wp-block-image aligncenter size-full is-resized\"><img loading=\"lazy\" decoding=\"async\" width=\"911\" height=\"814\" src=\"https:\/\/nuevademocracia.com.co\/wp-content\/uploads\/2025\/09\/image-14.png\" alt=\"\" class=\"wp-image-28082\" style=\"width:599px;height:auto\" srcset=\"https:\/\/nuevademocracia.com.co\/wp-content\/uploads\/2025\/09\/image-14.png 911w, https:\/\/nuevademocracia.com.co\/wp-content\/uploads\/2025\/09\/image-14-300x268.png 300w, https:\/\/nuevademocracia.com.co\/wp-content\/uploads\/2025\/09\/image-14-768x686.png 768w\" sizes=\"auto, (max-width: 911px) 100vw, 911px\" \/><figcaption class=\"wp-element-caption\">Foto: Tyler Pasciak LaRiviere\/Sun-Times en <a href=\"https:\/\/www.wbez.org\/immigration\/2025\/09\/16\/silverio-villegas-gonzalez-who-was-killed-by-ice-%20agents-touched-the-lives-of-so-many\">WBEZ<\/a> Chicago<\/figcaption><\/figure>\n\n\n\n<p class=\"has-black-color has-text-color has-link-color wp-elements-bcd4d972be67ee673fee2dc87e44cae4\">\u00abLa m\u00e1quina de deportaciones de Trump esta fuera de control, y operando sin transparencia y responsabilidad algunas, y llevando a un da\u00f1o sin sentido para nuestras comunidades, familias y vecinos\u00bb afirm\u00f3 <a href=\"https:\/\/abc7chicago.com\/post\/ice-shooting-franklin-park-illinois-kills-suspect-dragged-officer-25th-%20grand-officials-say%20\/17802348\/\">Laurence Benito<\/a> de la Illinois Coalition for Immigrant and Refugee Rights.<\/p>\n\n\n\n<p class=\"has-black-color has-text-color has-link-color wp-elements-35aa5d14cb031e1e73fecbcdcb1d952c\">Este crimen tiene lugar, en el marco de un esfuerzo desesperado de la administraci\u00f3n del ultraderechista Donald Trump, por demostrar a los sectores sociales dominantes que le apoyan, de que esta \u00ablimpiando\u00bb el pa\u00eds del supuesto principal problema que lo aqueja: \u201cla invasi\u00f3n migrante\u201d. Narrativa para intentar justificar la crisis profunda en la que se sumerge el imperialismo yanqui, para descargar sobre las masas migrantes m\u00e1s explotaci\u00f3n y opresi\u00f3n y dividir a la clase trabajadora generando xenofobia. &nbsp;<\/p>\n\n\n\n<p class=\"has-black-color has-text-color has-link-color wp-elements-13c6a06b437d1692ceab79c642ef2a3f\">Entre tanto, el gobierno sigue tambaleando entre presiones internas y externas, debido a la acci\u00f3n de los pueblos que, tanto dentro del pa\u00eds imperialista como fuera de \u00e9l, se resisten a la dominaci\u00f3n de la superpotencia en declive.<\/p>\n","protected":false},"excerpt":{"rendered":"<p>El  12 de septiembre, un trabajador inmigrante fue asesinado por ICE. La v\u00edctima fue Silverio Villegas Gonz\u00e1lez, padre de familia y trabajador mexicano.<\/p>\n","protected":false},"author":1,"featured_media":28081,"comment_status":"open","ping_status":"open","sticky":false,"template":"","format":"standard","meta":{"footnotes":""},"categories":[16,31],"tags":[],"class_list":["post-28078","post","type-post","status-publish","format-standard","has-post-thumbnail","hentry","category-carrusel","category-internacional"],"blocksy_meta":[],"_links":{"self":[{"href":"https:\/\/nuevademocracia.com.co\/index.php?rest_route=\/wp\/v2\/posts\/28078","targetHints":{"allow":["GET"]}}],"collection":[{"href":"https:\/\/nuevademocracia.com.co\/index.php?rest_route=\/wp\/v2\/posts"}],"about":[{"href":"https:\/\/nuevademocracia.com.co\/index.php?rest_route=\/wp\/v2\/types\/post"}],"author":[{"embeddable":true,"href":"https:\/\/nuevademocracia.com.co\/index.php?rest_route=\/wp\/v2\/users\/1"}],"replies":[{"embeddable":true,"href":"https:\/\/nuevademocracia.com.co\/index.php?rest_route=%2Fwp%2Fv2%2Fcomments&post=28078"}],"version-history":[{"count":2,"href":"https:\/\/nuevademocracia.com.co\/index.php?rest_route=\/wp\/v2\/posts\/28078\/revisions"}],"predecessor-version":[{"id":28084,"href":"https:\/\/nuevademocracia.com.co\/index.php?rest_route=\/wp\/v2\/posts\/28078\/revisions\/28084"}],"wp:featuredmedia":[{"embeddable":true,"href":"https:\/\/nuevademocracia.com.co\/index.php?rest_route=\/wp\/v2\/media\/28081"}],"wp:attachment":[{"href":"https:\/\/nuevademocracia.com.co\/index.php?rest_route=%2Fwp%2Fv2%2Fmedia&parent=28078"}],"wp:term":[{"taxonomy":"category","embeddable":true,"href":"https:\/\/nuevademocracia.com.co\/index.php?rest_route=%2Fwp%2Fv2%2Fcategories&post=28078"},{"taxonomy":"post_tag","embeddable":true,"href":"https:\/\/nuevademocracia.com.co\/index.php?rest_route=%2Fwp%2Fv2%2Ftags&post=28078"}],"curies":[{"name":"wp","href":"https:\/\/api.w.org\/{rel}","templated":true}]}}