{"id":28099,"date":"2025-09-24T12:21:42","date_gmt":"2025-09-24T17:21:42","guid":{"rendered":"https:\/\/nuevademocracia.com.co\/?p=28099"},"modified":"2026-03-27T23:51:00","modified_gmt":"2026-03-28T04:51:00","slug":"planton-por-palestina","status":"publish","type":"post","link":"https:\/\/nuevademocracia.com.co\/?p=28099","title":{"rendered":"Plant\u00f3n por Palestina"},"content":{"rendered":"\n<hr class=\"wp-block-separator has-text-color has-vivid-red-color has-alpha-channel-opacity has-vivid-red-background-color has-background\"\/>\n\n\n\n<figure class=\"wp-block-image aligncenter size-large is-resized\"><img loading=\"lazy\" decoding=\"async\" width=\"1024\" height=\"683\" src=\"https:\/\/nuevademocracia.com.co\/wp-content\/uploads\/2025\/09\/Planton-Palestina-Sep18-2-1-1024x683.jpg\" alt=\"\" class=\"wp-image-28101\" style=\"width:553px;height:auto\" srcset=\"https:\/\/nuevademocracia.com.co\/wp-content\/uploads\/2025\/09\/Planton-Palestina-Sep18-2-1-1024x683.jpg 1024w, https:\/\/nuevademocracia.com.co\/wp-content\/uploads\/2025\/09\/Planton-Palestina-Sep18-2-1-300x200.jpg 300w, https:\/\/nuevademocracia.com.co\/wp-content\/uploads\/2025\/09\/Planton-Palestina-Sep18-2-1-768x512.jpg 768w, https:\/\/nuevademocracia.com.co\/wp-content\/uploads\/2025\/09\/Planton-Palestina-Sep18-2-1-1536x1024.jpg 1536w, https:\/\/nuevademocracia.com.co\/wp-content\/uploads\/2025\/09\/Planton-Palestina-Sep18-2-1-2048x1365.jpg 2048w\" sizes=\"auto, (max-width: 1024px) 100vw, 1024px\" \/><\/figure>\n\n\n\n<p><\/p>\n\n\n\n<p class=\"has-black-color has-text-color has-link-color wp-elements-c674e4aeb551cbb2f6f03fd2b0f72c63\">El d\u00eda jueves 18 de septiembre, en la Estaci\u00f3n Metro Universidad, en Medell\u00edn, se llev\u00f3 a cabo un plant\u00f3n para denunciar al Estado genocida de Israel. Decenas de personas solidarias con la causa del heroico pueblo palestino ondearon banderas, agitaron consignas y repartieron volantes informativos.<\/p>\n\n\n\n<div class=\"wp-block-group is-nowrap is-layout-flex wp-container-core-group-is-layout-6c531013 wp-block-group-is-layout-flex\">\n<figure class=\"wp-block-image size-large is-resized\"><img loading=\"lazy\" decoding=\"async\" width=\"683\" height=\"1024\" src=\"https:\/\/nuevademocracia.com.co\/wp-content\/uploads\/2025\/09\/Planton-Palestina-Sep18-5-683x1024.jpg\" alt=\"\" class=\"wp-image-28102\" style=\"width:368px;height:auto\" srcset=\"https:\/\/nuevademocracia.com.co\/wp-content\/uploads\/2025\/09\/Planton-Palestina-Sep18-5-683x1024.jpg 683w, https:\/\/nuevademocracia.com.co\/wp-content\/uploads\/2025\/09\/Planton-Palestina-Sep18-5-200x300.jpg 200w, https:\/\/nuevademocracia.com.co\/wp-content\/uploads\/2025\/09\/Planton-Palestina-Sep18-5-768x1152.jpg 768w, https:\/\/nuevademocracia.com.co\/wp-content\/uploads\/2025\/09\/Planton-Palestina-Sep18-5-1024x1536.jpg 1024w, https:\/\/nuevademocracia.com.co\/wp-content\/uploads\/2025\/09\/Planton-Palestina-Sep18-5-1365x2048.jpg 1365w, https:\/\/nuevademocracia.com.co\/wp-content\/uploads\/2025\/09\/Planton-Palestina-Sep18-5.jpg 1600w\" sizes=\"auto, (max-width: 683px) 100vw, 683px\" \/><\/figure>\n\n\n\n<figure class=\"wp-block-image size-large is-resized\"><img loading=\"lazy\" decoding=\"async\" width=\"683\" height=\"1024\" src=\"https:\/\/nuevademocracia.com.co\/wp-content\/uploads\/2025\/09\/Planton-Palestina-Sep18-1-683x1024.jpg\" alt=\"\" class=\"wp-image-28103\" style=\"width:373px;height:auto\" srcset=\"https:\/\/nuevademocracia.com.co\/wp-content\/uploads\/2025\/09\/Planton-Palestina-Sep18-1-683x1024.jpg 683w, https:\/\/nuevademocracia.com.co\/wp-content\/uploads\/2025\/09\/Planton-Palestina-Sep18-1-200x300.jpg 200w, https:\/\/nuevademocracia.com.co\/wp-content\/uploads\/2025\/09\/Planton-Palestina-Sep18-1-768x1152.jpg 768w, https:\/\/nuevademocracia.com.co\/wp-content\/uploads\/2025\/09\/Planton-Palestina-Sep18-1-1024x1536.jpg 1024w, https:\/\/nuevademocracia.com.co\/wp-content\/uploads\/2025\/09\/Planton-Palestina-Sep18-1-1365x2048.jpg 1365w, https:\/\/nuevademocracia.com.co\/wp-content\/uploads\/2025\/09\/Planton-Palestina-Sep18-1.jpg 1600w\" sizes=\"auto, (max-width: 683px) 100vw, 683px\" \/><\/figure>\n<\/div>\n\n\n\n<p><\/p>\n\n\n\n<p class=\"has-black-color has-text-color has-link-color wp-elements-4bc6d6955e17bc20ed13bf9edaeec230\">Con consignas como \u201cIsrael sionista, t\u00fa eres el terrorista\u201d y \u201cNi paz entre clases, ni guerra entre pueblos. Pueblo palestino tu lucha es nuestro ejemplo\u201d, los manifestantes expresaron su rechazo a las acciones genocidas de Israel, que ha asesinado a m\u00e1s de 64.000 palestinos, que bombardea escuelas, hospitales, centros de refugiados, y que utiliza la hambruna como t\u00e1ctica de guerra contra la poblaci\u00f3n civil. Al mismo tiempo, las consignas resaltan lo ejemplar, valiente y heroicas que son las masas palestinas. Un bravo pueblo que se resiste a ser despojado de sus tierras, sus cultivos, su cultura y tradiciones y que ha mostrado el \u00fanico camino para conquistar una verdadera liberaci\u00f3n nacional: a trav\u00e9s de la Resistencia.&nbsp;<\/p>\n\n\n\n<p class=\"has-black-color has-text-color has-link-color wp-elements-2b7b0712219c7928db97ad5f10c5b826\"> &nbsp;<\/p>\n\n\n\n<div class=\"wp-block-group is-nowrap is-layout-flex wp-container-core-group-is-layout-6c531013 wp-block-group-is-layout-flex\">\n<figure class=\"wp-block-image size-large is-resized\"><img loading=\"lazy\" decoding=\"async\" width=\"1024\" height=\"683\" src=\"https:\/\/nuevademocracia.com.co\/wp-content\/uploads\/2025\/09\/Planton-Palestina-Sep18-4-1024x683.jpg\" alt=\"\" class=\"wp-image-28104\" style=\"width:480px;height:auto\" srcset=\"https:\/\/nuevademocracia.com.co\/wp-content\/uploads\/2025\/09\/Planton-Palestina-Sep18-4-1024x683.jpg 1024w, https:\/\/nuevademocracia.com.co\/wp-content\/uploads\/2025\/09\/Planton-Palestina-Sep18-4-300x200.jpg 300w, https:\/\/nuevademocracia.com.co\/wp-content\/uploads\/2025\/09\/Planton-Palestina-Sep18-4-768x512.jpg 768w, https:\/\/nuevademocracia.com.co\/wp-content\/uploads\/2025\/09\/Planton-Palestina-Sep18-4-1536x1024.jpg 1536w, https:\/\/nuevademocracia.com.co\/wp-content\/uploads\/2025\/09\/Planton-Palestina-Sep18-4-2048x1365.jpg 2048w\" sizes=\"auto, (max-width: 1024px) 100vw, 1024px\" \/><\/figure>\n\n\n\n<figure class=\"wp-block-image size-large is-resized\"><img loading=\"lazy\" decoding=\"async\" width=\"1024\" height=\"683\" src=\"https:\/\/nuevademocracia.com.co\/wp-content\/uploads\/2025\/09\/Planton-Palestina-Sep18-6-1024x683.jpg\" alt=\"\" class=\"wp-image-28105\" style=\"width:483px;height:auto\" srcset=\"https:\/\/nuevademocracia.com.co\/wp-content\/uploads\/2025\/09\/Planton-Palestina-Sep18-6-1024x683.jpg 1024w, https:\/\/nuevademocracia.com.co\/wp-content\/uploads\/2025\/09\/Planton-Palestina-Sep18-6-300x200.jpg 300w, https:\/\/nuevademocracia.com.co\/wp-content\/uploads\/2025\/09\/Planton-Palestina-Sep18-6-768x512.jpg 768w, https:\/\/nuevademocracia.com.co\/wp-content\/uploads\/2025\/09\/Planton-Palestina-Sep18-6-1536x1024.jpg 1536w, https:\/\/nuevademocracia.com.co\/wp-content\/uploads\/2025\/09\/Planton-Palestina-Sep18-6-2048x1365.jpg 2048w\" sizes=\"auto, (max-width: 1024px) 100vw, 1024px\" \/><\/figure>\n<\/div>\n\n\n\n<p><\/p>\n\n\n\n<div class=\"wp-block-group is-nowrap is-layout-flex wp-container-core-group-is-layout-6c531013 wp-block-group-is-layout-flex\">\n<figure class=\"wp-block-image size-large is-resized\"><img loading=\"lazy\" decoding=\"async\" width=\"1024\" height=\"683\" src=\"https:\/\/nuevademocracia.com.co\/wp-content\/uploads\/2025\/09\/Planton-Palestina-Sep18-13-1024x683.jpg\" alt=\"\" class=\"wp-image-28106\" style=\"width:495px;height:auto\" srcset=\"https:\/\/nuevademocracia.com.co\/wp-content\/uploads\/2025\/09\/Planton-Palestina-Sep18-13-1024x683.jpg 1024w, https:\/\/nuevademocracia.com.co\/wp-content\/uploads\/2025\/09\/Planton-Palestina-Sep18-13-300x200.jpg 300w, https:\/\/nuevademocracia.com.co\/wp-content\/uploads\/2025\/09\/Planton-Palestina-Sep18-13-768x512.jpg 768w, https:\/\/nuevademocracia.com.co\/wp-content\/uploads\/2025\/09\/Planton-Palestina-Sep18-13-1536x1024.jpg 1536w, https:\/\/nuevademocracia.com.co\/wp-content\/uploads\/2025\/09\/Planton-Palestina-Sep18-13-2048x1365.jpg 2048w\" sizes=\"auto, (max-width: 1024px) 100vw, 1024px\" \/><\/figure>\n\n\n\n<figure class=\"wp-block-image size-large is-resized\"><img loading=\"lazy\" decoding=\"async\" width=\"1024\" height=\"683\" src=\"https:\/\/nuevademocracia.com.co\/wp-content\/uploads\/2025\/09\/Planton-Palestina-Sep18-9-1024x683.jpg\" alt=\"\" class=\"wp-image-28107\" style=\"width:495px;height:auto\" srcset=\"https:\/\/nuevademocracia.com.co\/wp-content\/uploads\/2025\/09\/Planton-Palestina-Sep18-9-1024x683.jpg 1024w, https:\/\/nuevademocracia.com.co\/wp-content\/uploads\/2025\/09\/Planton-Palestina-Sep18-9-300x200.jpg 300w, https:\/\/nuevademocracia.com.co\/wp-content\/uploads\/2025\/09\/Planton-Palestina-Sep18-9-768x512.jpg 768w, https:\/\/nuevademocracia.com.co\/wp-content\/uploads\/2025\/09\/Planton-Palestina-Sep18-9-1536x1024.jpg 1536w, https:\/\/nuevademocracia.com.co\/wp-content\/uploads\/2025\/09\/Planton-Palestina-Sep18-9-2048x1365.jpg 2048w\" sizes=\"auto, (max-width: 1024px) 100vw, 1024px\" \/><\/figure>\n<\/div>\n\n\n\n<p><\/p>\n\n\n\n<div class=\"wp-block-group is-nowrap is-layout-flex wp-container-core-group-is-layout-6c531013 wp-block-group-is-layout-flex\">\n<figure class=\"wp-block-image size-large is-resized\"><img loading=\"lazy\" decoding=\"async\" width=\"1024\" height=\"683\" src=\"https:\/\/nuevademocracia.com.co\/wp-content\/uploads\/2025\/09\/Planton-Palestina-Sep18-10-1024x683.jpg\" alt=\"\" class=\"wp-image-28108\" style=\"width:494px;height:auto\" srcset=\"https:\/\/nuevademocracia.com.co\/wp-content\/uploads\/2025\/09\/Planton-Palestina-Sep18-10-1024x683.jpg 1024w, https:\/\/nuevademocracia.com.co\/wp-content\/uploads\/2025\/09\/Planton-Palestina-Sep18-10-300x200.jpg 300w, https:\/\/nuevademocracia.com.co\/wp-content\/uploads\/2025\/09\/Planton-Palestina-Sep18-10-768x512.jpg 768w, https:\/\/nuevademocracia.com.co\/wp-content\/uploads\/2025\/09\/Planton-Palestina-Sep18-10-1536x1024.jpg 1536w, https:\/\/nuevademocracia.com.co\/wp-content\/uploads\/2025\/09\/Planton-Palestina-Sep18-10-2048x1365.jpg 2048w\" sizes=\"auto, (max-width: 1024px) 100vw, 1024px\" \/><\/figure>\n\n\n\n<figure class=\"wp-block-image size-large is-resized\"><img loading=\"lazy\" decoding=\"async\" width=\"1024\" height=\"683\" src=\"https:\/\/nuevademocracia.com.co\/wp-content\/uploads\/2025\/09\/Planton-Palestina-Sep18-12-1024x683.jpg\" alt=\"\" class=\"wp-image-28109\" style=\"width:497px;height:auto\" srcset=\"https:\/\/nuevademocracia.com.co\/wp-content\/uploads\/2025\/09\/Planton-Palestina-Sep18-12-1024x683.jpg 1024w, https:\/\/nuevademocracia.com.co\/wp-content\/uploads\/2025\/09\/Planton-Palestina-Sep18-12-300x200.jpg 300w, https:\/\/nuevademocracia.com.co\/wp-content\/uploads\/2025\/09\/Planton-Palestina-Sep18-12-768x512.jpg 768w, https:\/\/nuevademocracia.com.co\/wp-content\/uploads\/2025\/09\/Planton-Palestina-Sep18-12-1536x1024.jpg 1536w, https:\/\/nuevademocracia.com.co\/wp-content\/uploads\/2025\/09\/Planton-Palestina-Sep18-12-2048x1365.jpg 2048w\" sizes=\"auto, (max-width: 1024px) 100vw, 1024px\" \/><\/figure>\n<\/div>\n\n\n\n<p><\/p>\n\n\n\n<figure class=\"wp-block-image aligncenter size-large is-resized\"><img loading=\"lazy\" decoding=\"async\" width=\"683\" height=\"1024\" src=\"https:\/\/nuevademocracia.com.co\/wp-content\/uploads\/2025\/09\/Planton-Palestina-Sep18-8-1-683x1024.jpg\" alt=\"\" class=\"wp-image-28111\" style=\"width:409px;height:auto\" srcset=\"https:\/\/nuevademocracia.com.co\/wp-content\/uploads\/2025\/09\/Planton-Palestina-Sep18-8-1-683x1024.jpg 683w, https:\/\/nuevademocracia.com.co\/wp-content\/uploads\/2025\/09\/Planton-Palestina-Sep18-8-1-200x300.jpg 200w, https:\/\/nuevademocracia.com.co\/wp-content\/uploads\/2025\/09\/Planton-Palestina-Sep18-8-1-768x1152.jpg 768w, https:\/\/nuevademocracia.com.co\/wp-content\/uploads\/2025\/09\/Planton-Palestina-Sep18-8-1-1024x1536.jpg 1024w, https:\/\/nuevademocracia.com.co\/wp-content\/uploads\/2025\/09\/Planton-Palestina-Sep18-8-1-1365x2048.jpg 1365w, https:\/\/nuevademocracia.com.co\/wp-content\/uploads\/2025\/09\/Planton-Palestina-Sep18-8-1.jpg 1600w\" sizes=\"auto, (max-width: 683px) 100vw, 683px\" \/><\/figure>\n","protected":false},"excerpt":{"rendered":"<p>El  18 de septiembre, en la Estaci\u00f3n Metro Universidad, en Medell\u00edn, se llev\u00f3 a cabo un plant\u00f3n para denunciar al Estado genocida de Israel. <\/p>\n","protected":false},"author":1,"featured_media":28100,"comment_status":"open","ping_status":"open","sticky":false,"template":"","format":"standard","meta":{"footnotes":""},"categories":[4,135],"tags":[],"class_list":["post-28099","post","type-post","status-publish","format-standard","has-post-thumbnail","hentry","category-colombia","category-resistencia-palestina"],"blocksy_meta":[],"_links":{"self":[{"href":"https:\/\/nuevademocracia.com.co\/index.php?rest_route=\/wp\/v2\/posts\/28099","targetHints":{"allow":["GET"]}}],"collection":[{"href":"https:\/\/nuevademocracia.com.co\/index.php?rest_route=\/wp\/v2\/posts"}],"about":[{"href":"https:\/\/nuevademocracia.com.co\/index.php?rest_route=\/wp\/v2\/types\/post"}],"author":[{"embeddable":true,"href":"https:\/\/nuevademocracia.com.co\/index.php?rest_route=\/wp\/v2\/users\/1"}],"replies":[{"embeddable":true,"href":"https:\/\/nuevademocracia.com.co\/index.php?rest_route=%2Fwp%2Fv2%2Fcomments&post=28099"}],"version-history":[{"count":3,"href":"https:\/\/nuevademocracia.com.co\/index.php?rest_route=\/wp\/v2\/posts\/28099\/revisions"}],"predecessor-version":[{"id":29037,"href":"https:\/\/nuevademocracia.com.co\/index.php?rest_route=\/wp\/v2\/posts\/28099\/revisions\/29037"}],"wp:featuredmedia":[{"embeddable":true,"href":"https:\/\/nuevademocracia.com.co\/index.php?rest_route=\/wp\/v2\/media\/28100"}],"wp:attachment":[{"href":"https:\/\/nuevademocracia.com.co\/index.php?rest_route=%2Fwp%2Fv2%2Fmedia&parent=28099"}],"wp:term":[{"taxonomy":"category","embeddable":true,"href":"https:\/\/nuevademocracia.com.co\/index.php?rest_route=%2Fwp%2Fv2%2Fcategories&post=28099"},{"taxonomy":"post_tag","embeddable":true,"href":"https:\/\/nuevademocracia.com.co\/index.php?rest_route=%2Fwp%2Fv2%2Ftags&post=28099"}],"curies":[{"name":"wp","href":"https:\/\/api.w.org\/{rel}","templated":true}]}}