{"id":28126,"date":"2025-10-06T13:38:00","date_gmt":"2025-10-06T18:38:00","guid":{"rendered":"https:\/\/nuevademocracia.com.co\/?p=28126"},"modified":"2026-03-28T00:17:07","modified_gmt":"2026-03-28T05:17:07","slug":"frente-unido-periodico-del-pueblo-y-la-revolucion","status":"publish","type":"post","link":"https:\/\/nuevademocracia.com.co\/?p=28126","title":{"rendered":"Frente Unido: peri\u00f3dico del pueblo y la revoluci\u00f3n"},"content":{"rendered":"\n<hr class=\"wp-block-separator has-text-color has-vivid-red-color has-alpha-channel-opacity has-vivid-red-background-color has-background\"\/>\n\n\n\n<figure class=\"wp-block-image aligncenter size-full\"><img loading=\"lazy\" decoding=\"async\" width=\"408\" height=\"161\" src=\"https:\/\/nuevademocracia.com.co\/wp-content\/uploads\/2025\/10\/Presentacion-FU.png\" alt=\"\" class=\"wp-image-28131\" srcset=\"https:\/\/nuevademocracia.com.co\/wp-content\/uploads\/2025\/10\/Presentacion-FU.png 408w, https:\/\/nuevademocracia.com.co\/wp-content\/uploads\/2025\/10\/Presentacion-FU-300x118.png 300w\" sizes=\"auto, (max-width: 408px) 100vw, 408px\" \/><\/figure>\n\n\n\n<p class=\"has-black-color has-text-color has-link-color wp-elements-b456936509c7700811bf89910d2e09b0\">El 26 de agosto de 1965, nace el peri\u00f3dico Frente Unido, una herramienta revolucionaria, en una \u00e9poca marcada por el sometimiento del Frente Nacional y la necesidad de unir las diversas luchas del pueblo en una plataforma pol\u00edtica contra el sometimiento imperialista. El peri\u00f3dico Frente Unido dej\u00f3 importantes lecciones para la organizaci\u00f3n popular y para la construcci\u00f3n de una prensa democr\u00e1tica y revolucionaria. Sus ideas, junto con las de su l\u00edder, Camilo Torres Restrepo, siguen vigentes 60 a\u00f1os despu\u00e9s.<\/p>\n\n\n\n<figure class=\"wp-block-image aligncenter size-full\"><img loading=\"lazy\" decoding=\"async\" width=\"800\" height=\"533\" src=\"https:\/\/nuevademocracia.com.co\/wp-content\/uploads\/2025\/10\/Camilo-Torres-y-Periodico-FU.jpg\" alt=\"\" class=\"wp-image-28127\" srcset=\"https:\/\/nuevademocracia.com.co\/wp-content\/uploads\/2025\/10\/Camilo-Torres-y-Periodico-FU.jpg 800w, https:\/\/nuevademocracia.com.co\/wp-content\/uploads\/2025\/10\/Camilo-Torres-y-Periodico-FU-300x200.jpg 300w, https:\/\/nuevademocracia.com.co\/wp-content\/uploads\/2025\/10\/Camilo-Torres-y-Periodico-FU-768x512.jpg 768w\" sizes=\"auto, (max-width: 800px) 100vw, 800px\" \/><\/figure>\n\n\n\n<p class=\"has-black-color has-text-color has-link-color wp-elements-31bd60849a921440862cd0d362c680ed\">El cura revolucionario Camilo Torres, al fundar el peri\u00f3dico Frente Unido, lo concibi\u00f3 como una herramienta para la organizaci\u00f3n y la unidad de los diferentes sectores del pueblo dispuestos a realizar la revoluci\u00f3n en Colombia. En su mensaje al Frente Unido, Camilo plantea la importancia pol\u00edtica de la unidad popular: \u201cDe ah\u00ed nuestra insistencia en la unidad de los revolucionarios. Porque sabemos que las etapas que se avecinan ser\u00e1n infinitamente m\u00e1s dif\u00edciles que las que hasta ahora nos ha tocado vivir, y que, si no luchamos todos unidos, corremos serio riesgo que el dolor causado al pueblo sea mucho mayor, con menos provecho para la causa revolucionaria. Y de ello ser\u00edamos responsables los revolucionarios que no hemos sido capaces de poner los intereses del pueblo por encima de nuestras propias disputas.\u201d<\/p>\n\n\n\n<p class=\"has-black-color has-text-color has-link-color wp-elements-51b06d7a0e944dc192b8fca5eaf9cb17\">El peri\u00f3dico se dirig\u00eda a distintos sectores populares y sociales, buscando unir todas las fuerzas dispersas del pueblo contra el sometimiento de las clases dominantes en el pa\u00eds. El Frente Unido adem\u00e1s de informar, buscaba organizar a las masas y concientizarlas de su realidad de clase y de sus posiciones y objetivos para su emancipaci\u00f3n. El Frente Unido ten\u00eda un compromiso real con las masas. Aunque en algunos momentos cometi\u00f3 el error de publicar art\u00edculos que no estaban alineados con la pol\u00edtica editorial del peri\u00f3dico, lo principal fue el esp\u00edritu de romper con el sectarismo y ponerse al servicio de la lucha.<\/p>\n\n\n\n<figure class=\"wp-block-image aligncenter size-full\"><img loading=\"lazy\" decoding=\"async\" width=\"511\" height=\"715\" src=\"https:\/\/nuevademocracia.com.co\/wp-content\/uploads\/2025\/10\/FU1.png\" alt=\"\" class=\"wp-image-28130\" srcset=\"https:\/\/nuevademocracia.com.co\/wp-content\/uploads\/2025\/10\/FU1.png 511w, https:\/\/nuevademocracia.com.co\/wp-content\/uploads\/2025\/10\/FU1-214x300.png 214w\" sizes=\"auto, (max-width: 511px) 100vw, 511px\" \/><\/figure>\n\n\n\n<p class=\"has-black-color has-text-color has-link-color wp-elements-ce6fa956994196100af0686a132e8bb6\">Adem\u00e1s de ser una herramienta para la construcci\u00f3n de la unidad popular, el peri\u00f3dico Frente Unido, en su proceso de construcci\u00f3n y desarrollo, dej\u00f3 valiosas lecciones que los revolucionarios y dem\u00f3cratas deben retomar en la actualidad.<\/p>\n\n\n\n<p class=\"has-black-color has-text-color has-link-color wp-elements-b6a40c29271b2b95e26f83919442953d\">Uno de los aspectos revolucionarios del Frente Unido era su modelo de financiamiento, sus costos deb\u00edan ser cubiertos por los lectores, garantizando el autosostenimiento y la independencia de la l\u00ednea editorial. Lo anterior es opuesto a los medios de comunicaci\u00f3n monop\u00f3licos, que son financiados por la gran burgues\u00eda, los terratenientes y el imperialismo, para que trabajen activamente para sus intereses, y por ello, la prensa monop\u00f3lica siempre transmite informaci\u00f3n poco ver\u00eddica y confiable respecto a las necesidades, intereses y luchas del pueblo trabajador.<\/p>\n\n\n\n<p class=\"has-black-color has-text-color has-link-color wp-elements-f98a28f38d873cdb6fb8cabb8fdc3967\">El peri\u00f3dico Frente Unido planteaba que la confrontaci\u00f3n directa con el monopolio de la prensa era necesaria, raz\u00f3n por la cual, hizo un llamado al boicot contra el diario El Tiempo, vocero de la oligarqu\u00eda. El Frente Unido propuso: <em>\u201cPor petici\u00f3n de los comandos del FU del pueblo se ha decidido no comprar El Tiempo y destruir cualquier ejemplar que llegue a manos de los colombianos patriotas\u201d<\/em>; el motivo: <em>\u201cla ausencia de sanciones legales en contra de los peri\u00f3dicos de la oligarqu\u00eda, la impunidad de las calumnias de la gran prensa, la indiferencia de <\/em><em>El Tiempo<\/em><em> por su p\u00e9rdida de popularidad ante la clase popular\u201d.<\/em><\/p>\n\n\n\n<figure class=\"wp-block-image aligncenter size-full\"><img loading=\"lazy\" decoding=\"async\" width=\"433\" height=\"146\" src=\"https:\/\/nuevademocracia.com.co\/wp-content\/uploads\/2025\/10\/FU7.png\" alt=\"\" class=\"wp-image-28128\" srcset=\"https:\/\/nuevademocracia.com.co\/wp-content\/uploads\/2025\/10\/FU7.png 433w, https:\/\/nuevademocracia.com.co\/wp-content\/uploads\/2025\/10\/FU7-300x101.png 300w\" sizes=\"auto, (max-width: 433px) 100vw, 433px\" \/><\/figure>\n\n\n\n<p class=\"has-black-color has-text-color has-link-color wp-elements-4d078b2f1df3d2ee4a0281af82e60060\">El peri\u00f3dico Frente Unido era portavoz de diferentes luchas populares y denunciante de la represi\u00f3n por parte de las fuerzas armadas al servicio de las clases dominantes. Tomaba posici\u00f3n por la lucha popular y se solidarizaba con ella. El peri\u00f3dico Frente Unido realiz\u00f3 an\u00e1lisis de la situaci\u00f3n pol\u00edtica, mostrando consciencia de clase frente a la realidad que se viv\u00eda en ese momento y dando elementos para la comprensi\u00f3n de las problem\u00e1ticas de las clases oprimidas y sus necesidades.<\/p>\n\n\n\n<p class=\"has-black-color has-text-color has-link-color wp-elements-b321887fb1c2e19ce837a733d46f8eee\">Consideramos importante mencionar, la propaganda y art\u00edculos cr\u00edticos frente a la farsa electoral que planteaba el peri\u00f3dico. Consignas como \u201cVOTOS NO, REVOLUCI\u00d3N SI\u201d, mostraban que el Frente Unido, al igual que Camilo Torres, eran conscientes de c\u00f3mo las elecciones solo eran otro medio para enga\u00f1ar y desviar a las masas de la lucha.<\/p>\n\n\n\n<figure class=\"wp-block-image aligncenter size-full\"><img loading=\"lazy\" decoding=\"async\" width=\"499\" height=\"706\" src=\"https:\/\/nuevademocracia.com.co\/wp-content\/uploads\/2025\/10\/FU13.png\" alt=\"\" class=\"wp-image-28129\" srcset=\"https:\/\/nuevademocracia.com.co\/wp-content\/uploads\/2025\/10\/FU13.png 499w, https:\/\/nuevademocracia.com.co\/wp-content\/uploads\/2025\/10\/FU13-212x300.png 212w\" sizes=\"auto, (max-width: 499px) 100vw, 499px\" \/><\/figure>\n\n\n\n<p class=\"has-black-color has-text-color has-link-color wp-elements-fdb5b3af495e361b7fd8b9ebd8a8088d\">En conclusi\u00f3n, el peri\u00f3dico Frente Unido era una herramienta propagand\u00edstica e ideol\u00f3gica, similar a como dec\u00eda Lenin refiri\u00e9ndose a <em>Pravda<\/em>: \u201cEl peri\u00f3dico es el arma m\u00e1s aguda de nuestro partido\u201d. El peri\u00f3dico fue un medio para la comprensi\u00f3n, el estudio y la organizaci\u00f3n de las masas, como plante\u00f3 el Frente Unido en su art\u00edculo <em>\u201cNuestro Peri\u00f3dico<\/em>\u201d. Hoy reivindicamos el peri\u00f3dico Frente Unido, como un ejemplo de prensa popular y democr\u00e1tica, al servicio del pueblo y la revoluci\u00f3n.<\/p>\n\n\n\n<figure class=\"wp-block-image aligncenter size-medium\"><img loading=\"lazy\" decoding=\"async\" width=\"300\" height=\"276\" src=\"https:\/\/nuevademocracia.com.co\/wp-content\/uploads\/2025\/10\/Periodico-FU-300x276.png\" alt=\"\" class=\"wp-image-28132\" srcset=\"https:\/\/nuevademocracia.com.co\/wp-content\/uploads\/2025\/10\/Periodico-FU-300x276.png 300w, https:\/\/nuevademocracia.com.co\/wp-content\/uploads\/2025\/10\/Periodico-FU-768x708.png 768w, https:\/\/nuevademocracia.com.co\/wp-content\/uploads\/2025\/10\/Periodico-FU.png 789w\" sizes=\"auto, (max-width: 300px) 100vw, 300px\" \/><\/figure>\n","protected":false},"excerpt":{"rendered":"<p>El 26 de agosto de 1965, nace el peri\u00f3dico Frente Unido, una herramienta revolucionaria, en una \u00e9poca marcada por el sometimiento del Frente Nacional.<\/p>\n","protected":false},"author":1,"featured_media":28127,"comment_status":"open","ping_status":"open","sticky":false,"template":"","format":"standard","meta":{"footnotes":""},"categories":[16,4,145],"tags":[92,62,219,211,32],"class_list":["post-28126","post","type-post","status-publish","format-standard","has-post-thumbnail","hentry","category-carrusel","category-colombia","category-historia-col","tag-camilo-torres","tag-conmemoracion","tag-cura-guerrillero","tag-frente-unido","tag-imperialismo"],"blocksy_meta":[],"_links":{"self":[{"href":"https:\/\/nuevademocracia.com.co\/index.php?rest_route=\/wp\/v2\/posts\/28126","targetHints":{"allow":["GET"]}}],"collection":[{"href":"https:\/\/nuevademocracia.com.co\/index.php?rest_route=\/wp\/v2\/posts"}],"about":[{"href":"https:\/\/nuevademocracia.com.co\/index.php?rest_route=\/wp\/v2\/types\/post"}],"author":[{"embeddable":true,"href":"https:\/\/nuevademocracia.com.co\/index.php?rest_route=\/wp\/v2\/users\/1"}],"replies":[{"embeddable":true,"href":"https:\/\/nuevademocracia.com.co\/index.php?rest_route=%2Fwp%2Fv2%2Fcomments&post=28126"}],"version-history":[{"count":3,"href":"https:\/\/nuevademocracia.com.co\/index.php?rest_route=\/wp\/v2\/posts\/28126\/revisions"}],"predecessor-version":[{"id":29063,"href":"https:\/\/nuevademocracia.com.co\/index.php?rest_route=\/wp\/v2\/posts\/28126\/revisions\/29063"}],"wp:featuredmedia":[{"embeddable":true,"href":"https:\/\/nuevademocracia.com.co\/index.php?rest_route=\/wp\/v2\/media\/28127"}],"wp:attachment":[{"href":"https:\/\/nuevademocracia.com.co\/index.php?rest_route=%2Fwp%2Fv2%2Fmedia&parent=28126"}],"wp:term":[{"taxonomy":"category","embeddable":true,"href":"https:\/\/nuevademocracia.com.co\/index.php?rest_route=%2Fwp%2Fv2%2Fcategories&post=28126"},{"taxonomy":"post_tag","embeddable":true,"href":"https:\/\/nuevademocracia.com.co\/index.php?rest_route=%2Fwp%2Fv2%2Ftags&post=28126"}],"curies":[{"name":"wp","href":"https:\/\/api.w.org\/{rel}","templated":true}]}}