{"id":28139,"date":"2025-10-08T18:06:20","date_gmt":"2025-10-08T23:06:20","guid":{"rendered":"https:\/\/nuevademocracia.com.co\/?p=28139"},"modified":"2026-03-27T23:43:44","modified_gmt":"2026-03-28T04:43:44","slug":"el-movimiento-campesino-lanza-un-mensaje-de-respuesta-a-fedegan-en-defensa-de-las-tomas-de-tierra-y-contra-la-criminalizacion-de-la-lucha","status":"publish","type":"post","link":"https:\/\/nuevademocracia.com.co\/?p=28139","title":{"rendered":"El movimiento campesino lanza un mensaje de respuesta a FEDEGAN en defensa de las tomas de tierra y contra la criminalizaci\u00f3n de la lucha"},"content":{"rendered":"\n<hr class=\"wp-block-separator has-text-color has-palette-color-2-color has-alpha-channel-opacity has-palette-color-2-background-color has-background\"\/>\n\n\n\n<p class=\"has-black-color has-text-color has-link-color wp-elements-34be90d11a272fac8ddc2ef898bd9730\">A continuaci\u00f3n, compartimos un video publicado el pasado 16 de septiembre en las redes sociales de la Integraci\u00f3n campesina del Cesar (INCAC) y el Coordinador Nacional Agrario (CNA). Este video es un mensaje dirigido al movimiento campesino, un llamado a la defensa e impulso de las tomas de tierra en el pa\u00eds como camino para combatir el problema de la tierra y el sometimiento del poder terrateniente, una cr\u00edtica que evidencia el fracaso de la reforma agraria impulsada por el gobierno Petro y una respuesta a los ataques y criminalizaci\u00f3n de la lucha por tierra realizados por la Federaci\u00f3n Colombiana de Ganaderos (FEDEGAN), quienes representan los intereses del latifundio y los grandes ganaderos, que hist\u00f3ricamente han estado vinculados a la creaci\u00f3n y financiamiento de grupos paramilitares y al desplazamiento y despojo de tierras al campesinado.<\/p>\n\n\n\n<figure class=\"wp-block-image aligncenter size-large is-resized\"><img loading=\"lazy\" decoding=\"async\" width=\"819\" height=\"1024\" src=\"https:\/\/nuevademocracia.com.co\/wp-content\/uploads\/2025\/10\/Imagen-1-1-819x1024.png\" alt=\"\" class=\"wp-image-28141\" style=\"width:432px;height:auto\" srcset=\"https:\/\/nuevademocracia.com.co\/wp-content\/uploads\/2025\/10\/Imagen-1-1-819x1024.png 819w, https:\/\/nuevademocracia.com.co\/wp-content\/uploads\/2025\/10\/Imagen-1-1-240x300.png 240w, https:\/\/nuevademocracia.com.co\/wp-content\/uploads\/2025\/10\/Imagen-1-1-768x960.png 768w, https:\/\/nuevademocracia.com.co\/wp-content\/uploads\/2025\/10\/Imagen-1-1.png 1080w\" sizes=\"auto, (max-width: 819px) 100vw, 819px\" \/><\/figure>\n\n\n\n<p><\/p>\n\n\n\n<p class=\"has-black-color has-text-color has-link-color wp-elements-d57752bea20368d91e155d15be0cb16f\"><strong>Este es el mensaje compartido en el video:<\/strong><\/p>\n\n\n\n<p class=\"has-black-color has-text-color has-link-color wp-elements-8cdc325a355f1f38ceb8c072e17421e3\">El pasado 25 de agosto, FEDEGAN public\u00f3 un video en sus redes sociales, donde a ra\u00edz de tres tomas de tierra ocurridas simult\u00e1neamente en los municipios de Arjona y Turbaco (Departamento de Bol\u00edvar), analiza esto como un \u201cfen\u00f3meno de invasiones que hacen parte de una estrategia delictiva de bandas criminales\u201d. Esta es una respuesta del movimiento campesino organizado, en defensa de la recuperaci\u00f3n leg\u00edtima de tierras y contra la estigmatizaci\u00f3n, criminalizaci\u00f3n y desinformaci\u00f3n difundidas por FEDEGAN.<\/p>\n\n\n\n<p class=\"has-vivid-red-color has-text-color has-link-color has-medium-font-size wp-elements-de383a3b3739bf2be07d1de459cc9379\"><strong>El problema de la tierra en Colombia<\/strong><\/p>\n\n\n\n<p class=\"has-black-color has-text-color has-link-color wp-elements-41fb6c347618be6be3b1b6dadcec4e5a\">En su video FEDEGAN dice: \u201cEn Colombia, las invasiones de tierras dejaron de ser un problema aislado para convertirse en una estrategia delictiva (\u2026) Las invasiones no son espont\u00e1neas, son planificadas para invadir en masa, tomar control territorial, estafar a personas humildes y consolidar zonas donde la delincuencia manda\u201d<\/p>\n\n\n\n<p class=\"has-black-color has-text-color has-link-color wp-elements-3b378ea6cfb92ebecf65e1f172cf57f3\">Lo que no dice y oculta de manera premeditada para encubrir la ra\u00edz del problema es que Colombia tiene la mayor concentraci\u00f3n de tierra en Latinoam\u00e9rica: el 1% de los propietarios acapara el 81% del territorio. Es decir, si el pa\u00eds fuera una cancha de f\u00fatbol con 100 personas, solo una tendr\u00eda casi toda la tierra, mientras las otras 99 se repartir\u00edan lo poco restante. Como resultado, casi 5 millones de hogares tienen tierra insuficiente y m\u00e1s de la mitad de los hogares campesinos  no poseen ni un cent\u00edmetro de tierra. <\/p>\n\n\n\n<figure class=\"wp-block-image aligncenter size-large is-resized\"><img loading=\"lazy\" decoding=\"async\" width=\"819\" height=\"1024\" src=\"https:\/\/nuevademocracia.com.co\/wp-content\/uploads\/2025\/10\/imagen-2-819x1024.png\" alt=\"\" class=\"wp-image-28142\" style=\"width:433px;height:auto\" srcset=\"https:\/\/nuevademocracia.com.co\/wp-content\/uploads\/2025\/10\/imagen-2-819x1024.png 819w, https:\/\/nuevademocracia.com.co\/wp-content\/uploads\/2025\/10\/imagen-2-240x300.png 240w, https:\/\/nuevademocracia.com.co\/wp-content\/uploads\/2025\/10\/imagen-2-768x960.png 768w, https:\/\/nuevademocracia.com.co\/wp-content\/uploads\/2025\/10\/imagen-2.png 1080w\" sizes=\"auto, (max-width: 819px) 100vw, 819px\" \/><\/figure>\n\n\n\n<p><\/p>\n\n\n\n<p class=\"has-black-color has-text-color has-link-color wp-elements-0c2375f06ddf4d1c07be0197f6bcc80a\">Adem\u00e1s, la mayor parte de la tierra apta para producci\u00f3n agropecuaria se destina para ganader\u00eda,lo que genera algo absurdo: \u00a1Las vacas de los grandes terratenientes tienen m\u00e1s tierra que la mayor\u00eda de las familias campesinas!<\/p>\n\n\n\n<figure class=\"wp-block-image aligncenter size-large is-resized\"><img loading=\"lazy\" decoding=\"async\" width=\"819\" height=\"1024\" src=\"https:\/\/nuevademocracia.com.co\/wp-content\/uploads\/2025\/10\/imagen-3-1-819x1024.png\" alt=\"\" class=\"wp-image-28144\" style=\"width:496px;height:auto\" srcset=\"https:\/\/nuevademocracia.com.co\/wp-content\/uploads\/2025\/10\/imagen-3-1-819x1024.png 819w, https:\/\/nuevademocracia.com.co\/wp-content\/uploads\/2025\/10\/imagen-3-1-240x300.png 240w, https:\/\/nuevademocracia.com.co\/wp-content\/uploads\/2025\/10\/imagen-3-1-768x960.png 768w, https:\/\/nuevademocracia.com.co\/wp-content\/uploads\/2025\/10\/imagen-3-1.png 1080w\" sizes=\"auto, (max-width: 819px) 100vw, 819px\" \/><\/figure>\n\n\n\n<p><\/p>\n\n\n\n<p class=\"has-black-color has-text-color has-link-color wp-elements-0d2cde35e50ab27091492f0904d8857f\">Los grandes ganaderos hacen parte de esa minor\u00eda que concentra la tierra y FEDEGAN como su representante, busca ocultar y legitimar una problem\u00e1tica estructural que no ha tenido soluci\u00f3n en el pa\u00eds: el acaparamiento y despojo de tierras. Por eso las tomas de tierra, en efecto, no son un caso aislado, ni son el verdadero problema, son el \u00fanico camino que ha tenido el campesinado para obtener la tierra.<\/p>\n\n\n\n<p class=\"has-vivid-red-color has-text-color has-link-color has-medium-font-size wp-elements-149d04028c41fb6df3c6beb62403b360\"><strong>Despojo masivo de tierras, violencia y criminalizaci\u00f3n<\/strong><\/p>\n\n\n\n<p class=\"has-black-color has-text-color has-link-color wp-elements-bcf59462b69e8e984fb3b7383ed3a27a\">FEDEGAN celebra los resultados que dieron sus frentes de seguridad ganadera: \u201cEn Bol\u00edvar se lograron desalojar r\u00e1pidamente las invasiones gracias a la uni\u00f3n ganadera y a la coordinaci\u00f3n con las autoridades locales y la fuerza p\u00fablica en el marco de los frentes solidarios de seguridad y paz\u201d.<\/p>\n\n\n\n<p class=\"has-black-color has-text-color has-link-color wp-elements-cad2d5411e933758d13cf05864d316ca\">Lo que no se muestra de esta iniciativa son sus claras similitudes con las tristemente c\u00e9lebres CONVIVIR, cooperativas de seguridad privada, armadas al servicio de los terratenientes, que sirvieron de fachada para fortalecer el paramilitarismo, utilizando el discurso del \u00abenemigo interno\u00bb para generalizar el despojo y la violencia contra el campesinado. \u00bfPor qu\u00e9 los frentes ganaderos, como denuncian los campesinos, llegan armados y en camionetas blindadas a desalojar predios? \u00bfSon acaso un reencauche camuflado de esta vieja estrategia? Adem\u00e1s del despojo por apropiaci\u00f3n de bald\u00edos y zonas comunes, es bien conocida la estrecha relaci\u00f3n del sector ganadero \u2014incluyendo directivos de FEDEGAN como Jorge Visbal\u2014 con el paramilitarismo, no solo colaborando con su presencia en los territorios, sino financiando y benefici\u00e1ndose directamente del desplazamiento. Algunas de las zonas con mayor \u00edndice de despojo coinciden con la expansi\u00f3n de la ganader\u00eda extensiva, lo que demuestra claramente qui\u00e9nes han sido los verdaderos invasores.<\/p>\n\n\n\n<p class=\"has-black-color has-text-color has-link-color wp-elements-55f161c6c43c8597201d75caab18a7d7\">Por otro lado, resulta preocupante e irresponsable la manera infundada y ligera con la que FEDEGAN vincula las recientes tomas de tierra con las disidencias de las FARC. Las organizaciones campesinas no somos fachada de grupos armados, ni estamos instrumentalizadas por bandas criminales como afirman en su video, luchamos con convicci\u00f3n y plena conciencia por un pedazo de tierra como hist\u00f3ricamente lo ha hecho el movimiento campesino: recuper\u00e1ndola. Rechazamos la estigmatizaci\u00f3n y criminalizaci\u00f3n de la lucha, que adem\u00e1s ha sido en buena medida responsable del asesinato de m\u00e1s de 1300 l\u00edderes sociales desde 2016.<\/p>\n\n\n\n<p class=\"has-vivid-red-color has-text-color has-link-color has-medium-font-size wp-elements-8e6344fe01cdd45f95a3013f1678d6ee\"><strong>El fracaso de la reforma agraria<\/strong><\/p>\n\n\n\n<p class=\"has-black-color has-text-color has-link-color wp-elements-115b98948a87e29b61b2448800d41c60\">FEDEGAN reafirma su cooperaci\u00f3n con las v\u00edas institucionales para impulsar la reforma agraria, lo que nos plantea a una pregunta: \u00bfpor qu\u00e9 un sector hist\u00f3ricamente vinculado al despojo y acaparamiento de tierras muestra tanto inter\u00e9s en este proceso? El gobierno -pactando con Jos\u00e9 F\u00e9lix Lafourie y el sector ganadero- propuso la compra de 3 millones de hect\u00e1reas para entregarlas a los campesinos. Sin embargo, esta meta, que ya era insuficiente frente a los 8 millones de hect\u00e1reas despojadas oficialmente reconocidas, se redujo a 1,5 millones. En 3 a\u00f1os no se ha gestionado ni la mitad de esta tierra, de 601.000 hect\u00e1reas solo 168.000 han sido compras finalizadas; 24.000 de ellas a FEDEGAN. Adem\u00e1s, la mayor\u00eda carecen de titulaci\u00f3n formal, ya que son entregas provisionales que pueden ser revocadas en cualquier momento. Todo esto evidencia las limitaciones institucionales para acceder a la tierra en un proceso marcado por: 1) denuncias de que los terratenientes est\u00e1n ofertando predios en mal estado, con bald\u00edos o adquiridos mediante despojo, para cobrar a precio comercial; y 2) los tr\u00e1mites burocr\u00e1ticos interminables que han llevado a los campesinos a desgastarse y desistir del proceso.<\/p>\n\n\n\n<figure class=\"wp-block-image aligncenter size-large is-resized\"><img loading=\"lazy\" decoding=\"async\" width=\"819\" height=\"1024\" src=\"https:\/\/nuevademocracia.com.co\/wp-content\/uploads\/2025\/10\/imagen-4-819x1024.png\" alt=\"\" class=\"wp-image-28145\" style=\"width:469px;height:auto\" srcset=\"https:\/\/nuevademocracia.com.co\/wp-content\/uploads\/2025\/10\/imagen-4-819x1024.png 819w, https:\/\/nuevademocracia.com.co\/wp-content\/uploads\/2025\/10\/imagen-4-240x300.png 240w, https:\/\/nuevademocracia.com.co\/wp-content\/uploads\/2025\/10\/imagen-4-768x960.png 768w, https:\/\/nuevademocracia.com.co\/wp-content\/uploads\/2025\/10\/imagen-4.png 1080w\" sizes=\"auto, (max-width: 819px) 100vw, 819px\" \/><\/figure>\n\n\n\n<p><\/p>\n\n\n\n<p class=\"has-black-color has-text-color has-link-color wp-elements-8156073f746ea5540fdb08d5c381caa4\">Por todos estos motivos, hoy el movimiento campesino ha encontrado en la toma y recuperaci\u00f3n de la tierra el camino que ha comprobado ser m\u00e1s efectivo para cumplir su reivindicaci\u00f3n hist\u00f3rica: <strong>la tierra para quien la trabaja. <\/strong>Hacemos un llamado al campesinado colombiano a retomar esta tarea y nos solidarizamos con todos los procesos de recuperaci\u00f3n en curso: \u00a1Adelante compa\u00f1eros, luchar no es un crimen! A continuar impulsando con decisi\u00f3n y autonom\u00eda la lucha por tierra, defendamos la legitimidad y vigencia de la recuperaci\u00f3n. A FEDEGAN le decimos: \u00a1S\u00ed! El movimiento campesino se est\u00e1 organizando y las tomas de tierra ya no ser\u00e1n aisladas, van a continuar expandi\u00e9ndose y temblar\u00e1 el poder terrateniente ante la fuerza del campesinado, porque nuestro mandato ha sido, es y ser\u00e1 volver a la tierra y lo haremos m\u00e1s fuertes y organizados.<\/p>\n\n\n\n<figure class=\"wp-block-embed is-type-video is-provider-youtube wp-block-embed-youtube wp-embed-aspect-4-3 wp-has-aspect-ratio\"><div class=\"wp-block-embed__wrapper\">\n<iframe loading=\"lazy\" title=\"El movimiento campesino lanza un mensaje de respuesta a FEDEGAN en defensa de las tomas de tierra\" width=\"1290\" height=\"968\" src=\"https:\/\/www.youtube.com\/embed\/qMOfh9D_kKg?feature=oembed\" frameborder=\"0\" allow=\"accelerometer; autoplay; clipboard-write; encrypted-media; gyroscope; picture-in-picture; web-share\" referrerpolicy=\"strict-origin-when-cross-origin\" allowfullscreen><\/iframe>\n<\/div><\/figure>\n","protected":false},"excerpt":{"rendered":"<p>Hoy el movimiento campesino ha encontrado en la toma y recuperaci\u00f3n de la tierra el camino que ha comprobado ser m\u00e1s efectivo para cumplir su reivindicaci\u00f3n hist\u00f3rica: la tierra para quien la trabaja.<\/p>\n","protected":false},"author":1,"featured_media":28141,"comment_status":"open","ping_status":"open","sticky":false,"template":"","format":"standard","meta":{"footnotes":""},"categories":[16,4,144],"tags":[],"class_list":["post-28139","post","type-post","status-publish","format-standard","has-post-thumbnail","hentry","category-carrusel","category-colombia","category-lucha-por-la-tierra"],"blocksy_meta":[],"_links":{"self":[{"href":"https:\/\/nuevademocracia.com.co\/index.php?rest_route=\/wp\/v2\/posts\/28139","targetHints":{"allow":["GET"]}}],"collection":[{"href":"https:\/\/nuevademocracia.com.co\/index.php?rest_route=\/wp\/v2\/posts"}],"about":[{"href":"https:\/\/nuevademocracia.com.co\/index.php?rest_route=\/wp\/v2\/types\/post"}],"author":[{"embeddable":true,"href":"https:\/\/nuevademocracia.com.co\/index.php?rest_route=\/wp\/v2\/users\/1"}],"replies":[{"embeddable":true,"href":"https:\/\/nuevademocracia.com.co\/index.php?rest_route=%2Fwp%2Fv2%2Fcomments&post=28139"}],"version-history":[{"count":4,"href":"https:\/\/nuevademocracia.com.co\/index.php?rest_route=\/wp\/v2\/posts\/28139\/revisions"}],"predecessor-version":[{"id":29026,"href":"https:\/\/nuevademocracia.com.co\/index.php?rest_route=\/wp\/v2\/posts\/28139\/revisions\/29026"}],"wp:featuredmedia":[{"embeddable":true,"href":"https:\/\/nuevademocracia.com.co\/index.php?rest_route=\/wp\/v2\/media\/28141"}],"wp:attachment":[{"href":"https:\/\/nuevademocracia.com.co\/index.php?rest_route=%2Fwp%2Fv2%2Fmedia&parent=28139"}],"wp:term":[{"taxonomy":"category","embeddable":true,"href":"https:\/\/nuevademocracia.com.co\/index.php?rest_route=%2Fwp%2Fv2%2Fcategories&post=28139"},{"taxonomy":"post_tag","embeddable":true,"href":"https:\/\/nuevademocracia.com.co\/index.php?rest_route=%2Fwp%2Fv2%2Ftags&post=28139"}],"curies":[{"name":"wp","href":"https:\/\/api.w.org\/{rel}","templated":true}]}}