{"id":28148,"date":"2025-10-16T14:58:52","date_gmt":"2025-10-16T19:58:52","guid":{"rendered":"https:\/\/nuevademocracia.com.co\/?p=28148"},"modified":"2026-03-28T00:00:33","modified_gmt":"2026-03-28T05:00:33","slug":"combativa-movilizacion-realizada-en-medellin-a-dos-anos-del-diluvio-de-al-aqsa","status":"publish","type":"post","link":"https:\/\/nuevademocracia.com.co\/?p=28148","title":{"rendered":"Combativa movilizaci\u00f3n realizada en Medell\u00edn a dos a\u00f1os del Diluvio de Al Aqsa"},"content":{"rendered":"\n<hr class=\"wp-block-separator has-text-color has-vivid-red-color has-alpha-channel-opacity has-vivid-red-background-color has-background\"\/>\n\n\n\n<p class=\"has-black-color has-text-color has-link-color wp-elements-27a28d3815d60a2d6fd79283c32f2cb0\">Ya se cumplieron dos a\u00f1os desde que la Resistencia Nacional Palestina lanz\u00f3 la ofensiva t\u00e1ctica conocida como Diluvio de Al Aqsa y adem\u00e1s se cumplen dos a\u00f1os de la respuesta de la entidad sionista, \u201cIsrael\u201d; el genocidio. En Medell\u00edn movimientos populares y revolucionarios junto a comit\u00e9s y activistas solidarios con la causa palestina salieron a las calles, este 7 de octubre, a conmemorar y seguir rechazando al imperialismo y su brazo en Oriente Medio, el sionismo. Esta jornada tambi\u00e9n se dio d\u00edas despu\u00e9s de que Israel secuestrara a los activistas de la Flotilla Global Sumud, entre ellos dos activistas colombianas.<\/p>\n\n\n\n<p class=\"has-black-color has-text-color has-link-color wp-elements-6a2b98e845b85517b34e72ce0408c7ad\">La jornada se destac\u00f3 por ser una de las movilizaciones m\u00e1s grandes realizadas en Medell\u00edn en estos dos a\u00f1os y por su car\u00e1cter combativo en contra de grandes monopolios, particularmente contra el McDonald\u2019s, patrocinador de las fuerzas de ocupaci\u00f3n israel\u00ed y por tanto del genocidio en Palestina. Durante la movilizaci\u00f3n se dieron expresiones art\u00edsticas y pol\u00edticas. Consignas, arengas y canciones populares fueron cantadas por los manifestantes. Tambi\u00e9n, en la marcha hab\u00eda banderas de diferentes organizaciones populares y revolucionarias entre esas la de la Liga Antiimperialista (LAI).<\/p>\n\n\n\n<p class=\"has-black-color has-text-color has-link-color wp-elements-8a0a4b4624e7cceabd4e7c34d1970fa6\">Uno de los hechos destacados de la movilizaci\u00f3n fue un acto de agitaci\u00f3n y quema de la bandera de Israel y Estados Unidos junto a las figuras del ultrarreaccionario Trump y del nazi-sionista Netanyahu. El acto resalt\u00f3 el papel de la Resistencia Nacional Palestina y reivindicaron al l\u00edder Yahya Sinwar, quien es conocido como el arquitecto del Diluvio de Al Aqsa y que muri\u00f3 combatiendo a las fuerzas de ocupaci\u00f3n israel\u00ed. Adem\u00e1s, rechazaron los cr\u00edmenes del imperialismo yanqui y del sionismo.<\/p>\n\n\n\n<p class=\"has-black-color has-text-color has-link-color wp-elements-2ec5e45d1af6315c227e0fb2c31a7851\">En el transcurso de la movilizaci\u00f3n hubo un grupo de personas que intentaron sabotear y reprimir las acciones de los manifestantes. Este grupo seg\u00fan informa un reciente art\u00edculo del medio de comunicaci\u00f3n, <a href=\"https:\/\/elarmadillo.co\/historias\/que-fue-lo-que-paso-en-la-marcha-en-medellin-contra-el-genocidio-en-palestina\/\">El Armadillo<\/a>, es un \u201cgrupo de hombres, adscrito a la Secretar\u00eda de Seguridad del distrito, que aparecen en los videos vestidos con chaquetas reflectivas azules y verdes con distintivos de la Alcald\u00eda de Medell\u00edn. Su nombre oficial es Gestores Operativos de Apoyo a la Seguridad y Convivencia\u201d, adem\u00e1s, informan que \u201cse trata de civiles\u201d y que \u201cla mayor\u00eda son personas retiradas de la Fuerza P\u00fablica\u201d.<\/p>\n\n\n\n<p class=\"has-black-color has-text-color has-link-color wp-elements-8f8c0ee94bbc093522cd9ce2099af723\">Este grupo de \u201cseguridad y convivencia\u201d todo el tiempo se mostr\u00f3 hostil con la protesta popular, primero intento evitar el acto y la quema de las figuras de Trump y Netanyahu, luego se interpondr\u00eda entre los manifestantes y los establecimientos del gran capital y por \u00faltimo hicieron un cord\u00f3n para cercar y evitar que la marcha retomara la calle principal, en este momento fue cuando m\u00e1s hostilidad mostraron y actuaron como un verdadero grupo paramilitar, pues apunta de insultos, empujones y golpes, con lo que tuvieran a la mano, correas, botellas, piedras, etc., intentaron evitar la ruta establecida por los manifestantes y acto seguido con el respaldo de otro grupo criminal y especializado en represi\u00f3n, la UNDMO (antes ESMAD) golpearon brutalmente a un manifestante que portaba chaleco de Derechos Humanos.<\/p>\n\n\n\n<figure class=\"wp-block-video\"><video height=\"850\" style=\"aspect-ratio: 478 \/ 850;\" width=\"478\" controls src=\"https:\/\/nuevademocracia.com.co\/wp-content\/uploads\/2025\/10\/video.mp4\"><\/video><\/figure>\n\n\n\n<p class=\"has-black-color has-text-color has-link-color wp-elements-d487bb9d9a2efa14632055707b595083\">Minutos antes de este hecho criminal el concejal uribista y tambi\u00e9n promotor del paramilitarismo Andr\u00e9s Felipe \u201cel Gury\u201d Rodr\u00edguez sali\u00f3 con un bate a amenazar a los activistas propalestinos. \u00c9l estaba acompa\u00f1ado del sionista declarado David Toledo y otras dos personas. Tanto \u201cel Gury\u201d como Toledo recientemente han se\u00f1alizado y criminalizado en sus redes a j\u00f3venes y estudiantes que estaban moviliz\u00e1ndose, como parte de una estrategia de criminalizar la lucha del pueblo.<\/p>\n\n\n\n<p class=\"has-black-color has-text-color has-link-color wp-elements-6a8b9ca9927d5649596da81e61c578b4\">Aunque la represi\u00f3n de todo tipo intento impedir la jornada, la movilizaci\u00f3n result\u00f3 exitosa y conmemor\u00f3 el 7 de octubre como una importante fecha para la lucha antiimperialista y de liberaci\u00f3n nacional de los pa\u00edses oprimidos del mundo. &nbsp;Se realizaron pintas contra los bancos y multinacionales financiadoras del genocidio, se expres\u00f3 el apoyo a la Resistencia Nacional Palestina, se hicieron expresiones art\u00edsticas, se denunci\u00f3 el genocidio y se sigui\u00f3 poniendo a la orden del d\u00eda la lucha antiimperialista.<\/p>\n\n\n\n<p class=\"has-black-color has-text-color has-link-color wp-elements-9c5b284c3616bb5cca8a4567a529aeb4\">As\u00ed mismo en diferentes partes del pa\u00eds se realizaron importantes movilizaciones y acciones a favor de la Resistencia Nacional Palestina y en rechazo al genocidio en Gaza. A continuaci\u00f3n, compartimos algunas im\u00e1genes y videos:<\/p>\n\n\n\n<p>Medell\u00edn:<\/p>\n\n\n\n<div class=\"wp-block-group is-layout-grid wp-container-core-group-is-layout-211d2e0c wp-block-group-is-layout-grid\">\n<figure class=\"wp-block-image size-large\"><img loading=\"lazy\" decoding=\"async\" width=\"1024\" height=\"678\" src=\"https:\/\/nuevademocracia.com.co\/wp-content\/uploads\/2025\/10\/El-7-de-octubre-Medellin-se-unio-a-las-voces-del-mundo-que-salieron-a-las-calles-por-Palestina-2-1024x678.jpg\" alt=\"\" class=\"wp-image-28158\" srcset=\"https:\/\/nuevademocracia.com.co\/wp-content\/uploads\/2025\/10\/El-7-de-octubre-Medellin-se-unio-a-las-voces-del-mundo-que-salieron-a-las-calles-por-Palestina-2-1024x678.jpg 1024w, https:\/\/nuevademocracia.com.co\/wp-content\/uploads\/2025\/10\/El-7-de-octubre-Medellin-se-unio-a-las-voces-del-mundo-que-salieron-a-las-calles-por-Palestina-2-300x199.jpg 300w, https:\/\/nuevademocracia.com.co\/wp-content\/uploads\/2025\/10\/El-7-de-octubre-Medellin-se-unio-a-las-voces-del-mundo-que-salieron-a-las-calles-por-Palestina-2-768x508.jpg 768w, https:\/\/nuevademocracia.com.co\/wp-content\/uploads\/2025\/10\/El-7-de-octubre-Medellin-se-unio-a-las-voces-del-mundo-que-salieron-a-las-calles-por-Palestina-2.jpg 1080w\" sizes=\"auto, (max-width: 1024px) 100vw, 1024px\" \/><\/figure>\n\n\n\n<figure class=\"wp-block-image size-large\"><img loading=\"lazy\" decoding=\"async\" width=\"1024\" height=\"678\" src=\"https:\/\/nuevademocracia.com.co\/wp-content\/uploads\/2025\/10\/El-7-de-octubre-Medellin-se-unio-a-las-voces-del-mundo-que-salieron-a-las-calles-por-Palestina-1-1-1024x678.jpg\" alt=\"\" class=\"wp-image-28157\" srcset=\"https:\/\/nuevademocracia.com.co\/wp-content\/uploads\/2025\/10\/El-7-de-octubre-Medellin-se-unio-a-las-voces-del-mundo-que-salieron-a-las-calles-por-Palestina-1-1-1024x678.jpg 1024w, https:\/\/nuevademocracia.com.co\/wp-content\/uploads\/2025\/10\/El-7-de-octubre-Medellin-se-unio-a-las-voces-del-mundo-que-salieron-a-las-calles-por-Palestina-1-1-300x199.jpg 300w, https:\/\/nuevademocracia.com.co\/wp-content\/uploads\/2025\/10\/El-7-de-octubre-Medellin-se-unio-a-las-voces-del-mundo-que-salieron-a-las-calles-por-Palestina-1-1-768x508.jpg 768w, https:\/\/nuevademocracia.com.co\/wp-content\/uploads\/2025\/10\/El-7-de-octubre-Medellin-se-unio-a-las-voces-del-mundo-que-salieron-a-las-calles-por-Palestina-1-1.jpg 1080w\" sizes=\"auto, (max-width: 1024px) 100vw, 1024px\" \/><\/figure>\n<\/div>\n\n\n\n<div class=\"wp-block-group is-layout-constrained wp-block-group-is-layout-constrained\"><\/div>\n\n\n\n<div class=\"wp-block-group is-layout-grid wp-container-core-group-is-layout-478b6e6b wp-block-group-is-layout-grid\">\n<figure class=\"wp-block-image size-large wp-container-content-69bc4bdf\"><img loading=\"lazy\" decoding=\"async\" width=\"1024\" height=\"722\" src=\"https:\/\/nuevademocracia.com.co\/wp-content\/uploads\/2025\/10\/El-7-de-octubre-Medellin-se-unio-a-las-voces-del-mundo-que-salieron-a-las-calles-por-Palestina-3-1024x722.jpg\" alt=\"\" class=\"wp-image-28159\" style=\"object-fit:cover\" srcset=\"https:\/\/nuevademocracia.com.co\/wp-content\/uploads\/2025\/10\/El-7-de-octubre-Medellin-se-unio-a-las-voces-del-mundo-que-salieron-a-las-calles-por-Palestina-3-1024x722.jpg 1024w, https:\/\/nuevademocracia.com.co\/wp-content\/uploads\/2025\/10\/El-7-de-octubre-Medellin-se-unio-a-las-voces-del-mundo-que-salieron-a-las-calles-por-Palestina-3-300x211.jpg 300w, https:\/\/nuevademocracia.com.co\/wp-content\/uploads\/2025\/10\/El-7-de-octubre-Medellin-se-unio-a-las-voces-del-mundo-que-salieron-a-las-calles-por-Palestina-3-768x541.jpg 768w, https:\/\/nuevademocracia.com.co\/wp-content\/uploads\/2025\/10\/El-7-de-octubre-Medellin-se-unio-a-las-voces-del-mundo-que-salieron-a-las-calles-por-Palestina-3.jpg 1080w\" sizes=\"auto, (max-width: 1024px) 100vw, 1024px\" \/><\/figure>\n\n\n\n<figure class=\"wp-block-image size-large\"><img loading=\"lazy\" decoding=\"async\" width=\"1024\" height=\"678\" src=\"https:\/\/nuevademocracia.com.co\/wp-content\/uploads\/2025\/10\/El-7-de-octubre-Medellin-se-unio-a-las-voces-del-mundo-que-salieron-a-las-calles-por-Palestina-4-1024x678.jpg\" alt=\"\" class=\"wp-image-28160\" srcset=\"https:\/\/nuevademocracia.com.co\/wp-content\/uploads\/2025\/10\/El-7-de-octubre-Medellin-se-unio-a-las-voces-del-mundo-que-salieron-a-las-calles-por-Palestina-4-1024x678.jpg 1024w, https:\/\/nuevademocracia.com.co\/wp-content\/uploads\/2025\/10\/El-7-de-octubre-Medellin-se-unio-a-las-voces-del-mundo-que-salieron-a-las-calles-por-Palestina-4-300x199.jpg 300w, https:\/\/nuevademocracia.com.co\/wp-content\/uploads\/2025\/10\/El-7-de-octubre-Medellin-se-unio-a-las-voces-del-mundo-que-salieron-a-las-calles-por-Palestina-4-768x508.jpg 768w, https:\/\/nuevademocracia.com.co\/wp-content\/uploads\/2025\/10\/El-7-de-octubre-Medellin-se-unio-a-las-voces-del-mundo-que-salieron-a-las-calles-por-Palestina-4.jpg 1080w\" sizes=\"auto, (max-width: 1024px) 100vw, 1024px\" \/><\/figure>\n\n\n\n<figure class=\"wp-block-image size-large\"><img loading=\"lazy\" decoding=\"async\" width=\"1024\" height=\"678\" src=\"https:\/\/nuevademocracia.com.co\/wp-content\/uploads\/2025\/10\/El-7-de-octubre-Medellin-se-unio-a-las-voces-del-mundo-que-salieron-a-las-calles-por-Palestina-1024x678.jpg\" alt=\"\" class=\"wp-image-28161\" srcset=\"https:\/\/nuevademocracia.com.co\/wp-content\/uploads\/2025\/10\/El-7-de-octubre-Medellin-se-unio-a-las-voces-del-mundo-que-salieron-a-las-calles-por-Palestina-1024x678.jpg 1024w, https:\/\/nuevademocracia.com.co\/wp-content\/uploads\/2025\/10\/El-7-de-octubre-Medellin-se-unio-a-las-voces-del-mundo-que-salieron-a-las-calles-por-Palestina-300x199.jpg 300w, https:\/\/nuevademocracia.com.co\/wp-content\/uploads\/2025\/10\/El-7-de-octubre-Medellin-se-unio-a-las-voces-del-mundo-que-salieron-a-las-calles-por-Palestina-768x508.jpg 768w, https:\/\/nuevademocracia.com.co\/wp-content\/uploads\/2025\/10\/El-7-de-octubre-Medellin-se-unio-a-las-voces-del-mundo-que-salieron-a-las-calles-por-Palestina.jpg 1080w\" sizes=\"auto, (max-width: 1024px) 100vw, 1024px\" \/><\/figure>\n\n\n\n<figure class=\"wp-block-image size-large\"><img loading=\"lazy\" decoding=\"async\" width=\"1024\" height=\"678\" src=\"https:\/\/nuevademocracia.com.co\/wp-content\/uploads\/2025\/10\/Entre-banderas-tambores-gritos-y-arengas-ayer-se-recordo-que-la-ocupacion-no-solo-destruye-t-1-1024x678.jpg\" alt=\"\" class=\"wp-image-28163\" srcset=\"https:\/\/nuevademocracia.com.co\/wp-content\/uploads\/2025\/10\/Entre-banderas-tambores-gritos-y-arengas-ayer-se-recordo-que-la-ocupacion-no-solo-destruye-t-1-1024x678.jpg 1024w, https:\/\/nuevademocracia.com.co\/wp-content\/uploads\/2025\/10\/Entre-banderas-tambores-gritos-y-arengas-ayer-se-recordo-que-la-ocupacion-no-solo-destruye-t-1-300x199.jpg 300w, https:\/\/nuevademocracia.com.co\/wp-content\/uploads\/2025\/10\/Entre-banderas-tambores-gritos-y-arengas-ayer-se-recordo-que-la-ocupacion-no-solo-destruye-t-1-768x508.jpg 768w, https:\/\/nuevademocracia.com.co\/wp-content\/uploads\/2025\/10\/Entre-banderas-tambores-gritos-y-arengas-ayer-se-recordo-que-la-ocupacion-no-solo-destruye-t-1.jpg 1080w\" sizes=\"auto, (max-width: 1024px) 100vw, 1024px\" \/><\/figure>\n<\/div>\n\n\n\n<div class=\"wp-block-group is-layout-constrained wp-block-group-is-layout-constrained\"><\/div>\n\n\n\n<div class=\"wp-block-group is-layout-constrained wp-block-group-is-layout-constrained\">\n<figure class=\"wp-block-image size-large\"><img loading=\"lazy\" decoding=\"async\" width=\"1024\" height=\"678\" src=\"https:\/\/nuevademocracia.com.co\/wp-content\/uploads\/2025\/10\/Entre-banderas-tambores-gritos-y-arengas-ayer-se-recordo-que-la-ocupacion-no-solo-destruye-t-2-1-1024x678.jpg\" alt=\"\" class=\"wp-image-28165\" srcset=\"https:\/\/nuevademocracia.com.co\/wp-content\/uploads\/2025\/10\/Entre-banderas-tambores-gritos-y-arengas-ayer-se-recordo-que-la-ocupacion-no-solo-destruye-t-2-1-1024x678.jpg 1024w, https:\/\/nuevademocracia.com.co\/wp-content\/uploads\/2025\/10\/Entre-banderas-tambores-gritos-y-arengas-ayer-se-recordo-que-la-ocupacion-no-solo-destruye-t-2-1-300x199.jpg 300w, https:\/\/nuevademocracia.com.co\/wp-content\/uploads\/2025\/10\/Entre-banderas-tambores-gritos-y-arengas-ayer-se-recordo-que-la-ocupacion-no-solo-destruye-t-2-1-768x508.jpg 768w, https:\/\/nuevademocracia.com.co\/wp-content\/uploads\/2025\/10\/Entre-banderas-tambores-gritos-y-arengas-ayer-se-recordo-que-la-ocupacion-no-solo-destruye-t-2-1.jpg 1080w\" sizes=\"auto, (max-width: 1024px) 100vw, 1024px\" \/><\/figure>\n<\/div>\n\n\n\n<div class=\"wp-block-group is-layout-constrained wp-block-group-is-layout-constrained\"><\/div>\n\n\n\n<div class=\"wp-block-group is-layout-grid wp-container-core-group-is-layout-bae6891b wp-block-group-is-layout-grid\">\n<figure class=\"wp-block-image size-large\"><img loading=\"lazy\" decoding=\"async\" width=\"1024\" height=\"678\" src=\"https:\/\/nuevademocracia.com.co\/wp-content\/uploads\/2025\/10\/Entre-banderas-tambores-gritos-y-arengas-ayer-se-recordo-que-la-ocupacion-no-solo-destruye-t-4-1024x678.jpg\" alt=\"\" class=\"wp-image-28168\" srcset=\"https:\/\/nuevademocracia.com.co\/wp-content\/uploads\/2025\/10\/Entre-banderas-tambores-gritos-y-arengas-ayer-se-recordo-que-la-ocupacion-no-solo-destruye-t-4-1024x678.jpg 1024w, https:\/\/nuevademocracia.com.co\/wp-content\/uploads\/2025\/10\/Entre-banderas-tambores-gritos-y-arengas-ayer-se-recordo-que-la-ocupacion-no-solo-destruye-t-4-300x199.jpg 300w, https:\/\/nuevademocracia.com.co\/wp-content\/uploads\/2025\/10\/Entre-banderas-tambores-gritos-y-arengas-ayer-se-recordo-que-la-ocupacion-no-solo-destruye-t-4-768x508.jpg 768w, https:\/\/nuevademocracia.com.co\/wp-content\/uploads\/2025\/10\/Entre-banderas-tambores-gritos-y-arengas-ayer-se-recordo-que-la-ocupacion-no-solo-destruye-t-4.jpg 1080w\" sizes=\"auto, (max-width: 1024px) 100vw, 1024px\" \/><\/figure>\n\n\n\n<figure class=\"wp-block-image size-large\"><img loading=\"lazy\" decoding=\"async\" width=\"1024\" height=\"678\" src=\"https:\/\/nuevademocracia.com.co\/wp-content\/uploads\/2025\/10\/Entre-banderas-tambores-gritos-y-arengas-ayer-se-recordo-que-la-ocupacion-no-solo-destruye-t-1024x678.jpg\" alt=\"\" class=\"wp-image-28169\" srcset=\"https:\/\/nuevademocracia.com.co\/wp-content\/uploads\/2025\/10\/Entre-banderas-tambores-gritos-y-arengas-ayer-se-recordo-que-la-ocupacion-no-solo-destruye-t-1024x678.jpg 1024w, https:\/\/nuevademocracia.com.co\/wp-content\/uploads\/2025\/10\/Entre-banderas-tambores-gritos-y-arengas-ayer-se-recordo-que-la-ocupacion-no-solo-destruye-t-300x199.jpg 300w, https:\/\/nuevademocracia.com.co\/wp-content\/uploads\/2025\/10\/Entre-banderas-tambores-gritos-y-arengas-ayer-se-recordo-que-la-ocupacion-no-solo-destruye-t-768x508.jpg 768w, https:\/\/nuevademocracia.com.co\/wp-content\/uploads\/2025\/10\/Entre-banderas-tambores-gritos-y-arengas-ayer-se-recordo-que-la-ocupacion-no-solo-destruye-t.jpg 1080w\" sizes=\"auto, (max-width: 1024px) 100vw, 1024px\" \/><\/figure>\n<\/div>\n\n\n\n<p class=\"has-text-align-center has-black-color has-text-color has-link-color wp-elements-c6ddd1ccb12712f494cfed5e1bbf64aa\">Fotograf\u00edas: IG @latiafotografa<\/p>\n\n\n\n<p>Bogot\u00e1:<\/p>\n\n\n\n<div class=\"wp-block-group is-layout-grid wp-container-core-group-is-layout-1ebaf686 wp-block-group-is-layout-grid\">\n<figure class=\"wp-block-image size-large\"><img loading=\"lazy\" decoding=\"async\" width=\"1024\" height=\"768\" src=\"https:\/\/nuevademocracia.com.co\/wp-content\/uploads\/2025\/10\/07-de-Octubre-Marcha-contra-el-genocidio-palestinoPt.-2-1-1-1024x768.jpg\" alt=\"\" class=\"wp-image-28172\" srcset=\"https:\/\/nuevademocracia.com.co\/wp-content\/uploads\/2025\/10\/07-de-Octubre-Marcha-contra-el-genocidio-palestinoPt.-2-1-1-1024x768.jpg 1024w, https:\/\/nuevademocracia.com.co\/wp-content\/uploads\/2025\/10\/07-de-Octubre-Marcha-contra-el-genocidio-palestinoPt.-2-1-1-300x225.jpg 300w, https:\/\/nuevademocracia.com.co\/wp-content\/uploads\/2025\/10\/07-de-Octubre-Marcha-contra-el-genocidio-palestinoPt.-2-1-1-768x576.jpg 768w, https:\/\/nuevademocracia.com.co\/wp-content\/uploads\/2025\/10\/07-de-Octubre-Marcha-contra-el-genocidio-palestinoPt.-2-1-1.jpg 1080w\" sizes=\"auto, (max-width: 1024px) 100vw, 1024px\" \/><\/figure>\n<\/div>\n\n\n\n<div class=\"wp-block-group is-layout-constrained wp-block-group-is-layout-constrained\"><\/div>\n\n\n\n<div class=\"wp-block-group is-layout-grid wp-container-core-group-is-layout-e766bbef wp-block-group-is-layout-grid\">\n<figure class=\"wp-block-image size-large\"><img loading=\"lazy\" decoding=\"async\" width=\"768\" height=\"1024\" src=\"https:\/\/nuevademocracia.com.co\/wp-content\/uploads\/2025\/10\/07-de-Octubre-Marcha-contra-el-genocidio-palestinoPt.-2-2-768x1024.jpg\" alt=\"\" class=\"wp-image-28173\" srcset=\"https:\/\/nuevademocracia.com.co\/wp-content\/uploads\/2025\/10\/07-de-Octubre-Marcha-contra-el-genocidio-palestinoPt.-2-2-768x1024.jpg 768w, https:\/\/nuevademocracia.com.co\/wp-content\/uploads\/2025\/10\/07-de-Octubre-Marcha-contra-el-genocidio-palestinoPt.-2-2-225x300.jpg 225w, https:\/\/nuevademocracia.com.co\/wp-content\/uploads\/2025\/10\/07-de-Octubre-Marcha-contra-el-genocidio-palestinoPt.-2-2.jpg 1080w\" sizes=\"auto, (max-width: 768px) 100vw, 768px\" \/><\/figure>\n\n\n\n<figure class=\"wp-block-image size-large\"><img loading=\"lazy\" decoding=\"async\" width=\"768\" height=\"1024\" src=\"https:\/\/nuevademocracia.com.co\/wp-content\/uploads\/2025\/10\/07-de-Octubre-Marcha-contra-el-genocidio-palestinoPt.-2-3-768x1024.jpg\" alt=\"\" class=\"wp-image-28174\" srcset=\"https:\/\/nuevademocracia.com.co\/wp-content\/uploads\/2025\/10\/07-de-Octubre-Marcha-contra-el-genocidio-palestinoPt.-2-3-768x1024.jpg 768w, https:\/\/nuevademocracia.com.co\/wp-content\/uploads\/2025\/10\/07-de-Octubre-Marcha-contra-el-genocidio-palestinoPt.-2-3-225x300.jpg 225w, https:\/\/nuevademocracia.com.co\/wp-content\/uploads\/2025\/10\/07-de-Octubre-Marcha-contra-el-genocidio-palestinoPt.-2-3.jpg 1080w\" sizes=\"auto, (max-width: 768px) 100vw, 768px\" \/><\/figure>\n\n\n\n<figure class=\"wp-block-image size-large\"><img loading=\"lazy\" decoding=\"async\" width=\"768\" height=\"1024\" src=\"https:\/\/nuevademocracia.com.co\/wp-content\/uploads\/2025\/10\/7-de-Octubre-Marcha-rechazando-el-genocidio-del-pueblo-palestino-Esta-no-es-solo-una-manifesta-1-768x1024.jpg\" alt=\"\" class=\"wp-image-28175\" srcset=\"https:\/\/nuevademocracia.com.co\/wp-content\/uploads\/2025\/10\/7-de-Octubre-Marcha-rechazando-el-genocidio-del-pueblo-palestino-Esta-no-es-solo-una-manifesta-1-768x1024.jpg 768w, https:\/\/nuevademocracia.com.co\/wp-content\/uploads\/2025\/10\/7-de-Octubre-Marcha-rechazando-el-genocidio-del-pueblo-palestino-Esta-no-es-solo-una-manifesta-1-225x300.jpg 225w, https:\/\/nuevademocracia.com.co\/wp-content\/uploads\/2025\/10\/7-de-Octubre-Marcha-rechazando-el-genocidio-del-pueblo-palestino-Esta-no-es-solo-una-manifesta-1.jpg 1080w\" sizes=\"auto, (max-width: 768px) 100vw, 768px\" \/><\/figure>\n<\/div>\n\n\n\n<div class=\"wp-block-group is-layout-constrained wp-block-group-is-layout-constrained\"><\/div>\n\n\n\n<div class=\"wp-block-group is-content-justification-center is-nowrap is-layout-flex wp-container-core-group-is-layout-23441af8 wp-block-group-is-layout-flex\">\n<figure class=\"wp-block-image size-large\"><img loading=\"lazy\" decoding=\"async\" width=\"768\" height=\"1024\" src=\"https:\/\/nuevademocracia.com.co\/wp-content\/uploads\/2025\/10\/7-de-Octubre-Marcha-rechazando-el-genocidio-del-pueblo-palestino-Esta-no-es-solo-una-manifesta-1-1-768x1024.jpg\" alt=\"\" class=\"wp-image-28176\" srcset=\"https:\/\/nuevademocracia.com.co\/wp-content\/uploads\/2025\/10\/7-de-Octubre-Marcha-rechazando-el-genocidio-del-pueblo-palestino-Esta-no-es-solo-una-manifesta-1-1-768x1024.jpg 768w, https:\/\/nuevademocracia.com.co\/wp-content\/uploads\/2025\/10\/7-de-Octubre-Marcha-rechazando-el-genocidio-del-pueblo-palestino-Esta-no-es-solo-una-manifesta-1-1-225x300.jpg 225w, https:\/\/nuevademocracia.com.co\/wp-content\/uploads\/2025\/10\/7-de-Octubre-Marcha-rechazando-el-genocidio-del-pueblo-palestino-Esta-no-es-solo-una-manifesta-1-1.jpg 1080w\" sizes=\"auto, (max-width: 768px) 100vw, 768px\" \/><\/figure>\n\n\n\n<figure class=\"wp-block-image size-large\"><img loading=\"lazy\" decoding=\"async\" width=\"768\" height=\"1024\" src=\"https:\/\/nuevademocracia.com.co\/wp-content\/uploads\/2025\/10\/7-de-Octubre-Marcha-rechazando-el-genocidio-del-pueblo-palestino-Esta-no-es-solo-una-manifesta-768x1024.jpg\" alt=\"\" class=\"wp-image-28177\" srcset=\"https:\/\/nuevademocracia.com.co\/wp-content\/uploads\/2025\/10\/7-de-Octubre-Marcha-rechazando-el-genocidio-del-pueblo-palestino-Esta-no-es-solo-una-manifesta-768x1024.jpg 768w, https:\/\/nuevademocracia.com.co\/wp-content\/uploads\/2025\/10\/7-de-Octubre-Marcha-rechazando-el-genocidio-del-pueblo-palestino-Esta-no-es-solo-una-manifesta-225x300.jpg 225w, https:\/\/nuevademocracia.com.co\/wp-content\/uploads\/2025\/10\/7-de-Octubre-Marcha-rechazando-el-genocidio-del-pueblo-palestino-Esta-no-es-solo-una-manifesta.jpg 1080w\" sizes=\"auto, (max-width: 768px) 100vw, 768px\" \/><\/figure>\n<\/div>\n\n\n\n<p class=\"has-text-align-center\">Fotograf\u00edas: IG @fotogenia.disruptiva<\/p>\n\n\n\n<p><\/p>\n","protected":false},"excerpt":{"rendered":"<p>La jornada se destac\u00f3 por ser una de las movilizaciones m\u00e1s grandes realizadas en Medell\u00edn en estos dos a\u00f1os y por su car\u00e1cter combativo en contra de grandes monopolios, particularmente contra el McDonald\u2019s, patrocinador de las fuerzas de ocupaci\u00f3n israel\u00ed y por tanto del genocidio en Palestina. <\/p>\n","protected":false},"author":1,"featured_media":28151,"comment_status":"open","ping_status":"open","sticky":false,"template":"","format":"standard","meta":{"footnotes":""},"categories":[16,4,135],"tags":[],"class_list":["post-28148","post","type-post","status-publish","format-standard","has-post-thumbnail","hentry","category-carrusel","category-colombia","category-resistencia-palestina"],"blocksy_meta":[],"_links":{"self":[{"href":"https:\/\/nuevademocracia.com.co\/index.php?rest_route=\/wp\/v2\/posts\/28148","targetHints":{"allow":["GET"]}}],"collection":[{"href":"https:\/\/nuevademocracia.com.co\/index.php?rest_route=\/wp\/v2\/posts"}],"about":[{"href":"https:\/\/nuevademocracia.com.co\/index.php?rest_route=\/wp\/v2\/types\/post"}],"author":[{"embeddable":true,"href":"https:\/\/nuevademocracia.com.co\/index.php?rest_route=\/wp\/v2\/users\/1"}],"replies":[{"embeddable":true,"href":"https:\/\/nuevademocracia.com.co\/index.php?rest_route=%2Fwp%2Fv2%2Fcomments&post=28148"}],"version-history":[{"count":6,"href":"https:\/\/nuevademocracia.com.co\/index.php?rest_route=\/wp\/v2\/posts\/28148\/revisions"}],"predecessor-version":[{"id":29046,"href":"https:\/\/nuevademocracia.com.co\/index.php?rest_route=\/wp\/v2\/posts\/28148\/revisions\/29046"}],"wp:featuredmedia":[{"embeddable":true,"href":"https:\/\/nuevademocracia.com.co\/index.php?rest_route=\/wp\/v2\/media\/28151"}],"wp:attachment":[{"href":"https:\/\/nuevademocracia.com.co\/index.php?rest_route=%2Fwp%2Fv2%2Fmedia&parent=28148"}],"wp:term":[{"taxonomy":"category","embeddable":true,"href":"https:\/\/nuevademocracia.com.co\/index.php?rest_route=%2Fwp%2Fv2%2Fcategories&post=28148"},{"taxonomy":"post_tag","embeddable":true,"href":"https:\/\/nuevademocracia.com.co\/index.php?rest_route=%2Fwp%2Fv2%2Ftags&post=28148"}],"curies":[{"name":"wp","href":"https:\/\/api.w.org\/{rel}","templated":true}]}}