{"id":28188,"date":"2025-10-25T08:00:00","date_gmt":"2025-10-25T13:00:00","guid":{"rendered":"https:\/\/nuevademocracia.com.co\/?p=28188"},"modified":"2025-10-23T17:13:53","modified_gmt":"2025-10-23T22:13:53","slug":"editorial-de-and-el-viejo-orden-sobre-arenas-movedizas","status":"publish","type":"post","link":"https:\/\/nuevademocracia.com.co\/?p=28188","title":{"rendered":"Editorial de AND \u2013 El viejo orden sobre arenas movedizas"},"content":{"rendered":"\n<p class=\"has-black-color has-text-color has-link-color wp-elements-e45d598e36e05d641f1b801122c35c9b\"><em>Publicamos una traducci\u00f3n no oficial encontrada en el\u00a0<a href=\"https:\/\/heraldorojo.org\/2025\/10\/21\/editorial-de-and-el-viejo-orden-sobre-arenas-movedizas\/\">Heraldo Rojo<\/a>\u00a0del editorial de\u00a0<a href=\"https:\/\/anovademocracia.com.br\/a-velha-ordem-sobre-areia-movedica\/\">A Nova Democracia<\/a><\/em><\/p>\n\n\n\n<p class=\"has-black-color has-text-color has-link-color wp-elements-931a275feb03c5f5444809898b9e2857\">La verdad es, simplemente la siguiente: cuanto mayor es la concentraci\u00f3n de la riqueza en un polo y la pobreza en otro, mayor es la necesidad, para los Estados burgueses, de elevar su reaccionarizaci\u00f3n, con restricciones o cancelaciones de las libertades democr\u00e1ticas, que ya son muy limitadas. La \u201cautocratizaci\u00f3n\u201d no es otra cosa que la marcha de la democracia burguesa hacia el absolutismo presidencialista, con crecientes medidas fascistas y, en algunos casos, hacia el fascismo mismo.<\/p>\n\n\n\n<hr class=\"wp-block-separator has-text-color has-vivid-red-color has-alpha-channel-opacity has-vivid-red-background-color has-background\"\/>\n\n\n\n<figure class=\"wp-block-image aligncenter size-full is-resized\"><img loading=\"lazy\" decoding=\"async\" width=\"984\" height=\"712\" src=\"https:\/\/nuevademocracia.com.co\/wp-content\/uploads\/2025\/10\/image-3.png\" alt=\"\" class=\"wp-image-28191\" style=\"width:761px;height:auto\" srcset=\"https:\/\/nuevademocracia.com.co\/wp-content\/uploads\/2025\/10\/image-3.png 984w, https:\/\/nuevademocracia.com.co\/wp-content\/uploads\/2025\/10\/image-3-300x217.png 300w, https:\/\/nuevademocracia.com.co\/wp-content\/uploads\/2025\/10\/image-3-768x556.png 768w\" sizes=\"auto, (max-width: 984px) 100vw, 984px\" \/><\/figure>\n\n\n\n<p><\/p>\n\n\n\n<p class=\"has-black-color has-text-color has-link-color wp-elements-4f09b60bdd536cfabde61ae706be496d\">El informe&nbsp;<em>World Social Report<\/em>&nbsp;2025, elaborado por la propia ONU bajo la batuta imperialista, registra algunos elementos clave para medir el grado de descomposici\u00f3n sin precedentes del sistema imperialista. Su diagn\u00f3stico, aunque provenga de una fuente de la reacci\u00f3n mundial, llamada \u201cComunidad Internacional\u201d, ya no puede ocultar toda la realidad, a pesar de que sus n\u00fameros est\u00e1n maquillados, aun as\u00ed revelan la gravedad del estado del sistema imperialista. Su informe define la situaci\u00f3n como una \u201ccrisis social global\u201d, agravada por una \u201cinseguridad econ\u00f3mica\u201d, \u201cdesigualdad creciente\u201d y \u201cp\u00e9rdida de confianza en las instituciones\u201d.<\/p>\n\n\n\n<p class=\"has-black-color has-text-color has-link-color wp-elements-69eebe6acaf450a4a0e804ffa244678a\">Seg\u00fan este reporte, m\u00e1s de 2,8 mil millones de seres humanos viven con ingresos entre 2,15 y 6,85 d\u00f3lares\/d\u00eda, lo que los conduce a sobrevivir en condiciones subhumanas, y de ning\u00fan modo pueden&nbsp;<em>vivir<\/em>, en el pleno sentido de la palabra, en este sistema de brutal opresi\u00f3n. No obstante, m\u00e1s del 65% de la poblaci\u00f3n global vive en pa\u00edses cuyas condiciones de \u201cdesigualdad\u201d se agravan; es decir, la concentraci\u00f3n indecente de riqueza aumenta en la misma proporci\u00f3n en que crece una masa de miserables. No sin raz\u00f3n, la mayor\u00eda de la poblaci\u00f3n, seg\u00fan el informe, indica tener poca o ninguna confianza en los gobiernos, especialmente entre los m\u00e1s j\u00f3venes.<\/p>\n\n\n\n<p class=\"has-black-color has-text-color has-link-color wp-elements-f0f165be91def1af6f97019810b4284d\">No solo la ONU, sino tambi\u00e9n&nbsp;<em>think tanks<\/em>&nbsp;imperialistas, como el estadounidense \u201cFreedom House\u201d, el brit\u00e1nico \u201cEconomist Intelligence Unit\u201d (EIU) y el sueco \u201cVariedades de la Democracia\u201d (V-Dem), aunque utilizan indicadores distintos, concluyeron todos en sus informes anuales de 2025 que la \u201cdemocracia\u201d (es decir, la vieja democracia burguesa) sigue en declive. El V-Dem destaca el \u201caumento de la violencia pol\u00edtica\u201d y una \u201cola de autocratizaci\u00f3n\u201d que ha crecido vertiginosamente en los \u00faltimos 25 a\u00f1os en el mundo, se\u00f1alando que Estados Unidos est\u00e1 atravesando su \u201cepisodio de autocratizaci\u00f3n de evoluci\u00f3n m\u00e1s r\u00e1pida en la historia moderna\u201d y en \u201cescala sin precedentes\u201d. No es de extra\u00f1ar, \u00bfverdad? Es un cinismo como para tapar el sol, ya que la severidad de su crisis no permite un consenso para esconderla, y las mentiras ya no cuelan como antes.<\/p>\n\n\n\n<p class=\"has-black-color has-text-color has-link-color wp-elements-32cc0ed42e9f68085a13a5bfb03f09d5\">La verdad es, simplemente la siguiente: cuanto mayor es la concentraci\u00f3n de la riqueza en un polo y la pobreza en otro, mayor es la necesidad, para los Estados burgueses, de elevar su reaccionarizaci\u00f3n, con restricciones o cancelaciones de las libertades democr\u00e1ticas, que ya son muy limitadas. La \u201cautocratizaci\u00f3n\u201d no es otra cosa que la marcha de la democracia burguesa hacia el absolutismo presidencialista, con crecientes medidas fascistas y, en algunos casos, hacia el fascismo mismo. El capital monopolista, es decir, el imperialismo, tiende a la violencia y a la reacci\u00f3n en toda la l\u00ednea, manifest\u00e1ndose pol\u00edticamente en guerra de agresi\u00f3n contra las naciones oprimidas por las naciones imperialistas y por el reparto del mundo entre ellas. Y por tanto, desde la Primera Guerra Mundial imperialista, desde el punto de vista social, como socialchovinismo que, bajo la senilidad de la rep\u00fablica democr\u00e1tica burguesa, incluso con la gesti\u00f3n de la socialdemocracia, no produce m\u00e1s que frustraci\u00f3n y resentimiento en las masas populares ante el fracaso y la ca\u00edda de esa izquierda burguesa; es la base de la que emergi\u00f3 la extrema derecha en todo el mundo en la \u00faltima d\u00e9cada.<\/p>\n\n\n\n<p class=\"has-black-color has-text-color has-link-color wp-elements-256f6fc7ece67f7d7c32cd6d81c03ef4\">La Fundaci\u00f3n Carnegie, por su parte, a trav\u00e9s del \u201cMonitor Global de Protestas\u201d, afirma que \u201clas protestas antigubernamentales de gran magnitud y con un fuerte car\u00e1cter pol\u00edtico est\u00e1n multiplic\u00e1ndose en diversas regiones\u201d. Tambi\u00e9n se\u00f1ala que \u201clas movilizaciones en muchos pa\u00edses\u201d han crecido desde 2024, impulsadas en su mayor\u00eda por la \u201cpresi\u00f3n autocr\u00e1tica\u201d y las \u201cacciones antidemocr\u00e1ticas de los gobiernos\u201d: donde hay opresi\u00f3n, hay resistencia, y la explosividad de las masas alcanza grados sin precedentes. As\u00ed, el \u201cMonitor\u201d informa que, en los \u00faltimos 12 meses (hasta el 1 de septiembre), han ocurrido m\u00e1s de 142 \u201cprotestas antigubernamentales significativas\u201d, muchas de las cuales duraron d\u00edas e incluso meses. Estas son claramente tendencias preinsurreccionales que marcan el desarrollo de una situaci\u00f3n revolucionaria en todo el mundo, aunque de manera desigual, cuyos levantamientos populares apuntan al fin hist\u00f3rico del sistema imperialista y de sus formas pol\u00edticas, as\u00ed como a la tendencia pol\u00edtica hacia su sustituci\u00f3n. Obviamente, esto depende de la existencia de una direcci\u00f3n proletaria para garantizar el rumbo de la transformaci\u00f3n social, dotando a tales levantamientos de la estrategia y t\u00e1cticas indispensables para triunfar: en suma, Partidos revolucionarios del proletariado.<\/p>\n\n\n\n<p class=\"has-text-align-center has-black-color has-text-color has-link-color wp-elements-82cd781facb190976d2ed704b89a5e40\">***<\/p>\n\n\n\n<p class=\"has-black-color has-text-color has-link-color wp-elements-dad9e2bc76bdded28e042a3a8230dc00\">Una expresi\u00f3n bastante concreta de esta situaci\u00f3n se ha visto en Am\u00e9rica Latina, que marcha cada vez m\u00e1s hacia convertirse en el eslab\u00f3n m\u00e1s d\u00e9bil de la cadena de dominaci\u00f3n imperialista. En medio de la formidable crisis general del sistema, la regi\u00f3n se ha convertido en el \u201cpatio trasero\u201d de la superpotencia hegem\u00f3nica \u00fanica yanqui, la cual, en franco declive de su dominio mundial, se encuentra amenazada por la inestabilidad econ\u00f3mica, la agudizaci\u00f3n de la lucha de clases y los levantamientos populares en sus pa\u00edses, que cuentan con la rica experiencia de la Guerra Popular en Per\u00fa.<\/p>\n\n\n\n<p class=\"has-black-color has-text-color has-link-color wp-elements-bc9a5335cce73cdcd4b9072acb562df6\">El cuento de \u201cestabilidad\u201d en el subcontinente se desmorona lentamente. En Per\u00fa, el levantamiento popular, que ha llevado a verdaderos combates en las calles con un alto costo en vidas, ya ha depuesto a la presidenta golpista Dina Boluarte, y ahora el pa\u00eds tiene al s\u00e9ptimo presidente en apenas 10 a\u00f1os. En resumen, es un pa\u00eds ingobernable debido al antagonismo social brutal y a la desmoralizaci\u00f3n sin precedentes de su vieja orden, donde una Revoluci\u00f3n est\u00e1 en curso, aunque enfrenta las dificultades inherentes a toda gran empresa. Ecuador no da un ejemplo diferente: el levantamiento de campesinos, ind\u00edgenas y otros sectores populares se dirige tambi\u00e9n contra el aumento del costo de la vida, que se agrava con el aumento de los combustibles, pero no solo eso: crece la ira de las masas contra los abusos, corrupci\u00f3n y opresi\u00f3n de un gobierno cada vez m\u00e1s fascista y vendepatria.<\/p>\n\n\n\n<p class=\"has-black-color has-text-color has-link-color wp-elements-c4eeb53a8c1d41234e7e90e8f521baff\">La vieja democracia burguesa, o en el caso de los pa\u00edses semicoloniales, su simulacro burocr\u00e1tico-feudal con instituciones vac\u00edas de contenido republicano, es un ente incapaz de \u201cmediar en los conflictos\u201d. Su verdadero significado es percibido por las masas: un instrumento a trav\u00e9s del cual los ricos, las clases dominantes locales que sirven al imperialismo, principalmente el yanqui, imponen represi\u00f3n y venden ilusiones a los pobres, no mereciendo ninguna confianza.<\/p>\n\n\n\n<p class=\"has-black-color has-text-color has-link-color wp-elements-e33cac0c9d7ba891eea51f8657683cd2\">Lo mismo sucede en nuestro Pa\u00eds, como lo demuestra el crecimiento en las zonas rurales, de episodios en los que autodefensas armadas campesinas repelen a paramilitares comandados por altas jerarqu\u00edas de polic\u00edas militares, que adem\u00e1s est\u00e1n integrados por polic\u00edas cada vez m\u00e1s bien armados y estructurados con el apoyo directo y activo de esas mismas corporaciones represivas oficiales. Los campesinos y los dem\u00e1s pobres del campo no consienten en la representaci\u00f3n de tal o cual pol\u00edtico, juez o fiscal, promotor de \u201cizquierda\u201d (falsa) o de derecha, o cualquier cosa que venga de Brasilia o de otros lugares, porque han aprendido instintivamente que se trata de algo maligno.<\/p>\n\n\n\n<p class=\"has-black-color has-text-color has-link-color wp-elements-e1650b1dcbbc2e97896020e82b2c65ac\">Antes prefieren confiar en sus propias fuerzas y organizaciones, cada vez m\u00e1s, en un sentido opuesto al llamado \u201cEstado democr\u00e1tico de derecho\u201d, y la culpa recae sobre este, por no ser ni poder ser democr\u00e1tico o \u201cde derecho\u201d. La lucha de clases solo se profundizar\u00e1 y tomar\u00e1 una forma cada vez mayor de Revoluci\u00f3n Agraria, una perspectiva pol\u00edtica que apunta hacia un Brasil Nuevo, un gobierno de obreros, campesinos, intelectualidad honesta y peque\u00f1os y medianos propietarios. Todo indica que un auge revolucionario se producir\u00e1 en el campo, como sentenci\u00f3 cierta vez el Presidente Mao Tsetung, en los primeros meses de la Revoluci\u00f3n Agraria de 1924-27 en la antigua China.<\/p>\n\n\n\n<p class=\"has-text-align-center has-black-color has-text-color has-link-color wp-elements-eafadd562028abbab4f55a1c5774773b\">***<\/p>\n\n\n\n<p class=\"has-black-color has-text-color has-link-color wp-elements-cf2a1e50b07cf846b9b80938dcbbe5f3\">Despu\u00e9s la imposici\u00f3n del acuerdo de cese al fuego por parte de la Resistencia Nacional Palestina, los monopolios medi\u00e1ticos de todo el mundo no tardaron en proclamar al ultrarreaccionario Donald Trump como el gran art\u00edfice del \u201cplan de paz\u201d. Trump incluso ansiaba ganar el Premio Nobel de la Paz, pero dado que premiarlo ser\u00eda demasiado desmoralizador (como lo fue el premio al genocida Obama en 2009, en una \u00e9poca en la que la hegemon\u00eda de Estados Unidos ni siquiera era tan cuestionada como hoy), terminaron d\u00e1ndoselo a otra lacaya alineada con los planes imperiales, en este caso, una gusana cualquiera, tan insignificante que ni siquiera mencionaremos su nombre. Los peri\u00f3dicos tambi\u00e9n dijeron que Ham\u00e1s se vio \u201cpresionado\u201d por la amenaza de Estados Unidos de \u201cerradicarlo\u201d. Sin embargo, lo m\u00e1s probable es que los l\u00edderes de la Resistencia hayan visto esa tonter\u00eda como una broma de mal gusto. Despu\u00e9s de todo, \u00bfen qu\u00e9 diablos se diferencia de lo que los yanquis y los sionistas han estado diciendo durante los \u00faltimos 80 a\u00f1os y, en particular, durante los \u00faltimos seis meses? \u00a1De ah\u00ed la contundente respuesta de la alta direcci\u00f3n de la Resistencia Nacional Palestina, que afirma que la continuidad de la lucha armada y el rechazo al desarme son innegociables!<\/p>\n\n\n\n<p class=\"has-black-color has-text-color has-link-color wp-elements-0404b9bf69d68ddff1544ef9d15b54eb\">Que r\u00edan las hienas nazi-sionistas, sobre todo el anticristo Benjam\u00edn \u201cSatanyahu\u201d, mientras puedan. El genocidio contra el pueblo palestino, un siniestro intento que pasar\u00e1 a la historia de la humanidad junto con los campos de concentraci\u00f3n nazis como los ejemplos m\u00e1s infames y vergonzosos, no ha podido acabar con este pueblo intr\u00e9pido, ejemplo de lo mejor que ha producido la humanidad en estos tiempos. El sacrificio palestino ha levantado a las masas de todo el planeta y exhorta a los oprimidos de la Tierra a rebelarse contra sus tiranos. La entidad nazi-sionista tiene sus entra\u00f1as putrefactas al descubierto. As\u00ed, las calles y los campos rebosan de amor infinito por el maravilloso pueblo palestino y de odio sin piedad por el sionismo y sus lamebotas en todo el mundo. \u00a1Viva la Bendita Palestina!<\/p>\n\n\n\n<p><\/p>\n","protected":false},"excerpt":{"rendered":"<p>La verdad es, simplemente la siguiente: cuanto mayor es la concentraci\u00f3n de la riqueza en un polo y la pobreza en otro, mayor es la necesidad, para los Estados burgueses, de elevar su reaccionarizaci\u00f3n<\/p>\n","protected":false},"author":1,"featured_media":28190,"comment_status":"open","ping_status":"open","sticky":false,"template":"","format":"standard","meta":{"footnotes":""},"categories":[16,31],"tags":[],"class_list":["post-28188","post","type-post","status-publish","format-standard","has-post-thumbnail","hentry","category-carrusel","category-internacional"],"blocksy_meta":[],"_links":{"self":[{"href":"https:\/\/nuevademocracia.com.co\/index.php?rest_route=\/wp\/v2\/posts\/28188","targetHints":{"allow":["GET"]}}],"collection":[{"href":"https:\/\/nuevademocracia.com.co\/index.php?rest_route=\/wp\/v2\/posts"}],"about":[{"href":"https:\/\/nuevademocracia.com.co\/index.php?rest_route=\/wp\/v2\/types\/post"}],"author":[{"embeddable":true,"href":"https:\/\/nuevademocracia.com.co\/index.php?rest_route=\/wp\/v2\/users\/1"}],"replies":[{"embeddable":true,"href":"https:\/\/nuevademocracia.com.co\/index.php?rest_route=%2Fwp%2Fv2%2Fcomments&post=28188"}],"version-history":[{"count":2,"href":"https:\/\/nuevademocracia.com.co\/index.php?rest_route=\/wp\/v2\/posts\/28188\/revisions"}],"predecessor-version":[{"id":28194,"href":"https:\/\/nuevademocracia.com.co\/index.php?rest_route=\/wp\/v2\/posts\/28188\/revisions\/28194"}],"wp:featuredmedia":[{"embeddable":true,"href":"https:\/\/nuevademocracia.com.co\/index.php?rest_route=\/wp\/v2\/media\/28190"}],"wp:attachment":[{"href":"https:\/\/nuevademocracia.com.co\/index.php?rest_route=%2Fwp%2Fv2%2Fmedia&parent=28188"}],"wp:term":[{"taxonomy":"category","embeddable":true,"href":"https:\/\/nuevademocracia.com.co\/index.php?rest_route=%2Fwp%2Fv2%2Fcategories&post=28188"},{"taxonomy":"post_tag","embeddable":true,"href":"https:\/\/nuevademocracia.com.co\/index.php?rest_route=%2Fwp%2Fv2%2Ftags&post=28188"}],"curies":[{"name":"wp","href":"https:\/\/api.w.org\/{rel}","templated":true}]}}