{"id":28196,"date":"2025-10-28T18:22:01","date_gmt":"2025-10-28T23:22:01","guid":{"rendered":"https:\/\/nuevademocracia.com.co\/?p=28196"},"modified":"2025-10-28T18:22:02","modified_gmt":"2025-10-28T23:22:02","slug":"el-imperialismo-yanqui-lanza-acusaciones-contra-colombia-y-venezuela-con-pretextos-de-militarizacion-en-el-subcontinente","status":"publish","type":"post","link":"https:\/\/nuevademocracia.com.co\/?p=28196","title":{"rendered":"El imperialismo yanqui lanza acusaciones contra Colombia y Venezuela con pretextos de militarizaci\u00f3n en el subcontinente"},"content":{"rendered":"\n<p class=\"has-black-color has-text-color has-link-color wp-elements-b6de626609b52f8afc40711cc1780639\"><em>Traducci\u00f3n no oficial de un art\u00edculo de <a href=\"https:\/\/anovademocracia.com.br\/imperialismo-ianque-jacta-acusacoes-contra-colombia-e-venezuela-com-pretextos-de-militarizacao-no-subcontinente\/\">A Nova Democracia<\/a><\/em><\/p>\n\n\n\n<p class=\"has-black-color has-text-color has-link-color wp-elements-c987f5f8a2801626624e1076bc465bd9\">Como parte de su guerra de baja intensidad, la vigilancia de la CIA sobre Am\u00e9rica Latina sirvi\u00f3 de inteligencia para impulsar a grupos paramilitares reaccionarios y anticomunistas en el subcontinente, lo que facilit\u00f3 la internacionalizaci\u00f3n del tr\u00e1fico de drogas, seg\u00fan acad\u00e9micos como Peter Dale Scott y Jonathan Marshall<\/p>\n\n\n\n<hr class=\"wp-block-separator has-text-color has-vivid-red-color has-alpha-channel-opacity has-vivid-red-background-color has-background\"\/>\n\n\n\n<figure class=\"wp-block-image aligncenter size-full is-resized\"><img loading=\"lazy\" decoding=\"async\" width=\"1021\" height=\"591\" src=\"https:\/\/nuevademocracia.com.co\/wp-content\/uploads\/2025\/10\/image-4.png\" alt=\"\" class=\"wp-image-28198\" style=\"width:715px;height:auto\" srcset=\"https:\/\/nuevademocracia.com.co\/wp-content\/uploads\/2025\/10\/image-4.png 1021w, https:\/\/nuevademocracia.com.co\/wp-content\/uploads\/2025\/10\/image-4-300x174.png 300w, https:\/\/nuevademocracia.com.co\/wp-content\/uploads\/2025\/10\/image-4-768x445.png 768w\" sizes=\"auto, (max-width: 1021px) 100vw, 1021px\" \/><figcaption class=\"wp-element-caption\"><em>EE. UU. asesina a un pescador en el mar Caribe con el pretexto de la \u00abguerra contra las drogas\u00bb. Foto: Reproducci\u00f3n.<\/em><\/figcaption><\/figure>\n\n\n\n<p class=\"has-black-color has-text-color has-link-color wp-elements-9171417b3a900e38d622667ebdd27dbf\">Con el pretexto de la \u00abguerra contra el narcotr\u00e1fico\u00bb y la \u00abseguridad hemisf\u00e9rica\u00bb, el presidente archirreaccionario Donald Trump declar\u00f3 el 19 de octubre que el presidente colombiano Gustavo Petro es \u00abl\u00edder del tr\u00e1fico de drogas\u00bb y anunci\u00f3 el corte inmediato de los \u00abpagos o subsidios\u00bb yanquis destinados a Colombia. Este disparate profundiza a\u00fan m\u00e1s la ofensiva contra las naciones latinoamericanas, que ya cuenta con acciones militares contra Venezuela y ahora promueve ataques contra la soberan\u00eda colombiana.<\/p>\n\n\n\n<p class=\"has-black-color has-text-color has-link-color wp-elements-b7814682f4873199cb0792ada362640b\">\u00abEl presidente Petro&#8230; fomenta en\u00e9rgicamente la producci\u00f3n masiva de drogas, en campos grandes y peque\u00f1os, en toda Colombia\u00bb, escribi\u00f3 Trump en su red social. \u00abA partir de hoy, estos pagos&#8230; ya no se realizar\u00e1n\u00bb, vocifer\u00f3 el aspirante a emperador Donald Trump.<\/p>\n\n\n\n<p class=\"has-black-color has-text-color has-link-color wp-elements-185f1c76e815776f1c4ffd0292246d9c\">Simult\u00e1neamente a la campa\u00f1a de difamaci\u00f3n contra la Naci\u00f3n colombiana, las fuerzas militares yanquis actuaron en el Caribe con ataques a embarcaciones que, seg\u00fan Estados Unidos, forman parte de organizaciones criminales o del narcotr\u00e1fico. En una de estas operaciones, una embarcaci\u00f3n colombiana fue hundida por militares yanquis. Colombia afirm\u00f3 que se trataba de un barco pesquero civil, lo que provoc\u00f3 la muerte del pescador Alejandro Carranza. Su cobarde asesinato gener\u00f3 la indignaci\u00f3n de las masas colombianas, que organizaron grandes protestas en Bogot\u00e1.<\/p>\n\n\n\n<figure class=\"wp-block-image aligncenter size-full is-resized\"><img loading=\"lazy\" decoding=\"async\" width=\"1024\" height=\"683\" src=\"https:\/\/nuevademocracia.com.co\/wp-content\/uploads\/2025\/10\/image-5.png\" alt=\"\" class=\"wp-image-28200\" style=\"width:689px;height:auto\" srcset=\"https:\/\/nuevademocracia.com.co\/wp-content\/uploads\/2025\/10\/image-5.png 1024w, https:\/\/nuevademocracia.com.co\/wp-content\/uploads\/2025\/10\/image-5-300x200.png 300w, https:\/\/nuevademocracia.com.co\/wp-content\/uploads\/2025\/10\/image-5-768x512.png 768w\" sizes=\"auto, (max-width: 1024px) 100vw, 1024px\" \/><figcaption class=\"wp-element-caption\"><em>Alejandro Carranza, pescador y padre de familia, fue asesinado por un bombardeo yanqui en el Caribe. Foto: Reproducci\u00f3n.<\/em><\/figcaption><\/figure>\n\n\n\n<p class=\"has-black-color has-text-color has-link-color wp-elements-25ef72dd67a0aa22bbf105f0ac7102d4\">Seg\u00fan el ministro del Interior colombiano, Armando Benedetti, \u201cestas declaraciones de Trump equivalen a una amenaza de invasi\u00f3n o de acci\u00f3n terrestre o militar contra Colombia\u201d, afirm\u00f3 en una entrevista. En respuesta, Bogot\u00e1 convoc\u00f3 a su embajador en Washington para consultas.<\/p>\n\n\n\n<p class=\"has-black-color has-text-color has-link-color wp-elements-38adc04adf7f9cc0c71b288d7af639d6\">La gravedad de la situaci\u00f3n es tal que incluso los analistas burgueses admiten que se trata de una reedici\u00f3n de la Doctrina Monroe, una \u201cMonroe 2.0\u201d, que busca reafirmar el dominio imperial en el continente en medio de las pugnas interimperialistas.<\/p>\n\n\n\n<h1 class=\"wp-block-heading has-vivid-red-color has-text-color has-link-color has-medium-font-size wp-elements-705879820d5237697744a69e025cd0b6\"><strong>Se profundiza la agresi\u00f3n contra las naciones oprimidas<\/strong><\/h1>\n\n\n\n<p class=\"has-black-color has-text-color has-link-color wp-elements-b1662d5f46bc3656e3c41bb854ec7139\">Estados Unidos tiene hoy la mayor presencia militar en el Caribe desde la invasi\u00f3n de Panam\u00e1 en 1989, en un intento de cercar a Venezuela y otros pa\u00edses que se alejan de su proyecto regional.<\/p>\n\n\n\n<p class=\"has-black-color has-text-color has-link-color wp-elements-347a1399c47fdd05fd87d3ca6f74f095\">La ofensiva demuestra que la \u201cguerra contra las drogas\u201d sirve de pretexto para reactivar el intervencionismo imperialista y consolidar el dominio sobre la llamada \u201cvecindad compartida\u201d.<\/p>\n\n\n\n<p class=\"has-black-color has-text-color has-link-color wp-elements-de233b2e8b66cbae29a968dee064c9e7\">El gobierno de Nicol\u00e1s Maduro, por ejemplo, ha sido se\u00f1alado por Washington como \u201ccabecilla de un cartel de drogas\u201d, acusaci\u00f3n que sustenta su ofensiva militar y diplom\u00e1tica. Colombia, por su parte, semicolonia yanqui, ve c\u00f3mo su relaci\u00f3n con la \u201cmetr\u00f3poli\u201d del Norte sufre graves sacudidas: la suspensi\u00f3n de la cooperaci\u00f3n militar, el fin de los subisdios, adem\u00e1s de la acusaci\u00f3n p\u00fablica, lo que constituye una nueva fase de la agresi\u00f3n contra la naci\u00f3n subyugada.<\/p>\n\n\n\n<p class=\"has-black-color has-text-color has-link-color wp-elements-d8bb4f328ee1856a9bfe504b599d3e49\">En declaraciones a la prensa, Petro denunci\u00f3: \u201cFuncionarios del Gobierno estadounidense cometieron un asesinato y violaron nuestra soberan\u00eda en aguas territoriales. El pescador Alejandro Carranza no ten\u00eda v\u00ednculos con el narcotr\u00e1fico y su actividad diaria era pescar. El barco colombiano estaba a la deriva y ten\u00eda una se\u00f1al de socorro encendida porque un motor estaba averiado. Esperamos explicaciones del Gobierno estadounidense\u201d.<\/p>\n\n\n\n<p class=\"has-black-color has-text-color has-link-color wp-elements-d7808032b26c969cce855e7be8177b3d\">Por su parte, Trump mantuvo su postura de agresor: \u201cEl objetivo de esta producci\u00f3n de drogas es la venta de grandes cantidades del producto en Estados Unidos, causando muerte, destrucci\u00f3n y caos&#8230; Petro, un l\u00edder mal valorado y muy impopular, con una boca sucia en relaci\u00f3n con Estados Unidos, m\u00e1s le vale cerrar inmediatamente esos campos de la muerte, o Estados Unidos los cerrar\u00e1 por \u00e9l, y no lo har\u00e1 de forma amable\u201d.<\/p>\n\n\n\n<h1 class=\"wp-block-heading has-vivid-red-color has-text-color has-link-color has-medium-font-size wp-elements-f75b4d049904e411ae15e42333f3dc4e\"><strong>El imperialismo yanqui: el mayor articulador del narcotr\u00e1fico internacional<\/strong><\/h1>\n\n\n\n<p class=\"has-black-color has-text-color has-link-color wp-elements-f7422f11b0dfa84ab340d47c1f95ef61\">La ofensiva de <em>la Agencia Central de Inteligencia <\/em>(CIA), entre otras agencias de Washington, contra los pa\u00edses de Am\u00e9rica Latina no se limita a la diplomacia agresiva o al bombardeo de barcos. Como parte de su guerra de baja intensidad, la vigilancia de la CIA sobre Am\u00e9rica Latina sirvi\u00f3 de inteligencia para impulsar a grupos paramilitares reaccionarios y anticomunistas en el subcontinente, lo que facilit\u00f3 la internacionalizaci\u00f3n del tr\u00e1fico de drogas, seg\u00fan acad\u00e9micos como Peter Dale Scott y Jonathan Marshall, en el libro <em>\u00abCocaine Politics: Drugs, Armies, and the CIA in Central America<\/em>\u00bb. Hasta hoy, la supuesta \u201cvigilancia del narcotr\u00e1fico\u201d sirve como forma de espionaje contra las Naciones latinoamericanas para imponer los planes de dominaci\u00f3n yanqui.<\/p>\n\n\n\n<p class=\"has-black-color has-text-color has-link-color wp-elements-0e5e4ca2d7d58ebf07c821262d5c9d15\">Uno de los res\u00famenes de la obra afirma: \u201cLos autores sostienen que la CIA ayud\u00f3 a definir o consolidar agencias de inteligencia en Am\u00e9rica Central que se convirtieron en fuerzas de represi\u00f3n y cuyas conexiones con otros pa\u00edses abrieron el camino a env\u00edos il\u00edcitos de drogas\u201d.<\/p>\n\n\n\n<p class=\"has-black-color has-text-color has-link-color wp-elements-e170147c57fe257d59e27b2afe574ddb\">En la misma l\u00ednea, un art\u00edculo cient\u00edfico que examina la serie <em>\u201cDark Alliance: The CIA, the Contras, and the Crack Cocaine <\/em>Explosion\u201d, de Gary Webb, se\u00f1ala: \u201cLas pruebas sugieren que, durante la Guerra Fr\u00eda, la CIA cultiv\u00f3 muchas alianzas dudosas relacionadas con las drogas en nombre de la seguridad nacional\u201d.<\/p>\n\n\n\n<p class=\"has-black-color has-text-color has-link-color wp-elements-2a7caa36a784f4de6441e513e4059723\">Entre finales de la d\u00e9cada de 1970 y mediados de la de 1980, Manuel Noriega, comandante en jefe de las Fuerzas de Defensa de Panam\u00e1, se convirti\u00f3 en la cabecilla del pa\u00eds mediante un golpe militar y sirvi\u00f3 como agente de la CIA en Am\u00e9rica Latina, apoyando las operaciones de inteligencia estadounidenses contra el \u201ccomunismo\u201d. Seg\u00fan Human Rights Watch, Estados Unidos era consciente de su implicaci\u00f3n en el tr\u00e1fico de drogas y, aun as\u00ed, lo apoy\u00f3 pol\u00edtica, econ\u00f3mica y militarmente.<\/p>\n\n\n\n<p class=\"has-black-color has-text-color has-link-color wp-elements-ae7f04df2e94e861f66a9d3c1c24f930\">El 20 de diciembre de 1989, con la justificaci\u00f3n oficial de \u201cproteger a los ciudadanos estadounidenses\u201d en el canal, \u201crestaurar la democracia\u201d y \u201ccombatir el narcotr\u00e1fico\u201d, Estados Unidos lanz\u00f3 la Operation Just Cause, en la que m\u00e1s de 20 000 soldados estadounidenses invadieron Panam\u00e1 y derrocaron a Noriega.<\/p>\n\n\n\n<p class=\"has-black-color has-text-color has-link-color wp-elements-10a47373a32caa2bbe6d986b530750dd\">Aunque el pretexto fue el tr\u00e1fico de drogas, los analistas se\u00f1alan que el verdadero motivo inclu\u00eda el control estrat\u00e9gico del Canal de Panam\u00e1, el mantenimiento de la influencia yanqui en la regi\u00f3n y el desmantelamiento de un gobierno que pon\u00eda en jaque los intereses de Estados Unidos.<\/p>\n\n\n\n<p class=\"has-black-color has-text-color has-link-color wp-elements-ef9fbfd4eddb0fb9fd0c3fe810a18184\">La historiadora Jane Franklin afirma que Panam\u00e1 \u201cse convirti\u00f3 en el ejemplo m\u00e1s acabado de un narcoEstado\u201d bajo Noriega, y que la invasi\u00f3n marca el \u201cpunto de partida de la militarizaci\u00f3n de la guerra contra las drogas\u201d.<\/p>\n\n\n\n<h1 class=\"wp-block-heading has-vivid-red-color has-text-color has-link-color has-medium-font-size wp-elements-6e5b05e016456a5fff9b2107ee16b38e\"><strong>Militarizaci\u00f3n a gran escala: el plan del imperialismo yanqui para Am\u00e9rica del Sur<\/strong><\/h1>\n\n\n\n<p class=\"has-black-color has-text-color has-link-color wp-elements-681fa341aad721b2cdae4f7ca935c017\">Seg\u00fan un informe de julio de 2024 del <em>Servicio de Investigaci\u00f3n del Congreso (CRS)<\/em>, Estados Unidos mantiene aproximadamente 1.650 militares destacados de forma permanente en la regi\u00f3n de Am\u00e9rica Central y del Sur, adem\u00e1s del Caribe. Los contingentes m\u00e1s numerosos se encuentran en Cuba (616 soldados), en la base colonial de Guant\u00e1namo, y en Honduras (365 soldados), pa\u00eds utilizado hist\u00f3ricamente como punto de apoyo para operaciones clandestinas contra Nicaragua, El Salvador y Venezuela.<\/p>\n\n\n\n<p class=\"has-black-color has-text-color has-link-color wp-elements-dbfad8766c50a82e8f38bb9204f44a06\">Adem\u00e1s de estas bases fijas, Estados Unidos opera con el concepto de \u201cacceso militar facilitado\u201d, lo que significa mantener instalaciones, arsenales y pistas de aterrizaje operativas en pa\u00edses como Colombia, Paraguay, Per\u00fa, Chile y Brasil, lo que permite la proyecci\u00f3n de fuerzas en tiempo real.<\/p>\n\n\n\n<p class=\"has-black-color has-text-color has-link-color wp-elements-26ab030135ce181f69934d47dd78953d\">La militarizaci\u00f3n ha avanzado a\u00fan m\u00e1s en los \u00faltimos meses. En octubre de 2025, fuentes militares confirmaron el desplazamiento de una fuerza naval compuesta por diez buques de guerra al Caribe, entre los que se encontraban <em>destructores, <\/em>embarcaciones de asalto anfibio y buques de vigilancia. El movimiento coincidi\u00f3 con las amenazas del gobierno Trump contra Venezuela y Colombia, bajo el falso pretexto de \u201ccombatir el narcotr\u00e1fico\u201d.<\/p>\n\n\n\n<p class=\"has-black-color has-text-color has-link-color wp-elements-69d410025a32bc2062290ee737f20e4c\">Adem\u00e1s, diez cazas F-35 fueron posicionados en la base de Puerto Rico, territorio ocupado por Estados Unidos, como parte de una supuesta \u201coperaci\u00f3n de contenci\u00f3n\u201d contra los c\u00e1rteles. Sin embargo, los expertos en defensa de la soberan\u00eda advierten: se trata de un cerco militar creciente sobre los pa\u00edses que se niegan a obedecer los dictados de Washington.<\/p>\n\n\n\n<p class=\"has-black-color has-text-color has-link-color wp-elements-5ee7db5327b86d04238b155f9e970eda\">\u201cEl Pent\u00e1gono ya no necesita invadir para controlar. Rodea, se infiltra, entrena y vigila. La militarizaci\u00f3n hoy en d\u00eda es m\u00e1s silenciosa, pero igualmente violenta\u201d, afirma el investigador boliviano Roberto Salcedo, de la Red de Estudios Cr\u00edticos Latinoamericanos.<\/p>\n\n\n\n<p class=\"has-black-color has-text-color has-link-color wp-elements-d4bdb2153890af516b6818e4b934b363\">Seg\u00fan datos del instituto COHA (Council on Hemispheric Affairs), Estados Unidos opera o tiene acceso a m\u00e1s de 76 instalaciones militares en Am\u00e9rica Latina y el Caribe, entre bases tradicionales, centros de entrenamiento y puestos avanzados de log\u00edstica. Estas estructuras, en su mayor\u00eda instaladas sin consulta popular, sirven como instrumentos directos de control pol\u00edtico e intervenci\u00f3n regional.<\/p>\n","protected":false},"excerpt":{"rendered":"<p>Como parte de su guerra de baja intensidad, la vigilancia de la CIA sobre Am\u00e9rica Latina sirvi\u00f3 de inteligencia para impulsar a grupos paramilitares reaccionarios y anticomunistas en el subcontinente, lo que facilit\u00f3 la internacionalizaci\u00f3n del tr\u00e1fico de drogas, seg\u00fan acad\u00e9micos como Peter Dale Scott y Jonathan Marshall<\/p>\n","protected":false},"author":1,"featured_media":28198,"comment_status":"open","ping_status":"open","sticky":false,"template":"","format":"standard","meta":{"footnotes":""},"categories":[16,4,31],"tags":[],"class_list":["post-28196","post","type-post","status-publish","format-standard","has-post-thumbnail","hentry","category-carrusel","category-colombia","category-internacional"],"blocksy_meta":[],"_links":{"self":[{"href":"https:\/\/nuevademocracia.com.co\/index.php?rest_route=\/wp\/v2\/posts\/28196","targetHints":{"allow":["GET"]}}],"collection":[{"href":"https:\/\/nuevademocracia.com.co\/index.php?rest_route=\/wp\/v2\/posts"}],"about":[{"href":"https:\/\/nuevademocracia.com.co\/index.php?rest_route=\/wp\/v2\/types\/post"}],"author":[{"embeddable":true,"href":"https:\/\/nuevademocracia.com.co\/index.php?rest_route=\/wp\/v2\/users\/1"}],"replies":[{"embeddable":true,"href":"https:\/\/nuevademocracia.com.co\/index.php?rest_route=%2Fwp%2Fv2%2Fcomments&post=28196"}],"version-history":[{"count":5,"href":"https:\/\/nuevademocracia.com.co\/index.php?rest_route=\/wp\/v2\/posts\/28196\/revisions"}],"predecessor-version":[{"id":28203,"href":"https:\/\/nuevademocracia.com.co\/index.php?rest_route=\/wp\/v2\/posts\/28196\/revisions\/28203"}],"wp:featuredmedia":[{"embeddable":true,"href":"https:\/\/nuevademocracia.com.co\/index.php?rest_route=\/wp\/v2\/media\/28198"}],"wp:attachment":[{"href":"https:\/\/nuevademocracia.com.co\/index.php?rest_route=%2Fwp%2Fv2%2Fmedia&parent=28196"}],"wp:term":[{"taxonomy":"category","embeddable":true,"href":"https:\/\/nuevademocracia.com.co\/index.php?rest_route=%2Fwp%2Fv2%2Fcategories&post=28196"},{"taxonomy":"post_tag","embeddable":true,"href":"https:\/\/nuevademocracia.com.co\/index.php?rest_route=%2Fwp%2Fv2%2Ftags&post=28196"}],"curies":[{"name":"wp","href":"https:\/\/api.w.org\/{rel}","templated":true}]}}