{"id":28204,"date":"2025-10-29T12:00:00","date_gmt":"2025-10-29T17:00:00","guid":{"rendered":"https:\/\/nuevademocracia.com.co\/?p=28204"},"modified":"2026-03-27T23:43:51","modified_gmt":"2026-03-28T04:43:51","slug":"novedades-de-la-lucha-de-clases-en-el-campo-colombiano","status":"publish","type":"post","link":"https:\/\/nuevademocracia.com.co\/?p=28204","title":{"rendered":"Novedades de la lucha de clases en el campo colombiano"},"content":{"rendered":"\n<hr class=\"wp-block-separator has-text-color has-palette-color-2-color has-alpha-channel-opacity has-palette-color-2-background-color has-background\"\/>\n\n\n\n<p class=\"has-black-color has-text-color has-link-color wp-elements-52f998ffeea79f2cfc6d784cd7356368\">La lucha por tierra siempre ha sido una constante en el pa\u00eds; ha vivido momentos de auge y reflujo, pero nunca se ha apagado la ardiente rebeld\u00eda del campesinado que sue\u00f1a con tener un pedazo de tierra para vivir y trabajar. La persistencia y profundizaci\u00f3n del problema de la tierra en Colombia como una expresi\u00f3n de la semifeudalidad, y los constantes, aunque fracasados intentos del Estado gran burgu\u00e9s-terrateniente por ahogar la lucha en sangre y apaciguar a las masas a trav\u00e9s de la confianza en sus instituciones, han llevado al campesinado m\u00e1s pobre y decidido a librar grandes batallas por la conquista de la tierra.<\/p>\n\n\n\n<p class=\"has-black-color has-text-color has-link-color wp-elements-21c66319fbcb2e603e9833868f385e40\">En lo corrido de 2025, se han presentado m\u00faltiples tomas de tierra y procesos de resistencia campesina en diferentes zonas del pa\u00eds. Esto, ha alertado a las clases dominantes y especialmente a los grandes ganaderos, que a trav\u00e9s de la Federaci\u00f3n Colombiana de Ganaderos (Fedegan) y su portal Contexto Ganadero han analizado lo siguiente: \u201cla crisis de seguridad en el campo colombiano sigue escalando, con invasiones cada vez m\u00e1s organizadas y dif\u00edciles de contener.\u201d <a href=\"#_ftn1\" id=\"_ftnref1\">[1]<\/a> Fedegan se ha dedicado a atacar y estigmatizar la lucha por tierra y ha llamado a conformar Frentes de Seguridad Ganadera, un reencauche de las antiguas cooperativas de seguridad privada (Convivir), que sirvieron para fortalecer el paramilitarismo en los a\u00f1os 90.<\/p>\n\n\n\n<p class=\"has-vivid-red-color has-text-color has-link-color has-medium-font-size wp-elements-a104e4653b1d4dcdde6ae821ee40fb17\"><strong>El Copey<\/strong><\/p>\n\n\n\n<p class=\"has-black-color has-text-color has-link-color wp-elements-8d0391c39f799a204a7bf8e2246f9908\">Durante el mes de junio, en una zona rural de El Copey (Cesar) 80 familias agrupadas por la Asociaci\u00f3n Nacional de Usuarios Campesinos (ANUC) que llevaban meses realizando la solicitud de entrega de un predio sin tener respuestas, decidieron tomar posesi\u00f3n de la finca La Constancia. El terreno se encuentra en extinci\u00f3n de dominio desde hace 12 a\u00f1os y era arrendado por Ernesto Fidel Molina Araujo hasta el 23 de agosto de este a\u00f1o cuando la Sociedad de Activos Especiales (SAE) decide suspender el contrato. En septiembre, al cumplirse el t\u00e9rmino del contrato, los campesinos, que adem\u00e1s han sido desplazados y son v\u00edctimas del conflicto, ingresan nuevamente al predio para exigir a la (SAE) y a la Agencia Nacional de Tierras (ANT) la entrega formal. La respuesta del Estado fue reprimirlos y desalojarlos sin ninguna garant\u00eda o soluci\u00f3n a sus exigencias.<\/p>\n\n\n\n<p class=\"has-black-color has-text-color has-link-color wp-elements-701601658b3ec97016d45d05214547f4\"><\/p>\n\n\n\n<figure class=\"wp-block-image aligncenter size-large is-resized\"><img loading=\"lazy\" decoding=\"async\" width=\"1024\" height=\"766\" src=\"https:\/\/nuevademocracia.com.co\/wp-content\/uploads\/2025\/10\/Imagen-1-Radio-Guatapuri-Hacienda-La-Constancia-1-1024x766.png\" alt=\"\" class=\"wp-image-28206\" style=\"width:724px;height:auto\" srcset=\"https:\/\/nuevademocracia.com.co\/wp-content\/uploads\/2025\/10\/Imagen-1-Radio-Guatapuri-Hacienda-La-Constancia-1-1024x766.png 1024w, https:\/\/nuevademocracia.com.co\/wp-content\/uploads\/2025\/10\/Imagen-1-Radio-Guatapuri-Hacienda-La-Constancia-1-300x225.png 300w, https:\/\/nuevademocracia.com.co\/wp-content\/uploads\/2025\/10\/Imagen-1-Radio-Guatapuri-Hacienda-La-Constancia-1-768x575.png 768w, https:\/\/nuevademocracia.com.co\/wp-content\/uploads\/2025\/10\/Imagen-1-Radio-Guatapuri-Hacienda-La-Constancia-1.png 1117w\" sizes=\"auto, (max-width: 1024px) 100vw, 1024px\" \/><figcaption class=\"wp-element-caption\">Radio Guatapur\u00ed Hacienda La Constancia<\/figcaption><\/figure>\n\n\n\n<p class=\"has-black-color has-text-color has-link-color wp-elements-cd0bdd1ec49cfac88496e3db47b37559\"><\/p>\n\n\n\n<p class=\"has-vivid-red-color has-text-color has-link-color has-medium-font-size wp-elements-7a99a9fddd72b7c175f976e5cb53111c\"><strong>Tamalameque<\/strong><\/p>\n\n\n\n<p class=\"has-black-color has-text-color has-link-color wp-elements-19ff9a0a271a119386656d13d5d411e6\">En Julio, cerca de 40 campesinos se tomaron el predio La Providencia de 120 hect\u00e1reas, ubicado en la vereda Zapatosa del municipio de Tamalameque (Cesar), ellos denunciaron incumplimientos por parte del gobierno nacional en la entrega de tierras. Luego de 2 d\u00edas fueron desalojados por la polic\u00eda.<\/p>\n\n\n\n<p class=\"has-black-color has-text-color has-link-color wp-elements-2d3717bd505220125bf3cc129f90bca9\"><\/p>\n\n\n\n<figure class=\"wp-block-image aligncenter size-large is-resized\"><img loading=\"lazy\" decoding=\"async\" width=\"1024\" height=\"474\" src=\"https:\/\/nuevademocracia.com.co\/wp-content\/uploads\/2025\/10\/Imagen-2-contexto-ganadero-Tamalameque-1024x474.png\" alt=\"\" class=\"wp-image-28207\" style=\"width:745px;height:auto\" srcset=\"https:\/\/nuevademocracia.com.co\/wp-content\/uploads\/2025\/10\/Imagen-2-contexto-ganadero-Tamalameque-1024x474.png 1024w, https:\/\/nuevademocracia.com.co\/wp-content\/uploads\/2025\/10\/Imagen-2-contexto-ganadero-Tamalameque-300x139.png 300w, https:\/\/nuevademocracia.com.co\/wp-content\/uploads\/2025\/10\/Imagen-2-contexto-ganadero-Tamalameque-768x355.png 768w, https:\/\/nuevademocracia.com.co\/wp-content\/uploads\/2025\/10\/Imagen-2-contexto-ganadero-Tamalameque.png 1046w\" sizes=\"auto, (max-width: 1024px) 100vw, 1024px\" \/><figcaption class=\"wp-element-caption\"> Tamalameque. Foto: Contexto Ganadero<\/figcaption><\/figure>\n\n\n\n<p class=\"has-black-color has-text-color has-link-color wp-elements-635cc5020b6bfb1064882387970de41c\"><\/p>\n\n\n\n<p class=\"has-vivid-red-color has-text-color has-link-color has-medium-font-size wp-elements-8ab2ed379392a8801c02af10b0a130ba\"><strong>Cajib\u00edo<\/strong><\/p>\n\n\n\n<p class=\"has-black-color has-text-color has-link-color wp-elements-27f58761204fedd031375a17157280f7\">Si bien esta no es una toma reciente, ha sido un proceso de resistencia que se ha mantenido en disputa por tierra durante casi 4 a\u00f1os. Desde el 27 de julio de 2021, cerca de 150 campesinos e ind\u00edgenas agrupados en el Coordinador Nacional Agrario (CNA) ingresaron con hachas y machetes a recuperar las plantaciones de pinos de la multinacional irlandesa de papel en Smurfit, en Cajib\u00edo, Cauca. La Smurfit acapara y explota m\u00e1s de 3.000 hect\u00e1reas de tierra con monocultivos de pinos, acabando con la econom\u00eda campesina y los recursos de la regi\u00f3n. El pasado 10 de julio se despleg\u00f3 un operativo conjunto entre 290 agentes del ESMAD y 700 personas entre ej\u00e9rcito, polic\u00eda y trabajadores de la empresa para desalojar el predio. Los recuperadores han luchado por conquistar la tierra para quien la trabaja, lo que les ha costado amenazas, desalojos e incluso asesinatos, pero a\u00fan luego de estos golpes contin\u00faan firmes en su decisi\u00f3n, como lo expresa su comunicado<a href=\"#_ftn2\" id=\"_ftnref2\">[2]<\/a> compartido el 11 de julio luego del reciente desalojo&nbsp;<\/p>\n\n\n\n<figure class=\"wp-block-image aligncenter size-full is-resized\"><img loading=\"lazy\" decoding=\"async\" width=\"900\" height=\"601\" src=\"https:\/\/nuevademocracia.com.co\/wp-content\/uploads\/2025\/10\/Imagen-4-Juan-Santoyo-Cajibio.jpg\" alt=\"\" class=\"wp-image-28209\" style=\"width:506px;height:auto\" srcset=\"https:\/\/nuevademocracia.com.co\/wp-content\/uploads\/2025\/10\/Imagen-4-Juan-Santoyo-Cajibio.jpg 900w, https:\/\/nuevademocracia.com.co\/wp-content\/uploads\/2025\/10\/Imagen-4-Juan-Santoyo-Cajibio-300x200.jpg 300w, https:\/\/nuevademocracia.com.co\/wp-content\/uploads\/2025\/10\/Imagen-4-Juan-Santoyo-Cajibio-768x513.jpg 768w\" sizes=\"auto, (max-width: 900px) 100vw, 900px\" \/><figcaption class=\"wp-element-caption\">Juan Santoyo, Cajib\u00edo<\/figcaption><\/figure>\n\n\n\n<p class=\"has-black-color has-text-color has-link-color wp-elements-2c9960b86598838951c12ce0fb636ee6\"><\/p>\n\n\n\n<figure class=\"wp-block-image aligncenter size-full is-resized\"><img loading=\"lazy\" decoding=\"async\" width=\"440\" height=\"264\" src=\"https:\/\/nuevademocracia.com.co\/wp-content\/uploads\/2025\/10\/imagen-3-CNA-desalojo-Cajibio-Cauca-1.jpeg\" alt=\"\" class=\"wp-image-28210\" style=\"width:604px;height:auto\" srcset=\"https:\/\/nuevademocracia.com.co\/wp-content\/uploads\/2025\/10\/imagen-3-CNA-desalojo-Cajibio-Cauca-1.jpeg 440w, https:\/\/nuevademocracia.com.co\/wp-content\/uploads\/2025\/10\/imagen-3-CNA-desalojo-Cajibio-Cauca-1-300x180.jpeg 300w\" sizes=\"auto, (max-width: 440px) 100vw, 440px\" \/><figcaption class=\"wp-element-caption\">Desalojo en Cajib\u00edo<\/figcaption><\/figure>\n\n\n\n<p class=\"has-black-color has-text-color has-link-color wp-elements-062305fbb4f2ebf1a5b1effb8132cfac\"><\/p>\n\n\n\n<p class=\"has-vivid-red-color has-text-color has-link-color has-medium-font-size wp-elements-1355f5cf804eb2afc9cd29668894c751\"><strong>La Plata<\/strong><\/p>\n\n\n\n<p class=\"has-black-color has-text-color has-link-color wp-elements-51216b0b4c9ba9e74fcdf110059acfde\">Durante este a\u00f1o 3 predios han sido tomados por campesinos en el municipio de La Plata (Huila). La finca Villa San Jos\u00e9 en la vereda El Madro\u00f1al, otra en la vereda Agua Bonita y la finca El Cedro en la vereda El Congreso, siendo esta \u00faltima la m\u00e1s reciente, ocurrida el pasado 11 de agosto cuando 50 familias campesinas ingresaron al predio denunciando incumplimientos de la ANT con la entrega de tierras.<\/p>\n\n\n\n<p class=\"has-black-color has-text-color has-link-color wp-elements-9c6446ef082892e66a384e955dc368c7\"><\/p>\n\n\n\n<figure class=\"wp-block-image aligncenter size-full\"><img loading=\"lazy\" decoding=\"async\" width=\"696\" height=\"360\" src=\"https:\/\/nuevademocracia.com.co\/wp-content\/uploads\/2025\/10\/imagen-5-La-Nacion.png\" alt=\"\" class=\"wp-image-28211\" srcset=\"https:\/\/nuevademocracia.com.co\/wp-content\/uploads\/2025\/10\/imagen-5-La-Nacion.png 696w, https:\/\/nuevademocracia.com.co\/wp-content\/uploads\/2025\/10\/imagen-5-La-Nacion-300x155.png 300w\" sizes=\"auto, (max-width: 696px) 100vw, 696px\" \/><figcaption class=\"wp-element-caption\">Foto: La Nac\u00f3n<\/figcaption><\/figure>\n\n\n\n<p class=\"has-black-color has-text-color has-link-color wp-elements-b40e776d39372ac5003863f916cab783\"><\/p>\n\n\n\n<p class=\"has-vivid-red-color has-text-color has-link-color has-medium-font-size wp-elements-03c423a4e33089f05ef05ef87d5ded2f\"><strong>Bol\u00edvar<\/strong><\/p>\n\n\n\n<p class=\"has-black-color has-text-color has-link-color wp-elements-d6443c3e81ee6a56c6283cf87b109726\">El 23 de agosto, 3 fincas fueron tomadas simult\u00e1neamente en el departamento de Bol\u00edvar, dos en Arjona y una en Turbaco, como forma de ejercer presi\u00f3n a la ANT para la entrega de tierras. En Turbaco, 30 familias desalambraron e ingresaron al predio, donde inmediatamente llegaron los Frentes de Seguridad Ganadera y la Polic\u00eda Nacional a desalojar a los campesinos. En Arjona tambi\u00e9n fueron r\u00e1pidamente desalojados, pero una de las fincas fue ocupada nuevamente por los campesinos.<\/p>\n\n\n\n<p class=\"has-black-color has-text-color has-link-color wp-elements-ee8577a8663c3a5f1eae8f22635c72b2\"><\/p>\n\n\n\n<figure class=\"wp-block-image aligncenter size-large\"><img loading=\"lazy\" decoding=\"async\" width=\"1024\" height=\"403\" src=\"https:\/\/nuevademocracia.com.co\/wp-content\/uploads\/2025\/10\/imagen-6-Turbaco-1024x403.jpg\" alt=\"\" class=\"wp-image-28212\" srcset=\"https:\/\/nuevademocracia.com.co\/wp-content\/uploads\/2025\/10\/imagen-6-Turbaco-1024x403.jpg 1024w, https:\/\/nuevademocracia.com.co\/wp-content\/uploads\/2025\/10\/imagen-6-Turbaco-300x118.jpg 300w, https:\/\/nuevademocracia.com.co\/wp-content\/uploads\/2025\/10\/imagen-6-Turbaco-768x302.jpg 768w, https:\/\/nuevademocracia.com.co\/wp-content\/uploads\/2025\/10\/imagen-6-Turbaco.jpg 1354w\" sizes=\"auto, (max-width: 1024px) 100vw, 1024px\" \/><figcaption class=\"wp-element-caption\">Turbaco<\/figcaption><\/figure>\n\n\n\n<p class=\"has-black-color has-text-color has-link-color wp-elements-20a31254a12b94f0a1c4f7f20afe45a8\"><\/p>\n\n\n\n<p class=\"has-vivid-red-color has-text-color has-link-color has-medium-font-size wp-elements-960e3b7f9dd9d8f3ee40e6db2e252a1e\"><strong>Tolima<\/strong><\/p>\n\n\n\n<p class=\"has-black-color has-text-color has-link-color wp-elements-da6efb39382876230e1d02b025e2a7ca\">El 25 de agosto, alrededor de 120 familias de la Asociaci\u00f3n Nacional de Usuarios Campesinos (ANUC) tomaron posesi\u00f3n de dos predios que suman 700 hect\u00e1reas, en el municipio de San Luis, Tolima. Esta fue una acci\u00f3n de presi\u00f3n al Gobierno Nacional para la entrega de tierras. Una de las campesinas presentes en la toma dijo: \u201cNosotros venimos a tomarnos la tierra porque la necesitamos, somos desplazados, necesitamos las tierras para seguirlas cultivando\u201d <a href=\"#_ftn3\" id=\"_ftnref3\">[3]<\/a><\/p>\n\n\n\n<p class=\"has-black-color has-text-color has-link-color wp-elements-2eb4fb85df13eb9857e748394bb6bf48\"><\/p>\n\n\n\n<figure class=\"wp-block-image aligncenter size-large is-resized\"><img loading=\"lazy\" decoding=\"async\" width=\"1024\" height=\"432\" src=\"https:\/\/nuevademocracia.com.co\/wp-content\/uploads\/2025\/10\/imagen-7-Facebook-Henry-Ampudia-Multivision-1-1024x432.png\" alt=\"\" class=\"wp-image-28214\" style=\"width:705px;height:auto\" srcset=\"https:\/\/nuevademocracia.com.co\/wp-content\/uploads\/2025\/10\/imagen-7-Facebook-Henry-Ampudia-Multivision-1-1024x432.png 1024w, https:\/\/nuevademocracia.com.co\/wp-content\/uploads\/2025\/10\/imagen-7-Facebook-Henry-Ampudia-Multivision-1-300x126.png 300w, https:\/\/nuevademocracia.com.co\/wp-content\/uploads\/2025\/10\/imagen-7-Facebook-Henry-Ampudia-Multivision-1-768x324.png 768w, https:\/\/nuevademocracia.com.co\/wp-content\/uploads\/2025\/10\/imagen-7-Facebook-Henry-Ampudia-Multivision-1-1536x648.png 1536w, https:\/\/nuevademocracia.com.co\/wp-content\/uploads\/2025\/10\/imagen-7-Facebook-Henry-Ampudia-Multivision-1.png 1805w\" sizes=\"auto, (max-width: 1024px) 100vw, 1024px\" \/><figcaption class=\"wp-element-caption\">Foto: Facebook Henry Ampudia Multivision<\/figcaption><\/figure>\n\n\n\n<p class=\"has-black-color has-text-color has-link-color wp-elements-9493ac652c9e97f9dc97ae0daa26d989\"><\/p>\n\n\n\n<p class=\"has-vivid-red-color has-text-color has-link-color has-medium-font-size wp-elements-75ac344efb96e4c8564ee5ac729355d6\"><strong>Sabana de Torres<\/strong><\/p>\n\n\n\n<p class=\"has-black-color has-text-color has-link-color wp-elements-00b61b8b45896af7c2eb54321c69dfab\">En septiembre, un grupo de 80 campesinos de la Asociaci\u00f3n Campesina de V\u00edctimas Vulnerables de Sabana de Torres (ASOVIVUSA), se tomaron una finca en este municipio de Santander. El predio era objeto de extinci\u00f3n de dominio de la SAE, por lo que estaban exigiendo la entrega del predio a los campesinos. Estuvieron all\u00ed durante 45 horas y luego fueron desalojados por la fuerza p\u00fablica.<\/p>\n\n\n\n<p class=\"has-black-color has-text-color has-link-color wp-elements-daa1c601c3a9b1b6abb97153374ffc74\"><\/p>\n\n\n\n<figure class=\"wp-block-image aligncenter size-large\"><img loading=\"lazy\" decoding=\"async\" width=\"1024\" height=\"426\" src=\"https:\/\/nuevademocracia.com.co\/wp-content\/uploads\/2025\/10\/imagen-8-contexto-ganadero-1-1024x426.png\" alt=\"\" class=\"wp-image-28216\" srcset=\"https:\/\/nuevademocracia.com.co\/wp-content\/uploads\/2025\/10\/imagen-8-contexto-ganadero-1-1024x426.png 1024w, https:\/\/nuevademocracia.com.co\/wp-content\/uploads\/2025\/10\/imagen-8-contexto-ganadero-1-300x125.png 300w, https:\/\/nuevademocracia.com.co\/wp-content\/uploads\/2025\/10\/imagen-8-contexto-ganadero-1-768x319.png 768w, https:\/\/nuevademocracia.com.co\/wp-content\/uploads\/2025\/10\/imagen-8-contexto-ganadero-1-1536x639.png 1536w, https:\/\/nuevademocracia.com.co\/wp-content\/uploads\/2025\/10\/imagen-8-contexto-ganadero-1.png 1828w\" sizes=\"auto, (max-width: 1024px) 100vw, 1024px\" \/><figcaption class=\"wp-element-caption\">Foto: Contexto Ganadero <\/figcaption><\/figure>\n\n\n\n<p class=\"has-black-color has-text-color has-link-color wp-elements-8606685dc0df1c319dd10aaeb1dd4ba1\"><\/p>\n\n\n\n<p class=\"has-vivid-red-color has-text-color has-link-color has-medium-font-size wp-elements-2185bcd1edcf9e8465e378056f1edbc2\"><strong>R\u00edo de Oro<\/strong><\/p>\n\n\n\n<p class=\"has-black-color has-text-color has-link-color wp-elements-278f1add59c9f9a51f2af48d43a33ed5\">El pasado 13 de octubre, un predio fue tomado por 50 campesinos en R\u00edo de Oro (Sur del Cesar) cerca de Aguachica. La finca conocida como \u201cLa Mar\u00eda\u201d colinda con el predio \u201cLa Pola\u201d, tomado el 7 de agosto de 2024 por familias campesinas, que permanecen all\u00ed hasta hoy solicitando la entrega formal a la SAE. Inmediatamente el propietario despleg\u00f3 sus equipos de seguridad privada para intentar desalojar el predio, lo que gener\u00f3 enfrentamientos con los recuperadores de tierra, que retuvieron por un tiempo a miembros de este equipo. Finalmente, se instal\u00f3 un Puesto de Mando Unificado con la polic\u00eda, ej\u00e9rcito, gobernaci\u00f3n y fiscal\u00eda y los campesinos se retiraron del lugar hasta el momento.<\/p>\n\n\n\n<p class=\"has-black-color has-text-color has-link-color wp-elements-b3a4f521681cd36c6c966677e98ba1b1\">Por \u00faltimo, queremos resaltar el aumento de un 11% en los cierres de v\u00edas en el pa\u00eds respecto a 2024, como una expresi\u00f3n del descontento popular y la lucha por la defensa de derechos, pues m\u00faltiples bloqueos se han dado por incumplimientos del Gobierno, por la situaci\u00f3n de inseguridad en los territorios rurales, para exigir entrega de tierras y otros derechos b\u00e1sicos como servicios p\u00fablicos, salud, transporte, etc. Seg\u00fan la Federaci\u00f3n Colombiana de Transportadores de Carga por Carretera (Colfecar), este a\u00f1o se han registrado 700 bloqueos en v\u00edas nacionales que han generado 10.930 horas de afectaci\u00f3n equivalentes a 455 d\u00edas de paralizaci\u00f3n de producci\u00f3n.<\/p>\n\n\n\n<p class=\"has-black-color has-text-color has-link-color wp-elements-e52870871882b6c669f6c53d38a99c01\"><\/p>\n\n\n\n<figure class=\"wp-block-image aligncenter size-full is-resized\"><img loading=\"lazy\" decoding=\"async\" width=\"513\" height=\"374\" src=\"https:\/\/nuevademocracia.com.co\/wp-content\/uploads\/2025\/10\/imagen-9-loues_blues-instagram.png\" alt=\"\" class=\"wp-image-28217\" style=\"width:565px;height:auto\" srcset=\"https:\/\/nuevademocracia.com.co\/wp-content\/uploads\/2025\/10\/imagen-9-loues_blues-instagram.png 513w, https:\/\/nuevademocracia.com.co\/wp-content\/uploads\/2025\/10\/imagen-9-loues_blues-instagram-300x219.png 300w\" sizes=\"auto, (max-width: 513px) 100vw, 513px\" \/><figcaption class=\"wp-element-caption\">Foto: loues_blues instagram<\/figcaption><\/figure>\n\n\n\n<p class=\"has-black-color has-text-color has-link-color wp-elements-a9b0f0d057114eb4c3ce7681433f8d1c\"><\/p>\n\n\n\n<p class=\"has-black-color has-text-color has-link-color wp-elements-0ec1302ed88c710e01f8bf4e35ad6c48\">Mientras exista el latifundio, mientras millones de campesinos no tengan tierra y est\u00e9n sometidos al poder gamonal terrateniente al servicio del imperialismo, la lucha por tierra continuar\u00e1 creciendo y el campesinado se seguir\u00e1 organizando. M\u00e1s tomas de tierra vendr\u00e1n y con mucho orgullo, como prensa democr\u00e1tica y popular, seguiremos difundiendo y apoyando la lucha hist\u00f3rica de nuestros campesinos.<\/p>\n\n\n\n<hr class=\"wp-block-separator has-text-color has-vivid-red-color has-alpha-channel-opacity has-vivid-red-background-color has-background\"\/>\n\n\n\n<p class=\"has-black-color has-text-color has-link-color wp-elements-f99e062033b7a32a23f13f33d503e147\"><a href=\"#_ftnref1\" id=\"_ftn1\">[1]<\/a>2025. Contexto Ganadero, \u201cInvasores ahora crean ONGs para exigir derecho a la tierra\u201d: general Murillo<\/p>\n\n\n\n<p class=\"has-black-color has-text-color has-link-color wp-elements-b1d91e7427e82fd50e8e424dcee86e4b\"><a href=\"#_ftnref2\" id=\"_ftn2\">[2]<\/a>2025. CNA COLOMBIA, Comunicado P\u00fablico sobre la represi\u00f3n y el desalojo de campesinado recuperador de tierras en Cajib\u00edo, Cauca<\/p>\n\n\n\n<p class=\"has-black-color has-text-color has-link-color wp-elements-7536b1816d0706a8e22cf5497b627e79\"><a href=\"#_ftnref3\" id=\"_ftn3\">[3]<\/a>2025. Caracol Radio, Miembros de ANUC invadieron un predio de 700 hect\u00e1reas en el Tolima<\/p>\n","protected":false},"excerpt":{"rendered":"<p>La lucha por tierra siempre ha sido una constante en el pa\u00eds; ha vivido momentos de auge y reflujo, pero nunca se ha apagado la ardiente rebeld\u00eda del campesinado que sue\u00f1a con tener un pedazo de tierra para vivir y trabajar.<\/p>\n","protected":false},"author":1,"featured_media":28217,"comment_status":"open","ping_status":"open","sticky":false,"template":"","format":"standard","meta":{"footnotes":""},"categories":[16,4,144],"tags":[],"class_list":["post-28204","post","type-post","status-publish","format-standard","has-post-thumbnail","hentry","category-carrusel","category-colombia","category-lucha-por-la-tierra"],"blocksy_meta":[],"_links":{"self":[{"href":"https:\/\/nuevademocracia.com.co\/index.php?rest_route=\/wp\/v2\/posts\/28204","targetHints":{"allow":["GET"]}}],"collection":[{"href":"https:\/\/nuevademocracia.com.co\/index.php?rest_route=\/wp\/v2\/posts"}],"about":[{"href":"https:\/\/nuevademocracia.com.co\/index.php?rest_route=\/wp\/v2\/types\/post"}],"author":[{"embeddable":true,"href":"https:\/\/nuevademocracia.com.co\/index.php?rest_route=\/wp\/v2\/users\/1"}],"replies":[{"embeddable":true,"href":"https:\/\/nuevademocracia.com.co\/index.php?rest_route=%2Fwp%2Fv2%2Fcomments&post=28204"}],"version-history":[{"count":3,"href":"https:\/\/nuevademocracia.com.co\/index.php?rest_route=\/wp\/v2\/posts\/28204\/revisions"}],"predecessor-version":[{"id":29027,"href":"https:\/\/nuevademocracia.com.co\/index.php?rest_route=\/wp\/v2\/posts\/28204\/revisions\/29027"}],"wp:featuredmedia":[{"embeddable":true,"href":"https:\/\/nuevademocracia.com.co\/index.php?rest_route=\/wp\/v2\/media\/28217"}],"wp:attachment":[{"href":"https:\/\/nuevademocracia.com.co\/index.php?rest_route=%2Fwp%2Fv2%2Fmedia&parent=28204"}],"wp:term":[{"taxonomy":"category","embeddable":true,"href":"https:\/\/nuevademocracia.com.co\/index.php?rest_route=%2Fwp%2Fv2%2Fcategories&post=28204"},{"taxonomy":"post_tag","embeddable":true,"href":"https:\/\/nuevademocracia.com.co\/index.php?rest_route=%2Fwp%2Fv2%2Ftags&post=28204"}],"curies":[{"name":"wp","href":"https:\/\/api.w.org\/{rel}","templated":true}]}}