{"id":28225,"date":"2025-11-11T10:00:00","date_gmt":"2025-11-11T15:00:00","guid":{"rendered":"https:\/\/nuevademocracia.com.co\/?p=28225"},"modified":"2026-03-27T23:43:58","modified_gmt":"2026-03-28T04:43:58","slug":"miles-de-campesinos-se-movilizaron-en-todo-el-pais","status":"publish","type":"post","link":"https:\/\/nuevademocracia.com.co\/?p=28225","title":{"rendered":"Miles de campesinos se movilizaron en todo el pa\u00eds"},"content":{"rendered":"\n<hr class=\"wp-block-separator has-text-color has-palette-color-2-color has-alpha-channel-opacity has-palette-color-2-background-color has-background\"\/>\n\n\n\n<p class=\"has-black-color has-text-color has-link-color wp-elements-355033bb66f6a79217d9ff0f46d933ec\">Entre los d\u00edas 13 y 18 de octubre, en varias regiones del pa\u00eds, se present\u00f3 una masiva movilizaci\u00f3n popular, sostenida principalmente por campesinos organizados en el Coordinador Nacional Agrario (CNA) y el Congreso de los Pueblos. Tambi\u00e9n participaron estudiantes, obreros, maestros, y en general diversos sectores populares. Las movilizaciones en todo el pa\u00eds estuvieron unificadas por la consigna: \u201c\u00a1Aqu\u00ed en la lucha por las transformaciones sociales!\u201d.<\/p>\n\n\n\n<p class=\"has-black-color has-text-color has-link-color wp-elements-50319505e45e0b9413d6fc1cc8d1fd92\">Desde el d\u00eda lunes 13 de octubre, comenz\u00f3 el desplazamiento de miles de manifestantes a los diferentes sitios de bloqueo y acci\u00f3n, con el objetivo de realizar la instalaci\u00f3n e iniciar las acciones de leg\u00edtima protesta en carreteras e instituciones gubernamentales.<\/p>\n\n\n\n<figure class=\"wp-block-image aligncenter size-large is-resized\"><img loading=\"lazy\" decoding=\"async\" width=\"1024\" height=\"684\" src=\"https:\/\/nuevademocracia.com.co\/wp-content\/uploads\/2025\/11\/paro-campesino-_unal-1024x684.jpg\" alt=\"\" class=\"wp-image-28233\" style=\"width:711px;height:auto\" srcset=\"https:\/\/nuevademocracia.com.co\/wp-content\/uploads\/2025\/11\/paro-campesino-_unal-1024x684.jpg 1024w, https:\/\/nuevademocracia.com.co\/wp-content\/uploads\/2025\/11\/paro-campesino-_unal-300x201.jpg 300w, https:\/\/nuevademocracia.com.co\/wp-content\/uploads\/2025\/11\/paro-campesino-_unal-768x513.jpg 768w, https:\/\/nuevademocracia.com.co\/wp-content\/uploads\/2025\/11\/paro-campesino-_unal-1536x1027.jpg 1536w, https:\/\/nuevademocracia.com.co\/wp-content\/uploads\/2025\/11\/paro-campesino-_unal.jpg 1592w\" sizes=\"auto, (max-width: 1024px) 100vw, 1024px\" \/><figcaption class=\"wp-element-caption\"><em>Foto: facebook.com\/CNAColombia<\/em><\/figcaption><\/figure>\n\n\n\n<p class=\"has-black-color has-text-color has-link-color wp-elements-e1c8d4b0469621bbb75a4edf5dcf2726\">En Bogot\u00e1, en la sede de la Universidad Nacional, ese d\u00eda fue instalado un Refugio Humanitario, con cientos de manifestantes provenientes de diferentes regiones del pa\u00eds, desde el cual se realizaba el siguiente reclamo: \u201cExigimos el reconocimiento estatal de la Emergencia Humanitaria. Entendemos que la ra\u00edz de toda esta violencia es la Doctrina de Seguridad Nacional que perpet\u00faa el conflicto y se\u00f1ala a todas las personas que defendemos nuestros territorios como los \u00abenemigos internos\u00bb. Por eso tambi\u00e9n exigimos el desmonte de esa doctrina y de su brazo ejecutor en los territorios: el paramilitarismo, que nunca ha dejado de existir, pero hoy tiene mayor reconocimiento y beligerancia.\u201d (Facebook CNAColombia). Tambi\u00e9n denunciaron la resoluci\u00f3n, 294 del 5 de septiembre de 2025, con la cual el gobierno Petro le otorg\u00f3 calidad de actor pol\u00edtico al Clan del Golfo- EGC, otorgado estatus pol\u00edtico al paramilitarismo.<\/p>\n\n\n\n<p class=\"has-black-color has-text-color has-link-color wp-elements-e1cc3b5d27e0778d33fed2f60cdb1d19\">Esa noche, en el municipio de Confines, Santander, se presentaron las primeras medidas de represi\u00f3n por parte de la polic\u00eda, quien hostig\u00f3 a los manifestantes solicitando sus c\u00e9dulas y desplegando un operativo policial que violaba los protocolos en caso de protesta. Seg\u00fan las denuncias publicadas en redes sociales, los polic\u00edas segu\u00edan portando sus armas letales, lo cual est\u00e1 prohibido en este tipo de escenarios. Adem\u00e1s, polic\u00edas que cubr\u00edan sus identificaciones, junto con personas de civil, tomaron fotograf\u00edas a los manifestantes. Horas m\u00e1s tarde, pasadas las 9:00 pm., en la v\u00eda entre Macanillo y Socorro, Santander, un grupo de civiles armados con palos, piedras, botellas y armas blancas, agredi\u00f3 a un grupo de 70 manifestantes que tambi\u00e9n se movilizaban hac\u00eda las jornadas de protesta. Dos personas resultaron heridas. La agresi\u00f3n fue realizaba bajo el amparo de la polic\u00eda, que, en lugar de proteger a los manifestantes, proteg\u00eda a los agresores y les permit\u00eda actuar con total impunidad. Tambi\u00e9n, en el municipio de San Gil, Santander, a las 11:20 pm., otro grupo de manifestantes que se encontraba al interior de un bus, fue agredido con piedras, por parte de otro grupo de civiles hostiles a la protesta, organizados por sectores de extrema derecha. Seg\u00fan denuncias de organizaciones sociales, las anteriores acciones represivas, realizadas por polic\u00eda y civiles, fueron instigadas por el gobernador de Santander, Juvenal D\u00edaz Mateus.<\/p>\n\n\n\n<p class=\"has-black-color has-text-color has-link-color wp-elements-111b45611fce91415f82ea3ea3869c63\">A pesar de la represi\u00f3n ejercida contra la movilizaci\u00f3n en Santander, al d\u00eda siguiente, se comenzaron a generar exitosos reportes del inicio de los bloqueos en varias carreteras a nivel nacional y en instituciones gubernamentales.<\/p>\n\n\n\n<p class=\"has-black-color has-text-color has-link-color wp-elements-ad6c6c7db779ca2dbdd1cdd93d8b8796\">En el departamento del Cesar, en el corregimiento de Besote, miles de campesinos bloquearon la Ruta del Sol. El equipo de Nueva Democracia, tuvo la oportunidad de participar de las jornadas de protesta en dicho punto de bloqueo, donde pudimos documentar un poco de lo ocurrido durante los d\u00edas de protesta. All\u00ed evidenciamos el clamor del campesinado por tierra para quien la trabaja, expresado en consignas, telas, canciones, testimonios, etc. La organizaci\u00f3n del campesinado para conquistar sus derechos, expresado en el gran trabajo log\u00edstico para garantizar la alimentaci\u00f3n, cambuches, puesto de salud, guardia campesina, equipo de comunicaciones y derechos humanos, entre otras labores. El papel de la juventud y de los artistas populares, que durante cuatro d\u00edas mantuvieron la agitaci\u00f3n y propaganda permanentes en medio de la protesta, siempre con la energ\u00eda y \u00e1nimo a tope, elevando la moral de lucha de todos los participantes. La combatividad de las masas campesinas, dispuestas a ejercer la protesta en las calles, aunque esto significase la posibilidad de enfrentar la represi\u00f3n estatal. En este punto de bloqueo, solo se present\u00f3 el hostigamiento a trav\u00e9s de drones que sobrevolaron constantemente el sitio, sin embargo, vimos c\u00f3mo las masas campesinas estaban dispuestas a resistir si fuese necesario, porque sus reclamos son justos y la lucha completamente leg\u00edtima. A continuaci\u00f3n, compartimos el reportaje audiovisual que realizamos, sobre lo vivido en el punto de bloqueo en el corregimiento de Besote, Cesar.<\/p>\n\n\n\n<figure class=\"wp-block-embed is-type-video is-provider-youtube wp-block-embed-youtube wp-embed-aspect-16-9 wp-has-aspect-ratio\"><div class=\"wp-block-embed__wrapper\">\n<iframe loading=\"lazy\" title=\"Reportaje de la movilizaci\u00f3n campesina y popular en el Cesar\" width=\"1290\" height=\"726\" src=\"https:\/\/www.youtube.com\/embed\/VcRs0_twWBM?feature=oembed\" frameborder=\"0\" allow=\"accelerometer; autoplay; clipboard-write; encrypted-media; gyroscope; picture-in-picture; web-share\" referrerpolicy=\"strict-origin-when-cross-origin\" allowfullscreen><\/iframe>\n<\/div><\/figure>\n\n\n\n<p><\/p>\n\n\n\n<p class=\"has-black-color has-text-color has-link-color wp-elements-c84ea14a319cba0210afec6102fa0930\">En la vereda El C\u00e9firo, municipio Rosas, Cauca, cerca de 2.000 personas bloquearon la v\u00eda, argumentando que \u201cnos juntamos desde el suroccidente a la movilizaci\u00f3n nacional porque los acuerdos incumplidos en este territorio son hist\u00f3ricos.\u201d<\/p>\n\n\n\n<figure class=\"wp-block-image aligncenter size-large is-resized\"><img loading=\"lazy\" decoding=\"async\" width=\"1024\" height=\"768\" src=\"https:\/\/nuevademocracia.com.co\/wp-content\/uploads\/2025\/11\/paro-campesino-_Cauca-1024x768.jpg\" alt=\"\" class=\"wp-image-28228\" style=\"width:636px;height:auto\" srcset=\"https:\/\/nuevademocracia.com.co\/wp-content\/uploads\/2025\/11\/paro-campesino-_Cauca-1024x768.jpg 1024w, https:\/\/nuevademocracia.com.co\/wp-content\/uploads\/2025\/11\/paro-campesino-_Cauca-300x225.jpg 300w, https:\/\/nuevademocracia.com.co\/wp-content\/uploads\/2025\/11\/paro-campesino-_Cauca-768x576.jpg 768w, https:\/\/nuevademocracia.com.co\/wp-content\/uploads\/2025\/11\/paro-campesino-_Cauca.jpg 1280w\" sizes=\"auto, (max-width: 1024px) 100vw, 1024px\" \/><figcaption class=\"wp-element-caption\"><em>Foto: facebook.com\/CNAColombia<\/em><\/figcaption><\/figure>\n\n\n\n<p class=\"has-black-color has-text-color has-link-color wp-elements-c0cb3e807c8ec5e4382768e8c06923aa\">En el sector La Delfina, Buenaventura, Valle del Cauca, se mantuvo el bloqueo el d\u00eda 14, sin embargo, el d\u00eda 15 de octubre en la ma\u00f1ana, la movilizaci\u00f3n fue fuertemente reprimida por el escuadr\u00f3n antidisturbios de la polic\u00eda y por polic\u00edas que portaban armas de largo alcance. Dicha v\u00eda es muy importante para las clases dominantes y el imperialismo, pues conduce al principal puerto mar\u00edtimo de Colombia, el Puerto de Buenaventura, por donde se extraen las riquezas de nuestro pa\u00eds, saqueadas por las multinacionales extranjeras, y tambi\u00e9n por donde ingresan las mercanc\u00edas extranjeras que inundan el mercado nacional y arruinan a nuestros propios productores. Los manifestantes denunciaron que la polic\u00eda dispar\u00f3 sus armas de fuego contra las personas que participaban de la protesta. A pesar de la fuerte represi\u00f3n, en horas de la tarde, los ind\u00edgenas y campesinos ya hab\u00edan vuelto a bloquear la v\u00eda, despu\u00e9s de combatir contra las fuerzas de represi\u00f3n por varias horas.<\/p>\n\n\n\n<figure class=\"wp-block-image aligncenter size-large is-resized\"><img loading=\"lazy\" decoding=\"async\" width=\"1024\" height=\"771\" src=\"https:\/\/nuevademocracia.com.co\/wp-content\/uploads\/2025\/11\/paro-campesino-_Buenaventura-01-1024x771.jpg\" alt=\"\" class=\"wp-image-28229\" style=\"width:625px;height:auto\" srcset=\"https:\/\/nuevademocracia.com.co\/wp-content\/uploads\/2025\/11\/paro-campesino-_Buenaventura-01-1024x771.jpg 1024w, https:\/\/nuevademocracia.com.co\/wp-content\/uploads\/2025\/11\/paro-campesino-_Buenaventura-01-300x226.jpg 300w, https:\/\/nuevademocracia.com.co\/wp-content\/uploads\/2025\/11\/paro-campesino-_Buenaventura-01-768x578.jpg 768w, https:\/\/nuevademocracia.com.co\/wp-content\/uploads\/2025\/11\/paro-campesino-_Buenaventura-01-1536x1157.jpg 1536w, https:\/\/nuevademocracia.com.co\/wp-content\/uploads\/2025\/11\/paro-campesino-_Buenaventura-01.jpg 1600w\" sizes=\"auto, (max-width: 1024px) 100vw, 1024px\" \/><figcaption class=\"wp-element-caption\"><em>Foto: facebook.com\/CongresoDeLosPueblosOficial<\/em><\/figcaption><\/figure>\n\n\n\n<figure class=\"wp-block-image aligncenter size-full is-resized\"><img loading=\"lazy\" decoding=\"async\" width=\"746\" height=\"617\" src=\"https:\/\/nuevademocracia.com.co\/wp-content\/uploads\/2025\/11\/paro-campesino-_Buenaventura-02.png\" alt=\"\" class=\"wp-image-28230\" style=\"width:613px;height:auto\" srcset=\"https:\/\/nuevademocracia.com.co\/wp-content\/uploads\/2025\/11\/paro-campesino-_Buenaventura-02.png 746w, https:\/\/nuevademocracia.com.co\/wp-content\/uploads\/2025\/11\/paro-campesino-_Buenaventura-02-300x248.png 300w\" sizes=\"auto, (max-width: 746px) 100vw, 746px\" \/><\/figure>\n\n\n\n<p><\/p>\n\n\n\n<p class=\"has-black-color has-text-color has-link-color wp-elements-62b8993ebeeec31c83fdffa81c7305dc\">En el Puente el Arrastradero, municipio Tad\u00f3, v\u00eda Quibd\u00f3-Pereira, comunidades ind\u00edgenas y afros tambi\u00e9n se sumaron a la movilizaci\u00f3n nacional. En el departamento de Arauca tambi\u00e9n hubo reporte de movilizaciones campesinas. En el peaje de la v\u00eda Bogot\u00e1-Facatativ\u00e1, manifestantes tomaron control del mismo y permitieron la libre circulaci\u00f3n de los carros, argumentando que dicha acci\u00f3n atacaba a Luis Carlos Sarmiento Angulo y su conglomerado financiero, que tiene el monopolio sobre las concesiones viales y peajes en Colombia. \u201cEse control privado e injusto de las v\u00edas y el transporte en Colombia hace que mucho del alimento producido por las comunidades campesinas, ind\u00edgenas y pueblo afro llegue a las ciudades a precios elevados, restringiendo el acceso al mismo desde las clases populares urbanas.\u201d (Facebook CNAColombia).<\/p>\n\n\n\n<figure class=\"wp-block-image aligncenter size-large is-resized\"><img loading=\"lazy\" decoding=\"async\" width=\"768\" height=\"1024\" src=\"https:\/\/nuevademocracia.com.co\/wp-content\/uploads\/2025\/11\/paro-campesino-_Peaje-Fontibon-768x1024.jpg\" alt=\"\" class=\"wp-image-28231\" style=\"width:700px;height:auto\" srcset=\"https:\/\/nuevademocracia.com.co\/wp-content\/uploads\/2025\/11\/paro-campesino-_Peaje-Fontibon-768x1024.jpg 768w, https:\/\/nuevademocracia.com.co\/wp-content\/uploads\/2025\/11\/paro-campesino-_Peaje-Fontibon-225x300.jpg 225w, https:\/\/nuevademocracia.com.co\/wp-content\/uploads\/2025\/11\/paro-campesino-_Peaje-Fontibon.jpg 960w\" sizes=\"auto, (max-width: 768px) 100vw, 768px\" \/><figcaption class=\"wp-element-caption\"><em>Foto: facebook.com\/CongresoDeLosPueblosOficial<\/em><\/figcaption><\/figure>\n\n\n\n<p class=\"has-black-color has-text-color has-link-color wp-elements-5dcd64894cc8009c858f44f0ee567efc\">En Bogot\u00e1 hubo protestas y bloqueos en el Ministerio de Vivienda, en el Ministerio del Interior, en la Agencia Nacional de Tierras, exigiendo una \u201cReforma Agraria Integral y Popular, una que no solo reparta la tierra como un mercado sino que atienda las necesidades de pueblos ind\u00edgenas, afros, campesinos y los que habitan las ciudades\u201d; tambi\u00e9n hubo bloqueos en la Sociedad de Activos Especiales (SAE) y en la Unidad para las Victimas.<\/p>\n\n\n\n<p class=\"has-black-color has-text-color has-link-color wp-elements-4ea87e26ed71749a5e1f349ae6473381\">Tambi\u00e9n en la capital del pa\u00eds, el 17 de octubre, se realiz\u00f3 una movilizaci\u00f3n hac\u00eda la Embajada de EE.UU., exigiendo la soberan\u00eda nacional, en contra de la injerencia del imperialismo yanqui en Colombia y Am\u00e9rica Latina, y en apoyo a la heroica resistencia del pueblo palestino. Sin embargo, la movilizaci\u00f3n fue reprimida por los antidisturbios de la polic\u00eda, quienes no contaban con una gran resistencia por parte de comunidades ind\u00edgenas y campesinas que hac\u00edan parte de la movilizaci\u00f3n. Cuatro polic\u00edas fueron heridos por las flechas lanzadas por los ind\u00edgenas.<\/p>\n\n\n\n<figure class=\"wp-block-image aligncenter size-large is-resized\"><img loading=\"lazy\" decoding=\"async\" width=\"1024\" height=\"683\" src=\"https:\/\/nuevademocracia.com.co\/wp-content\/uploads\/2025\/11\/paro-campesino-_Bogota-embajada-01-1-1024x683.jpg\" alt=\"\" class=\"wp-image-28232\" style=\"width:587px;height:auto\" srcset=\"https:\/\/nuevademocracia.com.co\/wp-content\/uploads\/2025\/11\/paro-campesino-_Bogota-embajada-01-1-1024x683.jpg 1024w, https:\/\/nuevademocracia.com.co\/wp-content\/uploads\/2025\/11\/paro-campesino-_Bogota-embajada-01-1-300x200.jpg 300w, https:\/\/nuevademocracia.com.co\/wp-content\/uploads\/2025\/11\/paro-campesino-_Bogota-embajada-01-1-768x512.jpg 768w, https:\/\/nuevademocracia.com.co\/wp-content\/uploads\/2025\/11\/paro-campesino-_Bogota-embajada-01-1.jpg 1440w\" sizes=\"auto, (max-width: 1024px) 100vw, 1024px\" \/><figcaption class=\"wp-element-caption\"><em>Fotos: AP\/Fernando Vergara<\/em><\/figcaption><\/figure>\n\n\n\n<figure class=\"wp-block-image aligncenter size-large is-resized\"><img loading=\"lazy\" decoding=\"async\" width=\"1024\" height=\"683\" src=\"https:\/\/nuevademocracia.com.co\/wp-content\/uploads\/2025\/11\/paro-campesino-_Bogota-embajada-02-1024x683.jpg\" alt=\"\" class=\"wp-image-28234\" style=\"width:660px;height:auto\" srcset=\"https:\/\/nuevademocracia.com.co\/wp-content\/uploads\/2025\/11\/paro-campesino-_Bogota-embajada-02-1024x683.jpg 1024w, https:\/\/nuevademocracia.com.co\/wp-content\/uploads\/2025\/11\/paro-campesino-_Bogota-embajada-02-300x200.jpg 300w, https:\/\/nuevademocracia.com.co\/wp-content\/uploads\/2025\/11\/paro-campesino-_Bogota-embajada-02-768x512.jpg 768w, https:\/\/nuevademocracia.com.co\/wp-content\/uploads\/2025\/11\/paro-campesino-_Bogota-embajada-02.jpg 1440w\" sizes=\"auto, (max-width: 1024px) 100vw, 1024px\" \/><figcaption class=\"wp-element-caption\"><em>Fotos: AP\/Fernando Vergara<\/em><\/figcaption><\/figure>\n\n\n\n<p class=\"has-black-color has-text-color has-link-color wp-elements-0e22a52b36dc4f7891fd62cfc76587b5\">El d\u00eda s\u00e1bado 18 de octubre, se dio por finalizada la movilizaci\u00f3n a nivel nacional, luego de que las vocer\u00edas alcanzaran acuerdos con el gobierno nacional, acuerdos que fueron conquistados a trav\u00e9s de la lucha en las calles.<\/p>\n\n\n\n<p class=\"has-black-color has-text-color has-link-color wp-elements-4e9642eff369623096c02435ba6ae5f4\">As\u00ed concluy\u00f3 una gran movilizaci\u00f3n campesina y popular, que levant\u00f3 las banderas de la lucha por la tierra para quien la trabaja; en contra del paramilitarismo y la doctrina de seguridad nacional de las clases dominantes; por la soberan\u00eda nacional en contra el imperialismo yanqui; por el cumplimento de los acuerdos con las comunidades que garanticen una vida digna para el pueblo; entre otras reivindicaciones. Durante una semana, \u201cAqu\u00ed en la lucha\u201d se convirti\u00f3 en una consigna que se enfrent\u00f3 al silencio y la pacificaci\u00f3n que pretende el \u201cgobierno del cambio\u201d. A\u00fan hoy retumba en todo el pa\u00eds aquel llamado a combatir por los derechos del pueblo, convocando a quienes quieren luchar para que retomemos el camino popular, y ensordeciendo a quienes no quieren luchar, es decir a todos aquellos dirigentes, organizaciones y fuerzas sociales adormecidas por el reformismo \u201cdel cambio\u201d.<\/p>\n\n\n\n<p><\/p>\n","protected":false},"excerpt":{"rendered":"<p>Entre los d\u00edas 13 y 18 de octubre, en varias regiones del pa\u00eds, se present\u00f3 una masiva movilizaci\u00f3n popular, sostenida principalmente por campesinos.<\/p>\n","protected":false},"author":1,"featured_media":28226,"comment_status":"open","ping_status":"open","sticky":false,"template":"","format":"standard","meta":{"footnotes":""},"categories":[16,144],"tags":[],"class_list":["post-28225","post","type-post","status-publish","format-standard","has-post-thumbnail","hentry","category-carrusel","category-lucha-por-la-tierra"],"blocksy_meta":[],"_links":{"self":[{"href":"https:\/\/nuevademocracia.com.co\/index.php?rest_route=\/wp\/v2\/posts\/28225","targetHints":{"allow":["GET"]}}],"collection":[{"href":"https:\/\/nuevademocracia.com.co\/index.php?rest_route=\/wp\/v2\/posts"}],"about":[{"href":"https:\/\/nuevademocracia.com.co\/index.php?rest_route=\/wp\/v2\/types\/post"}],"author":[{"embeddable":true,"href":"https:\/\/nuevademocracia.com.co\/index.php?rest_route=\/wp\/v2\/users\/1"}],"replies":[{"embeddable":true,"href":"https:\/\/nuevademocracia.com.co\/index.php?rest_route=%2Fwp%2Fv2%2Fcomments&post=28225"}],"version-history":[{"count":4,"href":"https:\/\/nuevademocracia.com.co\/index.php?rest_route=\/wp\/v2\/posts\/28225\/revisions"}],"predecessor-version":[{"id":29028,"href":"https:\/\/nuevademocracia.com.co\/index.php?rest_route=\/wp\/v2\/posts\/28225\/revisions\/29028"}],"wp:featuredmedia":[{"embeddable":true,"href":"https:\/\/nuevademocracia.com.co\/index.php?rest_route=\/wp\/v2\/media\/28226"}],"wp:attachment":[{"href":"https:\/\/nuevademocracia.com.co\/index.php?rest_route=%2Fwp%2Fv2%2Fmedia&parent=28225"}],"wp:term":[{"taxonomy":"category","embeddable":true,"href":"https:\/\/nuevademocracia.com.co\/index.php?rest_route=%2Fwp%2Fv2%2Fcategories&post=28225"},{"taxonomy":"post_tag","embeddable":true,"href":"https:\/\/nuevademocracia.com.co\/index.php?rest_route=%2Fwp%2Fv2%2Ftags&post=28225"}],"curies":[{"name":"wp","href":"https:\/\/api.w.org\/{rel}","templated":true}]}}