{"id":28237,"date":"2025-11-11T15:00:00","date_gmt":"2025-11-11T20:00:00","guid":{"rendered":"https:\/\/nuevademocracia.com.co\/?p=28237"},"modified":"2025-11-10T15:29:03","modified_gmt":"2025-11-10T20:29:03","slug":"el-mundo-esta-en-llamas","status":"publish","type":"post","link":"https:\/\/nuevademocracia.com.co\/?p=28237","title":{"rendered":"El mundo est\u00e1 en llamas"},"content":{"rendered":"\n<p class=\"has-black-color has-text-color has-link-color wp-elements-a85046204fd2197f31cc29bbf3cd8689\">Alrededor del mundo se vienen presentando grandes levantamientos populares. Miles de personas han salido a expresar su inconformidad y rechazo al viejo orden. Adem\u00e1s, el imperialismo profundiza cada vez m\u00e1s su crisis y como \u00fanica alternativa para salvarse tiene que aumentar su explotaci\u00f3n a las naciones oprimidas lo que genera mayores condiciones objetivas para que aumente la lucha popular.<\/p>\n\n\n\n<p class=\"has-black-color has-text-color has-link-color wp-elements-b5c70f9704a42f7fc8aca330d413f72b\">As\u00ed lo indica la prensa democr\u00e1tica y popular A Nova Democracia, \u201cLa verdad es, simplemente la siguiente: cuanto mayor es la concentraci\u00f3n de la riqueza en un polo y la pobreza en otro, mayor es la necesidad, para los Estados burgueses, de elevar su reaccionarizaci\u00f3n, con restricciones o cancelaciones de las libertades democr\u00e1ticas, que ya son muy limitadas. La \u201cautocratizaci\u00f3n\u201d no es otra cosa que la marcha de la democracia burguesa hacia el absolutismo presidencialista, con crecientes medidas fascistas y, en algunos casos, hacia el fascismo mismo. El capital monopolista, es decir, el imperialismo, tiende a la violencia y a la reacci\u00f3n en toda la l\u00ednea, manifest\u00e1ndose pol\u00edticamente en guerra de agresi\u00f3n contra las naciones oprimidas por las naciones imperialistas y por el reparto del mundo entre ellas. Y por tanto, desde la Primera Guerra Mundial imperialista, desde el punto de vista social, como socialchovinismo que, bajo la senilidad de la rep\u00fablica democr\u00e1tica burguesa, incluso con la gesti\u00f3n de la socialdemocracia, no produce m\u00e1s que frustraci\u00f3n y resentimiento en las masas populares ante el fracaso y la ca\u00edda de esa izquierda burguesa; es la base de la que emergi\u00f3 la extrema derecha en todo el mundo en la \u00faltima d\u00e9cada.\u201d<\/p>\n\n\n\n<p class=\"has-vivid-red-color has-text-color has-link-color has-medium-font-size wp-elements-26431f33e692d7f62fc40a774bbff459\"><strong>Ecuador<\/strong><\/p>\n\n\n\n<p class=\"has-black-color has-text-color has-link-color wp-elements-513f84da7c862ad1fff77c565511191f\">Desde septiembre el pueblo ecuatoriano viene desarrollando unas importantes y combativas jornadas de lucha. Campesinos, ind\u00edgenas, obreros y masas populares han bloqueado importantes carreteras del pa\u00eds, han hecho grandiosas movilizaciones y se han enfrentado durante horas a las fuerzas de represi\u00f3n. Seg\u00fan un comunicado emitido por el Frente de Defensa de Luchas del Pueblo del Ecuador (FDLP-Ec) los objetivos de este levantamiento popular son, \u201cDerogaci\u00f3n del decreto 126, que elimin\u00f3 el subsidio al di\u00e9sel. Reducci\u00f3n del IVA del 15% al 12%. Fin al modelo extractivista. Aumentar el presupuesto para salud, educaci\u00f3n y seguridad real. Revocatoria de las licencias mineras de los proyectos Quimsacocha, Las Naves, Palo Quemado y m\u00e1s.\u201d<\/p>\n\n\n\n<p class=\"has-black-color has-text-color has-link-color wp-elements-2daacaaeeefedcbda21bb12272cc8554\">Frente a la rebeld\u00eda incontenible del pueblo ecuatoriano el gobierno fascista y vendepatria de Daniel Noboa ha tomado numerosas medidas represivas como estado de excepci\u00f3n de 60 d\u00edas en siete provincias del pa\u00eds, la movilizaci\u00f3n de polic\u00eda y fuerzas armadas para levantar los bloqueos, enviar centenares de polic\u00edas a diferentes puntos de la capital e implementar toques de queda nocturnos en otras ciudades. Asimismo, las fuerzas represivas han asesinado a por lo menos tres luchadores populares y herido a decenas.<\/p>\n\n\n\n<figure class=\"wp-block-image aligncenter size-large is-resized\"><img loading=\"lazy\" decoding=\"async\" width=\"1024\" height=\"724\" src=\"https:\/\/nuevademocracia.com.co\/wp-content\/uploads\/2025\/11\/image-2-1024x724.png\" alt=\"\" class=\"wp-image-28239\" style=\"width:673px;height:auto\" srcset=\"https:\/\/nuevademocracia.com.co\/wp-content\/uploads\/2025\/11\/image-2-1024x724.png 1024w, https:\/\/nuevademocracia.com.co\/wp-content\/uploads\/2025\/11\/image-2-300x212.png 300w, https:\/\/nuevademocracia.com.co\/wp-content\/uploads\/2025\/11\/image-2-768x543.png 768w, https:\/\/nuevademocracia.com.co\/wp-content\/uploads\/2025\/11\/image-2-1536x1086.png 1536w, https:\/\/nuevademocracia.com.co\/wp-content\/uploads\/2025\/11\/image-2.png 2048w\" sizes=\"auto, (max-width: 1024px) 100vw, 1024px\" \/><figcaption class=\"wp-element-caption\">Foto: Frente de Defensa de las Luchas del Pueblo en Ecuador<\/figcaption><\/figure>\n\n\n\n<p class=\"has-vivid-red-color has-text-color has-link-color has-medium-font-size wp-elements-bf9192117e6755f95cc15e7d57f1d0bb\"><strong>Per\u00fa<\/strong><\/p>\n\n\n\n<p class=\"has-black-color has-text-color has-link-color wp-elements-20627b99a7afa32deca17682bfa97591\">El 20 de septiembre estallaron potentes y combativas protestas en Per\u00fa, principalmente en su capital, Lima. Per\u00fa vive una gran crisis pol\u00edtica y econ\u00f3mica, tiene un aumento de la inflaci\u00f3n, de la informalidad del desempleo, del costo de vida lo que genera mayor pobreza y falta de derechos como salud, entre otros. Todo esto, sumado a un gobierno represivo y hambreador antes dirigido por Dina Boluarte y actualmente por Jos\u00e9 Jeri, es la raz\u00f3n por la que miles de personas han salido a movilizarse y desarrollar grandes combates contra las fuerzas de represi\u00f3n. Las grandes protestas han depuesto a la reaccionaria Dina Boluarte.<\/p>\n\n\n\n<p class=\"has-black-color has-text-color has-link-color wp-elements-87cb190b2688dadc0c2996ad7ecc95ca\">El viejo Estado peruano ha respondido a la lucha del pueblo con la m\u00e1s cruenta represi\u00f3n asesinando e hiriendo a luchadores del pueblo. Ha movilizado grandes tropas de la fuerza armada junto a la polic\u00eda para garantizar el viejo orden, adem\u00e1s el gobierno interino de Jos\u00e9 Jeri decreto un estado de emergencia durante 30 d\u00edas en Lima y Callao para reprimir la lucha popular y restringir derechos b\u00e1sicos como la libertad de reuni\u00f3n.<\/p>\n\n\n\n<figure class=\"wp-block-image aligncenter size-full is-resized\"><img loading=\"lazy\" decoding=\"async\" width=\"768\" height=\"513\" src=\"https:\/\/nuevademocracia.com.co\/wp-content\/uploads\/2025\/11\/image-4.png\" alt=\"\" class=\"wp-image-28241\" style=\"width:519px;height:auto\" srcset=\"https:\/\/nuevademocracia.com.co\/wp-content\/uploads\/2025\/11\/image-4.png 768w, https:\/\/nuevademocracia.com.co\/wp-content\/uploads\/2025\/11\/image-4-300x200.png 300w\" sizes=\"auto, (max-width: 768px) 100vw, 768px\" \/><figcaption class=\"wp-element-caption\">Foto: AFP<\/figcaption><\/figure>\n\n\n\n<p class=\"has-vivid-red-color has-text-color has-link-color has-medium-font-size wp-elements-8553d47ab93b56f50a5d4fa6d6f72170\"><strong>Brasil<\/strong><\/p>\n\n\n\n<p class=\"has-black-color has-text-color has-link-color wp-elements-fec1835dc361a260d6e49e09dcdc96f9\">La lucha por la tierra se est\u00e1 fortaleciendo cade vez, la organizaci\u00f3n revolucionaria la Liga de Campesinos Pobres en Brasil ha dado grandes batallas y asestado grandes golpes al latifundio y sus grupos paramilitares. Un gran ejemplo de ello fue la Batalla Feroz de Barro Branco que se dio en septiembre de 2024 donde campesinos impidieron el intento de desalojo que quer\u00eda realizar el grupo paramilitar al servicio del latifundio \u201cInvasi\u00f3n Zero\u201d.&nbsp; Recientemente, seg\u00fan informa la prensa democr\u00e1tica y popular A Nova Democracia, \u201ccuatro ocupaciones en el estado de Amazonas, Brasil, fueron violentamente desalojadas por el gobierno estatal, afectando a aproximadamente 5.200 familias. La Polic\u00eda Militar, bajo las \u00f3rdenes del gobernador Wilson Lima, utiliz\u00f3 la fuerza, incluyendo perros y veh\u00edculos blindados, para desplazar a las comunidades ind\u00edgenas en las \u00e1reas de Tarum\u00e3, Mauazinho, Distrito Novo Horizonte y BR-174.\u201d<\/p>\n\n\n\n<p class=\"has-black-color has-text-color has-link-color wp-elements-f711f65fd21b6d0f3764cc59dabeca89\">Adem\u00e1s, la Liga de Campesinos Pobres ha enfrentado la criminalizaci\u00f3n y represi\u00f3n del viejo Estado y de sus fuerzas militares y ha hecho el llamado a continuar y desarrollar cada vez la lucha por la tierra y por la destrucci\u00f3n del latifundio.<\/p>\n\n\n\n<figure class=\"wp-block-image aligncenter size-full is-resized\"><img loading=\"lazy\" decoding=\"async\" width=\"1024\" height=\"569\" src=\"https:\/\/nuevademocracia.com.co\/wp-content\/uploads\/2025\/11\/image-5.png\" alt=\"\" class=\"wp-image-28242\" style=\"width:657px;height:auto\" srcset=\"https:\/\/nuevademocracia.com.co\/wp-content\/uploads\/2025\/11\/image-5.png 1024w, https:\/\/nuevademocracia.com.co\/wp-content\/uploads\/2025\/11\/image-5-300x167.png 300w, https:\/\/nuevademocracia.com.co\/wp-content\/uploads\/2025\/11\/image-5-768x427.png 768w\" sizes=\"auto, (max-width: 1024px) 100vw, 1024px\" \/><figcaption class=\"wp-element-caption\">Feroz batalla de Barro Branco. 28 de septiembre de 2024. Foto: Base de datos de ADN. La tela dice, \u201cEl riesgo que corre el palo lo corre el hacha\u201d<\/figcaption><\/figure>\n\n\n\n<p class=\"has-vivid-red-color has-text-color has-link-color has-medium-font-size wp-elements-dcbbe7cf3bfa1e539e16122bf3c3b741\"><strong>M\u00e9xico<\/strong><\/p>\n\n\n\n<p class=\"has-black-color has-text-color has-link-color wp-elements-634e195fa069f9cabe651932a2694ac4\">&nbsp;El pasado 2 de octubre la juventud popular mexicana sali\u00f3 a las calles por motivo de la conmemoraci\u00f3n de los 57 a\u00f1os de la masacre de Tlatelolco, cometida en 1968 contra el movimiento estudiantil y las masas que se solidarizaron con la justa lucha de la juventud ante el gobierno tir\u00e1nico del fascista Gustavo D\u00edaz Ordaz. Esta movilizaci\u00f3n se realiza cada a\u00f1o y esta, la m\u00e1s reciente, se caracteriz\u00f3 por ser la m\u00e1s grande y combativa, participaron alrededor de 10 mil personas.<\/p>\n\n\n\n<p class=\"has-black-color has-text-color has-link-color wp-elements-7bda811c882bab25d895912f71736a79\">El gobierno local moviliz\u00f3 inicialmente al menos 500 mil agentes de la polic\u00eda, pero estos fueron rebasados por la rebeld\u00eda desbordada de la juventud. La combatividad mostrada por lo j\u00f3venes populares demuestra que no est\u00e1n dispuesta ni a perdonar ni olvidar los cr\u00edmenes del Estado. La jornada finaliz\u00f3 con 94 polic\u00edas heridos y con alrededor de 29 personas lesionadas y algunas de ellas de gravedad.<\/p>\n\n\n\n<figure class=\"wp-block-image aligncenter size-full is-resized\"><img loading=\"lazy\" decoding=\"async\" width=\"519\" height=\"640\" src=\"https:\/\/nuevademocracia.com.co\/wp-content\/uploads\/2025\/11\/image-6.png\" alt=\"\" class=\"wp-image-28243\" style=\"width:324px;height:auto\" srcset=\"https:\/\/nuevademocracia.com.co\/wp-content\/uploads\/2025\/11\/image-6.png 519w, https:\/\/nuevademocracia.com.co\/wp-content\/uploads\/2025\/11\/image-6-243x300.png 243w\" sizes=\"auto, (max-width: 519px) 100vw, 519px\" \/><figcaption class=\"wp-element-caption\">Foto: Corriente del Pueblo &#8211; Sol Rojo. M\u00e9xico <\/figcaption><\/figure>\n\n\n\n<p class=\"has-vivid-red-color has-text-color has-link-color has-medium-font-size wp-elements-7d904ec6392ba2f9160b30028aca40f1\"><strong>Nepal<\/strong><\/p>\n\n\n\n<p class=\"has-black-color has-text-color has-link-color wp-elements-7355158464493acaa3b5dc312e4f3f24\">El sitio web El Heraldo Rojo inform\u00f3 que en septiembre \u201cal menos 19 personas fueron asesinadas por las fuerzas represivas de Nepal despu\u00e9s de que estallaran manifestaciones. Las protestas fueron provocadas por una prohibici\u00f3n arbitraria del gobierno contra las redes sociales, prohibiendo varias plataformas, como Facebook, X y YouTube. Tambi\u00e9n se protest\u00f3 contra la corrupci\u00f3n generalizada en el podrido parlamento nepal\u00ed. Como inform\u00f3 el peri\u00f3dico revolucionario democr\u00e1tico Moolbato: \u201c<em>Durante d\u00e9cadas, el pueblo nepal\u00ed ha sido humillado y victimizado debido al sistema parlamentario negociado, la corrupci\u00f3n generalizada, los acuerdos antinacionales y la intervenci\u00f3n de potencias extranjeras. Las vidas de los campesinos pobres, obreros, estudiantes y j\u00f3venes desempleados est\u00e1n atrapadas en un ciclo de miseria e injusticia. Los intermediarios que dependen del poder del Estado han impuesto impuestos dobles y triples, han considerado una econom\u00eda llena de remesas como un logro y han impuesto una monta\u00f1a de desigualdad, privaci\u00f3n y explotaci\u00f3n sobre el pueblo.<\/em>\u201d Ahora el pueblo nepal\u00ed ha tenido suficiente y ha dirigido su odio de clase hacia aquellos que impusieron esta carga sobre sus hombros. Desde la traici\u00f3n a la Guerra Popular en Nepal por parte de Prachanda, los traidores han impuesto miseria, venta del pa\u00eds y explotaci\u00f3n al pueblo nepal\u00ed. KP Sharma Oli, del Partido Comunista de Nepal (Marxista-Leninista Unificado), lider\u00f3 el gobierno de coalici\u00f3n desde la salida de Prachanda en julio de 2024 y llev\u00f3 a cabo estas mismas medidas antipopulares.\u201d<\/p>\n\n\n\n<figure class=\"wp-block-image aligncenter size-full is-resized\"><img loading=\"lazy\" decoding=\"async\" width=\"800\" height=\"450\" src=\"https:\/\/nuevademocracia.com.co\/wp-content\/uploads\/2025\/11\/image-7.png\" alt=\"\" class=\"wp-image-28244\" style=\"width:605px;height:auto\" srcset=\"https:\/\/nuevademocracia.com.co\/wp-content\/uploads\/2025\/11\/image-7.png 800w, https:\/\/nuevademocracia.com.co\/wp-content\/uploads\/2025\/11\/image-7-300x169.png 300w, https:\/\/nuevademocracia.com.co\/wp-content\/uploads\/2025\/11\/image-7-768x432.png 768w\" sizes=\"auto, (max-width: 800px) 100vw, 800px\" \/><figcaption class=\"wp-element-caption\"><em>Palacio de Singha Durbar, que alberga los edificios del parlamento y del gobierno, ha sido incendiado por los manifestantes. Foto: BBC.<\/em><\/figcaption><\/figure>\n\n\n\n<p class=\"has-vivid-red-color has-text-color has-link-color has-medium-font-size wp-elements-3815d3320b3ab9abca9c8a2b8de9636a\"><strong>Filipinas<\/strong><\/p>\n\n\n\n<p class=\"has-black-color has-text-color has-link-color wp-elements-591284c4964818bc47deb7222c99534a\">Debido a un nuevo escandalo de corrupci\u00f3n en una de las entidades del Estado encargada del control de las inundaciones se desataron masivas y combativas protestas contra el gobierno. Seg\u00fan medios locales, \u201cla corrupci\u00f3n se ha llevado el 70% de los fondos p\u00fablicos adjudicados al control de las inundaciones\u201d. Seg\u00fan indica el Defensor del pueblo, \u201cal menos 20 por ciento de las adjudicaciones anuales del gobierno han sido malversadas\u201d.<\/p>\n\n\n\n<p class=\"has-black-color has-text-color has-link-color wp-elements-2c88ca34e88a826fa15627796206f6ab\">Miles de personas salieron a las calles, principalmente en la capital de Filipinas, Manila, y exigieron la renuncia del presidente Ferdinand Marcos Jr. Seg\u00fan informa el sitio web El Heraldo Rojo, \u201calrededor de 300 a 400 manifestantes lanzaron piedras y c\u00f3cteles molotov y cargaron contra las fuerzas policiales en el Puente de Ayala. Las fuerzas represivas fueron forzadas a retirarse en varios puntos de la ciudad\u201d<\/p>\n\n\n\n<figure class=\"wp-block-image aligncenter size-full is-resized\"><img loading=\"lazy\" decoding=\"async\" width=\"768\" height=\"512\" src=\"https:\/\/nuevademocracia.com.co\/wp-content\/uploads\/2025\/11\/image-8.png\" alt=\"\" class=\"wp-image-28245\" style=\"width:659px;height:auto\" srcset=\"https:\/\/nuevademocracia.com.co\/wp-content\/uploads\/2025\/11\/image-8.png 768w, https:\/\/nuevademocracia.com.co\/wp-content\/uploads\/2025\/11\/image-8-300x200.png 300w\" sizes=\"auto, (max-width: 768px) 100vw, 768px\" \/><figcaption class=\"wp-element-caption\">Foto: Reuters\/AFP<\/figcaption><\/figure>\n\n\n\n<p class=\"has-vivid-red-color has-text-color has-link-color has-medium-font-size wp-elements-cdba8a6d232a01d0e7d46d73b7ca9907\"><strong>Madagascar<\/strong><\/p>\n\n\n\n<p class=\"has-black-color has-text-color has-link-color wp-elements-000fdc54c203fe7d1dfeed8ec2edc559\">Miles de personas, principalmente j\u00f3venes, salieron a protestar en contra de los recortes de electricidad y agua y la pobreza generalizada. S\u00f3lo el 36% de la poblaci\u00f3n de Madagascar, tiene acceso a electricidad, casi el 75% de la poblaci\u00f3n vive por debajo del umbral de pobreza, y Madagascar est\u00e1 clasificado entre los pa\u00edses m\u00e1s corruptos del mundo.<\/p>\n\n\n\n<p class=\"has-black-color has-text-color has-link-color wp-elements-033389903c209eff6abf8aa43d095259\">&nbsp;Las fuerzas represivas del Estado respondieron con gas lacrim\u00f3geno, y arrestando y golpeando a los manifestantes. Se registraron 22 personas asesinadas por la represi\u00f3n estatal.&nbsp;<\/p>\n\n\n\n<p class=\"has-black-color has-text-color has-link-color wp-elements-bfc8338d50f636587e0991722879bf74\">Este levantamiento popular provoc\u00f3 la huida del pa\u00eds del presidente de Madagascar, Andry Rajoelina. El domingo 12 de octubre Rajoelina fue trasladado en helic\u00f3ptero a la isla Sainte-Marie, frente a la costa este de Madagascar, antes de abordar un avi\u00f3n militar franc\u00e9s. Otros funcionarios del gobierno tambi\u00e9n huyeron del pa\u00eds.<\/p>\n\n\n\n<figure class=\"wp-block-image aligncenter size-large is-resized\"><img loading=\"lazy\" decoding=\"async\" width=\"1024\" height=\"675\" src=\"https:\/\/nuevademocracia.com.co\/wp-content\/uploads\/2025\/11\/image-10-1024x675.png\" alt=\"\" class=\"wp-image-28247\" style=\"width:542px;height:auto\" srcset=\"https:\/\/nuevademocracia.com.co\/wp-content\/uploads\/2025\/11\/image-10-1024x675.png 1024w, https:\/\/nuevademocracia.com.co\/wp-content\/uploads\/2025\/11\/image-10-300x198.png 300w, https:\/\/nuevademocracia.com.co\/wp-content\/uploads\/2025\/11\/image-10-768x506.png 768w, https:\/\/nuevademocracia.com.co\/wp-content\/uploads\/2025\/11\/image-10-1536x1013.png 1536w, https:\/\/nuevademocracia.com.co\/wp-content\/uploads\/2025\/11\/image-10.png 2048w\" sizes=\"auto, (max-width: 1024px) 100vw, 1024px\" \/><figcaption class=\"wp-element-caption\">U<em>n manifestante lanza el gas lacrim\u00f3geno de vuelta a los manifestantes durante los choques del 9 de octubre en Antanarivo. Foto: Luis TATO\/AFP.<\/em><\/figcaption><\/figure>\n\n\n\n<p class=\"has-vivid-red-color has-text-color has-link-color has-medium-font-size wp-elements-ed47012d68b76d09f7eb1a56d3f60395\"><strong>Italia<\/strong><\/p>\n\n\n\n<p class=\"has-black-color has-text-color has-link-color wp-elements-5496dc5d55a665aefdfc9d5311322638\">A finales del mes de septiembre algunos sindicatos de Italia convocaron una huelga general en solidaridad con Palestina, esto se dio en rechazo a la interceptaci\u00f3n de la Flotilla Global Sumud y al secuestro de sus tripulantes por parte de las fuerzas de ocupaci\u00f3n israel\u00ed.<\/p>\n\n\n\n<p class=\"has-black-color has-text-color has-link-color wp-elements-90be45b86497b957bbfc465fe487c062\">Alrededor de dos millones de personas se unieron a las movilizaciones y el 60% de los obreros del pa\u00eds apoyaron la huelga, seg\u00fan el sindicato CGIL. Los manifestantes llenaron las calles, bloquearon carreteras y puertos, expresando as\u00ed su apoyo a Palestina. Se presentaron enfrentamientos con las fuerzas represivas que intentaron evitar las acciones en solidaridad con Palestina. Cientos de trenes fueron cancelados o atrasados, al igual que varios vuelos nacionales, y muchas escuelas privadas y p\u00fablicas permanecieron cerradas.<\/p>\n\n\n\n<figure class=\"wp-block-image aligncenter size-full is-resized\"><img loading=\"lazy\" decoding=\"async\" width=\"800\" height=\"533\" src=\"https:\/\/nuevademocracia.com.co\/wp-content\/uploads\/2025\/11\/image-12.png\" alt=\"\" class=\"wp-image-28249\" style=\"width:622px;height:auto\" srcset=\"https:\/\/nuevademocracia.com.co\/wp-content\/uploads\/2025\/11\/image-12.png 800w, https:\/\/nuevademocracia.com.co\/wp-content\/uploads\/2025\/11\/image-12-300x200.png 300w, https:\/\/nuevademocracia.com.co\/wp-content\/uploads\/2025\/11\/image-12-768x512.png 768w\" sizes=\"auto, (max-width: 800px) 100vw, 800px\" \/><figcaption class=\"wp-element-caption\">M<em>anifestantes se enfrentan a antidisturbios en la estaci\u00f3n central de tren de Mil\u00e1n. Foto: AFP.<\/em><\/figcaption><\/figure>\n\n\n\n<p class=\"has-black-color has-text-color has-link-color wp-elements-da6729539b56b1230ce1985b7939fb3e\">La Resistencia Nacional Palestina sigue asestando derrotas al imperialismo y su lacayo \u201cIsrael\u201d y toda la solidaridad internacional que se viene desarrollando en torno a la cuesti\u00f3n palestina ha impulsado el movimiento antiimperialista en el mundo. En \u00c1frica el pueblo en diferentes pa\u00edses ha expulsado y dado importantes golpes al imperialismo franc\u00e9s y su dominio colonial. Y en general, el mundo se encuentra en llamas, los pueblos del mundo se encuentran luchando por una nueva sociedad y est\u00e1 poniendo en aprietos el viejo orden. Es labor de los revolucionarios cumplir su papel de ponerse a la cabeza de la lucha del pueblo, de ser sus organizadores y dirigirla por buen camino.<\/p>\n","protected":false},"excerpt":{"rendered":"<p>Alrededor del mundo se vienen presentando grandes levantamientos populares. Adem\u00e1s, el imperialismo profundiza cada vez m\u00e1s su crisis.<\/p>\n","protected":false},"author":1,"featured_media":28240,"comment_status":"open","ping_status":"open","sticky":false,"template":"","format":"standard","meta":{"footnotes":""},"categories":[16,31],"tags":[],"class_list":["post-28237","post","type-post","status-publish","format-standard","has-post-thumbnail","hentry","category-carrusel","category-internacional"],"blocksy_meta":[],"_links":{"self":[{"href":"https:\/\/nuevademocracia.com.co\/index.php?rest_route=\/wp\/v2\/posts\/28237","targetHints":{"allow":["GET"]}}],"collection":[{"href":"https:\/\/nuevademocracia.com.co\/index.php?rest_route=\/wp\/v2\/posts"}],"about":[{"href":"https:\/\/nuevademocracia.com.co\/index.php?rest_route=\/wp\/v2\/types\/post"}],"author":[{"embeddable":true,"href":"https:\/\/nuevademocracia.com.co\/index.php?rest_route=\/wp\/v2\/users\/1"}],"replies":[{"embeddable":true,"href":"https:\/\/nuevademocracia.com.co\/index.php?rest_route=%2Fwp%2Fv2%2Fcomments&post=28237"}],"version-history":[{"count":1,"href":"https:\/\/nuevademocracia.com.co\/index.php?rest_route=\/wp\/v2\/posts\/28237\/revisions"}],"predecessor-version":[{"id":28250,"href":"https:\/\/nuevademocracia.com.co\/index.php?rest_route=\/wp\/v2\/posts\/28237\/revisions\/28250"}],"wp:featuredmedia":[{"embeddable":true,"href":"https:\/\/nuevademocracia.com.co\/index.php?rest_route=\/wp\/v2\/media\/28240"}],"wp:attachment":[{"href":"https:\/\/nuevademocracia.com.co\/index.php?rest_route=%2Fwp%2Fv2%2Fmedia&parent=28237"}],"wp:term":[{"taxonomy":"category","embeddable":true,"href":"https:\/\/nuevademocracia.com.co\/index.php?rest_route=%2Fwp%2Fv2%2Fcategories&post=28237"},{"taxonomy":"post_tag","embeddable":true,"href":"https:\/\/nuevademocracia.com.co\/index.php?rest_route=%2Fwp%2Fv2%2Ftags&post=28237"}],"curies":[{"name":"wp","href":"https:\/\/api.w.org\/{rel}","templated":true}]}}