{"id":28251,"date":"2025-11-12T10:00:00","date_gmt":"2025-11-12T15:00:00","guid":{"rendered":"https:\/\/nuevademocracia.com.co\/?p=28251"},"modified":"2026-03-27T23:44:06","modified_gmt":"2026-03-28T04:44:06","slug":"video-reportaje-de-la-movilizacion-campesina-y-popular-en-el-cesar","status":"publish","type":"post","link":"https:\/\/nuevademocracia.com.co\/?p=28251","title":{"rendered":"Video: Reportaje de la movilizaci\u00f3n campesina y popular en el Cesar"},"content":{"rendered":"\n<hr class=\"wp-block-separator has-text-color has-palette-color-2-color has-alpha-channel-opacity has-palette-color-2-background-color has-background\"\/>\n\n\n\n<p class=\"has-black-color has-text-color has-link-color wp-elements-ce7b403d0a842692dfeeb4617d66020f\">Entre los d\u00edas 13 y 18 de octubre, en varias regiones del pa\u00eds, se present\u00f3 una masiva movilizaci\u00f3n popular, sostenida principalmente por campesinos organizados en el Coordinador Nacional Agrario (CNA). Tambi\u00e9n participaron estudiantes, obreros, maestros, y en general diversos sectores populares. Las movilizaciones en todo el pa\u00eds estuvieron unificadas por la consigna: \u201c\u00a1Aqu\u00ed en la lucha por las transformaciones sociales!\u201d.<\/p>\n\n\n\n<p class=\"has-black-color has-text-color has-link-color wp-elements-44fc10d28e8a59c95099952ef546fa07\">En el departamento del Cesar, en el corregimiento de Besote, miles de campesinos bloquearon la Ruta del Sol. El equipo de Nueva Democracia, tuvo la oportunidad de participar de las jornadas de protesta en dicho punto de bloqueo, donde pudimos documentar un poco de lo ocurrido durante los d\u00edas de protesta. All\u00ed evidenciamos el clamor del campesinado por tierra para quien la trabaja, expresado en consignas, telas, canciones, testimonios, etc. La organizaci\u00f3n del campesinado para conquistar sus derechos, expresado en el gran trabajo log\u00edstico para garantizar la alimentaci\u00f3n, cambuches, puesto de salud, guardia campesina, equipo de comunicaciones y derechos humanos, entre otras labores. El papel de la juventud y de los artistas populares, que durante cuatro d\u00edas mantuvieron la agitaci\u00f3n y propaganda permanentes en medio de la protesta, siempre con la energ\u00eda y \u00e1nimo a tope, elevando la moral de lucha de todos los participantes. La combatividad de las masas campesinas, dispuestas a ejercer la protesta en las calles, aunque esto significase la posibilidad de enfrentar la represi\u00f3n estatal. En este punto de bloqueo, solo se present\u00f3 el hostigamiento a trav\u00e9s de drones que sobrevolaron constantemente el sitio, sin embargo, vimos c\u00f3mo las masas campesinas estaban dispuestas a resistir si fuese necesario, porque sus reclamos son justos y la lucha completamente leg\u00edtima.<\/p>\n\n\n\n<p class=\"has-black-color has-text-color has-link-color wp-elements-bcd1542e37b57ee1d0b0a9c3e1dbb0ae\">En otros puntos de protesta, en el departamento de Santander, en la v\u00eda Buenaventura (Valle del Cauca), y en Bogot\u00e1, frente a la embajada de EE.UU., s\u00ed se present\u00f3 fuerte represi\u00f3n por parte de la polic\u00eda, y en algunos casos, la represi\u00f3n fue ejercida por parte de grupos civiles (paramilitares), amparados por la polic\u00eda. Al respecto de estos hechos de orden nacional, informaremos en otro art\u00edculo pr\u00f3ximo.<\/p>\n\n\n\n<p class=\"has-black-color has-text-color has-link-color wp-elements-e9cde6acf22b64670293c6a5f57533f7\">A continuaci\u00f3n, compartimos el reportaje audiovisual que realizamos, sobre lo vivido en el punto de bloqueo en el corregimiento de Besote, Cesar.<\/p>\n\n\n\n<figure class=\"wp-block-embed is-type-video is-provider-youtube wp-block-embed-youtube wp-embed-aspect-16-9 wp-has-aspect-ratio\"><div class=\"wp-block-embed__wrapper\">\n<iframe loading=\"lazy\" title=\"Reportaje de la movilizaci\u00f3n campesina y popular en el Cesar\" width=\"1290\" height=\"726\" src=\"https:\/\/www.youtube.com\/embed\/VcRs0_twWBM?feature=oembed\" frameborder=\"0\" allow=\"accelerometer; autoplay; clipboard-write; encrypted-media; gyroscope; picture-in-picture; web-share\" referrerpolicy=\"strict-origin-when-cross-origin\" allowfullscreen><\/iframe>\n<\/div><\/figure>\n","protected":false},"excerpt":{"rendered":"<p>En  Besote, Cesar, miles de campesinos bloquearon la Ruta del Sol. All\u00ed evidenciamos el clamor del campesinado por tierra.<\/p>\n","protected":false},"author":1,"featured_media":28252,"comment_status":"open","ping_status":"open","sticky":false,"template":"","format":"standard","meta":{"footnotes":""},"categories":[16,144],"tags":[],"class_list":["post-28251","post","type-post","status-publish","format-standard","has-post-thumbnail","hentry","category-carrusel","category-lucha-por-la-tierra"],"blocksy_meta":[],"_links":{"self":[{"href":"https:\/\/nuevademocracia.com.co\/index.php?rest_route=\/wp\/v2\/posts\/28251","targetHints":{"allow":["GET"]}}],"collection":[{"href":"https:\/\/nuevademocracia.com.co\/index.php?rest_route=\/wp\/v2\/posts"}],"about":[{"href":"https:\/\/nuevademocracia.com.co\/index.php?rest_route=\/wp\/v2\/types\/post"}],"author":[{"embeddable":true,"href":"https:\/\/nuevademocracia.com.co\/index.php?rest_route=\/wp\/v2\/users\/1"}],"replies":[{"embeddable":true,"href":"https:\/\/nuevademocracia.com.co\/index.php?rest_route=%2Fwp%2Fv2%2Fcomments&post=28251"}],"version-history":[{"count":2,"href":"https:\/\/nuevademocracia.com.co\/index.php?rest_route=\/wp\/v2\/posts\/28251\/revisions"}],"predecessor-version":[{"id":29029,"href":"https:\/\/nuevademocracia.com.co\/index.php?rest_route=\/wp\/v2\/posts\/28251\/revisions\/29029"}],"wp:featuredmedia":[{"embeddable":true,"href":"https:\/\/nuevademocracia.com.co\/index.php?rest_route=\/wp\/v2\/media\/28252"}],"wp:attachment":[{"href":"https:\/\/nuevademocracia.com.co\/index.php?rest_route=%2Fwp%2Fv2%2Fmedia&parent=28251"}],"wp:term":[{"taxonomy":"category","embeddable":true,"href":"https:\/\/nuevademocracia.com.co\/index.php?rest_route=%2Fwp%2Fv2%2Fcategories&post=28251"},{"taxonomy":"post_tag","embeddable":true,"href":"https:\/\/nuevademocracia.com.co\/index.php?rest_route=%2Fwp%2Fv2%2Ftags&post=28251"}],"curies":[{"name":"wp","href":"https:\/\/api.w.org\/{rel}","templated":true}]}}