{"id":28257,"date":"2025-11-14T10:00:00","date_gmt":"2025-11-14T15:00:00","guid":{"rendered":"https:\/\/nuevademocracia.com.co\/?p=28257"},"modified":"2026-03-28T00:17:10","modified_gmt":"2026-03-28T05:17:10","slug":"carta-de-pedro-vasquez-rendon-al-c-c-del-pcc-1963","status":"publish","type":"post","link":"https:\/\/nuevademocracia.com.co\/?p=28257","title":{"rendered":"CARTA DE PEDRO VASQUEZ RENDON AL C. C DEL PCC &#8211; 1963"},"content":{"rendered":"\n<hr class=\"wp-block-separator has-text-color has-vivid-red-color has-alpha-channel-opacity has-vivid-red-background-color has-background\"\/>\n\n\n\n<p class=\"has-black-color has-text-color has-link-color wp-elements-bae8b24e2af3123b0e6cf18b73827ee9\"><em>Por motivo de los 60 a\u00f1os del X Congreso del Partido Comunista de Colombia (marxista-leninista) realizado el 17 de julio de 1965 compartimos esta carta hecha en diciembre 3 de 1963 por Pedro V\u00e1squez Rendon uno de sus dirigentes m\u00e1s importantes que fue asesinado por el viejo Estado.<\/em><\/p>\n\n\n\n<figure class=\"wp-block-image aligncenter size-full is-resized\"><img loading=\"lazy\" decoding=\"async\" width=\"138\" height=\"221\" src=\"https:\/\/nuevademocracia.com.co\/wp-content\/uploads\/2025\/11\/image-14.png\" alt=\"\" class=\"wp-image-28258\" style=\"width:295px;height:auto\"\/><figcaption class=\"wp-element-caption\">Pedro V\u00e1squez Rendon <\/figcaption><\/figure>\n\n\n\n<p class=\"has-text-align-center\">***<\/p>\n\n\n\n<p class=\"has-black-color has-text-color has-link-color wp-elements-5697f19139dbc2d4d156c48332e4d6c8\">CC.<\/p>\n\n\n\n<p class=\"has-black-color has-text-color has-link-color wp-elements-6217ab6b6eefdabba25458e98aac062c\">Secretariado del Comit\u00e9 Ejecutivo del Comit\u00e9 Central, Gilberto Vieira, Filiberto Barrero, \u00c1lvaro V\u00e1squez del Real. Bogot\u00e1.<\/p>\n\n\n\n<p class=\"has-black-color has-text-color has-link-color wp-elements-7482582112fc14f417dfcc39cd5ccdfd\">En el bolet\u00edn TAREAS del 29 de noviembre apareci\u00f3 un material atribuido al Comit\u00e9 Ejecutivo Nacional del Comit\u00e9 Central que, con pretextos educativos, ustedes elaboraron, no contentos con el atropello que cometieron al proferir mi expulsi\u00f3n.<\/p>\n\n\n\n<p class=\"has-black-color has-text-color has-link-color wp-elements-fdd559aeb30cd15e28985cbb4dfb5ef5\">Rechazo de plano, por falsos y calumniosos, los cargos que se me hacen en el material, lo mismo que en la resoluci\u00f3n aparecida en el No 251 de Voz de la democracia y afirmo que con tales procedimientos y falsedades ustedes no van a educar a nadie sino a tratar de enga\u00f1ar a la base del partido que nada positivo puede sacar de la discusi\u00f3n sobre calumnias semejantes.<\/p>\n\n\n\n<p class=\"has-black-color has-text-color has-link-color wp-elements-88a407864b25c6dde575c7927225f616\">Con ello nos obligan a se\u00f1alarles que la verdadera raz\u00f3n de su actitud hacia m\u00ed y contra otros compa\u00f1eros, son los planteamientos ideol\u00f3gicos que, por encargo de la base del Magdalena, hicimos ante el 28 Pleno y en otras reuniones del Comit\u00e9 Central y los que la misma base formulara ante varios delegados de la Direcci\u00f3n Nacional en la II y III conferencias regionales del partido Comunista de Colombia, Regional del Magdalena y la Guajira.<\/p>\n\n\n\n<p class=\"has-black-color has-text-color has-link-color wp-elements-cb69d250555a7bd108c3d534204f448e\">Ello vicia de nulidad la expulsi\u00f3n m\u00eda y las dem\u00e1s sanciones proferidas por ustedes con bases falsas y descubre ante el pa\u00eds que lo que ustedes quieren es un partido de bolsillo y que ni las inquietudes de la base ni las del pueblo, tienen inter\u00e9s para ustedes, lo cual constituye, esa s\u00ed, la mas flagrante de las violaciones del CENTRALISMO DEMOCRATICO.<\/p>\n\n\n\n<p class=\"has-black-color has-text-color has-link-color wp-elements-3102e2e75006c0162a80bc305060a3fb\">Renuevo mi solicitud de que se convoque un congreso del partido para estudiar los planteamientos que ustedes quieren acallar y apelo ante la m\u00e1xima autoridad del partido contra las decisiones del Comit\u00e9 Ejecutivo Nacional, impuestas en el 29 Pleno.<\/p>\n\n\n\n<p class=\"has-black-color has-text-color has-link-color wp-elements-7fd3168d9c7ecfa253869ef74f9b00a6\">Mi expulsi\u00f3n y la de otros camaradas, cancela por el momento la posibilidad de que la base del P.C. se haga o\u00edr por ustedes sin correr el riesgo de ser aplastada y demuestra que ustedes han copiado lo peor del revisionismo para erigirlo en l\u00ednea pol\u00edtica no adoptada por ning\u00fan congreso del P.C.C.<\/p>\n\n\n\n<p class=\"has-black-color has-text-color has-link-color wp-elements-6cde76d2b5c88382fd0d636e2dc39daa\">Varias conferencias del regional del Magdalena y de la Guajira y los miembros del Comit\u00e9 Central destacados de esa regi\u00f3n, hemos planteado para que se discuta conforme a los estatutos:<\/p>\n\n\n\n<p class=\"has-black-color has-text-color has-link-color wp-elements-a9345e5f93db9cdb26ff4f0bd3a1d7e1\">Si es cierto, como se desprende de las apreciaciones y la pr\u00e1ctica de ustedes, que la burgues\u00eda colombiana es progresista en todo o en parte, o si por el contrario, es proimperialista y figura entre las m\u00e1s sanguinarias del mundo.<\/p>\n\n\n\n<p class=\"has-black-color has-text-color has-link-color wp-elements-22cdcd4e70219020766d52ecd96bbf23\">Si la revoluci\u00f3n que necesita el pueblo colombiano es un simple cambio de gobierno, como ustedes sostienen en la pr\u00e1ctica, o si es un cambio cualitativo del sistema, como lo indica la teor\u00eda marxista-leninista aplicada a Colombia.<\/p>\n\n\n\n<p class=\"has-black-color has-text-color has-link-color wp-elements-af45428b013d0f6083ecae453aea3bb1\">Si existe alguna soluci\u00f3n que pueda mejorar si quiera m\u00ednimamente las actuales condiciones del pa\u00eds y del pueblo, bajo el sistema de la burgues\u00eda, o si la \u00fanica salida que tiene hoy el pueblo colombiano frente a las crisis asfixiantes de la estructura en quiebra es un cambio de sistema y no un arreglo con la burgues\u00eda o con parte de ella.<\/p>\n\n\n\n<p class=\"has-black-color has-text-color has-link-color wp-elements-a3a20a0461c553fd608fc323e77264be\">Si el reformismo salvador de la burgues\u00eda a de suplantar el marxismo-leninismo como se desprende de la pr\u00e1ctica de ustedes y si quienes hablan de revoluci\u00f3n son extremo-izquierdistas como los ven ustedes, desde su extremo-derechismo.<\/p>\n\n\n\n<p class=\"has-black-color has-text-color has-link-color wp-elements-e1d2cc2bcd22b78732819a6afa7e13ab\">Si la unidad de la clase obrera hay que lograrla alrededor del c\u00f3digo reaccionario del trabajo y del economismo inveterado, o si esta hay que buscarla en la lucha misma por la revoluci\u00f3n dentro de la cual la lucha econ\u00f3mica encuadra como objetivo t\u00e1ctico.<\/p>\n\n\n\n<p class=\"has-black-color has-text-color has-link-color wp-elements-9c487cec003f4cc75b02f78616ee35d5\">Si es justo resucitar en la mayor\u00eda del pueblo, decepcionado de los manzanillos y de los partidos tradicionales, el apetito electorero para remozarle la cartea democratera a una dictadura de clase cada vez m\u00e1s sanguinaria, o si hay que convertir el abstencionismo en boicot.<\/p>\n\n\n\n<p class=\"has-black-color has-text-color has-link-color wp-elements-5978e56727a06656cb828348f1031bcd\">Si es permisible dar la vida para conservar la condici\u00f3n existente, como aconsejan ustedes a trav\u00e9s de la simple autodefensa, o si la eficacia de la propia autodefensa hay que garantizarla para formas verdaderamente superiores de lucha.<\/p>\n\n\n\n<p class=\"has-black-color has-text-color has-link-color wp-elements-0ff663adf3751fa08c00daa8c6d6b23f\">Si el apaciguamiento ante un sistema sanguinario como el colombiano es la v\u00eda mas corta y la de menos sacrificios o por el contario la mas larga y la mas costosa para el pueblo.<\/p>\n\n\n\n<p class=\"has-black-color has-text-color has-link-color wp-elements-1ae27499755076881b4a86455b5df08c\">Si la alianza fundamental de la clase obrera para la revoluci\u00f3n es la burgues\u00eda o parte de ella o son los campesinos y todas las dem\u00e1s clases explotadas.<\/p>\n\n\n\n<p class=\"has-black-color has-text-color has-link-color wp-elements-506c521ee7985eaa10dc517230229d98\">Si la discusi\u00f3n ideol\u00f3gica es la mejor manera de solucionar los problemas del partido y orientarlo como hemos sostenido los sancionados o si el garrote disciplinario preserva mejor al partido como lo piensan ustedes.<\/p>\n\n\n\n<p class=\"has-black-color has-text-color has-link-color wp-elements-5cbe5d164267802aafc4bc67da9c6ef3\">Ustedes han recurrido a maniobras incalificables para evitar un debate que pudo lanzarse en el pr\u00f3ximo congreso. Lo que desat\u00f3 la ira de ustedes, sobre todo, fue la defensa que hice de la revoluci\u00f3n y de los revolucionarios chinos y mi denuncia franca de la actitud de ustedes frente a la revoluci\u00f3n cubana y frente al partido y la revoluci\u00f3n de Venezuela.<\/p>\n\n\n\n<p class=\"has-black-color has-text-color has-link-color wp-elements-8776b1e5e983c67a6351f1cfd10ef2cc\">Desgraciadamente para ustedes, los camaradas chinos despu\u00e9s del 28 Pleno:<\/p>\n\n\n\n<p class=\"has-black-color has-text-color has-link-color wp-elements-bed413aa1afd54e7fc90885cd125f30a\">\u201cSi en el transcurso de la revoluci\u00f3n del proletariado llega a marchar a la cola de los terratenientes y la burgues\u00eda, ser\u00e1 imposible la victoria completa y real de la revoluci\u00f3n\u201d.<\/p>\n\n\n\n<p class=\"has-black-color has-text-color has-link-color wp-elements-31fb1660daa99fdeaf52c59d057ada7c\">\u201cEl Partido del proletariado no debe en absoluto basar su pensamiento, su pol\u00edtica para salvar la revoluci\u00f3n y todo su trabajo, en la suposici\u00f3n de que el imperialismo y los reaccionarios est\u00e1n dispuestos a la transformaci\u00f3n pac\u00edfica\u201d.<\/p>\n\n\n\n<p class=\"has-black-color has-text-color has-link-color wp-elements-564513d1bf76bb63688512eff2802a25\">\u201cSi el partido del proletariado no se prepara tambi\u00e9n para un desarrollo no pac\u00edfico, paralizar\u00e1 la libertad revolucionaria del proletariado, se desarmar\u00e1 ideol\u00f3gicamente, se encontrar\u00e1 completamente desprevenido y pasivo tanto en lo pol\u00edtico como en materia de organizaci\u00f3n y por consiguiente, arruinar\u00e1 la causa revolucionaria del proletariado\u201d.<\/p>\n\n\n\n<p class=\"has-black-color has-text-color has-link-color wp-elements-199ddc6681702bcfb604389386b0aef9\">\u201cEl abec\u00e9 del marxismo-leninismo nos ense\u00f1a que el parto de una revoluci\u00f3n es, en fin de cuentas, mucho menos doloroso que el sufrimiento cr\u00f3nico en la vieja sociedad. Lenin ten\u00eda raz\u00f3n cuando dec\u00eda del orden capitalista que \u201ca\u00fan en el desarrollo m\u00e1s pac\u00edfico de los acontecimientos, impone incontables sacrificios a la clase obrera\u201d\u201d.<\/p>\n\n\n\n<p class=\"has-black-color has-text-color has-link-color wp-elements-3c3333b17e162ab2126f625b1c16ac07\">\u201cEl partido del proletariado debe dirigir a las masas en la lucha contra los enemigos y saber utilizar las contradicciones entre ellos. Pero la utilizaci\u00f3n de estas contradicciones tiene como prop\u00f3sito alcanzar con mayor facilidad los objetivos de la lucha revolucionaria del pueblo y no anular estas luchas\u201d.<\/p>\n\n\n\n<p class=\"has-black-color has-text-color has-link-color wp-elements-70889abbac61d87bb925531dc92040b0\">\u201cSi los comunistas se apartan de las demandas revolucionarias de las masas populares perder\u00e1n f\u00e1cilmente la confianza de las masas y el torrente revolucionario los dejar\u00e1 atr\u00e1s\u201d.<\/p>\n\n\n\n<p class=\"has-black-color has-text-color has-link-color wp-elements-7be806b2bc5eae1f2442bd285492c6d7\">\u201cSi la direcci\u00f3n de un partido adopta una l\u00ednea no revolucionaria y convierte a un partido en un partido reformista, su lugar en la revoluci\u00f3n ser\u00e1 ocupado por los marxistas-leninistas que hayan dentro y fuera del partido, los cuales dirigir\u00e1n al pueblo en la revoluci\u00f3n. Y cuando la burgues\u00eda reaccionaria traicione y reprima al pueblo, la l\u00ednea oportunista causar\u00e1 a los comunistas y a las masas sacrificios tr\u00e1gicos innecesarios\u201d.<\/p>\n\n\n\n<p class=\"has-black-color has-text-color has-link-color wp-elements-aac913563d49e939f42ed8f9e2fb8da9\">\u201cSi los comunistas se deslizan por el camino del oportunismo, degenerar\u00e1n en nacionalistas burgueses y en ap\u00e9ndices del imperialismo y de la burgues\u00eda reaccionaria\u201d.<\/p>\n\n\n\n<p class=\"has-black-color has-text-color has-link-color wp-elements-74d130d9083fff7f8b5230c2a74e0341\">No pretender\u00e1n ustedes que yo les inspire a los camaradas chinos estas cosas que parecen escritas pensando en ustedes, como pretenden que yo soy la raz\u00f3n de ser del descontento generalizado oculto en muchas partes del pa\u00eds y abierto en el Magdalena y la Guajira, con la gesti\u00f3n revisionista de la Direcci\u00f3n Nacional del P.C.C.<\/p>\n\n\n\n<p class=\"has-black-color has-text-color has-link-color wp-elements-55a5d14b97c9aab6967d58173a59c68b\">Despu\u00e9s de militar quince a\u00f1os en las filas del partido, soy testigo no solo de que ustedes se equivocan frente a los problemas nacionales como lo reconocen a veces y con bemoles despu\u00e9s de cada bandazo quinquenal, y que detestan la discusi\u00f3n de car\u00e1cter ideol\u00f3gico porque siempre los pone en peligro de que se vea su esencia revisionista.<\/p>\n\n\n\n<p class=\"has-black-color has-text-color has-link-color wp-elements-4866ff0c7523d4215a2a99b8e8d3886a\">La unidad del partido es la raz\u00f3n de ser de su propia existencia, afirman ustedes en gruesas letras de molde. Porque no agregan con Lenin \u201cque la unidad s\u00f3lo se realiza por una organizaci\u00f3n \u00fanica cuyas decisiones se llevan a la pr\u00e1ctica no por miedo, sino a conciencia de todos los obreros conscientes. Discutir una cuesti\u00f3n, manifestar y o\u00edr las diferentes opiniones, conocer el punto de vista de la mayor\u00eda de los marxistas organizados, expresar este punto de vista en la decisi\u00f3n tomada, cumplir a conciencia esa decisi\u00f3n, es lo que en todas partes del mundo y entre personas razonables se llama unidad\u201d.<\/p>\n\n\n\n<p class=\"has-black-color has-text-color has-link-color wp-elements-fdda9260f3fd4c149185d132cc435685\">La raz\u00f3n de ser del partido es la revoluci\u00f3n misma que esta llamada a dirigir o, para decirlo de otro modo, la urgencia misma de la revoluci\u00f3n. Partidos para esperar la revoluci\u00f3n no son revolucionarios sino evolucionistas, es decir burgueses. Y luchas populares, a\u00fan armadas, para conservar la situaci\u00f3n existente, como las que ustedes plantean al erigir la autodefensa en forma superior de lucha, no son revolucionarias sino conservadoras.<\/p>\n\n\n\n<p class=\"has-black-color has-text-color has-link-color wp-elements-18c78e1a141130ebbfb87ae84f9d97b4\">La unidad del partido es indispensable para que el partido sea el estado mayor revolucionario de todo el pueblo. Pero esta unidad no la quieren ustedes sino con el criterio de camarilla y expulsan a todos los luchadores que se atreven a discrepar, as\u00ed sean los m\u00e1s probados e inteligentes. No es alrededor de los pont\u00edfices sino alrededor de los principios y de un enfoque acertado de la realidad nacional, como hay que hacer la unidad.<\/p>\n\n\n\n<p class=\"has-black-color has-text-color has-link-color wp-elements-855642bf5eed35c087337cd9de47035b\">De otra manera el centralismo deja de ser democr\u00e1tico y se convierte en garrote. La direcci\u00f3n se convierte en agencia caudillesca del manzanillismo empe\u00f1ado en establecer el culto a las gentes sin personalidad, de peque\u00f1os burgueses que se sienten amenazados con cada brote de discusi\u00f3n ideol\u00f3gica.<\/p>\n\n\n\n<p class=\"has-black-color has-text-color has-link-color wp-elements-ee2fd5d6a5d667295601baf50c9bd282\">Por ese camino han llegado ustedes a exigir a la base el cumplimiento de un centralismo democr\u00e1tico que ustedes violan brutalmente, y a contratar con la burgues\u00eda la pasividad frente al genocidio monstruoso, a cambio de un poco de comodidad. Ustedes han querido esa comodidad para sentarse a esperar que los proletarios de otros pa\u00edses venzan al capitalismo, derroten al imperialismo y nos hagan la revoluci\u00f3n. Entretanto dispensan a manera de gajes, para entretener a los descontentos o domesticar a los d\u00e9biles, la ayuda que suministra el internacionalismo proletario.<\/p>\n\n\n\n<p class=\"has-black-color has-text-color has-link-color wp-elements-f8af16082da07ced6efeaf2cf938992c\">Por ese camino han llegado ustedes hasta predicar la delaci\u00f3n abierta y la impl\u00edcita contra los revolucionarios y a aplaudir las masacres oficiales de revolucionarios, e inclusive hasta denunciar tareas revolucionarias hechas bajo la direcci\u00f3n de ustedes mismos en otras \u00e9pocas.<\/p>\n\n\n\n<p class=\"has-black-color has-text-color has-link-color wp-elements-125bb753e2cc1c3deca9140251124593\">Yo les digo que ni con mi expulsi\u00f3n ni con mi muerte solucionar\u00e1n sus problemas, porque estos no nacen de los revolucionarios sino de su propio pecado: Atravesarse como vacas muertas en el camino del pueblo.<\/p>\n\n\n\n<p class=\"has-black-color has-text-color has-link-color wp-elements-bb897ab1792e53c94e511fb9c90eebfe\">Tengo que decirles esto para que luego no quieran acogerse a la tesis de que estaban equivocados, para continuar vapuleando a los revolucionarios desde la direcci\u00f3n del partido. Y porque ustedes odian de coraz\u00f3n a los revolucionarios colombianos y esa es su raz\u00f3n de ser. Por eso su criterio sobre la unidad es la abdicaci\u00f3n de la facultad de pensar.<\/p>\n\n\n\n<p class=\"has-black-color has-text-color has-link-color wp-elements-87414ac68e0dbc66e7f7de0a79cd42c0\">Pero los verdaderos luchadores, los verdaderos comunistas, los verdaderos marxistas de dentro y fuera del partido, saben que lo que hay que hacer, es levantar muy alto la bandera del marxismo-leninismo contra el imperialismo que agot\u00f3 ya su bagaje demag\u00f3gico y contra el revisionismo de ustedes que busca hacerla sobrenadar para que no se ahogue en el mar de sangre popular por ella derramada.<\/p>\n\n\n\n<p class=\"has-black-color has-text-color has-link-color wp-elements-c2a192c0838421dc4aa432147ece2da1\">Creo en el marxismo, en el leninismo, en el socialismo cient\u00edfico, en la revoluci\u00f3n, en el pueblo, pero ya no puedo creer en ustedes, como no pueden creer las m\u00e1s claras inteligencias colombianas, ni las masas populares que ustedes dividen, fraccionan, pacifican para que la burgues\u00eda traidora sobreviva.<\/p>\n\n\n\n<p class=\"has-black-color has-text-color has-link-color wp-elements-7f80582d36efb9150de515e299a68692\">Les digo que la discusi\u00f3n no es personal, pero tambi\u00e9n afirmo que el pueblo colombiano no se unir\u00e1 jam\u00e1s entorno de sus delatores.<\/p>\n\n\n\n<p class=\"has-black-color has-text-color has-link-color wp-elements-8d75d3167055877cea8e6cf063af6d5e\">Esta discusi\u00f3n es entre el pueblo y los revolucionarios de Colombia y el mundo, por una parte, y los capitalistas y los revisionistas de todos los pelajes, por otra.<\/p>\n\n\n\n<p class=\"has-black-color has-text-color has-link-color wp-elements-ea08c565ba8cf90bc7174f4aaca44844\">Me honra que justamente conmigo, ustedes hayan condenado a Mao Tse-tung y la revoluci\u00f3n china. Pero la pr\u00f3xima vez no podr\u00e1n rectificar ni declararse equivocados. Yo no me enfrento al partido sino a ustedes, a los jefes del revisionismo colombiano, a ustedes que se enfrentan a la clase y al pueblo.<\/p>\n\n\n\n<p class=\"has-black-color has-text-color has-link-color wp-elements-9e551f1e04cb2686328f7a90cf22ae39\">Revolucionariamente,<\/p>\n\n\n\n<p class=\"has-black-color has-text-color has-link-color wp-elements-34e048a2d3ad7826193b9d8f6e7cc36b\">Pedro Hernando V\u00e1squez Rend\u00f3n<\/p>\n\n\n\n<p class=\"has-black-color has-text-color has-link-color wp-elements-3d4dddf29de21f505f08ebff315c336b\">Santa Marta, diciembre 3 de 1963.<\/p>\n","protected":false},"excerpt":{"rendered":"<p>Por motivo de los 60 a\u00f1os del X Congreso del Partido Comunista de Colombia (marxista-leninista) realizado el 17 de julio de 1965 compartimos esta carta hecha en diciembre 3 de 1963 por Pedro V\u00e1squez Rendon uno de sus dirigentes m\u00e1s importantes que fue asesinado por el viejo Estado.<\/p>\n","protected":false},"author":1,"featured_media":28258,"comment_status":"open","ping_status":"open","sticky":false,"template":"","format":"standard","meta":{"footnotes":""},"categories":[16,145],"tags":[],"class_list":["post-28257","post","type-post","status-publish","format-standard","has-post-thumbnail","hentry","category-carrusel","category-historia-col"],"blocksy_meta":[],"_links":{"self":[{"href":"https:\/\/nuevademocracia.com.co\/index.php?rest_route=\/wp\/v2\/posts\/28257","targetHints":{"allow":["GET"]}}],"collection":[{"href":"https:\/\/nuevademocracia.com.co\/index.php?rest_route=\/wp\/v2\/posts"}],"about":[{"href":"https:\/\/nuevademocracia.com.co\/index.php?rest_route=\/wp\/v2\/types\/post"}],"author":[{"embeddable":true,"href":"https:\/\/nuevademocracia.com.co\/index.php?rest_route=\/wp\/v2\/users\/1"}],"replies":[{"embeddable":true,"href":"https:\/\/nuevademocracia.com.co\/index.php?rest_route=%2Fwp%2Fv2%2Fcomments&post=28257"}],"version-history":[{"count":3,"href":"https:\/\/nuevademocracia.com.co\/index.php?rest_route=\/wp\/v2\/posts\/28257\/revisions"}],"predecessor-version":[{"id":29064,"href":"https:\/\/nuevademocracia.com.co\/index.php?rest_route=\/wp\/v2\/posts\/28257\/revisions\/29064"}],"wp:featuredmedia":[{"embeddable":true,"href":"https:\/\/nuevademocracia.com.co\/index.php?rest_route=\/wp\/v2\/media\/28258"}],"wp:attachment":[{"href":"https:\/\/nuevademocracia.com.co\/index.php?rest_route=%2Fwp%2Fv2%2Fmedia&parent=28257"}],"wp:term":[{"taxonomy":"category","embeddable":true,"href":"https:\/\/nuevademocracia.com.co\/index.php?rest_route=%2Fwp%2Fv2%2Fcategories&post=28257"},{"taxonomy":"post_tag","embeddable":true,"href":"https:\/\/nuevademocracia.com.co\/index.php?rest_route=%2Fwp%2Fv2%2Ftags&post=28257"}],"curies":[{"name":"wp","href":"https:\/\/api.w.org\/{rel}","templated":true}]}}