{"id":28262,"date":"2025-11-15T10:00:00","date_gmt":"2025-11-15T15:00:00","guid":{"rendered":"https:\/\/nuevademocracia.com.co\/?p=28262"},"modified":"2026-03-28T00:16:53","modified_gmt":"2026-03-28T05:16:53","slug":"por-que-no-voy-a-las-elecciones","status":"publish","type":"post","link":"https:\/\/nuevademocracia.com.co\/?p=28262","title":{"rendered":"\u00bfPor qu\u00e9 no voy a las elecciones?"},"content":{"rendered":"\n<hr class=\"wp-block-separator has-text-color has-vivid-red-color has-alpha-channel-opacity has-vivid-red-background-color has-background\"\/>\n\n\n\n<p>Por Camilo Torres Restrepo<\/p>\n\n\n\n<figure class=\"wp-block-image aligncenter size-full is-resized\"><img loading=\"lazy\" decoding=\"async\" width=\"400\" height=\"300\" src=\"https:\/\/nuevademocracia.com.co\/wp-content\/uploads\/2025\/11\/38.jpg\" alt=\"\" class=\"wp-image-28264\" style=\"width:458px;height:auto\" srcset=\"https:\/\/nuevademocracia.com.co\/wp-content\/uploads\/2025\/11\/38.jpg 400w, https:\/\/nuevademocracia.com.co\/wp-content\/uploads\/2025\/11\/38-300x225.jpg 300w\" sizes=\"auto, (max-width: 400px) 100vw, 400px\" \/><\/figure>\n\n\n\n<p class=\"has-black-color has-text-color has-link-color wp-elements-755fe5312c0fa6887feebaef7211ae0a\">La plataforma del Frente Unido del Pueblo Colombiano no tiene definici\u00f3n respecto de la lucha electoral c\u00f3mo t\u00e1ctica revolucionaria.<\/p>\n\n\n\n<p class=\"has-black-color has-text-color has-link-color wp-elements-cced20c54f4934e2899995a8dd707c33\">Para realizar la uni\u00f3n de los revolucionarios debemos insistir en todo lo que nos une y prescindir de todo lo que nos separa. Si el problema electoral es un obst\u00e1culo para la uni\u00f3n, es mejor no plantearlo, especialmente cuando todav\u00eda no estamos seguros de que las elecciones no se realicen.<\/p>\n\n\n\n<p class=\"has-black-color has-text-color has-link-color wp-elements-43781e28a963f4ec5d06d832e3bd9665\">En el caso de que yo fuera partidario de las elecciones, lo m\u00e1s l\u00f3gico ser\u00eda presentar listas para sentarme personalmente como candidato.<\/p>\n\n\n\n<p class=\"has-black-color has-text-color has-link-color wp-elements-fe34a413dd7ba0ca6093813972b64c80\">En mi concepto esto ser\u00eda formar un nuevo grupo que dividiera a\u00fan m\u00e1s a la oposici\u00f3n. Esta actitud me impedir\u00eda realizar la labor que me he propuesto de unificar a la clase popular colombiana.<\/p>\n\n\n\n<p class=\"has-black-color has-text-color has-link-color wp-elements-e9aa8e89c5eaaf551a5fbf76ea4ee73d\">Yo no me considero representante de la clase popular colombiana, ni el jefe del Frente Unido, ni el l\u00edder de la revoluci\u00f3n colombiana, porque no he sido elegido por el pueblo. Aspiro a ser aceptado por este como un servidor de la revoluci\u00f3n.<\/p>\n\n\n\n<p class=\"has-black-color has-text-color has-link-color wp-elements-27745e52cab2d716d535983ecb0a6423\">Mientras el Frente Unido no elija sus jefes, yo no soy el jefe del Frente Unido, sino en los casos en que los miembros de este lo determinen. Como no voy a participar en las elecciones, tengo que explicar al pueblo los motivos que me llevan a esta decisi\u00f3n: adem\u00e1s de las razones dadas anteriormente (De no dividir m\u00e1s la oposici\u00f3n) tengo las siguientes:<\/p>\n\n\n\n<p class=\"has-black-color has-text-color has-link-color wp-elements-7b57dd1c4dba9df89d927a9d64c16266\">1\u00b0 En el sistema actual para votar la clase popular colombiana tiene que dividirse en liberal y conservadora; todo lo que divida al pueblo est\u00e1 en contra de sus intereses.<\/p>\n\n\n\n<p class=\"has-black-color has-text-color has-link-color wp-elements-8b878906ef60529dece67b6b486d5d87\">2. El aparato electoral est\u00e1 en manos de la oligarqu\u00eda y por eso \u00abEl que escruta elige\u00bb, el que cuenta los votos determina la victoria. Las elecciones se hacen m\u00e1s en las oficinas olig\u00e1rquico que en las mesas de votaci\u00f3n.<\/p>\n\n\n\n<p class=\"has-black-color has-text-color has-link-color wp-elements-ee713000dff42101518d1cc732a44166\">3. Como es imposible ganarles a los que controlan la maquinaria electoral y todos los factores de poder, los grupos de oposici\u00f3n que llegan al parlamento no podr\u00e1n nunca hacer transformaciones revolucionarias; por el contrario, su presencia en el parlamento facilita que la oligarqu\u00eda diga que en Colombia hay democracia porque hay oposici\u00f3n.<\/p>\n\n\n\n<p class=\"has-black-color has-text-color has-link-color wp-elements-37e1b6ca1dab1314bcc022aa85104387\">4. No me parece buena educaci\u00f3n revolucionaria decirle con las palabras al pueblo que desconf\u00ede de la oligarqu\u00eda y decirle con los hechos que le entregue al sistema algo de los m\u00e1s precioso que tiene un hombre como es su opini\u00f3n pol\u00edtica.<\/p>\n\n\n\n<p class=\"has-black-color has-text-color has-link-color wp-elements-209d9447ed31bdc932c88418bb7cf8a2\">5. Creo que el tiempo y el dinero que se emplea en confeccionar listas, discutir por renglones, suplencias y caciques se pueden aprovechar para organizar a la clase popular por la base.<\/p>\n\n\n\n<p class=\"has-black-color has-text-color has-link-color wp-elements-8a336cba779d1626baa55dfe74ac5a35\">6. En el caso de que sucediera el milagro de que la oligarqu\u00eda se equivocara contando los votos y la oposici\u00f3n pusiera la mayor\u00eda, (por ejemplo, en el caso de un nuevo plebiscito) sabemos que como en la Argentina, con el triunfo del peronismo, la oligarqu\u00eda puede anular las elecciones y dar un golpe de estado. Una oligarqu\u00eda que no le ha temblado la mano para matar jefes revolucionarios, para lanzar al pa\u00eds a la violencia y para respaldar gobiernos militares, creo yo que no va a entregar el poder por el simple hecho de una mayor\u00eda oposicionista en la votaci\u00f3n, mayor\u00eda que como ya lo hemos demostrado es moralmente imposible que pueda resultar.<\/p>\n\n\n\n<p class=\"has-black-color has-text-color has-link-color wp-elements-41ca583062c5c6e8d9f9f2c635089dd9\">Personalmente yo soy partidario de la abstenci\u00f3n electoral pero no de una abstenci\u00f3n pasiva, sino de una abstenci\u00f3n activa, beligerante y revolucionaria.<\/p>\n\n\n\n<p class=\"has-black-color has-text-color has-link-color wp-elements-e50d2f0962a637b250d3552a2703223f\"><strong>Activa:&nbsp;<\/strong>porque ser\u00e1 la manifestaci\u00f3n de rechazo al sistema sin excluir las elecciones como uno de sus engranajes; para eso tendr\u00e1 que ser pol\u00edticamente motivada.<\/p>\n\n\n\n<p class=\"has-black-color has-text-color has-link-color wp-elements-830f55856649e4126bcd3cec6ba8cb81\"><strong>Beligerante:&nbsp;<\/strong>porque los comandos revolucionarios recibir\u00e1n consignas sobre la forma de actuar ante el proceso electoral.<\/p>\n\n\n\n<p class=\"has-black-color has-text-color has-link-color wp-elements-c3bf77bb167c07257cf274f727437003\"><strong>Revolucionaria:&nbsp;<\/strong>porque se emplear\u00e1 en unificar y organizar la clase popular para el asalto definitivo del poder.<\/p>\n","protected":false},"excerpt":{"rendered":"<p>Personalmente yo soy partidario de la abstenci\u00f3n electoral pero no de una abstenci\u00f3n pasiva, sino de una abstenci\u00f3n activa, beligerante y revolucionaria.<\/p>\n","protected":false},"author":1,"featured_media":28264,"comment_status":"open","ping_status":"open","sticky":false,"template":"","format":"standard","meta":{"footnotes":""},"categories":[16,145],"tags":[],"class_list":["post-28262","post","type-post","status-publish","format-standard","has-post-thumbnail","hentry","category-carrusel","category-historia-col"],"blocksy_meta":[],"_links":{"self":[{"href":"https:\/\/nuevademocracia.com.co\/index.php?rest_route=\/wp\/v2\/posts\/28262","targetHints":{"allow":["GET"]}}],"collection":[{"href":"https:\/\/nuevademocracia.com.co\/index.php?rest_route=\/wp\/v2\/posts"}],"about":[{"href":"https:\/\/nuevademocracia.com.co\/index.php?rest_route=\/wp\/v2\/types\/post"}],"author":[{"embeddable":true,"href":"https:\/\/nuevademocracia.com.co\/index.php?rest_route=\/wp\/v2\/users\/1"}],"replies":[{"embeddable":true,"href":"https:\/\/nuevademocracia.com.co\/index.php?rest_route=%2Fwp%2Fv2%2Fcomments&post=28262"}],"version-history":[{"count":2,"href":"https:\/\/nuevademocracia.com.co\/index.php?rest_route=\/wp\/v2\/posts\/28262\/revisions"}],"predecessor-version":[{"id":29062,"href":"https:\/\/nuevademocracia.com.co\/index.php?rest_route=\/wp\/v2\/posts\/28262\/revisions\/29062"}],"wp:featuredmedia":[{"embeddable":true,"href":"https:\/\/nuevademocracia.com.co\/index.php?rest_route=\/wp\/v2\/media\/28264"}],"wp:attachment":[{"href":"https:\/\/nuevademocracia.com.co\/index.php?rest_route=%2Fwp%2Fv2%2Fmedia&parent=28262"}],"wp:term":[{"taxonomy":"category","embeddable":true,"href":"https:\/\/nuevademocracia.com.co\/index.php?rest_route=%2Fwp%2Fv2%2Fcategories&post=28262"},{"taxonomy":"post_tag","embeddable":true,"href":"https:\/\/nuevademocracia.com.co\/index.php?rest_route=%2Fwp%2Fv2%2Ftags&post=28262"}],"curies":[{"name":"wp","href":"https:\/\/api.w.org\/{rel}","templated":true}]}}