{"id":28286,"date":"2025-11-19T16:29:59","date_gmt":"2025-11-19T21:29:59","guid":{"rendered":"https:\/\/nuevademocracia.com.co\/?p=28286"},"modified":"2026-03-27T23:53:27","modified_gmt":"2026-03-28T04:53:27","slug":"los-vinculos-del-sionismo-y-la-elite-colombiana","status":"publish","type":"post","link":"https:\/\/nuevademocracia.com.co\/?p=28286","title":{"rendered":"Los v\u00ednculos del sionismo y la elite colombiana"},"content":{"rendered":"\n<hr class=\"wp-block-separator has-text-color has-vivid-red-color has-alpha-channel-opacity has-vivid-red-background-color has-background\"\/>\n\n\n\n<figure class=\"wp-block-image aligncenter size-full is-resized\"><img loading=\"lazy\" decoding=\"async\" width=\"650\" height=\"488\" src=\"https:\/\/nuevademocracia.com.co\/wp-content\/uploads\/2025\/11\/image-18.png\" alt=\"\" class=\"wp-image-28287\" style=\"width:499px;height:auto\" srcset=\"https:\/\/nuevademocracia.com.co\/wp-content\/uploads\/2025\/11\/image-18.png 650w, https:\/\/nuevademocracia.com.co\/wp-content\/uploads\/2025\/11\/image-18-300x225.png 300w\" sizes=\"auto, (max-width: 650px) 100vw, 650px\" \/><\/figure>\n\n\n\n<p><\/p>\n\n\n\n<p class=\"has-black-color has-text-color has-link-color wp-elements-c40e29dcaf32f0d7d7222af9f78a8254\">El 30 de agosto, Petro sancion\u00f3 un segundo decreto que proh\u00edbe la venta de carb\u00f3n al Estado sionista de Israel. Desde 2024, ya hab\u00eda firmado un decreto similar, sin embargo, ese primer decreto fue hecho a medias, permitiendo excepciones para los contratos ya firmados y que se encontraran en vigencia en aquel momento. Ahora en esta segunda ocasi\u00f3n, se proh\u00edbe sin excepciones las exportaciones de carb\u00f3n hacia el ente sionista, sin embargo, bastante tarde la medida, lo que hace cuestionar si lo que interesaba era hacer propaganda y demagogia o ser una oposici\u00f3n real al genocidio.<\/p>\n\n\n\n<p class=\"has-black-color has-text-color has-link-color wp-elements-736fb939d13edea3f839794e55f7392b\">La pol\u00edtica de Petro ha sido criticada por la ultraderecha colombiana, que tiene fuertes v\u00ednculos con el sionismo israel\u00ed y por tal motivo lo defiende, v\u00ednculos comerciales, militares, pol\u00edticos unen al ente sionista con parte de las castas dominantes colombianas.<\/p>\n\n\n\n<p class=\"has-black-color has-text-color has-link-color wp-elements-c16fe253005952e5f1b279771f1831b9\">El fascismo en t\u00e9rminos de Dimitrov es \u201cla dictadura terrorista abierta de los elementos m\u00e1s reaccionarios, m\u00e1s chovinistas y m\u00e1s imperialistas del capital financiero.\u201d Es decir, los fascistas son un desarrollo natural de las sociedades gobernadas por monopolios, que imponen una dictadura que anula los derechos propios de la democracia liberal para obtener el poder absoluto del Estado sobre el pueblo. Vigilancia total, persecuci\u00f3n a la oposici\u00f3n, a revolucionarios y comunistas, mayor opresi\u00f3n sobre minor\u00edas \u00e9tnicas, son algunas de sus t\u00e1cticas. Tambi\u00e9n la creaci\u00f3n de \u201cenemigos exteriores\u201d, a los cuales, una meticulosa propaganda, logra moldear en la opini\u00f3n p\u00fablica como un gran peligro para la seguridad nacional.<\/p>\n\n\n\n<p class=\"has-black-color has-text-color has-link-color wp-elements-f9ecf30469551515daa5e71709d8643c\">El t\u00e9rmino \u201cfascista\u201d se acu\u00f1\u00f3 en Italia por Benito Mussolini, quien defini\u00f3 las pol\u00edticas del fascismo a trav\u00e9s de un Estado Totalitario en el cual los individuos no val\u00edan nada, por el contrario, era el Estado Fuerte con su l\u00edder, los que val\u00edan todo.<\/p>\n\n\n\n<p class=\"has-black-color has-text-color has-link-color wp-elements-0b9b5073b5be89def49fec656850d951\">El fascismo del siglo XX vari\u00f3 a trav\u00e9s de los distintos pa\u00edses europeos donde mantuvo el poder, pero su ideolog\u00eda es una mezcla ecl\u00e9ctica de varios conceptos. Por ejemplo, el fascismo alem\u00e1n predicaba m\u00e1s la idea de la lucha racial y superioridad aria, mientras que, en Italia, el fascismo aspiraba a \u201cresucitar\u201d al extinto imperio romano y restaurarle la \u201cgloria\u201d a Italia. El sionismo israel\u00ed encontr\u00f3 una forma particular de doctrina en la \u201ctierra prometida\u201d del antiguo testamento, y afirmando su superioridad por ser \u201cel pueblo escogido de Dios\u201d, cre\u00f3 una mezcla de pol\u00edticas fascistas combinadas con religiosidad que han demostrado su verdadero rostro en el terrible genocidio que adelanta en Palestina. El fascismo sionista debe su existencia gracias a las pol\u00edticas de la esfera anglosajona y \u201cgringa\u201d, que tratan de aferrarse a la victoria que obtuvieron en el Medio Oriente, tras la ca\u00edda del imperio otomano en la Primera Guerra Mundial; dominar no solo sus recursos, principalmente los derivados del petr\u00f3leo, sino adem\u00e1s despojar al pueblo palestino, insertando un Estado sabueso que lucha por sus intereses mediante la guerra. El Estado de Israel existe gracias al armamento y financiaci\u00f3n de \u201coccidente\u201d, que sirve a su vez como una estocada en el propio coraz\u00f3n de los pueblos \u00e1rabes y musulmanes para mantenerlos divididos y dominados a trav\u00e9s de un estado proxy.&nbsp; Igualmente, en el sentido contrario, los Estados \u201csociales de derecho\u201d y las socialdemocracias Europeas, as\u00ed como la \u201clibertad de empresa yanqui\u201d se sustentan en Israel, como mejor no lo pudo decir el canciller Alem\u00e1n Merz \u201cIsrael est\u00e1 haciendo el trabajo sucio por todos nosotros\u201d. El Estado de Israel no es una aberraci\u00f3n, sino la cara m\u00e1s fiel del imperialismo, y hoy lejos de haber una contraposici\u00f3n entre las \u201cdemocracias\u201d de los pa\u00edses imperialistas y el fascismo de Israel, hay una simbiosis.<\/p>\n\n\n\n<p class=\"has-black-color has-text-color has-link-color wp-elements-f3f12286cc43d1e875e6fffbc005f8fb\">Israel necesita la guerra constantemente para alimentar su econom\u00eda belicista, e impulsar los planes de colonizaci\u00f3n y asentamiento en territorios palestinos, de forma intensificada. Es por eso que Israel amenaza constantemente, ataca e invade a sus pa\u00edses vecinos, llegando incluso a amedrantar con el uso de armas nucleares contra Ir\u00e1n, tal y como pudo haber ocurrido en la \u00faltima guerra de misiles \u201cla reacci\u00f3n pol\u00edtica en toda la l\u00ednea\u201d es la pol\u00edtica de Israel, no solo contra los pueblos \u00e1rabes y Estados vecinos, sino que adem\u00e1s la aplica a su interior, ya que han sido brutalmente reprimidas las manifestaciones y protestas que ha llevado a cabo el pueblo jud\u00edo que se opone al sionismo y al genocidio. Israel se ha convertido no solo en una amenaza para el medio oriente, sino una amenaza para la humanidad debido a su arsenal nuclear.<\/p>\n\n\n\n<p class=\"has-black-color has-text-color has-link-color wp-elements-0d8ba1b18d869f677d6bf5060ea69303\">Una de las mayores fuentes de ingresos de Israel lo constituye la venta de arsenal tecnol\u00f3gico, sistemas de espionaje y armas. Colombia siempre ha buscado la asesor\u00eda israel\u00ed para capacitarse militarmente, a la vez de servirle de comprador de su armamento. Es as\u00ed que el fusil Galil \u2013 una copia del AKM ruso hecha por los sionistas-, es el arma reglamentaria del ej\u00e9rcito colombiano. La famosa Venom -lanzador m\u00faltiple de proyectiles- que gener\u00f3 bastante da\u00f1o a las masas en los barrios populares, en medio del Gran Levantamiento Popular, es una invenci\u00f3n israel\u00ed dise\u00f1ada y probada reprimiendo a los palestinos desde hace a\u00f1os. Las mismas Autodefensas Unidas de Colombia tuvieron v\u00ednculos y asesor\u00eda sionista. Su fundador Carlos Casta\u00f1o escribi\u00f3 en alguna ocasi\u00f3n: \u201cDe hecho, el concepto de autodefensa en armas lo copi\u00e9 de los israelitas\u201d. Esc\u00e1ndalos como los de Yair Klein y la formaci\u00f3n y entrenamiento de paramilitares con ayuda del Ej\u00e9rcito colombiano, dan muestra de los v\u00ednculos del sionismo con la ultraderecha colombiana. Las t\u00e1cticas de cometer masacres en la poblaci\u00f3n y generar el terror y el desplazamiento masivo, el uso de operaciones de \u201cbandera falsa\u201d cometiendo masacres con brazaletes de las fuerzas enemigas, son acciones t\u00edpicas del sionismo en medio oriente, tra\u00eddas a Colombia y usada por d\u00e9cadas por los paramilitares y las clases dominantes del pa\u00eds.<\/p>\n\n\n\n<p class=\"has-black-color has-text-color has-link-color wp-elements-13463c20b2901b6ef1303763aa8f1796\">Para una parte de las clases dirigente del pa\u00eds, el sionismo es un \u201cbuen amigo\u201d, por esa raz\u00f3n se vio a Iv\u00e1n Duque posando con Netanyahu. Colombia no solo vende carb\u00f3n a Israel- que ahora se ver\u00e1 moment\u00e1neamente interrumpido por el decreto de Petro-, las relaciones y v\u00ednculos con Israel trascienden mucho m\u00e1s all\u00e1 de lo que pueda hacer el actual presidente. Hoy por hoy, Colombia ha vendido fusiles Galil al ente sionista, debido a que Israel ya no los produce porque hace otro tipo de armamento m\u00e1s sofisticado, pero compra a Colombia el Galil para sus unidades de reserva, en caso de una guerra a gran escala para armar a toda su \u201cpoblaci\u00f3n\u201d de colonos. Iv\u00e1n Duque compr\u00f3 Pegasus a los sionistas bajo el asesoramiento gringo, por 11 millones de d\u00f3lares, para espiar opositores e interceptar n\u00fameros de celulares de l\u00edderes de oposici\u00f3n, luchadores populares y periodistas en medio del Gran Levantamiento Popular. El ente sionista va a luchar por revertir las pol\u00edticas de Petro y la ultraderecha colombiana saldr\u00e1 al auxilio del sionismo cuando retorne al poder.<\/p>\n\n\n\n<p class=\"has-black-color has-text-color has-link-color wp-elements-eccced642de1c98499c49e08b82a6c47\">Las burgues\u00edas \u00e1rabes y musulmanas, con sus grandes monarcas terratenientes y multimillonarios del petr\u00f3leo, defienden una doble postura en contra del sionismo. Israel por la fuerza y los sobornos que da a los dirigentes de los pa\u00edses vecinos, ha logrado evitar la lucha unida de todos sus enemigos. Turqu\u00eda y Egipto son la muestra m\u00e1s fehaciente de la complicidad de las clases dominantes \u00e1rabes y musulmanas con el sionismo. Es as\u00ed que se ve a Erdogan (presidente de Turqu\u00eda) denigrando del sionismo en discursos, y condenando en\u00e9rgicamente el genocidio, pero en la pr\u00e1ctica mantiene acuerdos comerciales con Israel, los cuales por momentos se rompen, pero se vuelven a entablar, seg\u00fan la din\u00e1mica de las tensiones diplom\u00e1ticas y pol\u00edticas. Basta con mirar cu\u00e1ntos manifestantes han muerto en las protestas por apoyar a Palestina, en sus propios pa\u00edses, para medir el calado y la desfachatez que afrontan aquellas clases dominantes \u00e1rabes y musulmanas, que se han arrodillado al imperialismo yanqui. A la fecha ning\u00fan Estado \u00e1rabe y musulm\u00e1n ha hecho algo para detener el genocidio del pueblo palestino salvo Yemen, que le declar\u00f3 la guerra a Israel.<\/p>\n\n\n\n<p class=\"has-black-color has-text-color has-link-color wp-elements-ada75f5dacaa2d2f38e56e08ac1fcafd\">Petro y su ret\u00f3rica anti israel\u00ed, tambi\u00e9n ha orbitado por esa conducta contradictoria entre el discurso y la acci\u00f3n. No rompe relaciones y acuerdos comerciales con Israel del todo, sino paulatinamente y de forma t\u00edmida, mientras dice solidarizarse con las v\u00edctimas del genocidio que se cuentan por cientos de miles, mientras la necesidad de una acci\u00f3n radical y mundial en contra de la barbarie sionista se hace urgente y necesaria. La burgues\u00eda act\u00faa de forma pusil\u00e1nime. Las amplias masas de los pueblos \u00e1rabes y musulmanes, y las masas europeas, multitudinariamente han mostrado su rechazo y repudio frente al sionismo, a pesar de la represi\u00f3n de las clases dominantes de sus propios pa\u00edses.<\/p>\n\n\n\n<p class=\"has-black-color has-text-color has-link-color wp-elements-bfbdf4c7eb7eecf7f493910d1c40dcd2\">Quienes realmente defienden la causa Palestina, consecuentemente, han sido los pueblos del mundo, con su lucha combativa en las calles a nivel mundial. La lucha popular por Palestina no encontrar\u00e1 salvadores entre las clases dominantes, el verdadero socorro solo puede venir de la ayuda popular internacional que debe intensificarse.<\/p>\n","protected":false},"excerpt":{"rendered":"<p>Petro y su ret\u00f3rica anti israel\u00ed ha orbitado por esa conducta contradictoria entre el discurso y la acci\u00f3n. No rompe relaciones y acuerdos comerciales con Israel del todo,<\/p>\n","protected":false},"author":1,"featured_media":28287,"comment_status":"open","ping_status":"open","sticky":false,"template":"","format":"standard","meta":{"footnotes":""},"categories":[4,135],"tags":[],"class_list":["post-28286","post","type-post","status-publish","format-standard","has-post-thumbnail","hentry","category-colombia","category-resistencia-palestina"],"blocksy_meta":[],"_links":{"self":[{"href":"https:\/\/nuevademocracia.com.co\/index.php?rest_route=\/wp\/v2\/posts\/28286","targetHints":{"allow":["GET"]}}],"collection":[{"href":"https:\/\/nuevademocracia.com.co\/index.php?rest_route=\/wp\/v2\/posts"}],"about":[{"href":"https:\/\/nuevademocracia.com.co\/index.php?rest_route=\/wp\/v2\/types\/post"}],"author":[{"embeddable":true,"href":"https:\/\/nuevademocracia.com.co\/index.php?rest_route=\/wp\/v2\/users\/1"}],"replies":[{"embeddable":true,"href":"https:\/\/nuevademocracia.com.co\/index.php?rest_route=%2Fwp%2Fv2%2Fcomments&post=28286"}],"version-history":[{"count":3,"href":"https:\/\/nuevademocracia.com.co\/index.php?rest_route=\/wp\/v2\/posts\/28286\/revisions"}],"predecessor-version":[{"id":29041,"href":"https:\/\/nuevademocracia.com.co\/index.php?rest_route=\/wp\/v2\/posts\/28286\/revisions\/29041"}],"wp:featuredmedia":[{"embeddable":true,"href":"https:\/\/nuevademocracia.com.co\/index.php?rest_route=\/wp\/v2\/media\/28287"}],"wp:attachment":[{"href":"https:\/\/nuevademocracia.com.co\/index.php?rest_route=%2Fwp%2Fv2%2Fmedia&parent=28286"}],"wp:term":[{"taxonomy":"category","embeddable":true,"href":"https:\/\/nuevademocracia.com.co\/index.php?rest_route=%2Fwp%2Fv2%2Fcategories&post=28286"},{"taxonomy":"post_tag","embeddable":true,"href":"https:\/\/nuevademocracia.com.co\/index.php?rest_route=%2Fwp%2Fv2%2Ftags&post=28286"}],"curies":[{"name":"wp","href":"https:\/\/api.w.org\/{rel}","templated":true}]}}