{"id":28290,"date":"2025-11-20T10:00:00","date_gmt":"2025-11-20T15:00:00","guid":{"rendered":"https:\/\/nuevademocracia.com.co\/?p=28290"},"modified":"2025-11-20T11:59:43","modified_gmt":"2025-11-20T16:59:43","slug":"notas-sobre-el-fascismo-y-el-corporativismo-segunda-parte","status":"publish","type":"post","link":"https:\/\/nuevademocracia.com.co\/?p=28290","title":{"rendered":"Notas sobre el fascismo y el corporativismo (segunda parte)"},"content":{"rendered":"\n<p class=\"has-black-color has-text-color has-link-color wp-elements-8cb23915026d7dad8e865dc95fcaac2c\"><em>A continuaci\u00f3n compartimos un art\u00edculo publicado en la edici\u00f3n <a href=\"https:\/\/periodicoelpueblo.cl\/periodico-el-pueblo-101\/\">n\u00famero 101<\/a>\u00a0del peri\u00f3dico El Pueblo de Chile.<\/em><\/p>\n\n\n\n<p class=\"has-black-color has-text-color has-link-color wp-elements-88de1e6a4d8cc1f7f4379b3f9e8fa490\"><em>Por Centro de Investigaci\u00f3n Popular Juan Segundo Leiva<\/em><\/p>\n\n\n\n<figure class=\"wp-block-image aligncenter size-large is-resized\"><img loading=\"lazy\" decoding=\"async\" width=\"702\" height=\"1024\" src=\"https:\/\/nuevademocracia.com.co\/wp-content\/uploads\/2025\/11\/image-19-702x1024.png\" alt=\"\" class=\"wp-image-28291\" style=\"width:611px;height:auto\" srcset=\"https:\/\/nuevademocracia.com.co\/wp-content\/uploads\/2025\/11\/image-19-702x1024.png 702w, https:\/\/nuevademocracia.com.co\/wp-content\/uploads\/2025\/11\/image-19-206x300.png 206w, https:\/\/nuevademocracia.com.co\/wp-content\/uploads\/2025\/11\/image-19.png 707w\" sizes=\"auto, (max-width: 702px) 100vw, 702px\" \/><figcaption class=\"wp-element-caption\">Propaganda fascista que promueve el corporativismo a partir de La Carta del Lavoro, texto en el cual se basaron numerosas medidas de corte corporativo en diferentes pa\u00edses.<\/figcaption><\/figure>\n\n\n\n<p class=\"has-black-color has-text-color has-link-color wp-elements-70d0c58907e2f37c00a88421251fee28\">El triunfo bolchevique en 1917 marca un antes y un despu\u00e9s en el desarrollo de la lucha de cla\u00adses internacional, irrumpiendo como un trueno la nueva era de la revoluci\u00f3n proletaria mundial. Las relaciones econ\u00f3micas im\u00adperialistas y la reacci\u00f3n mundial, recibieron un golpe mortal. Todas las fuerzas contrarrevo\u00adlucionarias entraron en p\u00e1nico, imponiendo medidas extraor\u00addinarias para hacer frente a la revoluci\u00f3n en todos los pa\u00edses, en especial en aquellos donde el ascenso del movimiento revolu\u00adcionario de masas hac\u00eda peligrar el viejo y podrido orden.<\/p>\n\n\n\n<p class=\"has-black-color has-text-color has-link-color wp-elements-806147c83347209212985ebe71c28924\">Esta nueva era, signada por la potenciaci\u00f3n de la violencia, ver\u00e1 surgir formas pol\u00edticas reaccionarias nuevas para hacer frente a la clase obrera y al pue\u00adblo combativo, que ya hab\u00eda mostrado que eran capaces de sostener el Poder revoluciona\u00adrio mediante su dictadura.<\/p>\n\n\n\n<p class=\"has-black-color has-text-color has-link-color wp-elements-184e83923861def7620822f2c9cd0bef\">Es necesario comprender que el fascismo es un fen\u00f3meno pol\u00edtico caracter\u00edstico del im\u00adperialismo. Recordemos que el imperialismo es capitalismo monopolista, parasitario y en descomposici\u00f3n, y agonizante. El imperialismo surge en el mo\u00admento en que se ha terminado el reparto del mundo entre los pa\u00edses imperialistas. El fascis\u00admo surge para hacer frente a la lucha revolucionaria de las masas proletarias y populares en los pa\u00edses imperialistas y en las colonias y semicolonias.<\/p>\n\n\n\n<p class=\"has-black-color has-text-color has-link-color wp-elements-10546698203bb8af75730f6eca344595\">No bastaba con reprimir y apli\u00adcar el terror sobre las columnas comunistas y revolucionarias, cuesti\u00f3n que sin dudar han llevado a efecto las sangrientas y cobardes clases reaccionarias. Era tarea contrarrevoluciona\u00adria de primer orden contener y derrotar la revoluci\u00f3n, e impedir de facto que el ejemplo bolche\u00advique se propagara por el mun\u00addo. Los representantes civiles y militares de los magnates del gran capital tambi\u00e9n deb\u00edan reorganizar pol\u00edticamente la sociedad, moldearla con el fin de contener la revoluci\u00f3n. Ello requer\u00eda reestructurar el Esta\u00addo, ajustarlo en todos los te\u00adrrenos, y levantar una forma o sistema de gobernar correspon\u00addiente, para golpear a la clase y al pueblo.<\/p>\n\n\n\n<p class=\"has-vivid-red-color has-text-color has-link-color has-medium-font-size wp-elements-1c1f2f9a3212451e18a61cd2fcd828b9\"><strong>Represi\u00f3n, terror y corporativizaci\u00f3n<\/strong><\/p>\n\n\n\n<p class=\"has-black-color has-text-color has-link-color wp-elements-c484b0a14fe19d80ba78560a936ff1cb\">Como explic\u00e1bamos no basta el terror, no basta la represi\u00f3n sangrienta, Rusia misma es un buen ejemplo de que el terror, la crueldad, el castigo abyecto, la tortura y la represi\u00f3n salvaje sobre el movimiento obrero revolucionario y su vanguardia, no son suficientes para conjurar la victoria de los oprimidos. El terror y la violencia son medios para imponer los objetivos po\u00adl\u00edticos, y los objetivos pol\u00edticos expresan de forma concentrada los intereses econ\u00f3micos de las clases reaccionarias en este caso.<\/p>\n\n\n\n<p class=\"has-black-color has-text-color has-link-color wp-elements-11f1a9dbab34cb26ba7142afaa698b97\">Algunas fracciones de las clases gobernantes de los pa\u00edses im\u00adperialistas comprendieron que para sobrevivir y prevalecer de\u00adb\u00edan generar una nueva forma de organizar la sociedad, pues la \u201cdemocracia representativa burguesa\u201d ya no era suficiente para contener el avance revo\u00adlucionario de las masas, para sostener la dictadura burguesa, pues la lucha de clases hab\u00eda sobrepasado con creces las formas demorepresentativas. Para golpear y detener de ma\u00adnera efectiva a un movimiento obrero creciente y cada vez m\u00e1s unificado bajo la direcci\u00f3n de un partido comunista, y que ya con\u00adtaba con la experiencia de un partido triunfante en Rusia, se requer\u00eda encuadrar la sociedad en una nueva forma de organi\u00adzaci\u00f3n, forma que respond\u00eda a las necesidades del momento y que aseguraba la continuidad de la dictadura burguesa, esa forma de organizaci\u00f3n era la corporativizaci\u00f3n y que contaba con la gu\u00eda pol\u00edtica del fascismo.<\/p>\n\n\n\n<p class=\"has-black-color has-text-color has-link-color wp-elements-ffcac1c64af436695d6c97c0f00865e2\">La corporativizaci\u00f3n es enton\u00adces la respuesta a la amenaza revolucionaria y se inspira en las viejas corporaciones medieva\u00adles, pero en un contexto de de\u00adsarrollo capitalista imperialista.<\/p>\n\n\n\n<p class=\"has-black-color has-text-color has-link-color wp-elements-db7c11d66e6c60d0e241ed03646bdaed\">Su mismo nombre hace alusi\u00f3n a comprender o interpretar la sociedad como un cuerpo, con sus distintas partes. Cabeza manda al cuerpo, las clases dirigentes no van a usar sus manos para golpearse la cabeza. Las manos y piernas ser\u00edan las clases subalternas, cuya funci\u00f3n principal es la de trabajar y pro\u00adducir bajo mandato de las clases dirigentes (cabeza). La lucha de clases ser\u00eda una infecci\u00f3n que inocular\u00edan artificialmente los comunistas y elementos destructivos o disolventes de la sociedad en el cuerpo so\u00adcial y que hab\u00eda que extirpar o aniquilar a todo precio. Entre la cabeza y las extremidades del cuerpo se situaban \u00f3rganos intermedios, destinados a que el funcionamiento de la sociedad sea m\u00e1s efectivo, entre ellos los tecn\u00f3cratas y las corporaciones. Los sindicatos quedaban redu\u00adcidos a gremios cuya principal preocupaci\u00f3n era servir a la producci\u00f3n y por ning\u00fan motivo alterar el \u201corden natural\u201d de la sociedad, al contrario, su deber era combatir la lucha de clases como un tumor a extirpar, en es\u00adpecial a los promotores de \u00e9sta.<\/p>\n\n\n\n<p class=\"has-black-color has-text-color has-link-color wp-elements-1c081e62730ec1f3db00e0df3208632e\">Indudablemente la represi\u00f3n y persecuci\u00f3n al movimiento revolucionario es un imperativo, en el cual buscan embarcar a to\u00addos los organismos que compo\u00adnen e integran al Estado, con el fin de preservar el viejo r\u00e9gimen de explotaci\u00f3n, el \u00fanico orden posible para ellos. Pol\u00edticamen\u00adte, en cuanto a la expresi\u00f3n org\u00e1nica de sus intereses, el fascismo busca el ordenamien\u00adto social o estatal corporativo, apuntando a juntar al obrero, al patr\u00f3n y al Estado.<\/p>\n\n\n\n<p class=\"has-black-color has-text-color has-link-color wp-elements-c6158ecd279eddbbd3bcbe64e0ab6e7a\">Si recurre a la violencia o el te\u00adrror, es para amedrentar, para\u00adlizar, domesticar, someter, pero en funci\u00f3n de su camino pol\u00edtico y la imposici\u00f3n de su ordena\u00admiento corporativo.<\/p>\n\n\n\n<p class=\"has-black-color has-text-color has-link-color wp-elements-0d6f02c64300dc104197993ff92c71c4\">En nuestro pa\u00eds, si Pinochet no pudo impulsar m\u00e1s el fascis\u00admo y la corporativizaci\u00f3n en la d\u00e9cada de 1980 fue por el ascenso de la protesta popular, el desarrollo de la lucha armada y la lucha de masas; tiene que ver, sobretodo, con el creciente desarrollo de las organizacio\u00adnes de masas en oposici\u00f3n a Pinochet, y no pudo avanzar m\u00e1s a consecuencia de las crisis mundiales y su profunda reper\u00adcusi\u00f3n en Chile y la oposici\u00f3n de partidos demoliberales. El plan imperialista yanqui le impuso al alto mando del ej\u00e9rcito chileno el tr\u00e1nsito a gobiernos surgidos de las urnas.<\/p>\n\n\n\n<p class=\"has-black-color has-text-color has-link-color wp-elements-f427d3216d0f892004919fbd07937268\">El fascismo y corporativismo, sin embargo, qued\u00f3 impreso en la constituci\u00f3n del 80 y en una serie de instituciones, pero en un plano secundario respecto a la \u201cdemocracia representativa\u201d, cuesti\u00f3n que antes del a\u00f1o 80 esto no estaba del todo decidi\u00addo.<\/p>\n\n\n\n<p class=\"has-vivid-red-color has-text-color has-link-color has-medium-font-size wp-elements-18fecdb0f90c782e2c0901c144efb8bd\"><strong>Corporativismo y la econom\u00eda<\/strong><\/p>\n\n\n\n<p class=\"has-black-color has-text-color has-link-color wp-elements-42134b3101c0219059c449b1df81b50e\">Muchas de las medidas adop\u00adtadas por un r\u00e9gimen fascista son para asegurar el capitalismo burocr\u00e1tico (tipo de capitalismo que el imperialismo consiente que se desenvuelva en sus semi\u00adcolonias), y muchas de sus leyes son para corporativizar, para reajustar el Estado y fortalecer el viejo orden. El fascismo y la corporativizaci\u00f3n por ning\u00fan motivo son opuestas a las medi\u00addas en pro del capital imperia\u00adlista y del capital monopolista no estatal. Al contrario, tales medidas se volvieron necesarias para la implementaci\u00f3n de las medidas as\u00ed llamadas \u201cneolibe\u00adrales\u201d.<\/p>\n\n\n\n<p class=\"has-black-color has-text-color has-link-color wp-elements-b156b58cddd400dd77861fc6491525d2\">Se potencian los grandes gre\u00admios de productores. Si bien es cierto el comercio puede quedar abierto al exterior, igualmente ser\u00e1n monopolistas quienes lo controlen: es el Estado el garan\u00adte de esto. Para el resto del co\u00admercio no monopolista, quedan jerarquizados y controlados por el Estado. Se aspira tambi\u00e9n a que los sindicatos de trabajado\u00adres queden de facto integrados al Estado.<\/p>\n\n\n\n<p class=\"has-black-color has-text-color has-link-color wp-elements-a2015a9fb93f79929b200dccef28a114\">Bajo el capitalismo, la corpora\u00adtivizaci\u00f3n le sirve a \u00e9ste, y por lo mismo no pueden desarrollarse formas de propiedad socialistas y no pueden confundirse las em\u00adpresas estatales como si fuera una forma de propiedad com\u00fan de las empresas. Mientras sea el sistema capitalista el dominan\u00adte, por m\u00e1s que existe propiedad estatal sobre algunas \u00e1reas de la industria, nunca ser\u00e1n empresas socialistas propiamente tales.<\/p>\n\n\n\n<p class=\"has-black-color has-text-color has-link-color wp-elements-e495e237ab684aa07cca598213b109ca\">El corporativismo no es \u00fanica\u00admente un reajuste pol\u00edtico al Es\u00adtado, tambi\u00e9n es un conjunto de medidas econ\u00f3micas tanto para el mantenimiento y desarrollo de la gran propiedad, as\u00ed como para incrementar la acumula\u00adci\u00f3n de capitales, concentrar la propiedad de la tierra, y as\u00ed mismo, como medio para alcan\u00adzar lo anterior, debe desplegar la persecuci\u00f3n al movimiento obrero y campesinos y de las dem\u00e1s capas del pueblo.<\/p>\n\n\n\n<p class=\"has-black-color has-text-color has-link-color wp-elements-dbf4e321167ebb0445125d64e6bc81f6\">El corporativismo potencia una econom\u00eda reaccionaria. El Esta\u00addo interviene en un momento a favor del capital monopolista estatal para en otro potenciar el capital monopolista no estatal. El sistema pol\u00edtico que desen\u00advuelven tiene que ver con atar las masas al Estado a trav\u00e9s de diversos organismos. Los resul\u00adtados de la implementaci\u00f3n de estas pol\u00edticas var\u00edan de acuer\u00addo a la intensidad de la lucha de clases y la oposici\u00f3n que se les presenten en cada momento (la revoluci\u00f3n rusa o la revoluci\u00f3n china son claro ejemplo de esto).<\/p>\n\n\n\n<p class=\"has-black-color has-text-color has-link-color wp-elements-5dde0cdb4cb1107925b5f58160474750\">Por ejemplo, hoy en d\u00eda el desa\u00adrrollo del capital particular no estatal depende cada vez m\u00e1s de la intervenci\u00f3n del Estado, no en el sentido, necesariamente, de desarrollar empresas esta\u00adtales, sino en garantizar justa\u00admente la condici\u00f3n monopolista del capital, en asegurarle su desenvolvimiento, defender el orden de explotaci\u00f3n imperan\u00adte, y reprimir o restringir a las clases oprimidas de la sociedad (proletariado, campesinado, peque\u00f1a burgues\u00eda, burgues\u00eda media). Igualmente, el avance en la aplicaci\u00f3n de estas medidas transforma a las masas en un vivero revolucionario.<\/p>\n\n\n\n<p class=\"has-vivid-red-color has-text-color has-link-color has-medium-font-size wp-elements-c605f84b1533e5f95b4262df37684485\"><strong>Reajuste corporativo de la sociedad<\/strong><\/p>\n\n\n\n<p class=\"has-black-color has-text-color has-link-color wp-elements-f2e260b3fbef398d3576fa808539ad44\">En este sentido el corporati\u00advismo se levanta en el siglo XX como un sistema de gobierno, bajo la gu\u00eda de una pol\u00edtica fascista y sobre la base de la contradicci\u00f3n con la democracia burguesa representativa (ex\u00adpresadas en los textos consti\u00adtucionales). Esta contradicci\u00f3n es tambi\u00e9n manifestaci\u00f3n de las propias contradicciones entre distintas facciones de la gran burgues\u00eda, las que, indudable\u00admente, se agudizan conforme se desarrolla la fuerza del pueblo y de la clase obrera, pues esta misma lucha lleva a la crisis de la democracia burguesa repre\u00adsentativa. Por su puesto que estas contradicciones no impli\u00adcan combatir al fascismo con el criterio demoliberal, es decir, poner al proletariado a la cola de una de las facciones de la burgues\u00eda.<\/p>\n\n\n\n<p class=\"has-black-color has-text-color has-link-color wp-elements-54631d72ba58157528ac2da85c919b86\">El reajuste corporativo de la so\u00adciedad apunta hacia la creaci\u00f3n del Estado Corporativo, presen\u00adtado en algunas ocasiones como \u201cdemocracia social de participa\u00adci\u00f3n plena\u201d. Pero esta construc\u00adci\u00f3n pol\u00edtica corporativa, por causa de la lucha de clases (en especial sus expresiones m\u00e1s agudas y manifiestas), torpe\u00addean este reajuste, quedando muchas veces a medio camino. Es clave no confundirse: dicho Estado Corporativo no cambia la naturaleza de clases de la dictadura burguesa, en nuestro caso dictadura conjunta de te\u00adrratenientes y grandes burgue\u00adses al servicio del imperialismo, yanqui principalmente.<\/p>\n\n\n\n<p class=\"has-black-color has-text-color has-link-color wp-elements-fc6685eb69964bc9227c1955b44901f0\">En sentido estricto, el corpo\u00adrativismo monta el Estado en base a corporaciones, implica la negaci\u00f3n del parlamentarismo, y como una respuesta a la crisis de este. Es a trav\u00e9s del ejecu\u00adtivo que, de forma creciente, comienzan a dictarse las leyes m\u00e1s importantes del pa\u00eds, ten\u00addiendo a disminuir la funci\u00f3n del parlamento por el propio empantanamiento de este. El corporativismo afirma que frente al liberalismo que centra en el dinero y contra el comunis\u00admo cabe levantar un gobierno basado en sistemas corpora\u00adtivos al igual que los modelos medievales. En el pasado estuvo muy ligado al catolicismo. Se apunta a la creaci\u00f3n de corpo\u00adraciones agrarias, industriales, comerciantes, artesanos, de profesionales, t\u00e9cnicos y traba\u00adjadores respectivamente, a los estudiantes, fuerzas armadas y policiales, todos ellos nombran delegados y se integran a un sis\u00adtema corporativo, fuertemente ligadas al Estado, es decir orga\u00adnizar a los productores corpora\u00adtivamente. Esto puede variar de pa\u00eds en pa\u00eds. En Chile la propia CONARA y la regionalizaci\u00f3n despu\u00e9s de 1973 tuvieron esta inspiraci\u00f3n. Incluso la imposi\u00adci\u00f3n de esto en Chile despu\u00e9s de 1980 se debilit\u00f3 pues a nivel internacional el imperialismo yanqui estaba promoviendo el recambio de gobierno por formas \u201cdemocr\u00e1ticas represen\u00adtativas\u201d. Lo importante a enten\u00adder es que el Estado burgu\u00e9s, en general, tiene un proceso de desarrollo y que es proceso de desarrollo el que lo lleva a un sistema fascista y corporativo.<\/p>\n\n\n\n<p class=\"has-black-color has-text-color has-link-color wp-elements-d97c26e095520a14b145f6493a4fe0d2\">En resumen. El fascismo y la corporativizaci\u00f3n no son carica\u00adturas, no son individuos rapados tatuados con esv\u00e1sticas, con banderas nazi y ojos desorbita\u00addos. Es una forma de respuesta pol\u00edtica y org\u00e1nica de los mag\u00adnates del gran capital, respuesta manejada directamente o a trav\u00e9s de representantes, a la lucha del proletariado cons\u00adciente. Esto, por un lado, pero tambi\u00e9n es una lucha contra otros sectores o fracciones de la burgues\u00eda que conf\u00edan en la \u201cdemocracia representativa\u201d como medio para enfrentarse en la aguda lucha de clases. Los fascistas tambi\u00e9n baten contra estos \u00faltimos. Entre uno y otro sector de la gran burgues\u00eda, se desenvuelven otros sectores que est\u00e1n en el dilema si apoyar a cualquiera de los otros dos.<\/p>\n\n\n\n<p class=\"has-black-color has-text-color has-link-color wp-elements-9fcdc9734edcaffa2c76abd193610c65\">Por \u00faltimo, las formas o siste\u00admas del Estado y los sistemas pol\u00edticos para gobernar, en una sociedad compuesta por clases distintas y opuestas, son una respuesta a las necesidades que la lucha de clases imprime a la lucha pol\u00edtica y a la estructura\u00adci\u00f3n del Estado en cada momen\u00adto, y m\u00e1s a\u00fan cuando la lucha pol\u00edtica se transforma en lucha armada o guerra popular.<\/p>\n\n\n\n<p><\/p>\n","protected":false},"excerpt":{"rendered":"<p>El fascismo y la corporativizaci\u00f3n no son individuos rapados tatuados con esv\u00e1sticas.  Es una forma pol\u00edtica y org\u00e1nica de los mag\u00adnates del gran capital<\/p>\n","protected":false},"author":1,"featured_media":28291,"comment_status":"open","ping_status":"open","sticky":false,"template":"","format":"standard","meta":{"footnotes":""},"categories":[16,31],"tags":[],"class_list":["post-28290","post","type-post","status-publish","format-standard","has-post-thumbnail","hentry","category-carrusel","category-internacional"],"blocksy_meta":[],"_links":{"self":[{"href":"https:\/\/nuevademocracia.com.co\/index.php?rest_route=\/wp\/v2\/posts\/28290","targetHints":{"allow":["GET"]}}],"collection":[{"href":"https:\/\/nuevademocracia.com.co\/index.php?rest_route=\/wp\/v2\/posts"}],"about":[{"href":"https:\/\/nuevademocracia.com.co\/index.php?rest_route=\/wp\/v2\/types\/post"}],"author":[{"embeddable":true,"href":"https:\/\/nuevademocracia.com.co\/index.php?rest_route=\/wp\/v2\/users\/1"}],"replies":[{"embeddable":true,"href":"https:\/\/nuevademocracia.com.co\/index.php?rest_route=%2Fwp%2Fv2%2Fcomments&post=28290"}],"version-history":[{"count":2,"href":"https:\/\/nuevademocracia.com.co\/index.php?rest_route=\/wp\/v2\/posts\/28290\/revisions"}],"predecessor-version":[{"id":28294,"href":"https:\/\/nuevademocracia.com.co\/index.php?rest_route=\/wp\/v2\/posts\/28290\/revisions\/28294"}],"wp:featuredmedia":[{"embeddable":true,"href":"https:\/\/nuevademocracia.com.co\/index.php?rest_route=\/wp\/v2\/media\/28291"}],"wp:attachment":[{"href":"https:\/\/nuevademocracia.com.co\/index.php?rest_route=%2Fwp%2Fv2%2Fmedia&parent=28290"}],"wp:term":[{"taxonomy":"category","embeddable":true,"href":"https:\/\/nuevademocracia.com.co\/index.php?rest_route=%2Fwp%2Fv2%2Fcategories&post=28290"},{"taxonomy":"post_tag","embeddable":true,"href":"https:\/\/nuevademocracia.com.co\/index.php?rest_route=%2Fwp%2Fv2%2Ftags&post=28290"}],"curies":[{"name":"wp","href":"https:\/\/api.w.org\/{rel}","templated":true}]}}