{"id":28311,"date":"2025-12-01T12:36:18","date_gmt":"2025-12-01T17:36:18","guid":{"rendered":"https:\/\/nuevademocracia.com.co\/?p=28311"},"modified":"2025-12-01T12:36:19","modified_gmt":"2025-12-01T17:36:19","slug":"entrevista-a-companero-antifascista-en-madrid-22-11-2025","status":"publish","type":"post","link":"https:\/\/nuevademocracia.com.co\/?p=28311","title":{"rendered":"Entrevista a compa\u00f1ero antifascista en Madrid (22\/11\/2025)"},"content":{"rendered":"\n<p class=\"has-black-color has-text-color has-link-color wp-elements-cdc5fd416a105c467629787ea61bc70c\"><em>A continuaci\u00f3n compartimos entrevista realizada en el peri\u00f3dico revolucionario del Estado espa\u00f1ol <a href=\"https:\/\/serviralpueblo.com\/2025\/11\/26\/entrevista-a-companero-antifascista-en-madrid-22-11-2025\/\">Servir al Pueblo.<\/a><\/em><\/p>\n\n\n\n<figure class=\"wp-block-image aligncenter size-large is-resized\"><img loading=\"lazy\" decoding=\"async\" width=\"1024\" height=\"575\" src=\"https:\/\/nuevademocracia.com.co\/wp-content\/uploads\/2025\/12\/image-4-1024x575.png\" alt=\"\" class=\"wp-image-28314\" style=\"width:507px;height:auto\" srcset=\"https:\/\/nuevademocracia.com.co\/wp-content\/uploads\/2025\/12\/image-4-1024x575.png 1024w, https:\/\/nuevademocracia.com.co\/wp-content\/uploads\/2025\/12\/image-4-300x168.png 300w, https:\/\/nuevademocracia.com.co\/wp-content\/uploads\/2025\/12\/image-4-768x431.png 768w, https:\/\/nuevademocracia.com.co\/wp-content\/uploads\/2025\/12\/image-4-1536x863.png 1536w, https:\/\/nuevademocracia.com.co\/wp-content\/uploads\/2025\/12\/image-4.png 2048w\" sizes=\"auto, (max-width: 1024px) 100vw, 1024px\" \/><\/figure>\n\n\n\n<p class=\"has-black-color has-text-color has-link-color wp-elements-26a6be86f03e21244a26962635e25998\">Dejamos una entrevista que nuestro corresponsal en Madrid realiz\u00f3 en la manifestaci\u00f3n antifascista del s\u00e1bado 22 de noviembre en Madrid.<\/p>\n\n\n\n<figure class=\"wp-block-embed is-type-video is-provider-youtube wp-block-embed-youtube wp-embed-aspect-16-9 wp-has-aspect-ratio\"><div class=\"wp-block-embed__wrapper\">\n<iframe loading=\"lazy\" title=\"Antifascismo en todos los frentes - Manifestaci\u00f3n Madrid 22\/11\/2025\" width=\"1290\" height=\"726\" src=\"https:\/\/www.youtube.com\/embed\/RncU0ITTi1s?feature=oembed\" frameborder=\"0\" allow=\"accelerometer; autoplay; clipboard-write; encrypted-media; gyroscope; picture-in-picture; web-share\" referrerpolicy=\"strict-origin-when-cross-origin\" allowfullscreen><\/iframe>\n<\/div><\/figure>\n","protected":false},"excerpt":{"rendered":"<p>Dejamos una entrevista que nuestro corresponsal en Madrid realiz\u00f3 en la manifestaci\u00f3n antifascista del s\u00e1bado 22 de noviembre en Madrid.<\/p>\n","protected":false},"author":1,"featured_media":28314,"comment_status":"open","ping_status":"open","sticky":false,"template":"","format":"standard","meta":{"footnotes":""},"categories":[16,31],"tags":[],"class_list":["post-28311","post","type-post","status-publish","format-standard","has-post-thumbnail","hentry","category-carrusel","category-internacional"],"blocksy_meta":[],"_links":{"self":[{"href":"https:\/\/nuevademocracia.com.co\/index.php?rest_route=\/wp\/v2\/posts\/28311","targetHints":{"allow":["GET"]}}],"collection":[{"href":"https:\/\/nuevademocracia.com.co\/index.php?rest_route=\/wp\/v2\/posts"}],"about":[{"href":"https:\/\/nuevademocracia.com.co\/index.php?rest_route=\/wp\/v2\/types\/post"}],"author":[{"embeddable":true,"href":"https:\/\/nuevademocracia.com.co\/index.php?rest_route=\/wp\/v2\/users\/1"}],"replies":[{"embeddable":true,"href":"https:\/\/nuevademocracia.com.co\/index.php?rest_route=%2Fwp%2Fv2%2Fcomments&post=28311"}],"version-history":[{"count":2,"href":"https:\/\/nuevademocracia.com.co\/index.php?rest_route=\/wp\/v2\/posts\/28311\/revisions"}],"predecessor-version":[{"id":28315,"href":"https:\/\/nuevademocracia.com.co\/index.php?rest_route=\/wp\/v2\/posts\/28311\/revisions\/28315"}],"wp:featuredmedia":[{"embeddable":true,"href":"https:\/\/nuevademocracia.com.co\/index.php?rest_route=\/wp\/v2\/media\/28314"}],"wp:attachment":[{"href":"https:\/\/nuevademocracia.com.co\/index.php?rest_route=%2Fwp%2Fv2%2Fmedia&parent=28311"}],"wp:term":[{"taxonomy":"category","embeddable":true,"href":"https:\/\/nuevademocracia.com.co\/index.php?rest_route=%2Fwp%2Fv2%2Fcategories&post=28311"},{"taxonomy":"post_tag","embeddable":true,"href":"https:\/\/nuevademocracia.com.co\/index.php?rest_route=%2Fwp%2Fv2%2Ftags&post=28311"}],"curies":[{"name":"wp","href":"https:\/\/api.w.org\/{rel}","templated":true}]}}