{"id":28316,"date":"2025-12-03T14:55:42","date_gmt":"2025-12-03T19:55:42","guid":{"rendered":"https:\/\/nuevademocracia.com.co\/?p=28316"},"modified":"2025-12-03T14:55:43","modified_gmt":"2025-12-03T19:55:43","slug":"sobre-las-protestas-en-ecuador-y-la-injerencia-de-ee-uu","status":"publish","type":"post","link":"https:\/\/nuevademocracia.com.co\/?p=28316","title":{"rendered":"Sobre las Protestas en Ecuador y la injerencia de EE.UU."},"content":{"rendered":"\n<figure class=\"wp-block-image aligncenter size-full is-resized\"><img loading=\"lazy\" decoding=\"async\" width=\"768\" height=\"576\" src=\"https:\/\/nuevademocracia.com.co\/wp-content\/uploads\/2025\/12\/image-5.png\" alt=\"\" class=\"wp-image-28317\" style=\"width:519px;height:auto\" srcset=\"https:\/\/nuevademocracia.com.co\/wp-content\/uploads\/2025\/12\/image-5.png 768w, https:\/\/nuevademocracia.com.co\/wp-content\/uploads\/2025\/12\/image-5-300x225.png 300w\" sizes=\"auto, (max-width: 768px) 100vw, 768px\" \/><\/figure>\n\n\n\n<p class=\"has-black-color has-text-color has-link-color wp-elements-832774f1068c5359e4371bc7344fd9ae\">La Confederaci\u00f3n de Nacionalidades Ind\u00edgenas de Ecuador (CONAIE) anunci\u00f3 el pasado mi\u00e9rcoles 22 de octubre el cese del paro que comenz\u00f3 el 15 de septiembre en rechazo a la eliminaci\u00f3n del subsidio al di\u00e9sel y a la aprobaci\u00f3n del proyecto minero Loma Larga, situado cerca de la reserva h\u00eddrica de Quimsacocha, en la provincia de Azuay.&nbsp; El paro, que se caracteriz\u00f3 por su combatividad y la acci\u00f3n directa en las calles, logr\u00f3 derrotar en muchas ocasiones a la represi\u00f3n que se ensa\u00f1\u00f3 con el movimiento social al darle tratamiento militar para intentar aplastarlo por la fuerza legal e ilegal. La lucha logr\u00f3 extenderse por cinco semanas, gracias a ello se logr\u00f3 generar p\u00e9rdidas millonarias para el sector agroexportador, mediante la par\u00e1lisis de rutas en las provincias andinas del centro y norte del pa\u00eds, la presi\u00f3n de la \u201cHuelga General Indefinida\u201d afect\u00f3 el bolsillo de los ricachones notablemente. Las masas en el Ecuador est\u00e1n dispuestas a luchar en contra de la ultra derecha y \u00e9sta \u00faltima demostr\u00f3 la verdadera cara servil y vendida de la clase burguesa compradora en el pa\u00eds, que incluso lleg\u00f3 a pedir socorro del sionismo israel\u00ed y de la OEA.<\/p>\n\n\n\n<p class=\"has-black-color has-text-color has-link-color wp-elements-ff2e2ba6a670dbc9a1c1102a60753814\">La brutal represi\u00f3n dej\u00f3 un saldo de tres manifestantes muertos, 15 desaparecidos, casi 300 heridos y 377 vulneraciones de los derechos humanos. Dentro de las v\u00edctimas se cuenta el l\u00edder ind\u00edgena kichwa de 46 a\u00f1os, Efra\u00edn Fuerez; Jos\u00e9 Alberto Guam\u00e1n Izam, de 30 a\u00f1os, de la comunidad de Cachibiro, agricultor y padre de dos hijos, y Rosa Elena Paqui, mujer ind\u00edgena saraguro de 61 a\u00f1os, que falleci\u00f3 por un paro cardiorrespiratorio causado por los gases lacrim\u00f3genos. Los m\u00e9todos de represi\u00f3n tuvieron caracter\u00edsticas similares a los vividos en Colombia tras el Gran Levantamiento Popular que se gener\u00f3 en el 2021: usar la represi\u00f3n policial y armas qu\u00edmicas para someter a los \u201chuelguistas\u201d por la fuerza, combinando la infiltraci\u00f3n de las marchas y usar civiles armados protegidos por la polic\u00eda desde donde se dispara contra los huelguistas, usar la tortura y la desaparici\u00f3n mediante el uso de veh\u00edculos particulares para despistar y no dejar rastro de sus cr\u00edmenes, el manejo medi\u00e1tico para tratar de dividir el movimiento y estigmatizarlo, evitando que el mismo crezca y se extienda a la poblaci\u00f3n en general, justificando a la vez la brutal represi\u00f3n desmedida, un manual de represi\u00f3n que indistintamente aplica la burgues\u00eda mundial en contra de la rebeld\u00eda popular.&nbsp;&nbsp;<\/p>\n\n\n\n<p class=\"has-black-color has-text-color has-link-color wp-elements-c4d261d66a4a94dbd6e6f83610e2d97d\">Marlon Vargas y a la dirigencia de la CONAIE capitul\u00f3 al cumplirse un mes de lucha sin siquiera haber obtenido la liberaci\u00f3n de los detenidos y sin haber logrado su reivindicaci\u00f3n fundamental: evitar que cancelen el subsidio a los combustibles. Algunas de las bases m\u00e1s combativas de la CONAIE no acataron del todo la decisi\u00f3n, quienes denunciaron una \u201cbrutal represi\u00f3n\u201d, exigieron la \u201cdesmilitarizaci\u00f3n\u201d de las comunidades y la liberaci\u00f3n de los detenidos. La capitulaci\u00f3n de la direcci\u00f3n de la CONAIE recuerda la frase de aquel viejo bolchevique, quien estudi\u00f3 la Huelga General como arma de lucha pol\u00edtica del proletariado mundial, y ve\u00eda en los reformistas el principal peligro para la unidad total del pueblo y del eventual triunfo de la lucha popular: \u201ccuando los reformistas no pueden evitar la huelga, se ponen al frente para traicionarla en el momento oportuno\u201d [1].<\/p>\n\n\n\n<p class=\"has-black-color has-text-color has-link-color wp-elements-6276b0d26c10d5eb7c424469e5bb7dca\">El fracaso del reformismo en el Ecuador le dio un impulso necesario para que el ultraderechista y vendepatria de Noboa, pasara a la iniciativa, al proponer un refer\u00e9ndum en donde se permitiera, entre otras cosas, la instalaci\u00f3n de bases norteamericanas en territorio ecuatoriano bajo el supuesto de la lucha antidrogas y la \u201cseguridad nacional\u201d. Noboa sin ning\u00fan descaro lleg\u00f3 a asegurar: \u201cEn Colombia hay bases de otros pa\u00edses. La gente se siente m\u00e1s segura con una base militar al lado, m\u00e1s tranquila\u201d. Tal hecho remarca la profunda crisis pol\u00edtica que se vive en el Ecuador a causa de la guerra del narcotr\u00e1fico que se vive el pa\u00eds, y que ya se ha vivido en otros pa\u00edses vecinos como en Colombia en los a\u00f1os 80 y Per\u00fa en los 90 del siglo pasado, en donde la amarga experiencia ense\u00f1a que Noboa se va alinear y va a cumplir a rajatabla la doctrina norteamericana de la lucha antidrogas y anti insurgente, que lo \u00fanico que consigui\u00f3 en la pr\u00e1ctica fue golpear, asesinar, desplazar y expropiar por violencia al campesinado y permitir la privatizaci\u00f3n y monopolio de las tierras mediante el monocultivo, la ganader\u00eda extensiva y cultivos il\u00edcitos que oxigenan el poder de la mafia en el pa\u00eds y logra desgarrar el tejido social. La pr\u00e1ctica de las pol\u00edticas antidrogas norteamericanas en pa\u00edses como Colombia, Per\u00fa y Afganist\u00e1n han demostrado que la injerencia norteamericana con su pol\u00edtica, no reduce la producci\u00f3n de cultivos il\u00edcitos, sino que los multiplica, algo que recuerda a la experiencia de la guerra del opio del imperio brit\u00e1nico a mediados del siglo XIX, mediante la cual invadi\u00f3 a China, la saque\u00f3 y se la reparti\u00f3 con otros pa\u00edses europeos.<\/p>\n\n\n\n<p class=\"has-black-color has-text-color has-link-color wp-elements-ce062c0eece5dd78abf9bbadf0d74088\">El papel de la guerra contra las drogas en la cultura anglosajona es de vieja data y ha sido la disculpa perfecta para atacar e invadir naciones. Hoy, el ultrarreaccionario Donald Trump la est\u00e1 usando para justificar su agresi\u00f3n y eventual invasi\u00f3n de Venezuela. Noboa como buen lacayo del imperialismo norteamericano se propone un plan para asegurar la injerencia de la mafia y las bases norteamericanas en el Ecuador, y <a>en esa primera contienda las masas no lograron los objetivos esperados, debido no a la falta de fuerza y beligerancia en las bases, sino a la traici\u00f3n de la CONAIE que va a esperar que en las urnas se pueda \u201cdetener\u201d a la ultra derecha, t\u00e1ctica que demostr\u00f3 su fracaso en Colombia y Per\u00fa. <\/a>Sin embargo, \u201ceste levantamiento ind\u00edgena y popular ya es victorioso: est\u00e1 sepultando el oportunismo de los Vargas, de Iza y de toda esa camada que, por su ambici\u00f3n electorera, llev\u00f3 a su organizaci\u00f3n a la bancarrota pol\u00edtica y moral\u201d como lo indic\u00f3 el Frente de Defensa de las Luchas del Pueblo del Ecuador (<em>FDLP-EC<\/em>) y adem\u00e1s la gran fuerza y combatividad mostrada por el pueblo ecuatoriano es en si mismo un triunfo y avance en las fuerzas populares. El pueblo ecuatoriano debe saber que no cuenta con salvadores supremos y debe comenzar a reorganizar sus fuerzas para tomar aliento y emprender de nuevo la lucha.&nbsp;&nbsp;<\/p>\n\n\n\n<p class=\"has-black-color has-text-color has-link-color wp-elements-878603305ba0255e5a5c3c3211e636e1\">Notas<\/p>\n\n\n\n<p class=\"has-black-color has-text-color has-link-color wp-elements-0404f4a6b3da6b4306faf201cca79771\">[1] Losovsky: De la Huelga a la toma del poder.<\/p>\n","protected":false},"excerpt":{"rendered":"<p>El pueblo ecuatoriano debe saber que no cuenta con salvadores supremos y debe comenzar a reorganizar sus fuerzas para tomar aliento y emprender de nuevo la lucha.\u00a0\u00a0<\/p>\n","protected":false},"author":1,"featured_media":28317,"comment_status":"open","ping_status":"open","sticky":false,"template":"","format":"standard","meta":{"footnotes":""},"categories":[31],"tags":[],"class_list":["post-28316","post","type-post","status-publish","format-standard","has-post-thumbnail","hentry","category-internacional"],"blocksy_meta":[],"_links":{"self":[{"href":"https:\/\/nuevademocracia.com.co\/index.php?rest_route=\/wp\/v2\/posts\/28316","targetHints":{"allow":["GET"]}}],"collection":[{"href":"https:\/\/nuevademocracia.com.co\/index.php?rest_route=\/wp\/v2\/posts"}],"about":[{"href":"https:\/\/nuevademocracia.com.co\/index.php?rest_route=\/wp\/v2\/types\/post"}],"author":[{"embeddable":true,"href":"https:\/\/nuevademocracia.com.co\/index.php?rest_route=\/wp\/v2\/users\/1"}],"replies":[{"embeddable":true,"href":"https:\/\/nuevademocracia.com.co\/index.php?rest_route=%2Fwp%2Fv2%2Fcomments&post=28316"}],"version-history":[{"count":1,"href":"https:\/\/nuevademocracia.com.co\/index.php?rest_route=\/wp\/v2\/posts\/28316\/revisions"}],"predecessor-version":[{"id":28318,"href":"https:\/\/nuevademocracia.com.co\/index.php?rest_route=\/wp\/v2\/posts\/28316\/revisions\/28318"}],"wp:featuredmedia":[{"embeddable":true,"href":"https:\/\/nuevademocracia.com.co\/index.php?rest_route=\/wp\/v2\/media\/28317"}],"wp:attachment":[{"href":"https:\/\/nuevademocracia.com.co\/index.php?rest_route=%2Fwp%2Fv2%2Fmedia&parent=28316"}],"wp:term":[{"taxonomy":"category","embeddable":true,"href":"https:\/\/nuevademocracia.com.co\/index.php?rest_route=%2Fwp%2Fv2%2Fcategories&post=28316"},{"taxonomy":"post_tag","embeddable":true,"href":"https:\/\/nuevademocracia.com.co\/index.php?rest_route=%2Fwp%2Fv2%2Ftags&post=28316"}],"curies":[{"name":"wp","href":"https:\/\/api.w.org\/{rel}","templated":true}]}}