{"id":28535,"date":"2026-01-22T14:30:00","date_gmt":"2026-01-22T19:30:00","guid":{"rendered":"https:\/\/nuevademocracia.com.co\/?p=28535"},"modified":"2026-01-26T17:05:17","modified_gmt":"2026-01-26T22:05:17","slug":"lai-llama-a-una-campana-internacional-contra-la-agresion-imperialista-de-ee-uu-en-venezuela","status":"publish","type":"post","link":"https:\/\/nuevademocracia.com.co\/?p=28535","title":{"rendered":"LAI llama a una campa\u00f1a internacional contra la agresi\u00f3n imperialista de EE.UU. en Venezuela"},"content":{"rendered":"\n<figure class=\"wp-block-image aligncenter size-full is-resized\"><img loading=\"lazy\" decoding=\"async\" width=\"792\" height=\"693\" src=\"https:\/\/nuevademocracia.com.co\/wp-content\/uploads\/2026\/01\/image-10.png\" alt=\"\" class=\"wp-image-28536\" style=\"width:482px;height:auto\" srcset=\"https:\/\/nuevademocracia.com.co\/wp-content\/uploads\/2026\/01\/image-10.png 792w, https:\/\/nuevademocracia.com.co\/wp-content\/uploads\/2026\/01\/image-10-300x263.png 300w, https:\/\/nuevademocracia.com.co\/wp-content\/uploads\/2026\/01\/image-10-768x672.png 768w\" sizes=\"auto, (max-width: 792px) 100vw, 792px\" \/><\/figure>\n\n\n\n<p><\/p>\n\n\n\n<p class=\"has-black-color has-text-color has-link-color wp-elements-84822efa8b5bef223add89cb6c4ddb30\">El Comit\u00e9 Coordinador para la Fundaci\u00f3n de la Liga Antiimperialista (LAI) ha realizado un llamamiento a a impulsar una campa\u00f1a internacional de condena y acci\u00f3n directa contra la agresi\u00f3n de Venezuela. Llaman a los diferentes sectores del pueblo de todo el mundo a \u00aba desplegar la movilizaci\u00f3n popular, la denuncia pol\u00edtica, la solidaridad activa y la resistencia combativa\u00bb y a \u00aba la unidad y a fortalecer la movilizaci\u00f3n popular en defensa de la soberan\u00eda venezolana y contra la agresi\u00f3n imperialista en el continente americano y en el mundo\u00bb.  Y llaman a un D\u00eda de Acci\u00f3n Internacional del 3 de febrero de 2026 para condenar la agresi\u00f3n yanqui a Venezuela.<\/p>\n\n\n\n<p class=\"has-black-color has-text-color has-link-color wp-elements-30b6daa0cc16f572fc8b4d108571e2c9\">A continuaci\u00f3n compartimos el <a href=\"https:\/\/ail-red.com\/ail-call-for-an-international-campaign-against-us-imperialist-aggression-in-venezuela\/\">llamamiento <\/a>completo:<\/p>\n\n\n\n<p class=\"has-text-align-right has-black-color has-text-color has-link-color wp-elements-76fe38c09fd3f45cce9842357cc2081d\"><em><strong>\u00a1Antiimperialistas del mundo, un\u00edos!<\/strong><\/em><\/p>\n\n\n\n<h2 class=\"wp-block-heading has-text-align-center has-black-color has-text-color has-link-color wp-elements-fabeee3c78f011657b4ddb953b92597a\"><strong>\u00a1FUERA EL IMPERIALISMO YANQUI DE VENEZUELA!<\/strong><\/h2>\n\n\n\n<h5 class=\"wp-block-heading\"><strong>Llamado a una campa\u00f1a internacional para rechazar la agresi\u00f3n del imperialismo yanqui en Venezuela<\/strong><\/h5>\n\n\n\n<p class=\"has-black-color has-text-color has-link-color wp-elements-55fa1abcf9a692edb22250ae8d1dcaef\"><strong><em>El Comit\u00e9 Coordinador para la Fundaci\u00f3n de la Liga Antiimperialista rechaza y condena en\u00e9rgicamente la criminal agresi\u00f3n militar perpetrada por el imperialismo yanqui contra Venezuela la noche del 3 de enero de 2026. Este acto de guerra, que incluy\u00f3 bombardeos, asesinatos y el secuestro del presidente Maduro y su esposa, constituye una flagrante violaci\u00f3n de la soberan\u00eda nacional, seguida de declaraciones de que Estados Unidos \u00abgobernar\u00e1\u00bb, amenazas de llevar a cabo ataques mayores y declaraciones de que Estados Unidos controlar\u00eda el petr\u00f3leo venezolano. Constituye una agresi\u00f3n militar directa contra Venezuela, una amenaza directa a Cuba, M\u00e9xico y Colombia, y a todos los pueblos oprimidos de Am\u00e9rica Latina y el mundo. En este absoluto desprecio por el derecho internacional y en esta abierta agresi\u00f3n y violencia, se revela el verdadero rostro del imperialismo yanqui. Recurre a medidas cada vez m\u00e1s desesperadas para mantener su hegemon\u00eda mundial en declive.<\/em><\/strong><\/p>\n\n\n\n<p class=\"has-black-color has-text-color has-link-color wp-elements-9e9343c9dacb464d4717e64cf3cbb130\">Los mismos que, a trav\u00e9s de la CIA, impulsaron el narcotr\u00e1fico utiliz\u00e1ndolo como arma pol\u00edtica \u2014como ocurri\u00f3 en los a\u00f1os 80 con la \u00abguerra sucia\u00bb en Centroam\u00e9rica, la \u00ab&nbsp;<em>Contra<\/em>&nbsp;\u00bb en Nicaragua y con la producci\u00f3n y comercializaci\u00f3n de opio en Afganist\u00e1n\u2014 hoy utilizan el \u00abcombate al narcotr\u00e1fico\u00bb como fachada para profundizar la militarizaci\u00f3n, la ocupaci\u00f3n militar y la agresi\u00f3n contra Am\u00e9rica Latina y el Caribe. Los mismos que tienen una larga historia de intervencionismo en Am\u00e9rica Latina, que han derrocado al menos 41 gobiernos entre 1898 y 1994 \u2014desde Guatemala hasta Chile, desde Brasil hasta Hait\u00ed\u2014, han entrenado a torturadores en las Escuelas de las Am\u00e9ricas y han financiado escuadrones de la muerte. Hoy, Estados Unidos, erigi\u00e9ndose como el gran gendarme de la democracia, pretende abrir otro cap\u00edtulo de mayor intervencionismo y agresi\u00f3n contra los pueblos de Am\u00e9rica Latina y el Caribe.<\/p>\n\n\n\n<p class=\"has-black-color has-text-color has-link-color wp-elements-f057be85d06e20d1c5e934ad7247f0d8\">Mientras los imperialistas brindan apoyo incondicional al genocidio sionista en Palestina, perpetran bombardeos en Nigeria sin castigo, orquestan guerras para saquear los recursos de Sud\u00e1n, someten a naciones y pueblos desde Asia Occidental hasta el Sahel, mientras que dentro de Estados Unidos generan un terror racista contra los inmigrantes. \u00a1El mayor terrorista del mundo, EE. UU., se presenta hoy c\u00ednicamente como defensor de la democracia en Venezuela!<\/p>\n\n\n\n<p class=\"has-black-color has-text-color has-link-color wp-elements-361a97725d6d69aeeecf62f220ec2e49\"><em><strong>El objetivo principal de esta ofensiva sobre Latinoam\u00e9rica es, adem\u00e1s del saqueo de sus recursos naturales y materias primas, la ocupaci\u00f3n militar de la regi\u00f3n para preparar una nueva contienda interimperialista por el reparto del mundo, la disputa por la influencia de potencias como China y Rusia en la regi\u00f3n y la reestructuraci\u00f3n econ\u00f3mica, pol\u00edtica y militar de su retaguardia, su \u00abpatio trasero\u00bb, para afrontar su crisis econ\u00f3mica, pol\u00edtica y militar. Tambi\u00e9n buscan conjurar cualquier levantamiento revolucionario de masas que luche por su verdadera liberaci\u00f3n y amenace la existencia del imperialismo.<\/strong><\/em><\/p>\n\n\n\n<p class=\"has-black-color has-text-color has-link-color wp-elements-95b8b789f41cda39085b8121ddfd8d67\">Su desafiante \u00abCorolario Trump\u00bb a la Doctrina Monroe y la creciente agresi\u00f3n servir\u00e1n principalmente para despertar lo que m\u00e1s temen: el odio revolucionario y la resistencia de los pueblos. Desde R\u00edo Bravo hasta la Patagonia, y desde Venezuela hasta la firme resistencia en Gaza, el movimiento antiimperialista se prepara para resurgir. En su desesperaci\u00f3n, como una bestia moribunda, ha hundido sus botas militares en un fango y se ver\u00e1 a\u00fan m\u00e1s arrastrado.<\/p>\n\n\n\n<p class=\"has-black-color has-text-color has-link-color wp-elements-e7e4e84cee6e9a15c3ccde3c35e2b905\">La soberan\u00eda nacional y los derechos de los pueblos solo pueden lograrse mediante una lucha antiimperialista, revolucionaria y combativa consecuente. Es una ilusi\u00f3n peligrosa albergar la esperanza de que los imperialistas y sus lacayos \u2014los mayores carniceros y genocidas de la historia\u2014 se conviertan repentinamente en santos que desean respetar la soberan\u00eda, cooperar y dialogar. La soberan\u00eda de los pueblos se logra con la lucha, no con demagogia y mentiras. Es necesario combatir la capitulaci\u00f3n y prepararnos para una lucha prolongada para acabar con el sistema imperialista.<\/p>\n\n\n\n<p class=\"has-black-color has-text-color has-link-color wp-elements-6e2ae2a6ec68005ccbb813533ac6b48a\">Hacemos un llamado a impulsar una campa\u00f1a internacional de condena y acci\u00f3n directa contra la agresi\u00f3n de Venezuela. Llamamos a todas las fuerzas proletarias, democr\u00e1ticas, revolucionarias y antiimperialistas a desplegar la movilizaci\u00f3n popular, la denuncia pol\u00edtica, la solidaridad activa y la resistencia combativa. Llamamos a todos los patriotas, dem\u00f3cratas y progresistas sinceros a la unidad y a fortalecer la movilizaci\u00f3n popular en defensa de la soberan\u00eda venezolana y contra la agresi\u00f3n imperialista en el continente americano y en el mundo.<\/p>\n\n\n\n<p class=\"has-black-color has-text-color has-link-color wp-elements-7c3da9f8f78e0b29cf90411b4e5c6ca8\"><strong>Hacemos un llamado a iniciar lo antes posible las actividades en el marco de una campa\u00f1a internacional y convocamos a un D\u00eda de Acci\u00f3n Internacional del 3 de febrero de 2026 para condenar la agresi\u00f3n yanqui a Venezuela.<\/strong><\/p>\n\n\n\n<p class=\"has-black-color has-text-color has-link-color wp-elements-7b535dbfcc44beadfe1ee0345aa2dd45\"><strong>\u00a1Contra la agresi\u00f3n y ocupaci\u00f3n imperialista, los pueblos del mundo resistir\u00e1n y el imperialismo perder\u00e1!<\/strong><\/p>\n\n\n\n<p class=\"has-black-color has-text-color has-link-color wp-elements-ed767408d8413cfabcee6f941e06c99b\"><strong>\u00a1Yanquis fuera de Venezuela, Palestina y del mundo entero! \u00a1Yanquis, v\u00e1yanse a casa!<\/strong><\/p>\n\n\n\n<p class=\"has-black-color has-text-color has-link-color wp-elements-ee546bfb9bc5f8e97ecd4d7ddee5fd58\"><strong>\u00a1Lev\u00e1ntate en un poderoso movimiento antiimperialista mundial!<\/strong><\/p>\n\n\n\n<p class=\"has-text-align-right has-black-color has-text-color has-link-color wp-elements-4e73c87c74ec9cede5296a7428b5391e\"><em><strong>COMIT\u00c9 COORDINADOR DE LA LIGA ANTIMPERIALISTA<\/strong><\/em><\/p>\n\n\n\n<p class=\"has-text-align-right has-black-color has-text-color has-link-color wp-elements-87ccb67b8bc4fb08fd64c31b3e2d8754\"><em><strong>Enero de 2026<\/strong><\/em><\/p>\n\n\n\n<p class=\"has-black-color has-text-color has-link-color wp-elements-b15e1f92a0fa0205f1acc3969ebe6794\"><\/p>\n\n\n\n<p><\/p>\n","protected":false},"excerpt":{"rendered":"<p>El Comit\u00e9 Coordinador para la Fundaci\u00f3n de la Liga Antiimperialista (LAI) ha realizado un llamamiento a a impulsar una campa\u00f1a internacional de condena y acci\u00f3n directa contra la agresi\u00f3n de Venezuela.<\/p>\n","protected":false},"author":1,"featured_media":28536,"comment_status":"open","ping_status":"open","sticky":false,"template":"","format":"standard","meta":{"footnotes":""},"categories":[16,241,31],"tags":[],"class_list":["post-28535","post","type-post","status-publish","format-standard","has-post-thumbnail","hentry","category-carrusel","category-lucha-antiimperialista","category-internacional"],"blocksy_meta":[],"_links":{"self":[{"href":"https:\/\/nuevademocracia.com.co\/index.php?rest_route=\/wp\/v2\/posts\/28535","targetHints":{"allow":["GET"]}}],"collection":[{"href":"https:\/\/nuevademocracia.com.co\/index.php?rest_route=\/wp\/v2\/posts"}],"about":[{"href":"https:\/\/nuevademocracia.com.co\/index.php?rest_route=\/wp\/v2\/types\/post"}],"author":[{"embeddable":true,"href":"https:\/\/nuevademocracia.com.co\/index.php?rest_route=\/wp\/v2\/users\/1"}],"replies":[{"embeddable":true,"href":"https:\/\/nuevademocracia.com.co\/index.php?rest_route=%2Fwp%2Fv2%2Fcomments&post=28535"}],"version-history":[{"count":3,"href":"https:\/\/nuevademocracia.com.co\/index.php?rest_route=\/wp\/v2\/posts\/28535\/revisions"}],"predecessor-version":[{"id":28539,"href":"https:\/\/nuevademocracia.com.co\/index.php?rest_route=\/wp\/v2\/posts\/28535\/revisions\/28539"}],"wp:featuredmedia":[{"embeddable":true,"href":"https:\/\/nuevademocracia.com.co\/index.php?rest_route=\/wp\/v2\/media\/28536"}],"wp:attachment":[{"href":"https:\/\/nuevademocracia.com.co\/index.php?rest_route=%2Fwp%2Fv2%2Fmedia&parent=28535"}],"wp:term":[{"taxonomy":"category","embeddable":true,"href":"https:\/\/nuevademocracia.com.co\/index.php?rest_route=%2Fwp%2Fv2%2Fcategories&post=28535"},{"taxonomy":"post_tag","embeddable":true,"href":"https:\/\/nuevademocracia.com.co\/index.php?rest_route=%2Fwp%2Fv2%2Ftags&post=28535"}],"curies":[{"name":"wp","href":"https:\/\/api.w.org\/{rel}","templated":true}]}}