{"id":28540,"date":"2026-01-26T17:00:49","date_gmt":"2026-01-26T22:00:49","guid":{"rendered":"https:\/\/nuevademocracia.com.co\/?p=28540"},"modified":"2026-01-26T17:05:10","modified_gmt":"2026-01-26T22:05:10","slug":"nueva-declaracion-de-la-lai-apoyar-la-lucha-de-la-nacion-kurda","status":"publish","type":"post","link":"https:\/\/nuevademocracia.com.co\/?p=28540","title":{"rendered":"Nueva declaraci\u00f3n de la LAI: Apoyar la lucha de la naci\u00f3n kurda"},"content":{"rendered":"\n<p class=\"has-black-color has-text-color has-link-color wp-elements-9a006f91e721fd0f5c5fd49f07c9016e\">Compartimos la siguiente declaraci\u00f3n emitida por el <em>Comit\u00e9 Coordinador de la Liga Antiimperialista (LAI)<\/em>, en donde analiza la situaci\u00f3n actual con respecto a la naci\u00f3n kurda, espec\u00edficamente lo que viene ocurriendo en Siria. <\/p>\n\n\n\n<p class=\"has-black-color has-text-color has-link-color wp-elements-f6762f07f74f61313c3d32d0670658b7\">Adem\u00e1s, plantea que \u00abAnte esta realidad, es imperativo adoptar una postura antiimperialista consecuente. Sin una ruptura ideol\u00f3gica y pol\u00edtica con el sistema imperialista, ning\u00fan logro que no se base en la fuerza independiente de las naciones y pueblos oprimidos puede ser duradero. Toda posici\u00f3n consolidada mediante la confianza en el imperialismo es temporal y susceptible de liquidaci\u00f3n\u00bb.<\/p>\n\n\n\n<p class=\"has-black-color has-text-color has-link-color wp-elements-71d2832360ec2c5b00729a7de7868d77\">Y por \u00faltimo hace un llamado a apoyar a la naci\u00f3n kurda afirmando que:<\/p>\n\n\n\n<p class=\"has-black-color has-text-color has-link-color wp-elements-c2210389a9b6addf27afb9b3db9a7e6a\"> \u00ab<em>No permanezcamos en silencio ante los ataques al derecho de la naci\u00f3n kurda a la autodeterminaci\u00f3n.<\/em><\/p>\n\n\n\n<p class=\"has-black-color has-text-color has-link-color wp-elements-b06ee907178197c795b019c8fa7951e6\"><em>Oponerse a todas las narrativas que legitiman los planes de liquidaci\u00f3n imperialistas.<\/em><\/p>\n\n\n\n<p class=\"has-black-color has-text-color has-link-color wp-elements-88e38bd6305897f82993b64d885ec77f\"><em>Reconocer la libertad de las naciones y pueblos oprimidos, colonizados y\u00a0<\/em><em>anexionados<\/em><em>\u00a0como parte inseparable de la lucha antiimperialista.<\/em>\u00ab<\/p>\n\n\n\n<p class=\"has-black-color has-text-color has-link-color wp-elements-2e5bcaa32bfbb4a80001762c14fecd01\">A continuaci\u00f3n compartimos la declaraci\u00f3n completa:<\/p>\n\n\n\n<figure class=\"wp-block-image size-large\"><img loading=\"lazy\" decoding=\"async\" width=\"1024\" height=\"245\" src=\"https:\/\/nuevademocracia.com.co\/wp-content\/uploads\/2026\/01\/image-11-1024x245.png\" alt=\"\" class=\"wp-image-28541\" srcset=\"https:\/\/nuevademocracia.com.co\/wp-content\/uploads\/2026\/01\/image-11-1024x245.png 1024w, https:\/\/nuevademocracia.com.co\/wp-content\/uploads\/2026\/01\/image-11-300x72.png 300w, https:\/\/nuevademocracia.com.co\/wp-content\/uploads\/2026\/01\/image-11-768x184.png 768w, https:\/\/nuevademocracia.com.co\/wp-content\/uploads\/2026\/01\/image-11.png 1381w\" sizes=\"auto, (max-width: 1024px) 100vw, 1024px\" \/><\/figure>\n\n\n\n<p class=\"has-text-align-right has-black-color has-text-color has-link-color wp-elements-bea5f519a6b665e21b00200bf21564cb\"><strong><em>\u00a1Antiimperialistas del mundo, un\u00edos!<\/em><\/strong><strong><\/strong><\/p>\n\n\n\n<h4 class=\"wp-block-heading has-text-align-center has-black-color has-text-color has-link-color wp-elements-15b10ef4eb8805a21e447b2daa1f3cd7\"><strong>Apoy<\/strong><strong>ar<\/strong><strong>&nbsp;la lucha de la naci\u00f3n kurda<\/strong><\/h4>\n\n\n\n<h4 class=\"wp-block-heading has-text-align-center has-black-color has-text-color has-link-color wp-elements-51fe2fc62da5a7c0b530396afb0fc511\"><strong>Contra el imperialismo, el Estado fascista turco y la reacci\u00f3n yihadista<\/strong><\/h4>\n\n\n\n<h5 class=\"wp-block-heading has-text-align-center has-black-color has-text-color has-link-color wp-elements-cb00f2a1b57599080e3fb240432d59bf\"><strong>\u00a1La lucha de la naci\u00f3n kurda es leg\u00edtima y justa!<\/strong><\/h5>\n\n\n\n<p class=\"has-black-color has-text-color has-link-color wp-elements-311c7ca732375969aa805fd1cc3fd37c\">Lo que se est\u00e1 desarrollando en Siria no es un simple cambio de r\u00e9gimen, ni una reconciliaci\u00f3n interna ni la b\u00fasqueda de \u201cestabilidad\u201d. Lo que ha surgido es un proceso planificado e integral de liquidaci\u00f3n, llevado a cabo por el imperialismo y las fuerzas reaccionarias regionales contra las naciones oprimidas, contra las comunidades nacionales que viven bajo la ocupaci\u00f3n y la anexi\u00f3n, y en particular contra el derecho de la naci\u00f3n kurda a la autodeterminaci\u00f3n. Este proceso no es una mera reconfiguraci\u00f3n del futuro de Siria. Es un ataque de varias dimensiones contra las conquistas pol\u00edticas, militares y sociales ganadas por la naci\u00f3n kurda durante m\u00e1s de una d\u00e9cada de lucha.<\/p>\n\n\n\n<p class=\"has-black-color has-text-color has-link-color wp-elements-1e2a6c9f03e115623ca22b0070e42ce0\">Este ataque, dirigido por el centro imperialista estadounidense y los europeos, se ha implementado sobre el terreno a trav\u00e9s del Estado fascista turco y la organizaci\u00f3n yihadista Hay\u2019at Tahrir al-Sham (HTS). Esto no es casual. Es una decisi\u00f3n consciente, coordinada y contrarrevolucionaria. La preferencia del imperialismo es, una vez m\u00e1s, evidente. No se alinea con las naciones oprimidas, sino con los Estados gobernantes subordinados y las fuerzas pol\u00edticas m\u00e1s reaccionarias.<\/p>\n\n\n\n<p class=\"has-black-color has-text-color has-link-color wp-elements-a3d9014e0a49076ace4a186a5ecb8483\">El Estado fascista turco no se encuentra al margen de este proceso. Se sit\u00faa en su centro. Desde el comienzo de la guerra, Turqu\u00eda ha apoyado a las fuerzas yihadistas y ha lanzado ataques militares, presi\u00f3n diplom\u00e1tica y negociaciones regionales para eliminar cualquier avance que la naci\u00f3n kurda haya logrado en Rojava. En los acontecimientos m\u00e1s recientes, el papel activo de Turqu\u00eda en el campo de batalla y en la mesa de negociaciones en las p\u00e9rdidas territoriales sufridas por la naci\u00f3n kurda es inconfundible. Por esta raz\u00f3n, Turqu\u00eda no es un \u201cactor de seguridad\u201d. Es un enemigo estructural que se opone a la existencia misma y los logros de la naci\u00f3n kurda.<\/p>\n\n\n\n<p class=\"has-black-color has-text-color has-link-color wp-elements-7a6460d6b6067b9d2889e552ce2cbc68\">Israel y otras potencias imperialistas occidentales comparten la misma postura. En consonancia con sus objetivos de controlar la regi\u00f3n, reprimir las din\u00e1micas de resistencia y asegurar sus propios intereses, el estatus de la naci\u00f3n kurda se ha considerado prescindible. Para el orden imperialista, lo que importa no es la libertad de las naciones, sino su control.<\/p>\n\n\n\n<p class=\"has-black-color has-text-color has-link-color wp-elements-26fa4d30b6d6ad5a325cafaf864f4fdd\">Lo ocurrido en el Kurdist\u00e1n sirio demuestra una vez m\u00e1s que el imperialismo es enemigo de toda democracia. El derecho de las naciones a la autodeterminaci\u00f3n se trata, en los planes imperialistas, como un instrumento temporal al servicio de sus intereses. Nunca se considera una garant\u00eda permanente. Todas las supuestas soluciones que involucran a las potencias imperialistas se liquidan r\u00e1pidamente cuando se alteran los equilibrios.<\/p>\n\n\n\n<p class=\"has-black-color has-text-color has-link-color wp-elements-3aed0ba3d138e43be02451b08e64d6e7\">Ante esta realidad, es imperativo adoptar una postura antiimperialista consecuente. Sin una ruptura ideol\u00f3gica y pol\u00edtica con el sistema imperialista, ning\u00fan logro que no se base en la fuerza independiente de las naciones y pueblos oprimidos puede ser duradero. Toda posici\u00f3n consolidada mediante la confianza en el imperialismo es temporal y susceptible de liquidaci\u00f3n.<\/p>\n\n\n\n<p class=\"has-black-color has-text-color has-link-color wp-elements-c83b84c6e861ffd4b07955694c32fe65\">La liberaci\u00f3n de la naci\u00f3n kurda, y de todas las naciones y pueblos oprimidos de la regi\u00f3n, no se forjar\u00e1 mediante acuerdos en los centros imperialistas. Se forjar\u00e1 mediante la lucha en sus propias tierras, con sus propias fuerzas organizadas y mediante la lucha com\u00fan de los oprimidos. La lucha de la naci\u00f3n kurda es leg\u00edtima y justa.<\/p>\n\n\n\n<p class=\"has-black-color has-text-color has-link-color wp-elements-36ba3a4a80cf0cb04b6aa6e8b879c155\"><strong>Llamamiento internacional antiimperialista a la solidaridad<\/strong><\/p>\n\n\n\n<p class=\"has-black-color has-text-color has-link-color wp-elements-923268e319d9db1df7b1bbecdb287b2d\">En estas condiciones, la neutralidad no es posible. La resistencia de la naci\u00f3n kurda no es solo una lucha por su propia existencia. Es una lucha por la dignidad de todos los oprimidos contra el imperialismo, el fascismo y la reacci\u00f3n yihadista. Hoy, la solidaridad con la naci\u00f3n kurda no es una cuesti\u00f3n de simpat\u00eda. Es una responsabilidad pol\u00edtica y moral.<\/p>\n\n\n\n<p class=\"has-black-color has-text-color has-link-color wp-elements-ed81ec6d031a35af10b6d25e87486fb8\">Los logros en el punto de mira en Rojava son fruto de la lucha contra la dominaci\u00f3n imperialista y la reacci\u00f3n a escala global. Los ataques dirigidos contra la naci\u00f3n kurda son una advertencia para las naciones y pueblos oprimidos desde Palestina hasta L\u00edbano, desde Irak hasta Ir\u00e1n.<\/p>\n\n\n\n<p class=\"has-black-color has-text-color has-link-color wp-elements-1ca311f52fbf956d65886cc83a4acae6\">Hacemos un llamamiento al p\u00fablico internacional, a las fuerzas progresistas y antiimperialistas para que denuncien estos ataques y ampl\u00eden su solidaridad con el derecho de la naci\u00f3n kurda a la autodeterminaci\u00f3n. Las pol\u00edticas de liquidaci\u00f3n, implementadas bajo las consignas de \u201cestabilidad\u201d, \u201cseguridad\u201d y \u201cpaz\u201d, contribuyen a la continuidad del sistema imperialista.<\/p>\n\n\n\n<p class=\"has-black-color has-text-color has-link-color wp-elements-99d43c66ddaf081c24ec88e0ac25004c\"><strong>Nuestro llamado es claro:<\/strong><\/p>\n\n\n\n<p class=\"has-black-color has-text-color has-link-color wp-elements-746a62730338985692bb4630feef2346\"><em>No permanezcamos en silencio ante los ataques al derecho de la naci\u00f3n kurda a la autodeterminaci\u00f3n.<\/em><\/p>\n\n\n\n<p class=\"has-black-color has-text-color has-link-color wp-elements-62667ba18c73085b982940e32a6b4eab\"><em>Oponerse a todas las narrativas que legitiman los planes de liquidaci\u00f3n imperialistas.<\/em><\/p>\n\n\n\n<p class=\"has-black-color has-text-color has-link-color wp-elements-4cf864b80e3a89904014551c28eaea86\"><em>Reconocer la libertad de las naciones y pueblos oprimidos, colonizados y&nbsp;<\/em><em>anexionados<\/em><em>&nbsp;como parte inseparable de la lucha antiimperialista.<\/em><\/p>\n\n\n\n<p class=\"has-black-color has-text-color has-link-color wp-elements-85aafdd144c7db88e65228c7f8b1f801\"><strong>\u00a1Viva el derecho de la naci\u00f3n kurda a la autodeterminaci\u00f3n!<\/strong><\/p>\n\n\n\n<p class=\"has-black-color has-text-color has-link-color wp-elements-4cabfacbb29a296b4c10524905ef10ec\"><strong><em>\u00a1La libertad de las naciones y pueblos oprimidos s<\/em><\/strong><strong><em>o<\/em><\/strong><strong><em>lo es posible mediante&nbsp;<\/em><\/strong><strong><em>la eliminaci\u00f3n<\/em><\/strong><strong><em>&nbsp;del sistema imperialista!<\/em><\/strong><strong><\/strong><\/p>\n\n\n\n<p class=\"has-black-color has-text-color has-link-color wp-elements-5b38552837c282bb7f696d8e7a4a2fb2\"><strong>La solidaridad no es solo una&nbsp;<\/strong><strong>posici\u00f3n<\/strong><strong>&nbsp;<\/strong><strong>para<\/strong><strong>&nbsp;hoy. Es una necesidad para el futuro.<\/strong><\/p>\n\n\n\n<p class=\"has-text-align-right has-black-color has-text-color has-link-color wp-elements-50c3512452730419117ffdeb07c58d17\"><strong>COMIT\u00c9 COORDINADOR DE LA LIGA ANTI<\/strong><strong>I<\/strong><strong>MPERIALISTA<\/strong><\/p>\n\n\n\n<p class=\"has-text-align-right has-black-color has-text-color has-link-color wp-elements-cdef0bf9ff42269217687e34a78cc2fc\"><strong>Enero de 2026<\/strong><\/p>\n\n\n\n<p><\/p>\n","protected":false},"excerpt":{"rendered":"<p>\u00abLa liberaci\u00f3n de la naci\u00f3n kurda, y de todas las naciones y pueblos oprimidos de la regi\u00f3n, no se forjar\u00e1 mediante acuerdos en los centros imperialistas. Se forjar\u00e1 mediante la lucha en sus propias tierras, con sus propias fuerzas organizadas y mediante la lucha com\u00fan de los oprimidos. La lucha de la naci\u00f3n kurda es leg\u00edtima y justa.\u00bb<\/p>\n","protected":false},"author":1,"featured_media":28536,"comment_status":"open","ping_status":"open","sticky":false,"template":"","format":"standard","meta":{"footnotes":""},"categories":[16,241,31],"tags":[],"class_list":["post-28540","post","type-post","status-publish","format-standard","has-post-thumbnail","hentry","category-carrusel","category-lucha-antiimperialista","category-internacional"],"blocksy_meta":[],"_links":{"self":[{"href":"https:\/\/nuevademocracia.com.co\/index.php?rest_route=\/wp\/v2\/posts\/28540","targetHints":{"allow":["GET"]}}],"collection":[{"href":"https:\/\/nuevademocracia.com.co\/index.php?rest_route=\/wp\/v2\/posts"}],"about":[{"href":"https:\/\/nuevademocracia.com.co\/index.php?rest_route=\/wp\/v2\/types\/post"}],"author":[{"embeddable":true,"href":"https:\/\/nuevademocracia.com.co\/index.php?rest_route=\/wp\/v2\/users\/1"}],"replies":[{"embeddable":true,"href":"https:\/\/nuevademocracia.com.co\/index.php?rest_route=%2Fwp%2Fv2%2Fcomments&post=28540"}],"version-history":[{"count":3,"href":"https:\/\/nuevademocracia.com.co\/index.php?rest_route=\/wp\/v2\/posts\/28540\/revisions"}],"predecessor-version":[{"id":28544,"href":"https:\/\/nuevademocracia.com.co\/index.php?rest_route=\/wp\/v2\/posts\/28540\/revisions\/28544"}],"wp:featuredmedia":[{"embeddable":true,"href":"https:\/\/nuevademocracia.com.co\/index.php?rest_route=\/wp\/v2\/media\/28536"}],"wp:attachment":[{"href":"https:\/\/nuevademocracia.com.co\/index.php?rest_route=%2Fwp%2Fv2%2Fmedia&parent=28540"}],"wp:term":[{"taxonomy":"category","embeddable":true,"href":"https:\/\/nuevademocracia.com.co\/index.php?rest_route=%2Fwp%2Fv2%2Fcategories&post=28540"},{"taxonomy":"post_tag","embeddable":true,"href":"https:\/\/nuevademocracia.com.co\/index.php?rest_route=%2Fwp%2Fv2%2Ftags&post=28540"}],"curies":[{"name":"wp","href":"https:\/\/api.w.org\/{rel}","templated":true}]}}