{"id":28554,"date":"2026-01-27T13:30:21","date_gmt":"2026-01-27T18:30:21","guid":{"rendered":"https:\/\/nuevademocracia.com.co\/?p=28554"},"modified":"2026-01-27T13:30:23","modified_gmt":"2026-01-27T18:30:23","slug":"definida-fecha-para-encuentro-nacional-antiimperialista","status":"publish","type":"post","link":"https:\/\/nuevademocracia.com.co\/?p=28554","title":{"rendered":"Definida fecha para Encuentro Nacional Antiimperialista"},"content":{"rendered":"\n<p class=\"has-black-color has-text-color has-link-color wp-elements-c4764efc0b8fd46b08a6a2596158342c\">El dia de hoy, la Coordinadora de Luchas Populares public\u00f3 en su p\u00e1gina web (<a href=\"https:\/\/clp25.wordpress.com\/\" target=\"_blank\" rel=\"noreferrer noopener\">clp25.wordpress.com<\/a>) la fecha para el Encuentro Nacional contra la agresi\u00f3n yanqui en Am\u00e9rica Latina, definida para el d\u00eda 28 de febrero. <\/p>\n\n\n\n<p class=\"has-black-color has-text-color has-link-color wp-elements-1cd533992b2e0afc7b9a4c4a0e3c7593\">Adem\u00e1s de la fecha, tambi\u00e9n fueron publicados tres puntos de unidad, en torno a los cuales se busca iniciar la construcci\u00f3n del espacio organizativo. <\/p>\n\n\n\n<figure class=\"wp-block-gallery aligncenter has-nested-images columns-default wp-block-gallery-1 is-layout-flex wp-block-gallery-is-layout-flex\">\n<figure class=\"wp-block-image size-full\"><img loading=\"lazy\" decoding=\"async\" width=\"819\" height=\"1024\" data-id=\"28561\" src=\"https:\/\/nuevademocracia.com.co\/wp-content\/uploads\/2026\/01\/signal-2026-01-27-000844.png\" alt=\"\" class=\"wp-image-28561\" srcset=\"https:\/\/nuevademocracia.com.co\/wp-content\/uploads\/2026\/01\/signal-2026-01-27-000844.png 819w, https:\/\/nuevademocracia.com.co\/wp-content\/uploads\/2026\/01\/signal-2026-01-27-000844-240x300.png 240w, https:\/\/nuevademocracia.com.co\/wp-content\/uploads\/2026\/01\/signal-2026-01-27-000844-768x960.png 768w\" sizes=\"auto, (max-width: 819px) 100vw, 819px\" \/><\/figure>\n\n\n\n<figure class=\"wp-block-image size-full\"><img loading=\"lazy\" decoding=\"async\" width=\"819\" height=\"1024\" data-id=\"28556\" src=\"https:\/\/nuevademocracia.com.co\/wp-content\/uploads\/2026\/01\/signal-2026-01-27-000855_002.png\" alt=\"\" class=\"wp-image-28556\" srcset=\"https:\/\/nuevademocracia.com.co\/wp-content\/uploads\/2026\/01\/signal-2026-01-27-000855_002.png 819w, https:\/\/nuevademocracia.com.co\/wp-content\/uploads\/2026\/01\/signal-2026-01-27-000855_002-240x300.png 240w, https:\/\/nuevademocracia.com.co\/wp-content\/uploads\/2026\/01\/signal-2026-01-27-000855_002-768x960.png 768w\" sizes=\"auto, (max-width: 819px) 100vw, 819px\" \/><\/figure>\n\n\n\n<figure class=\"wp-block-image size-full\"><img loading=\"lazy\" decoding=\"async\" width=\"819\" height=\"1024\" data-id=\"28555\" src=\"https:\/\/nuevademocracia.com.co\/wp-content\/uploads\/2026\/01\/signal-2026-01-27-000901_002.png\" alt=\"\" class=\"wp-image-28555\" srcset=\"https:\/\/nuevademocracia.com.co\/wp-content\/uploads\/2026\/01\/signal-2026-01-27-000901_002.png 819w, https:\/\/nuevademocracia.com.co\/wp-content\/uploads\/2026\/01\/signal-2026-01-27-000901_002-240x300.png 240w, https:\/\/nuevademocracia.com.co\/wp-content\/uploads\/2026\/01\/signal-2026-01-27-000901_002-768x960.png 768w\" sizes=\"auto, (max-width: 819px) 100vw, 819px\" \/><\/figure>\n<\/figure>\n\n\n\n<hr class=\"wp-block-separator has-alpha-channel-opacity is-style-dots\"\/>\n\n\n\n<div class=\"wp-block-embedpress-embedpress-pdf aligncenter\"><div class=\"embedpress-document-embed ep-doc-embedpress-pdf-1769537353872   ep-percentage-width\" style=\"width:100%;height:1100px;max-width:100%\" id=\"ep-doc-undefined\" data-source-id=\"source-undefined\" data-embed-type=\"PDF\"><div class=\"ep-embed-content-wraper\"><div class=\"position-right-wraper gutenberg-pdf-wraper\"><div class=\"main-content-wraper\"><iframe title=\"Puntos Encuentro Nal\" style=\"height:1100px;width:100%;max-width:100%\" class=\"embedpress-embed-document-pdf embedpress-pdf-1769537353872\" data-emid=\"embedpress-pdf-1769537353872\" data-viewer-style=\"modern\" src=\"https:\/\/nuevademocracia.com.co\/wp-admin\/admin-ajax.php?action=get_viewer&amp;scrolling=-1&amp;selection_tool=0&amp;spreads=0&amp;file=https%3A%2F%2Fnuevademocracia.com.co%2Fwp-content%2Fuploads%2F2026%2F01%2FPuntos-Encuentro-Nal.pdf#key=dGhlbWVNb2RlPWRlZmF1bHQmcHJlc2VudGF0aW9uPXRydWUmbGF6eUxvYWQ9ZmFsc2UmcG9zaXRpb249dG9wJmZsaXBib29rX3Rvb2xiYXJfcG9zaXRpb249Ym90dG9tJmRvd25sb2FkPXRydWUmdG9vbGJhcj10cnVlJmNvcHlfdGV4dD10cnVlJmFkZF90ZXh0PXRydWUmZHJhdz1mYWxzZSZkb2NfZGV0YWlscz10cnVlJmRvY19yb3RhdGlvbj10cnVlJmFkZF9pbWFnZT10cnVlJnpvb21faW49dHJ1ZSZ6b29tX291dD10cnVlJmZpdF92aWV3PXRydWUmYm9va21hcms9dHJ1ZSZzZWxlY3Rpb25fdG9vbD0wJnNjcm9sbGluZz0tMSZzcHJlYWRzPTA=\"><\/iframe><\/div><\/div><\/div><\/div><\/div>\n","protected":false},"excerpt":{"rendered":"<p>CLP publica fecha para el Encuentro Nacional contra la agresi\u00f3n yanqui en Am\u00e9rica Latina<\/p>\n","protected":false},"author":1,"featured_media":28555,"comment_status":"open","ping_status":"open","sticky":false,"template":"","format":"standard","meta":{"footnotes":""},"categories":[16,241,4],"tags":[157,32,39],"class_list":["post-28554","post","type-post","status-publish","format-standard","has-post-thumbnail","hentry","category-carrusel","category-lucha-antiimperialista","category-colombia","tag-antiimperialismo","tag-imperialismo","tag-internacionalismo"],"blocksy_meta":[],"_links":{"self":[{"href":"https:\/\/nuevademocracia.com.co\/index.php?rest_route=\/wp\/v2\/posts\/28554","targetHints":{"allow":["GET"]}}],"collection":[{"href":"https:\/\/nuevademocracia.com.co\/index.php?rest_route=\/wp\/v2\/posts"}],"about":[{"href":"https:\/\/nuevademocracia.com.co\/index.php?rest_route=\/wp\/v2\/types\/post"}],"author":[{"embeddable":true,"href":"https:\/\/nuevademocracia.com.co\/index.php?rest_route=\/wp\/v2\/users\/1"}],"replies":[{"embeddable":true,"href":"https:\/\/nuevademocracia.com.co\/index.php?rest_route=%2Fwp%2Fv2%2Fcomments&post=28554"}],"version-history":[{"count":4,"href":"https:\/\/nuevademocracia.com.co\/index.php?rest_route=\/wp\/v2\/posts\/28554\/revisions"}],"predecessor-version":[{"id":28562,"href":"https:\/\/nuevademocracia.com.co\/index.php?rest_route=\/wp\/v2\/posts\/28554\/revisions\/28562"}],"wp:featuredmedia":[{"embeddable":true,"href":"https:\/\/nuevademocracia.com.co\/index.php?rest_route=\/wp\/v2\/media\/28555"}],"wp:attachment":[{"href":"https:\/\/nuevademocracia.com.co\/index.php?rest_route=%2Fwp%2Fv2%2Fmedia&parent=28554"}],"wp:term":[{"taxonomy":"category","embeddable":true,"href":"https:\/\/nuevademocracia.com.co\/index.php?rest_route=%2Fwp%2Fv2%2Fcategories&post=28554"},{"taxonomy":"post_tag","embeddable":true,"href":"https:\/\/nuevademocracia.com.co\/index.php?rest_route=%2Fwp%2Fv2%2Ftags&post=28554"}],"curies":[{"name":"wp","href":"https:\/\/api.w.org\/{rel}","templated":true}]}}