{"id":28585,"date":"2026-01-31T07:59:55","date_gmt":"2026-01-31T12:59:55","guid":{"rendered":"https:\/\/nuevademocracia.com.co\/?p=28585"},"modified":"2026-03-28T00:14:57","modified_gmt":"2026-03-28T05:14:57","slug":"editorial-ante-la-agresion-yanqui-cooperar-o-resistir","status":"publish","type":"post","link":"https:\/\/nuevademocracia.com.co\/?p=28585","title":{"rendered":"Editorial &#8211; Ante la agresi\u00f3n yanqui \u00bfCooperar o resistir?"},"content":{"rendered":"\n<hr class=\"wp-block-separator has-text-color has-vivid-red-color has-alpha-channel-opacity has-vivid-red-background-color has-background\"\/>\n\n\n\n<p class=\"has-black-color has-text-color has-link-color wp-elements-7b295017f0d16fa532ac78ebbe5518de\">\u00bfQu\u00e9 pasar\u00e1 el 3 de febrero cuando se re\u00fanan Trump y Petro en la Casa Blanca? \u00bfSe ce\u00f1ir\u00e1 el gobierno colombiano a los mandatos de Trump o volver\u00e1 a avivarse el rifirrafe entre presidentes? \u00bfHay riesgo de que se rompa la centenaria \u201ccooperaci\u00f3n\u201d entre Colombia y Estados Unidos, o incluso, como algunos temen, que Petro sea detenido y enjuiciado? \u00bfSer\u00e1n determinantes para el desenlace la \u201cimpulsividad\u201d y egolatr\u00eda com\u00fan a los dos mandatarios, o a pesar de esto primar\u00e1n los \u201cintereses compartidos\u201d?<\/p>\n\n\n\n<figure class=\"wp-block-image aligncenter size-medium\"><img loading=\"lazy\" decoding=\"async\" width=\"300\" height=\"300\" src=\"https:\/\/nuevademocracia.com.co\/wp-content\/uploads\/2026\/01\/Good-Boy-300x300.png\" alt=\"\" class=\"wp-image-28586\" srcset=\"https:\/\/nuevademocracia.com.co\/wp-content\/uploads\/2026\/01\/Good-Boy-300x300.png 300w, https:\/\/nuevademocracia.com.co\/wp-content\/uploads\/2026\/01\/Good-Boy-150x150.png 150w, https:\/\/nuevademocracia.com.co\/wp-content\/uploads\/2026\/01\/Good-Boy-768x768.png 768w, https:\/\/nuevademocracia.com.co\/wp-content\/uploads\/2026\/01\/Good-Boy.png 1024w\" sizes=\"auto, (max-width: 300px) 100vw, 300px\" \/><figcaption class=\"wp-element-caption\">Buen chico: \u00abAntiimperialista\u00bb ante el p\u00fablico, pero realmente sometido al imperialismo yanqui. <\/figcaption><\/figure>\n\n\n\n<p class=\"has-black-color has-text-color has-link-color wp-elements-4e97f8288a13539f35ba2f3af003b440\">Como todo el mundo sabe, Petro sosten\u00eda desde hace meses una medi\u00e1tica disputa verbal con Trump, pero pocos sab\u00edan o sospechaban, que detr\u00e1s de c\u00e1maras, en la diplomacia bajo la mesa, otro plan avanzaba. El 8 de enero, el peri\u00f3dico espa\u00f1ol El Pa\u00eds, public\u00f3 un art\u00edculo revelando que, en paralelo a ese tira y afloje entre presidentes, el gobierno de Petro desde hace meses, ven\u00eda profundizando negociaciones con Estados Unidos para cumplir los requerimientos que Washington impon\u00eda. Estos, seg\u00fan el medio citado, eran: reanudar fumigaciones con glifosato sobre cultivos de coca, extraditar jefes narcos, llevar adelante bombardeos a campamentos de las FARC que EE.UU. cataloga como narcoterroristas, y finalmente que el gobierno aceptara cambiar el estatus pol\u00edtico de los grupos guerrilleros (ELN y FARC) a organizaciones narcotraficantes. Los tres primeros han sido cumplidos, el \u00faltimo pr\u00e1cticamente tambi\u00e9n, porque, aunque a\u00fan no se ha concretado jur\u00eddicamente, desde hace ya varios meses Petro y sus ministros, catalogan como carteles del narcotr\u00e1fico a las guerrillas colombianas.<\/p>\n\n\n\n<p class=\"has-black-color has-text-color has-link-color wp-elements-6ad1bcb5a49935a5e7e0727fba8e3d06\">Hace unos a\u00f1os, durante su campa\u00f1a presidencial, y criticando al entonces gobierno Duque, Petro prometi\u00f3 que no habr\u00eda \u201cuna sola gota de glifosato que se arroje sobre las tierras de nuestra patria\u00bb; afirm\u00f3 que el glifosato produce c\u00e1ncer y usarlo ser\u00eda un asesinato desde el Estado hacia la poblaci\u00f3n; y que \u201cTrump presiona a Duque para que envenene con glifosato los campos de Colombia. Lo ve tan d\u00e9bil que sabe que si lo insulta se arrodillar\u00e1\u201d. Sin embargo, ya siendo presidente, el pasado 20 diciembre de 2025, en un consejo de seguridad, se aprob\u00f3 la fumigaci\u00f3n con drones, que iniciar\u00e1 los pr\u00f3ximos d\u00edas en el Cauca. Todo esto en contrav\u00eda de lo que expresan los campesinos, quienes afirman que la fumigaci\u00f3n con glifosato -suspendida hace 10 a\u00f1os- solo destruy\u00f3 su econom\u00eda, gener\u00f3 problemas a su salud y afect\u00f3 al medio ambiente.<\/p>\n\n\n\n<p class=\"has-black-color has-text-color has-link-color wp-elements-512e024a4d99d61e148f44e05846da15\">Frente a los bombardeos, Petro los retom\u00f3 a partir de agosto del a\u00f1o pasado. Ha bombardeado en Amazonas, Guaviare y Arauca, asesinando varios guerrilleros, entre ellos 15 ni\u00f1os. Siendo candidato presidencial, condenaba con vehemencia estas acciones: \u201cel bombardeo a los ni\u00f1os en el Guaviare es un crimen de guerra. Sus planificadores deben renunciar de inmediato\u201d, expres\u00f3 en una ocasi\u00f3n, cuando el gobierno Duque bombarde\u00f3 un campamento guerrillero, asesinando tambi\u00e9n a varios menores de edad.<\/p>\n\n\n\n<p class=\"has-black-color has-text-color has-link-color wp-elements-2524cdfce8c6be558eab0395c76d548c\">As\u00ed, el gobierno colombiano, aunque prometi\u00f3 otro rumbo, viene cumpliendo a pie juntillas con las exigencias de Trump y su \u201cguerra contra las drogas\u201d: con Petro los bombardeos y fumigaciones est\u00e1n de regreso. Con estos elementos, es posible entonces comprender, que el cambio de opini\u00f3n de Trump hacia Petro, de pasar de llamarlo \u201cenfermo\u201d que fabrica coca\u00edna para enviar a EE.UU., a decir que era un \u201cgran honor\u201d hablar con \u00e9l, no se debi\u00f3 solo, ni especialmente, a la habilidad de su equipo diplom\u00e1tico, sino en esencia, a que Petro viene cumpliendo lo que Trump manda.<\/p>\n\n\n\n<p class=\"has-black-color has-text-color has-link-color wp-elements-60aede9b62d74e0befb94f639933d9b5\">Los anteriores, no son los \u00fanicos asuntos en que el gobierno colombiano viene \u201ccooperando\u201d con el gobierno yanqui. En medio de sus altisonantes discursos, Petro hab\u00eda dicho que cesar\u00eda la colaboraci\u00f3n con la inteligencia gringa, mientras no pararan los bombardeos a embarcaciones en el Caribe y el Pac\u00edfico. Sin embargo, el pasado 5 de enero, los ministros del Interior y de Justicia, publicaron un video dirigido al gobierno de Estados Unidos, en el que reafirman que Colombia est\u00e1 dispuesta a seguir \u201ccooperando y coordinando\u201d, que necesitan del apoyo de la inteligencia y tecnolog\u00eda norteamericana para combatir el narcotr\u00e1fico, con especial \u00e9nfasis en la frontera colombo-venezolana para atacar las estructuras del ELN.<\/p>\n\n\n\n<p class=\"has-black-color has-text-color has-link-color wp-elements-f6e2359b3eb82c1a05e66632dd7070b2\">Adem\u00e1s, su narrativa de que las guerrillas actuales solo son narcotraficantes ven\u00eda en aumento. Muy cerca al d\u00eda del ataque yanqui a Venezuela, Petro lleg\u00f3 a decir, que el ELN ser\u00eda responsable si atacaban el vecino pa\u00eds. Adicionalmente, en diciembre desplaz\u00f3 miles de soldados a la frontera con Venezuela para combatir a esta guerrilla, precisamente en momentos en que los yanquis amenazaban con atacar Venezuela, y fue lo que terminaron haciendo.<\/p>\n\n\n\n<p class=\"has-black-color has-text-color has-link-color wp-elements-9e7819f8adec0495b16cc4889668ccae\">En el mismo sentido, el nuevo ministro de Defensa, Pedro S\u00e1nchez, antes y despu\u00e9s de la tan mentada llamada Petro-Trump, ha hablado al respecto del car\u00e1cter \u201cpermanente\u201d y \u201cestrat\u00e9gico\u201d de la cooperaci\u00f3n con Estados Unidos. En declaraciones dadas el 9 de noviembre expres\u00f3: \u201cMantenemos permanentemente relaci\u00f3n con Estados Unidos&#8230; Aqu\u00ed tenemos claro que la columna vertebral que sostiene a ambas naciones es la seguridad, y puede ser que haya discusiones en otro sentido, pero la seguridad la mantenemos y la debemos mantener, porque adem\u00e1s son d\u00e9cadas las que llevamos construyendo esas capacidades\u201d. Y recientemente tambi\u00e9n expres\u00f3 que \u201cla relaci\u00f3n entre Colombia y Estados Unidos es estrat\u00e9gica, s\u00f3lida y a largo plazo\u201d.<\/p>\n\n\n\n<p class=\"has-black-color has-text-color has-link-color wp-elements-52f0a338b528080096ad3e3d9d6963a1\">Despu\u00e9s de que Trump y Petro hablaran, este \u00faltimo ha llevado la cooperaci\u00f3n a un punto a\u00fan m\u00e1s alto: la adulaci\u00f3n a Trump. En entrevista con El Pa\u00eds, tan solo una semana despu\u00e9s de la vil agresi\u00f3n militar de Trump a Venezuela, dijo que Mar\u00eda Corina Machado \u201cno debi\u00f3 quitarle el premio nobel [de paz] a Trump\u201d. Tambi\u00e9n declar\u00f3 que, en lo que respecta al narcotr\u00e1fico, \u201cno tenemos ninguna distancia\u201d con Trump. Finalmente confes\u00f3 que ten\u00eda miedo de una acci\u00f3n contra \u00e9l, como la realizada contra Nicol\u00e1s Maduro. Esto \u00faltimo aporta pruebas, de que el cambio en el discurso de Petro frente a Trump, fue tambi\u00e9n producto de la intimidaci\u00f3n que el gobierno yanqui persegu\u00eda al ejecutar una acci\u00f3n militar contra Venezuela, y venderla como aplastante y espectacular, del tipo que -seg\u00fan ellos- solo EE.UU. podr\u00eda hacer y repetir cuando y donde quisiese.<\/p>\n\n\n\n<p class=\"has-black-color has-text-color has-link-color wp-elements-8ce3b721cccea18df005fb5ff2e0f1c4\">Vemos as\u00ed que el gobierno colombiano, fiel a su estilo demag\u00f3gico, se mostraba ante sus bases como un patriota, como un antiimperialista que criticaba a Trump y de paso denunciaba a la oposici\u00f3n en Colombia por traici\u00f3n a la patria, pero en verdad, por detr\u00e1s, a escondidas del pueblo, estaba obedientemente acatando todas las exigencias del gobierno Trump para restablecer las maltrechas relaciones entre jefes de Estado.<\/p>\n\n\n\n<p class=\"has-black-color has-text-color has-link-color wp-elements-a746a3f6c17a50bfc17c1bc89a13f604\">Y es que la columna vertebral del Estado colombiano, sus fuerzas armadas, desde los a\u00f1os 50 est\u00e1n bajo \u00f3rdenes de los gringos. En sus Escuelas de guerra y tortura se han formado los altos mandos militares (incluido el actual ministro de Defensa), y la operatividad de sus tropas es altamente dependiente de tecnolog\u00eda, asesor\u00eda y recursos de los Estados Unidos. Como lo ha dicho el ministro de Defensa, el gobierno colombiano actual, al igual que todos los anteriores, \u201ccoopera\u201d con los yanquis desde que lleg\u00f3 a la Casa de Nari\u00f1o, sin importar la alharaca medi\u00e1tica. En sus propias palabras: \u201cla relaci\u00f3n en el sector defensa con Estado Unidos se ha mantenido intacta y, de hecho, se ha fortalecido en algunas \u00e1reas, a pesar de las discusiones en el entorno pol\u00edtico\u201d.<\/p>\n\n\n\n<p class=\"has-black-color has-text-color has-link-color wp-elements-489116d07015cf7b33222d147d667304\">El asunto m\u00e1s destacado en la \u201ccooperaci\u00f3n\u201d militar entre Estados Unidos y Colombia desde los a\u00f1os 80, ha sido la lucha contra el narcotr\u00e1fico, la llamada \u201cguerra contra las drogas\u201d. Como hemos visto, en el \u201cgobierno del cambio\u201d, esto tampoco cambi\u00f3.<\/p>\n\n\n\n<p class=\"has-black-color has-text-color has-link-color wp-elements-956f75a2d228a56b6cf029f5264ae61a\">Ahora bien, \u00bfno es una causa justa oponerse al narcotr\u00e1fico? Si, por supuesto que lo es. Pero hay que tener en cuenta que, como ha sido demostrado una y otra vez en Colombia, Nicaragua, Afganist\u00e1n, etc., la \u201cguerra contra las drogas\u201d ha sido un pretexto de los yanquis para combatir las guerrillas, reprimir el movimiento popular rebelde y aumentar la militarizaci\u00f3n -en este caso en todo Am\u00e9rica Latina- con miras a perpetuar y profundizar el sometimiento y saqueo de las naciones oprimidas. No hay que ir muy lejos para ver un ejemplo actual: al presidente de Venezuela, Nicol\u00e1s Maduro. Se le acus\u00f3 repetidamente de ser jefe de un grupo narcotraficante supuestamente llamado \u201cCartel de los Soles\u201d y, bajo esa acusaci\u00f3n, el imperialismo yanqui atac\u00f3 a Venezuela y lo secuestr\u00f3 a \u00e9l y a su esposa. Pero, tres d\u00edas despu\u00e9s de esta agresi\u00f3n, el Departamento de Justicia de Estados Unidos dijo que el \u201cCartel de los Soles\u201d no exist\u00eda, mientras Trump descaradamente declaraba: que el gobierno y el petr\u00f3leo de Venezuela estar\u00edan bajo el control de los yanquis y que, si el nuevo gobierno venezolano no \u201ccoopera\u201d, le puede ir peor que a Maduro.<\/p>\n\n\n\n<p class=\"has-black-color has-text-color has-link-color wp-elements-04ddcc17ee9c8c9736ed960e5489173c\">En Colombia, todos los \u00faltimos gobiernos antes de Petro, abiertamente de derecha, han combatido a las guerrillas y criminalizado al movimiento popular bajo la careta de la lucha contra el \u201cnarcoterrorismo\u201d, aduciendo que las drogas son el \u201ccombustible de la guerra\u201d. Ahora con Petro, un gobierno de \u201cizquierda\u201d, que supuestamente reconoc\u00eda el conflicto armado y sus causas sociales y pol\u00edticas, ha ido m\u00e1s all\u00e1: trata a todas las guerrillas -que no se pliegan a su fraudulenta \u201cPaz Total\u201d- de \u201ccarteles del narcotr\u00e1fico\u201d y declara que uno de sus objetivos principales en la visita a la Casa Blanca, es, en palabras del ministro de Defensa, \u201cque el cartel del ELN, [y] ese cartel de alias Mordisco (&#8230;) sean declarados como objetivos comunes de alto valor para emplear todas las capacidades tecnol\u00f3gicas que ellos nos puedan dar. Unirnos absolutamente todos y llevar a su m\u00ednima expresi\u00f3n estos carteles\u201d. He aqu\u00ed la continuaci\u00f3n de la guerra contrasubversiva bajo el mando del imperialismo yanqui. El \u201cpatriota\u201d gobierno Petro se ha adelantado a la \u201cvendepatria\u201d oposici\u00f3n y le ha quitado una de sus banderas electorales: el Plan Colombia 2.0. En fin, la \u201cpol\u00edtica es din\u00e1mica\u201d suelen decir los politiqueros de profesi\u00f3n.<\/p>\n\n\n\n<p class=\"has-black-color has-text-color has-link-color wp-elements-889c192efbf4aaf622011b946382d6e9\">Todo esto, nos da indicios de lo que pasar\u00e1 en el tan mentado encuentro Petro-Trump. Seguramente all\u00ed se refrendar\u00e1 el compromiso del gobierno colombiano de \u201ccooperar\u201d, esto es, de intensificar la guerra contrainsurgente y aumentar la injerencia militar (inteligencia, asesor\u00eda, equipamiento) de los Estados Unidos en Colombia (bajo el disfraz de guerra al \u201cnarcotr\u00e1fico\u201d y al \u201ccrimen transnacional\u201d). Algo que, adem\u00e1s seguir\u00e1 profundizando el papel m\u00e1s regional que el pent\u00e1gono ha dado a Colombia -por su ubicaci\u00f3n estrat\u00e9gica en la entrada a Suram\u00e9rica-, de ser el portaviones yanqui para la subregi\u00f3n, en su urgida necesidad de aumentar la militarizaci\u00f3n de Am\u00e9rica Latina para reforzar su dominio y saqueo, poner l\u00edmite a la competencia de sus rivales imperialistas, especialmente China, y tratar de prevenir que la rebeli\u00f3n de las masas amenace su dominio.<\/p>\n\n\n\n<p class=\"has-black-color has-text-color has-link-color wp-elements-ca132ddd8cfde8443fed8f29dcc61208\">Pero no solo esto busca el gobierno colombiano en su visita a Washington. En un tuit publicado horas despu\u00e9s de la dichosa llamada, Petro dijo: \u201cel potencial de energ\u00eda limpia de Am\u00e9rica Latina, se hace realidad con una inversi\u00f3n de 500.000 millones de d\u00f3lares, que los tiene en este momento EE.UU.\u201d. Y recientemente ha ratificado que en la visita buscar\u00e1 \u201coportunidades econ\u00f3micas conjuntas\u201d. Petro se refiere a una propuesta que viene haciendo desde los inicios de su gobierno, y que consiste en que EE.UU. invierta sus capitales, Colombia genere las energ\u00edas limpias y EE.UU. las compre. Las inversiones de capital imperialista, que siempre son promocionadas como \u201ccooperaci\u00f3n\u201d y \u201cprogreso mutuo\u201d, y que ahora Petro, al proponerlas en torno a las \u201cenerg\u00edas limpias\u201d, les agrega que representan \u201cla defensa de la vida\u201d, son en verdad la forma como los pa\u00edses imperialistas explotan el trabajo y las riquezas del tercer mundo. Basta ver la avidez de Trump por invertir capitales en Venezuela para saquear m\u00e1s sus enormes riquezas petroleras. Pedir inversi\u00f3n de capitales imperialistas no es perseguir progreso para la naci\u00f3n, es el deseo com\u00fan de todas las clases dominantes vendepatrias, pues como intermediarios, socios y lacayos del imperialismo, se enriquecen m\u00e1s con estos jugosos negocios.<\/p>\n\n\n\n<p class=\"has-black-color has-text-color has-link-color wp-elements-3723af4356ba434838a1b431dd2d2d6f\">Las agresivas acciones y palabras del gobierno del ultrareaccionario Trump, dejan ver m\u00e1s claro a todo el mundo lo que es el imperialismo yanqui, los aprietos en que est\u00e1 y los tiempos de agresi\u00f3n y guerra que se han abierto: \u201cla paz por medio de la fuerza\u201d, \u201cAm\u00e9rica para los americanos\u201d, \u201csomos una superpotencia. Y con el presidente Trump, nos comportaremos como tal\u201d, \u201chacer grande de nuevo a Am\u00e9rica\u201d, etc.<\/p>\n\n\n\n<p class=\"has-black-color has-text-color has-link-color wp-elements-1fc68520a46d6bd96f1749426b79805b\">Un nuevo \u201cdesorden mundial\u201d ha llegado. En sus planes y acciones est\u00e1 escrito que Estados Unidos reforzar\u00e1 el sometimiento de Am\u00e9rica Latina. Si elegimos \u201ccooperar\u201d con el imperialismo yanqui, m\u00e1s sometidos estaremos a su dominio, seguiremos en el eterno \u201csubdesarrollo\u201d, pobreza y sometimiento. Si elegimos <strong>Resistir<\/strong>, organizaremos y forjaremos poco a poco, y en una prolongada lucha, la fuerza necesaria para librarnos del yugo del imperialismo yanqui, conquistando la independencia para nuestra naci\u00f3n y la prosperidad para nuestro pueblo. Solo hay esas dos opciones, estos dos caminos. Llamamos a todo el pueblo, a toda la naci\u00f3n, a resistir al imperialismo y prepararse para los nuevos y convulsos tiempos de guerra.<\/p>\n","protected":false},"excerpt":{"rendered":"<p>\u00bfQu\u00e9 pasar\u00e1 el 3 de febrero cuando se re\u00fanan Trump y Petro? \u00bfSe ce\u00f1ir\u00e1 el gobierno colombiano a los mandatos de Trump o volver\u00e1 a avivarse el rifirrafe?<\/p>\n","protected":false},"author":1,"featured_media":28586,"comment_status":"open","ping_status":"open","sticky":false,"template":"","format":"standard","meta":{"footnotes":""},"categories":[16,241,4,10],"tags":[237,32,165,243],"class_list":["post-28585","post","type-post","status-publish","format-standard","has-post-thumbnail","hentry","category-carrusel","category-lucha-antiimperialista","category-colombia","category-editorial","tag-agresion-america-latina","tag-imperialismo","tag-imperialismo-yanqui","tag-petro-trump"],"blocksy_meta":[],"_links":{"self":[{"href":"https:\/\/nuevademocracia.com.co\/index.php?rest_route=\/wp\/v2\/posts\/28585","targetHints":{"allow":["GET"]}}],"collection":[{"href":"https:\/\/nuevademocracia.com.co\/index.php?rest_route=\/wp\/v2\/posts"}],"about":[{"href":"https:\/\/nuevademocracia.com.co\/index.php?rest_route=\/wp\/v2\/types\/post"}],"author":[{"embeddable":true,"href":"https:\/\/nuevademocracia.com.co\/index.php?rest_route=\/wp\/v2\/users\/1"}],"replies":[{"embeddable":true,"href":"https:\/\/nuevademocracia.com.co\/index.php?rest_route=%2Fwp%2Fv2%2Fcomments&post=28585"}],"version-history":[{"count":2,"href":"https:\/\/nuevademocracia.com.co\/index.php?rest_route=\/wp\/v2\/posts\/28585\/revisions"}],"predecessor-version":[{"id":29061,"href":"https:\/\/nuevademocracia.com.co\/index.php?rest_route=\/wp\/v2\/posts\/28585\/revisions\/29061"}],"wp:featuredmedia":[{"embeddable":true,"href":"https:\/\/nuevademocracia.com.co\/index.php?rest_route=\/wp\/v2\/media\/28586"}],"wp:attachment":[{"href":"https:\/\/nuevademocracia.com.co\/index.php?rest_route=%2Fwp%2Fv2%2Fmedia&parent=28585"}],"wp:term":[{"taxonomy":"category","embeddable":true,"href":"https:\/\/nuevademocracia.com.co\/index.php?rest_route=%2Fwp%2Fv2%2Fcategories&post=28585"},{"taxonomy":"post_tag","embeddable":true,"href":"https:\/\/nuevademocracia.com.co\/index.php?rest_route=%2Fwp%2Fv2%2Ftags&post=28585"}],"curies":[{"name":"wp","href":"https:\/\/api.w.org\/{rel}","templated":true}]}}