{"id":28636,"date":"2026-02-03T10:30:00","date_gmt":"2026-02-03T15:30:00","guid":{"rendered":"https:\/\/nuevademocracia.com.co\/?p=28636"},"modified":"2026-02-06T10:01:45","modified_gmt":"2026-02-06T15:01:45","slug":"poema-a-camilo-torres","status":"publish","type":"post","link":"https:\/\/nuevademocracia.com.co\/?p=28636","title":{"rendered":"Poema a Camilo Torres"},"content":{"rendered":"\n<p class=\"has-vivid-red-color has-text-color has-link-color wp-elements-63de99b8d6394225b9f4f04df5ab4767\">Compartimos el siguiente poema encontrado en el libro \u00abColombia: EPL, una historia armada\u00bb escrito por Fabiola Calvo. En el libro se menciona que este poema hace parte de un libro de poemas del EPL.<\/p>\n\n\n\n<p><\/p>\n\n\n\n<pre class=\"wp-block-verse has-text-align-center has-black-color has-text-color has-link-color wp-elements-3ceabbba494891f5c63cef8b0d3384f8\">Camilo, el cura guerrillero<br>Yo nac\u00ed en un momento<br>de miseria y de terror<br>y so\u00f1\u00e9 con una patria donde hubiera paz y amor.<br>Escuche que el evangelio <br>ense\u00f1aba con fervor <br>el amor a los hermanos. <br>Y lo estudi\u00e9 con rigor.<br>En el libro de Mateo <br>le\u00ed que un d\u00eda el se\u00f1or <br>dijo: no traigo la paz<br>guerra es lo que hoy les doy. <br>Guerra contra las riquezas <br>que juntas al explotador <br>con la sangre y el sudor <br>del pueblo, del que yo soy.<br>Tambi\u00e9n le\u00ed que a los ricos <br>\u00e9l siempre les dijo: No.<br>Y al que le ofreci\u00f3 un soborno<br>al infierno lo mand\u00f3.<br>En mi pr\u00e1ctica social<br>vi clara la conclusi\u00f3n <br>que la paz con el rico trae<br>miseria y dominaci\u00f3n.<br>Y grita: \u00a1Muerte al sistema <br>capitalista opresor!<br>unamos todas las fuerzas<br>para la revoluci\u00f3n!<br>Los esbirros del gobierno<br>Y el militar monse\u00f1or <br>desataron contra m\u00ed<br>su odio y persecuci\u00f3n.<br>Me incorpore a los comandos<br>de la Guerra Popular <br>y di mi sangre luchando<br>por la igualdad y la paz<br>yo soy el cura Camilo<br>un guerrillero inmortal<br>siempre presente en el pueblo. <br>\u00a1En su lucha y su cantar! <br><\/pre>\n\n\n\n<p><\/p>\n","protected":false},"excerpt":{"rendered":"<p>\u00abyo soy el cura Camilo<br \/>\nun guerrillero inmortal<br \/>\nsiempre presente en el pueblo.<br \/>\n\u00a1En su lucha y su cantar!\u00bb<\/p>\n","protected":false},"author":1,"featured_media":28264,"comment_status":"open","ping_status":"open","sticky":false,"template":"","format":"standard","meta":{"footnotes":""},"categories":[145,134],"tags":[],"class_list":["post-28636","post","type-post","status-publish","format-standard","has-post-thumbnail","hentry","category-historia-col","category-nueva-cultura"],"blocksy_meta":[],"_links":{"self":[{"href":"https:\/\/nuevademocracia.com.co\/index.php?rest_route=\/wp\/v2\/posts\/28636","targetHints":{"allow":["GET"]}}],"collection":[{"href":"https:\/\/nuevademocracia.com.co\/index.php?rest_route=\/wp\/v2\/posts"}],"about":[{"href":"https:\/\/nuevademocracia.com.co\/index.php?rest_route=\/wp\/v2\/types\/post"}],"author":[{"embeddable":true,"href":"https:\/\/nuevademocracia.com.co\/index.php?rest_route=\/wp\/v2\/users\/1"}],"replies":[{"embeddable":true,"href":"https:\/\/nuevademocracia.com.co\/index.php?rest_route=%2Fwp%2Fv2%2Fcomments&post=28636"}],"version-history":[{"count":5,"href":"https:\/\/nuevademocracia.com.co\/index.php?rest_route=\/wp\/v2\/posts\/28636\/revisions"}],"predecessor-version":[{"id":28643,"href":"https:\/\/nuevademocracia.com.co\/index.php?rest_route=\/wp\/v2\/posts\/28636\/revisions\/28643"}],"wp:featuredmedia":[{"embeddable":true,"href":"https:\/\/nuevademocracia.com.co\/index.php?rest_route=\/wp\/v2\/media\/28264"}],"wp:attachment":[{"href":"https:\/\/nuevademocracia.com.co\/index.php?rest_route=%2Fwp%2Fv2%2Fmedia&parent=28636"}],"wp:term":[{"taxonomy":"category","embeddable":true,"href":"https:\/\/nuevademocracia.com.co\/index.php?rest_route=%2Fwp%2Fv2%2Fcategories&post=28636"},{"taxonomy":"post_tag","embeddable":true,"href":"https:\/\/nuevademocracia.com.co\/index.php?rest_route=%2Fwp%2Fv2%2Ftags&post=28636"}],"curies":[{"name":"wp","href":"https:\/\/api.w.org\/{rel}","templated":true}]}}