{"id":28787,"date":"2026-03-11T09:26:23","date_gmt":"2026-03-11T14:26:23","guid":{"rendered":"https:\/\/nuevademocracia.com.co\/?p=28787"},"modified":"2026-03-27T23:36:17","modified_gmt":"2026-03-28T04:36:17","slug":"homenaje-a-60-anos-de-la-caida-en-combate-de-camilo-torres","status":"publish","type":"post","link":"https:\/\/nuevademocracia.com.co\/?p=28787","title":{"rendered":"Homenaje a 60 a\u00f1os de la ca\u00edda en combate de Camilo Torres"},"content":{"rendered":"\n<hr class=\"wp-block-separator has-text-color has-palette-color-2-color has-alpha-channel-opacity has-palette-color-2-background-color has-background\"\/>\n\n\n\n<p><\/p>\n\n\n\n<figure class=\"wp-block-image aligncenter size-large\"><img loading=\"lazy\" decoding=\"async\" width=\"1024\" height=\"683\" src=\"https:\/\/nuevademocracia.com.co\/wp-content\/uploads\/2026\/03\/Evento-60-anos-Camilo-10-1024x683.jpg\" alt=\"\" class=\"wp-image-28788\" srcset=\"https:\/\/nuevademocracia.com.co\/wp-content\/uploads\/2026\/03\/Evento-60-anos-Camilo-10-1024x683.jpg 1024w, https:\/\/nuevademocracia.com.co\/wp-content\/uploads\/2026\/03\/Evento-60-anos-Camilo-10-300x200.jpg 300w, https:\/\/nuevademocracia.com.co\/wp-content\/uploads\/2026\/03\/Evento-60-anos-Camilo-10-768x512.jpg 768w, https:\/\/nuevademocracia.com.co\/wp-content\/uploads\/2026\/03\/Evento-60-anos-Camilo-10-1536x1024.jpg 1536w, https:\/\/nuevademocracia.com.co\/wp-content\/uploads\/2026\/03\/Evento-60-anos-Camilo-10.jpg 1620w\" sizes=\"auto, (max-width: 1024px) 100vw, 1024px\" \/><\/figure>\n\n\n\n<p><\/p>\n\n\n\n<p class=\"has-black-color has-text-color has-link-color wp-elements-d2911c311178995b5325998bded780a7\">El pasado 27 de febrero se llev\u00f3 a cabo en la Universidad de Antioquia el evento Homenaje al gran revolucionario Camilo Torres.<\/p>\n\n\n\n<p class=\"has-black-color has-text-color has-link-color wp-elements-7ef04ff150bdb02e8c278b9f8a1a9d8f\">En el evento se cont\u00f3 con dos ponencias que hablaron sobre la vida del sacerdote, soci\u00f3logo, l\u00edder popular y guerrillero, Camilo Torres Restrepo. A trav\u00e9s de an\u00e9cdotas y citas de sus escritos, se resaltaron aspectos fundamentales de su vida, como por ejemplo su voluntad de servir al pueblo de todo coraz\u00f3n y sus estrechos v\u00ednculos con obreros y campesinos; su proceso de transformaci\u00f3n para irse acercando poco a poco a las ideas revolucionarias; su renuncia a las comodidades y privilegios propios de la alta sociedad en la que naci\u00f3; su disposici\u00f3n y llamado a pagar el costo y asumir la revoluci\u00f3n hasta las \u00faltimas consecuencias; su gran trabajo y esfuerzo por lograr la unidad del pueblo trabajador, en lucha contra el sectarismo existente entre las organizaciones sociales de diferentes tendencias ideol\u00f3gico-pol\u00edticas; entre otras ense\u00f1anzas.<\/p>\n\n\n\n<p class=\"has-black-color has-text-color has-link-color wp-elements-bc668a8f931ab6cec57fa5d3abfb1d32\">Adem\u00e1s de las ponencias, se cont\u00f3 con espacio para la participaci\u00f3n y opiniones desde el p\u00fablico. Se hizo un acto de homenaje, en el que los estudiantes juraron continuar el camino revolucionario de Camilo, y se cont\u00f3 tambi\u00e9n con una presentaci\u00f3n musical.<\/p>\n\n\n\n<p class=\"has-black-color has-text-color has-link-color wp-elements-138193c6fea986653d06c994d1eb7eca\">A continuaci\u00f3n, algunas fotograf\u00edas del evento.<\/p>\n\n\n\n<div class=\"alignnormal\"><div id=\"metaslider-id-28790\" style=\"width: 100%;\" class=\"ml-slider-3-108-0 metaslider metaslider-flex metaslider-28790 ml-slider has-dots-nav ms-theme-default-base\" role=\"region\" aria-label=\"Feb.27 - Homenaje Camilo Torres\" data-height=\"300\" data-width=\"700\">\n    <div id=\"metaslider_container_28790\">\n        <div id=\"metaslider_28790\">\n            <ul aria-live='off' class='slides'>\n                <li style=\"display: block; width: 100%;\" class=\"slide-28800 ms-image \" aria-roledescription=\"slide\" data-date=\"2026-03-11 09:13:12\" data-filename=\"Evento-60-anos-Camilo-1.jpg\" data-slide-type=\"image\"><img loading=\"lazy\" decoding=\"async\" width=\"1620\" height=\"1080\" src=\"https:\/\/nuevademocracia.com.co\/wp-content\/uploads\/2026\/03\/Evento-60-anos-Camilo-1.jpg\" class=\"slider-28790 slide-28800 msDefaultImage\" alt=\"\" rel=\"\" title=\"Evento 60 a\u00f1os Camilo (1)\" srcset=\"https:\/\/nuevademocracia.com.co\/wp-content\/uploads\/2026\/03\/Evento-60-anos-Camilo-1.jpg 1620w, https:\/\/nuevademocracia.com.co\/wp-content\/uploads\/2026\/03\/Evento-60-anos-Camilo-1-300x200.jpg 300w, https:\/\/nuevademocracia.com.co\/wp-content\/uploads\/2026\/03\/Evento-60-anos-Camilo-1-1024x683.jpg 1024w, https:\/\/nuevademocracia.com.co\/wp-content\/uploads\/2026\/03\/Evento-60-anos-Camilo-1-768x512.jpg 768w, https:\/\/nuevademocracia.com.co\/wp-content\/uploads\/2026\/03\/Evento-60-anos-Camilo-1-1536x1024.jpg 1536w\" sizes=\"auto, (max-width: 1620px) 100vw, 1620px\" \/><\/li>\n                <li style=\"display: none; width: 100%;\" class=\"slide-28801 ms-image \" aria-roledescription=\"slide\" data-date=\"2026-03-11 09:13:12\" data-filename=\"Evento-60-anos-Camilo-2.jpg\" data-slide-type=\"image\"><img loading=\"lazy\" decoding=\"async\" width=\"1620\" height=\"1080\" src=\"https:\/\/nuevademocracia.com.co\/wp-content\/uploads\/2026\/03\/Evento-60-anos-Camilo-2.jpg\" class=\"slider-28790 slide-28801 msDefaultImage\" alt=\"\" rel=\"\" title=\"Evento 60 a\u00f1os Camilo (2)\" srcset=\"https:\/\/nuevademocracia.com.co\/wp-content\/uploads\/2026\/03\/Evento-60-anos-Camilo-2.jpg 1620w, https:\/\/nuevademocracia.com.co\/wp-content\/uploads\/2026\/03\/Evento-60-anos-Camilo-2-300x200.jpg 300w, https:\/\/nuevademocracia.com.co\/wp-content\/uploads\/2026\/03\/Evento-60-anos-Camilo-2-1024x683.jpg 1024w, https:\/\/nuevademocracia.com.co\/wp-content\/uploads\/2026\/03\/Evento-60-anos-Camilo-2-768x512.jpg 768w, https:\/\/nuevademocracia.com.co\/wp-content\/uploads\/2026\/03\/Evento-60-anos-Camilo-2-1536x1024.jpg 1536w\" sizes=\"auto, (max-width: 1620px) 100vw, 1620px\" \/><\/li>\n                <li style=\"display: none; width: 100%;\" class=\"slide-28802 ms-image \" aria-roledescription=\"slide\" data-date=\"2026-03-11 09:13:12\" data-filename=\"Evento-60-anos-Camilo-3.jpg\" data-slide-type=\"image\"><img loading=\"lazy\" decoding=\"async\" width=\"1620\" height=\"1080\" src=\"https:\/\/nuevademocracia.com.co\/wp-content\/uploads\/2026\/03\/Evento-60-anos-Camilo-3.jpg\" class=\"slider-28790 slide-28802 msDefaultImage\" alt=\"\" rel=\"\" title=\"Evento 60 a\u00f1os Camilo (3)\" srcset=\"https:\/\/nuevademocracia.com.co\/wp-content\/uploads\/2026\/03\/Evento-60-anos-Camilo-3.jpg 1620w, https:\/\/nuevademocracia.com.co\/wp-content\/uploads\/2026\/03\/Evento-60-anos-Camilo-3-300x200.jpg 300w, https:\/\/nuevademocracia.com.co\/wp-content\/uploads\/2026\/03\/Evento-60-anos-Camilo-3-1024x683.jpg 1024w, https:\/\/nuevademocracia.com.co\/wp-content\/uploads\/2026\/03\/Evento-60-anos-Camilo-3-768x512.jpg 768w, https:\/\/nuevademocracia.com.co\/wp-content\/uploads\/2026\/03\/Evento-60-anos-Camilo-3-1536x1024.jpg 1536w\" sizes=\"auto, (max-width: 1620px) 100vw, 1620px\" \/><\/li>\n                <li style=\"display: none; width: 100%;\" class=\"slide-28803 ms-image \" aria-roledescription=\"slide\" data-date=\"2026-03-11 09:13:12\" data-filename=\"Evento-60-anos-Camilo-4.jpg\" data-slide-type=\"image\"><img loading=\"lazy\" decoding=\"async\" width=\"1620\" height=\"1080\" src=\"https:\/\/nuevademocracia.com.co\/wp-content\/uploads\/2026\/03\/Evento-60-anos-Camilo-4.jpg\" class=\"slider-28790 slide-28803 msDefaultImage\" alt=\"\" rel=\"\" title=\"Evento 60 a\u00f1os Camilo (4)\" srcset=\"https:\/\/nuevademocracia.com.co\/wp-content\/uploads\/2026\/03\/Evento-60-anos-Camilo-4.jpg 1620w, https:\/\/nuevademocracia.com.co\/wp-content\/uploads\/2026\/03\/Evento-60-anos-Camilo-4-300x200.jpg 300w, https:\/\/nuevademocracia.com.co\/wp-content\/uploads\/2026\/03\/Evento-60-anos-Camilo-4-1024x683.jpg 1024w, https:\/\/nuevademocracia.com.co\/wp-content\/uploads\/2026\/03\/Evento-60-anos-Camilo-4-768x512.jpg 768w, https:\/\/nuevademocracia.com.co\/wp-content\/uploads\/2026\/03\/Evento-60-anos-Camilo-4-1536x1024.jpg 1536w\" sizes=\"auto, (max-width: 1620px) 100vw, 1620px\" \/><\/li>\n                <li style=\"display: none; width: 100%;\" class=\"slide-28804 ms-image \" aria-roledescription=\"slide\" data-date=\"2026-03-11 09:13:12\" data-filename=\"Evento-60-anos-Camilo-5.jpg\" data-slide-type=\"image\"><img loading=\"lazy\" decoding=\"async\" width=\"1620\" height=\"1080\" src=\"https:\/\/nuevademocracia.com.co\/wp-content\/uploads\/2026\/03\/Evento-60-anos-Camilo-5.jpg\" class=\"slider-28790 slide-28804 msDefaultImage\" alt=\"\" rel=\"\" title=\"Evento 60 a\u00f1os Camilo (5)\" srcset=\"https:\/\/nuevademocracia.com.co\/wp-content\/uploads\/2026\/03\/Evento-60-anos-Camilo-5.jpg 1620w, https:\/\/nuevademocracia.com.co\/wp-content\/uploads\/2026\/03\/Evento-60-anos-Camilo-5-300x200.jpg 300w, https:\/\/nuevademocracia.com.co\/wp-content\/uploads\/2026\/03\/Evento-60-anos-Camilo-5-1024x683.jpg 1024w, https:\/\/nuevademocracia.com.co\/wp-content\/uploads\/2026\/03\/Evento-60-anos-Camilo-5-768x512.jpg 768w, https:\/\/nuevademocracia.com.co\/wp-content\/uploads\/2026\/03\/Evento-60-anos-Camilo-5-1536x1024.jpg 1536w\" sizes=\"auto, (max-width: 1620px) 100vw, 1620px\" \/><\/li>\n                <li style=\"display: none; width: 100%;\" class=\"slide-28805 ms-image \" aria-roledescription=\"slide\" data-date=\"2026-03-11 09:13:12\" data-filename=\"Evento-60-anos-Camilo-6.jpg\" data-slide-type=\"image\"><img loading=\"lazy\" decoding=\"async\" width=\"1620\" height=\"1080\" src=\"https:\/\/nuevademocracia.com.co\/wp-content\/uploads\/2026\/03\/Evento-60-anos-Camilo-6.jpg\" class=\"slider-28790 slide-28805 msDefaultImage\" alt=\"\" rel=\"\" title=\"Evento 60 a\u00f1os Camilo (6)\" srcset=\"https:\/\/nuevademocracia.com.co\/wp-content\/uploads\/2026\/03\/Evento-60-anos-Camilo-6.jpg 1620w, https:\/\/nuevademocracia.com.co\/wp-content\/uploads\/2026\/03\/Evento-60-anos-Camilo-6-300x200.jpg 300w, https:\/\/nuevademocracia.com.co\/wp-content\/uploads\/2026\/03\/Evento-60-anos-Camilo-6-1024x683.jpg 1024w, https:\/\/nuevademocracia.com.co\/wp-content\/uploads\/2026\/03\/Evento-60-anos-Camilo-6-768x512.jpg 768w, https:\/\/nuevademocracia.com.co\/wp-content\/uploads\/2026\/03\/Evento-60-anos-Camilo-6-1536x1024.jpg 1536w\" sizes=\"auto, (max-width: 1620px) 100vw, 1620px\" \/><\/li>\n                <li style=\"display: none; width: 100%;\" class=\"slide-28806 ms-image \" aria-roledescription=\"slide\" data-date=\"2026-03-11 09:13:12\" data-filename=\"Evento-60-anos-Camilo-8.jpg\" data-slide-type=\"image\"><img loading=\"lazy\" decoding=\"async\" width=\"1620\" height=\"1080\" src=\"https:\/\/nuevademocracia.com.co\/wp-content\/uploads\/2026\/03\/Evento-60-anos-Camilo-8.jpg\" class=\"slider-28790 slide-28806 msDefaultImage\" alt=\"\" rel=\"\" title=\"Evento 60 a\u00f1os Camilo (8)\" srcset=\"https:\/\/nuevademocracia.com.co\/wp-content\/uploads\/2026\/03\/Evento-60-anos-Camilo-8.jpg 1620w, https:\/\/nuevademocracia.com.co\/wp-content\/uploads\/2026\/03\/Evento-60-anos-Camilo-8-300x200.jpg 300w, https:\/\/nuevademocracia.com.co\/wp-content\/uploads\/2026\/03\/Evento-60-anos-Camilo-8-1024x683.jpg 1024w, https:\/\/nuevademocracia.com.co\/wp-content\/uploads\/2026\/03\/Evento-60-anos-Camilo-8-768x512.jpg 768w, https:\/\/nuevademocracia.com.co\/wp-content\/uploads\/2026\/03\/Evento-60-anos-Camilo-8-1536x1024.jpg 1536w\" sizes=\"auto, (max-width: 1620px) 100vw, 1620px\" \/><\/li>\n                <li style=\"display: none; width: 100%;\" class=\"slide-28807 ms-image \" aria-roledescription=\"slide\" data-date=\"2026-03-11 09:13:12\" data-filename=\"Evento-60-anos-Camilo-9.jpg\" data-slide-type=\"image\"><img loading=\"lazy\" decoding=\"async\" width=\"1620\" height=\"1080\" src=\"https:\/\/nuevademocracia.com.co\/wp-content\/uploads\/2026\/03\/Evento-60-anos-Camilo-9.jpg\" class=\"slider-28790 slide-28807 msDefaultImage\" alt=\"\" rel=\"\" title=\"Evento 60 a\u00f1os Camilo (9)\" srcset=\"https:\/\/nuevademocracia.com.co\/wp-content\/uploads\/2026\/03\/Evento-60-anos-Camilo-9.jpg 1620w, https:\/\/nuevademocracia.com.co\/wp-content\/uploads\/2026\/03\/Evento-60-anos-Camilo-9-300x200.jpg 300w, https:\/\/nuevademocracia.com.co\/wp-content\/uploads\/2026\/03\/Evento-60-anos-Camilo-9-1024x683.jpg 1024w, https:\/\/nuevademocracia.com.co\/wp-content\/uploads\/2026\/03\/Evento-60-anos-Camilo-9-768x512.jpg 768w, https:\/\/nuevademocracia.com.co\/wp-content\/uploads\/2026\/03\/Evento-60-anos-Camilo-9-1536x1024.jpg 1536w\" sizes=\"auto, (max-width: 1620px) 100vw, 1620px\" \/><\/li>\n            <\/ul>\n        <\/div>\n        \n    <\/div>\n<\/div><\/div>\n","protected":false},"excerpt":{"rendered":"<p>En el evento se cont\u00f3 con dos ponencias que hablaron sobre la vida del sacerdote, soci\u00f3logo, l\u00edder popular y guerrillero, Camilo Torres Restrepo.<\/p>\n","protected":false},"author":1,"featured_media":28788,"comment_status":"open","ping_status":"open","sticky":false,"template":"","format":"standard","meta":{"footnotes":""},"categories":[4],"tags":[169,62,28],"class_list":["post-28787","post","type-post","status-publish","format-standard","has-post-thumbnail","hentry","category-colombia","tag-camilo-torres-restrepo","tag-conmemoracion","tag-juventud"],"blocksy_meta":[],"_links":{"self":[{"href":"https:\/\/nuevademocracia.com.co\/index.php?rest_route=\/wp\/v2\/posts\/28787","targetHints":{"allow":["GET"]}}],"collection":[{"href":"https:\/\/nuevademocracia.com.co\/index.php?rest_route=\/wp\/v2\/posts"}],"about":[{"href":"https:\/\/nuevademocracia.com.co\/index.php?rest_route=\/wp\/v2\/types\/post"}],"author":[{"embeddable":true,"href":"https:\/\/nuevademocracia.com.co\/index.php?rest_route=\/wp\/v2\/users\/1"}],"replies":[{"embeddable":true,"href":"https:\/\/nuevademocracia.com.co\/index.php?rest_route=%2Fwp%2Fv2%2Fcomments&post=28787"}],"version-history":[{"count":4,"href":"https:\/\/nuevademocracia.com.co\/index.php?rest_route=\/wp\/v2\/posts\/28787\/revisions"}],"predecessor-version":[{"id":29015,"href":"https:\/\/nuevademocracia.com.co\/index.php?rest_route=\/wp\/v2\/posts\/28787\/revisions\/29015"}],"wp:featuredmedia":[{"embeddable":true,"href":"https:\/\/nuevademocracia.com.co\/index.php?rest_route=\/wp\/v2\/media\/28788"}],"wp:attachment":[{"href":"https:\/\/nuevademocracia.com.co\/index.php?rest_route=%2Fwp%2Fv2%2Fmedia&parent=28787"}],"wp:term":[{"taxonomy":"category","embeddable":true,"href":"https:\/\/nuevademocracia.com.co\/index.php?rest_route=%2Fwp%2Fv2%2Fcategories&post=28787"},{"taxonomy":"post_tag","embeddable":true,"href":"https:\/\/nuevademocracia.com.co\/index.php?rest_route=%2Fwp%2Fv2%2Ftags&post=28787"}],"curies":[{"name":"wp","href":"https:\/\/api.w.org\/{rel}","templated":true}]}}